{"id":3133,"date":"2022-08-15T12:48:00","date_gmt":"2022-08-15T15:48:00","guid":{"rendered":"http:\/\/portalmf.com.br\/?p=3133"},"modified":"2022-08-18T12:53:37","modified_gmt":"2022-08-18T15:53:37","slug":"lula-so-fortalece-nossa-candidatura-comemora-jeronimo-apos-avanco-de-lula-nas-pesquisas","status":"publish","type":"post","link":"https:\/\/portalmf.com.br\/index.php\/2022\/08\/15\/lula-so-fortalece-nossa-candidatura-comemora-jeronimo-apos-avanco-de-lula-nas-pesquisas\/","title":{"rendered":"\u201cLula s\u00f3 fortalece nossa candidatura\u201d, comemora Jer\u00f4nimo ap\u00f3s avan\u00e7o de Lula nas pesquisas"},"content":{"rendered":"\n<p>Jer\u00f4nimo Rodrigues (PT), candidato a governador do Time de Lula&nbsp; na Bahia, comemorou o avan\u00e7o de Lula (PT) nas pesquisas eleitorais divulgadas nesta segunda-feira (15). O petista destacou que o hist\u00f3rico do partido nas elei\u00e7\u00f5es baianas, com as vit\u00f3rias de Jaques Wagner e Rui Costa no primeiro turno, \u00e9 um fator importante para a disputa do Pal\u00e1cio de Ondina neste ano.<\/p>\n\n\n\n<p>\u201c<em>O avan\u00e7o do presidente Lula \u00e9 um sinal claro de que o Brasil tem jeito, que o Brasil tem lado e a Bahia tamb\u00e9m. A nossa parceria com Lula s\u00f3 fortalece a nossa candidatura e nosso futuro governo. N\u00e3o tem como n\u00e3o estar ao lado do maior presidente da hist\u00f3ria do pa\u00eds, um parceiro hist\u00f3rico da Bahia\u201d<\/em>, afirmou o candidato de Lula na Bahia.<\/p>\n\n\n\n<p>Jer\u00f4nimo lembrou ainda que em 2006 e em 2014, os governadores Jaques Wagner e Rui Costa n\u00e3o despontavam como favoritos nas pesquisas, mas que com a demonstra\u00e7\u00e3o de todo trabalho do grupo e com todo amor e dedica\u00e7\u00e3o pela Bahia. \u201cWagner e Rui n\u00e3o eram favoritos, pelo contr\u00e1rio,&nbsp; eram tidos como patinhos feios. Conquistaram o povo baiano e toda Bahia, olhe quanto eles fizeram pela Bahia e n\u00f3s vamos fazer muito mais. Vamos corrigir o que precisar ser corrigido e continuar avan\u00e7ando pelo bem da Bahia\u201d, complementou Jer\u00f4nimo.<\/p>\n\n\n\n<p>O petista criticou ainda a suposta isen\u00e7\u00e3o do ex-prefeito e canidato a governador Acm Neto (Uni\u00e3o Brasil), que n\u00e3o manifestou at\u00e9 hoje qual sua posi\u00e7\u00e3o na elei\u00e7\u00e3o presidencial e s\u00f3 participou do movimento hist\u00f3rico da \u201cCarta em defesa da Democracia\u201d ap\u00f3s press\u00e3o popular. Jer\u00f4nimo relembrou que o ex-prefeito fez campanha e indicou cargos para a gest\u00e3odo presidente Jair Bolsonaro (PL).<\/p>\n\n\n\n<p><em>\u201cA elei\u00e7\u00e3o \u00e9 Federal Estadual. Eu vou fazer mais escolas, estradas, concursos. Contudo, tem situa\u00e7\u00f5es, problemas, que s\u00f3 o Governo Federal pode nos ajudar para superarmos. N\u00e3o tem como se afastar do federal, olha a situa\u00e7\u00e3o atual. Por mais que Rui tenha feito muito, n\u00f3s poder\u00edamos ter feito muito mais se tiv\u00e9ssemos apoio. Por isso essa elei\u00e7\u00e3o \u00e9 nacionalizada. O ex-prefeito fica dizendo que quem ganhar, t\u00e1 bom. N\u00e3o \u00e9 bom se o atual presidente ganhar,&nbsp; eu n\u00e3o acho bom se o atual presidente ganhar, acho horr\u00edvel que ele possa ter mais quatro anos, j\u00e1 destruiu muito o Brasil. O ex-prefeito at\u00e9 tenta esconder, negar e fingir que n\u00e3o sabe. Mas a situa\u00e7\u00e3o \u00e9 simples: Voc\u00ea pode escolher entre o time de Lula na Bahia ou o bra\u00e7o direito de Bolsonaro. \u00c9 Lula l\u00e1 e Jer\u00f4nimo c\u00e1. O Brasil tem jeito e a Bahia tem lado\u201d,<\/em> declarou o candidato de Lula na Bahia.<\/p>\n\n\n\n<p><strong>Pesquisas<\/strong><\/p>\n\n\n\n<p>A&nbsp; pesquisa BTG Pactual, feita pelo Instituto FSB, e divulgada nesta segunda-feira (15), indica que Lula (PT) tem 45% das inten\u00e7\u00f5es de voto na disputa pela Presid\u00eancia da Rep\u00fablica nas elei\u00e7\u00f5es de 2022, 11% de vantagem sobre o segundo colocado. O levantamento encomendado pelo Banco BTG Pactual ouviu 2 mil pessoas, entre os dias 12 e 14 de agosto, por telefone. A margem de erro \u00e9 de dois pontos percentuais para mais ou para menos \u00e9 o n\u00edvel de confian\u00e7a \u00e9 de 95%. A pesquisa est\u00e1 registrada no TSE com o n\u00famero: BR-00603\/2022.<\/p>\n\n\n\n<p>J\u00e1 a pesquisa Ipec (antigo Ibope), encomendada pela TV Globo, indicou uma vantagem de 12% pontos percentuais para Lula, com 44% dos votos.<\/p>\n\n\n\n<p>A pesquisa ouviu 2.000 pessoas entre os dias 12 e 14 de agosto em 130 munic\u00edpios. A pesquisa foi registrada no TSE com o n\u00famero BR-03980\/2022, a margem de erro \u00e9 de dois pontos percentuais para mais ou para menos e n\u00edvel de confian\u00e7a \u00e9 de 95%.<\/p>\n","protected":false},"excerpt":{"rendered":"<p>Jer\u00f4nimo Rodrigues (PT), candidato a governador do Time de Lula&nbsp; na Bahia, comemorou o avan\u00e7o de Lula (PT) nas pesquisas eleitorais divulgadas nesta segunda-feira (15). O petista destacou que o hist\u00f3rico do partido nas elei\u00e7\u00f5es baianas, com as vit\u00f3rias de Jaques Wagner e Rui Costa no primeiro turno, \u00e9 um fator importante para a disputa [&hellip;]<\/p>\n","protected":false},"author":2,"featured_media":3136,"comment_status":"open","ping_status":"open","sticky":false,"template":"","format":"standard","meta":{"_monsterinsights_skip_tracking":false,"_monsterinsights_sitenote_active":false,"_monsterinsights_sitenote_note":"","_monsterinsights_sitenote_category":0,"footnotes":""},"categories":[34],"tags":[],"yoast_head":"<!-- This site is optimized with the Yoast SEO plugin v22.9 - https:\/\/yoast.com\/wordpress\/plugins\/seo\/ -->\n<title>\u201cLula s\u00f3 fortalece nossa candidatura\u201d, comemora Jer\u00f4nimo ap\u00f3s avan\u00e7o de Lula nas pesquisas - Portal MF<\/title>\n<meta name=\"robots\" content=\"index, follow, max-snippet:-1, max-image-preview:large, max-video-preview:-1\" \/>\n<link rel=\"canonical\" href=\"https:\/\/portalmf.com.br\/index.php\/2022\/08\/15\/lula-so-fortalece-nossa-candidatura-comemora-jeronimo-apos-avanco-de-lula-nas-pesquisas\/\" \/>\n<meta property=\"og:locale\" content=\"pt_BR\" \/>\n<meta property=\"og:type\" content=\"article\" \/>\n<meta property=\"og:title\" content=\"\u201cLula s\u00f3 fortalece nossa candidatura\u201d, comemora Jer\u00f4nimo ap\u00f3s avan\u00e7o de Lula nas pesquisas - Portal MF\" \/>\n<meta property=\"og:description\" content=\"Jer\u00f4nimo Rodrigues (PT), candidato a governador do Time de Lula&nbsp; na Bahia, comemorou o avan\u00e7o de Lula (PT) nas pesquisas eleitorais divulgadas nesta segunda-feira (15). O petista destacou que o hist\u00f3rico do partido nas elei\u00e7\u00f5es baianas, com as vit\u00f3rias de Jaques Wagner e Rui Costa no primeiro turno, \u00e9 um fator importante para a disputa [&hellip;]\" \/>\n<meta property=\"og:url\" content=\"https:\/\/portalmf.com.br\/index.php\/2022\/08\/15\/lula-so-fortalece-nossa-candidatura-comemora-jeronimo-apos-avanco-de-lula-nas-pesquisas\/\" \/>\n<meta property=\"og:site_name\" content=\"Portal MF\" \/>\n<meta property=\"article:author\" content=\"reginaldojrfsa\" \/>\n<meta property=\"article:published_time\" content=\"2022-08-15T15:48:00+00:00\" \/>\n<meta property=\"article:modified_time\" content=\"2022-08-18T15:53:37+00:00\" \/>\n<meta property=\"og:image\" content=\"https:\/\/portalmf.com.br\/wp-content\/uploads\/2022\/08\/WhatsApp-Image-2022-08-15-at-21.23.47.jpeg\" \/>\n\t<meta property=\"og:image:width\" content=\"1023\" \/>\n\t<meta property=\"og:image:height\" content=\"765\" \/>\n\t<meta property=\"og:image:type\" content=\"image\/jpeg\" \/>\n<meta name=\"author\" content=\"Reginaldo J\u00fanior\" \/>\n<meta name=\"twitter:card\" content=\"summary_large_image\" \/>\n<meta name=\"twitter:creator\" content=\"@reginaldojrmf\" \/>\n<meta name=\"twitter:label1\" content=\"Escrito por\" \/>\n\t<meta name=\"twitter:data1\" content=\"Reginaldo J\u00fanior\" \/>\n\t<meta name=\"twitter:label2\" content=\"Est. tempo de leitura\" \/>\n\t<meta name=\"twitter:data2\" content=\"4 minutos\" \/>\n<script type=\"application\/ld+json\" class=\"yoast-schema-graph\">{\"@context\":\"https:\/\/schema.org\",\"@graph\":[{\"@type\":\"WebPage\",\"@id\":\"https:\/\/portalmf.com.br\/index.php\/2022\/08\/15\/lula-so-fortalece-nossa-candidatura-comemora-jeronimo-apos-avanco-de-lula-nas-pesquisas\/\",\"url\":\"https:\/\/portalmf.com.br\/index.php\/2022\/08\/15\/lula-so-fortalece-nossa-candidatura-comemora-jeronimo-apos-avanco-de-lula-nas-pesquisas\/\",\"name\":\"\u201cLula s\u00f3 fortalece nossa candidatura\u201d, comemora Jer\u00f4nimo ap\u00f3s avan\u00e7o de Lula nas pesquisas - Portal MF\",\"isPartOf\":{\"@id\":\"https:\/\/portalmf.com.br\/#website\"},\"primaryImageOfPage\":{\"@id\":\"https:\/\/portalmf.com.br\/index.php\/2022\/08\/15\/lula-so-fortalece-nossa-candidatura-comemora-jeronimo-apos-avanco-de-lula-nas-pesquisas\/#primaryimage\"},\"image\":{\"@id\":\"https:\/\/portalmf.com.br\/index.php\/2022\/08\/15\/lula-so-fortalece-nossa-candidatura-comemora-jeronimo-apos-avanco-de-lula-nas-pesquisas\/#primaryimage\"},\"thumbnailUrl\":\"https:\/\/portalmf.com.br\/wp-content\/uploads\/2022\/08\/WhatsApp-Image-2022-08-15-at-21.23.47.jpeg\",\"datePublished\":\"2022-08-15T15:48:00+00:00\",\"dateModified\":\"2022-08-18T15:53:37+00:00\",\"author\":{\"@id\":\"https:\/\/portalmf.com.br\/#\/schema\/person\/11c82086fe8abc05a19147e964587285\"},\"breadcrumb\":{\"@id\":\"https:\/\/portalmf.com.br\/index.php\/2022\/08\/15\/lula-so-fortalece-nossa-candidatura-comemora-jeronimo-apos-avanco-de-lula-nas-pesquisas\/#breadcrumb\"},\"inLanguage\":\"pt-BR\",\"potentialAction\":[{\"@type\":\"ReadAction\",\"target\":[\"https:\/\/portalmf.com.br\/index.php\/2022\/08\/15\/lula-so-fortalece-nossa-candidatura-comemora-jeronimo-apos-avanco-de-lula-nas-pesquisas\/\"]}]},{\"@type\":\"ImageObject\",\"inLanguage\":\"pt-BR\",\"@id\":\"https:\/\/portalmf.com.br\/index.php\/2022\/08\/15\/lula-so-fortalece-nossa-candidatura-comemora-jeronimo-apos-avanco-de-lula-nas-pesquisas\/#primaryimage\",\"url\":\"https:\/\/portalmf.com.br\/wp-content\/uploads\/2022\/08\/WhatsApp-Image-2022-08-15-at-21.23.47.jpeg\",\"contentUrl\":\"https:\/\/portalmf.com.br\/wp-content\/uploads\/2022\/08\/WhatsApp-Image-2022-08-15-at-21.23.47.jpeg\",\"width\":1023,\"height\":765},{\"@type\":\"BreadcrumbList\",\"@id\":\"https:\/\/portalmf.com.br\/index.php\/2022\/08\/15\/lula-so-fortalece-nossa-candidatura-comemora-jeronimo-apos-avanco-de-lula-nas-pesquisas\/#breadcrumb\",\"itemListElement\":[{\"@type\":\"ListItem\",\"position\":1,\"name\":\"In\u00edcio\",\"item\":\"https:\/\/portalmf.com.br\/\"},{\"@type\":\"ListItem\",\"position\":2,\"name\":\"\u201cLula s\u00f3 fortalece nossa candidatura\u201d, comemora Jer\u00f4nimo ap\u00f3s avan\u00e7o de Lula nas pesquisas\"}]},{\"@type\":\"WebSite\",\"@id\":\"https:\/\/portalmf.com.br\/#website\",\"url\":\"https:\/\/portalmf.com.br\/\",\"name\":\"Portal MF\",\"description\":\"Voc\u00ea conectado com a informa\u00e7\u00e3o\",\"potentialAction\":[{\"@type\":\"SearchAction\",\"target\":{\"@type\":\"EntryPoint\",\"urlTemplate\":\"https:\/\/portalmf.com.br\/?s={search_term_string}\"},\"query-input\":\"required name=search_term_string\"}],\"inLanguage\":\"pt-BR\"},{\"@type\":\"Person\",\"@id\":\"https:\/\/portalmf.com.br\/#\/schema\/person\/11c82086fe8abc05a19147e964587285\",\"name\":\"Reginaldo J\u00fanior\",\"image\":{\"@type\":\"ImageObject\",\"inLanguage\":\"pt-BR\",\"@id\":\"https:\/\/portalmf.com.br\/#\/schema\/person\/image\/\",\"url\":\"https:\/\/secure.gravatar.com\/avatar\/32a3c797cd0ac47cc53b8644c62776f9?s=96&d=mm&r=g\",\"contentUrl\":\"https:\/\/secure.gravatar.com\/avatar\/32a3c797cd0ac47cc53b8644c62776f9?s=96&d=mm&r=g\",\"caption\":\"Reginaldo J\u00fanior\"},\"description\":\"Jornalista e idealizador Portal MF\",\"sameAs\":[\"https:\/\/portalmf.com.br\/index.php\/author\/reginaldojr\/\",\"reginaldojrfsa\",\"reginaldojuniormf\",\"https:\/\/x.com\/reginaldojrmf\"],\"url\":\"https:\/\/portalmf.com.br\/index.php\/author\/reginaldojr\/\"}]}<\/script>\n<!-- \/ Yoast SEO plugin. -->","yoast_head_json":{"title":"\u201cLula s\u00f3 fortalece nossa candidatura\u201d, comemora Jer\u00f4nimo ap\u00f3s avan\u00e7o de Lula nas pesquisas - Portal MF","robots":{"index":"index","follow":"follow","max-snippet":"max-snippet:-1","max-image-preview":"max-image-preview:large","max-video-preview":"max-video-preview:-1"},"canonical":"https:\/\/portalmf.com.br\/index.php\/2022\/08\/15\/lula-so-fortalece-nossa-candidatura-comemora-jeronimo-apos-avanco-de-lula-nas-pesquisas\/","og_locale":"pt_BR","og_type":"article","og_title":"\u201cLula s\u00f3 fortalece nossa candidatura\u201d, comemora Jer\u00f4nimo ap\u00f3s avan\u00e7o de Lula nas pesquisas - Portal MF","og_description":"Jer\u00f4nimo Rodrigues (PT), candidato a governador do Time de Lula&nbsp; na Bahia, comemorou o avan\u00e7o de Lula (PT) nas pesquisas eleitorais divulgadas nesta segunda-feira (15). O petista destacou que o hist\u00f3rico do partido nas elei\u00e7\u00f5es baianas, com as vit\u00f3rias de Jaques Wagner e Rui Costa no primeiro turno, \u00e9 um fator importante para a disputa [&hellip;]","og_url":"https:\/\/portalmf.com.br\/index.php\/2022\/08\/15\/lula-so-fortalece-nossa-candidatura-comemora-jeronimo-apos-avanco-de-lula-nas-pesquisas\/","og_site_name":"Portal MF","article_author":"reginaldojrfsa","article_published_time":"2022-08-15T15:48:00+00:00","article_modified_time":"2022-08-18T15:53:37+00:00","og_image":[{"width":1023,"height":765,"url":"https:\/\/portalmf.com.br\/wp-content\/uploads\/2022\/08\/WhatsApp-Image-2022-08-15-at-21.23.47.jpeg","type":"image\/jpeg"}],"author":"Reginaldo J\u00fanior","twitter_card":"summary_large_image","twitter_creator":"@reginaldojrmf","twitter_misc":{"Escrito por":"Reginaldo J\u00fanior","Est. tempo de leitura":"4 minutos"},"schema":{"@context":"https:\/\/schema.org","@graph":[{"@type":"WebPage","@id":"https:\/\/portalmf.com.br\/index.php\/2022\/08\/15\/lula-so-fortalece-nossa-candidatura-comemora-jeronimo-apos-avanco-de-lula-nas-pesquisas\/","url":"https:\/\/portalmf.com.br\/index.php\/2022\/08\/15\/lula-so-fortalece-nossa-candidatura-comemora-jeronimo-apos-avanco-de-lula-nas-pesquisas\/","name":"\u201cLula s\u00f3 fortalece nossa candidatura\u201d, comemora Jer\u00f4nimo ap\u00f3s avan\u00e7o de Lula nas pesquisas - Portal MF","isPartOf":{"@id":"https:\/\/portalmf.com.br\/#website"},"primaryImageOfPage":{"@id":"https:\/\/portalmf.com.br\/index.php\/2022\/08\/15\/lula-so-fortalece-nossa-candidatura-comemora-jeronimo-apos-avanco-de-lula-nas-pesquisas\/#primaryimage"},"image":{"@id":"https:\/\/portalmf.com.br\/index.php\/2022\/08\/15\/lula-so-fortalece-nossa-candidatura-comemora-jeronimo-apos-avanco-de-lula-nas-pesquisas\/#primaryimage"},"thumbnailUrl":"https:\/\/portalmf.com.br\/wp-content\/uploads\/2022\/08\/WhatsApp-Image-2022-08-15-at-21.23.47.jpeg","datePublished":"2022-08-15T15:48:00+00:00","dateModified":"2022-08-18T15:53:37+00:00","author":{"@id":"https:\/\/portalmf.com.br\/#\/schema\/person\/11c82086fe8abc05a19147e964587285"},"breadcrumb":{"@id":"https:\/\/portalmf.com.br\/index.php\/2022\/08\/15\/lula-so-fortalece-nossa-candidatura-comemora-jeronimo-apos-avanco-de-lula-nas-pesquisas\/#breadcrumb"},"inLanguage":"pt-BR","potentialAction":[{"@type":"ReadAction","target":["https:\/\/portalmf.com.br\/index.php\/2022\/08\/15\/lula-so-fortalece-nossa-candidatura-comemora-jeronimo-apos-avanco-de-lula-nas-pesquisas\/"]}]},{"@type":"ImageObject","inLanguage":"pt-BR","@id":"https:\/\/portalmf.com.br\/index.php\/2022\/08\/15\/lula-so-fortalece-nossa-candidatura-comemora-jeronimo-apos-avanco-de-lula-nas-pesquisas\/#primaryimage","url":"https:\/\/portalmf.com.br\/wp-content\/uploads\/2022\/08\/WhatsApp-Image-2022-08-15-at-21.23.47.jpeg","contentUrl":"https:\/\/portalmf.com.br\/wp-content\/uploads\/2022\/08\/WhatsApp-Image-2022-08-15-at-21.23.47.jpeg","width":1023,"height":765},{"@type":"BreadcrumbList","@id":"https:\/\/portalmf.com.br\/index.php\/2022\/08\/15\/lula-so-fortalece-nossa-candidatura-comemora-jeronimo-apos-avanco-de-lula-nas-pesquisas\/#breadcrumb","itemListElement":[{"@type":"ListItem","position":1,"name":"In\u00edcio","item":"https:\/\/portalmf.com.br\/"},{"@type":"ListItem","position":2,"name":"\u201cLula s\u00f3 fortalece nossa candidatura\u201d, comemora Jer\u00f4nimo ap\u00f3s avan\u00e7o de Lula nas pesquisas"}]},{"@type":"WebSite","@id":"https:\/\/portalmf.com.br\/#website","url":"https:\/\/portalmf.com.br\/","name":"Portal MF","description":"Voc\u00ea conectado com a informa\u00e7\u00e3o","potentialAction":[{"@type":"SearchAction","target":{"@type":"EntryPoint","urlTemplate":"https:\/\/portalmf.com.br\/?s={search_term_string}"},"query-input":"required name=search_term_string"}],"inLanguage":"pt-BR"},{"@type":"Person","@id":"https:\/\/portalmf.com.br\/#\/schema\/person\/11c82086fe8abc05a19147e964587285","name":"Reginaldo J\u00fanior","image":{"@type":"ImageObject","inLanguage":"pt-BR","@id":"https:\/\/portalmf.com.br\/#\/schema\/person\/image\/","url":"https:\/\/secure.gravatar.com\/avatar\/32a3c797cd0ac47cc53b8644c62776f9?s=96&d=mm&r=g","contentUrl":"https:\/\/secure.gravatar.com\/avatar\/32a3c797cd0ac47cc53b8644c62776f9?s=96&d=mm&r=g","caption":"Reginaldo J\u00fanior"},"description":"Jornalista e idealizador Portal MF","sameAs":["https:\/\/portalmf.com.br\/index.php\/author\/reginaldojr\/","reginaldojrfsa","reginaldojuniormf","https:\/\/x.com\/reginaldojrmf"],"url":"https:\/\/portalmf.com.br\/index.php\/author\/reginaldojr\/"}]}},"_links":{"self":[{"href":"https:\/\/portalmf.com.br\/index.php\/wp-json\/wp\/v2\/posts\/3133"}],"collection":[{"href":"https:\/\/portalmf.com.br\/index.php\/wp-json\/wp\/v2\/posts"}],"about":[{"href":"https:\/\/portalmf.com.br\/index.php\/wp-json\/wp\/v2\/types\/post"}],"author":[{"embeddable":true,"href":"https:\/\/portalmf.com.br\/index.php\/wp-json\/wp\/v2\/users\/2"}],"replies":[{"embeddable":true,"href":"https:\/\/portalmf.com.br\/index.php\/wp-json\/wp\/v2\/comments?post=3133"}],"version-history":[{"count":4,"href":"https:\/\/portalmf.com.br\/index.php\/wp-json\/wp\/v2\/posts\/3133\/revisions"}],"predecessor-version":[{"id":3139,"href":"https:\/\/portalmf.com.br\/index.php\/wp-json\/wp\/v2\/posts\/3133\/revisions\/3139"}],"wp:featuredmedia":[{"embeddable":true,"href":"https:\/\/portalmf.com.br\/index.php\/wp-json\/wp\/v2\/media\/3136"}],"wp:attachment":[{"href":"https:\/\/portalmf.com.br\/index.php\/wp-json\/wp\/v2\/media?parent=3133"}],"wp:term":[{"taxonomy":"category","embeddable":true,"href":"https:\/\/portalmf.com.br\/index.php\/wp-json\/wp\/v2\/categories?post=3133"},{"taxonomy":"post_tag","embeddable":true,"href":"https:\/\/portalmf.com.br\/index.php\/wp-json\/wp\/v2\/tags?post=3133"}],"curies":[{"name":"wp","href":"https:\/\/api.w.org\/{rel}","templated":true}]}}