{"id":31303,"date":"2024-11-07T18:46:10","date_gmt":"2024-11-07T21:46:10","guid":{"rendered":"https:\/\/portalmf.com.br\/?p=31303"},"modified":"2024-11-07T18:46:12","modified_gmt":"2024-11-07T21:46:12","slug":"mostra-de-mostra-de-cinema-portal-do-sertao-tem-exibicao-de-obras-premiadas-e-projetadas-internacionalmente","status":"publish","type":"post","link":"https:\/\/portalmf.com.br\/index.php\/2024\/11\/07\/mostra-de-mostra-de-cinema-portal-do-sertao-tem-exibicao-de-obras-premiadas-e-projetadas-internacionalmente\/","title":{"rendered":"Mostra de Mostra de Cinema Portal do Sert\u00e3o tem exibi\u00e7\u00e3o de obras premiadas e projetadas internacionalmente"},"content":{"rendered":"\n<p>A primeira edi\u00e7\u00e3o da Mostra de Cinema Portal do Sert\u00e3o que come\u00e7ou na quarta-feira (6) e seguiu programa\u00e7\u00e3o na quinta-feira (7) e encerra nesta sexta-feira, dia 8 de novembro, na Escola Municipal Doutor Jo\u00e3o Duarte Guimar\u00e3es, localizada no distrito de Humildes, em Feira de Santana tem sido um sucesso e superou as expectativas dos organizadores. O evento aberto ao p\u00fablico, conta com a exibi\u00e7\u00e3o gratuita de filmes, oferecendo uma plataforma para a exibi\u00e7\u00e3o de produ\u00e7\u00f5es contempor\u00e2neas do cinema brasileiro.<\/p>\n\n\n\n<p>A mostra recebeu um total de 377 inscri\u00e7\u00f5es, abrangendo curtas, m\u00e9dias e longas-metragens dos mais diversos g\u00eaneros, incluindo fic\u00e7\u00e3o, document\u00e1rio, videoclipe, anima\u00e7\u00e3o e experimental, provenientes de todas as regi\u00f5es do Brasil.<\/p>\n\n\n\n<p>Fabr\u00edcio Cantanhede que prestigiou a exibi\u00e7\u00e3o e \u00e9 montador do Filme Infinemundo, umas das obras exibidas na mostra Portal do Sert\u00e3o e que atualmente tamb\u00e9m est\u00e1 sendo exibida nos Estados Unidos, parabenizou o evento e falou da import\u00e2ncia de descentralizar o \u00e1udio visual.<\/p>\n\n\n\n<p><em>\u201cParabenizo pela amostra e agrade\u00e7o a exibi\u00e7\u00e3o do filme, houve uma receptividade bem legal por parte do p\u00fablico e espero que o projeto continue nos pr\u00f3ximos anos. Eu acho super importante a descentraliza\u00e7\u00e3o do \u00e1udio visual, sabemos que temos uma aten\u00e7\u00e3o nessa \u00e1rea muito mais voltada para o Sudeste e Sul, concentrado nas capitais. O cinema \u00e9 uma arte plural, existe uma diversidade de cultura a ser apresentado e a ser revelado para outras regi\u00f5es para al\u00e9m das capitais e centros urbanos e sim em todos os lados do Brasil. Coincidentemente, enquanto a gente estava exibindo aqui em Feira de Santana, no mesmo hor\u00e1rio estava passando em Los Angeles e em Gramado foi premiado na categoria de melhor Filme Juri Popular, isso porque, o filme acabou de come\u00e7ar a ser exibido em festivais, ent\u00e3o estamos esperando mais pr\u00eamios por a\u00ed\u201d, <\/em>disse o montador.<\/p>\n\n\n\n<figure class=\"wp-block-image size-full\"><img fetchpriority=\"high\" decoding=\"async\" width=\"800\" height=\"600\" src=\"https:\/\/portalmf.com.br\/wp-content\/uploads\/2024\/11\/Mostra-de-Mostra-de-Cinema-Portal-do-Sertao-tem-exibicao-de-obras-premiadas-e-projetadas-internacionalmente_.jpg\" alt=\"\" class=\"wp-image-31305\" srcset=\"https:\/\/portalmf.com.br\/wp-content\/uploads\/2024\/11\/Mostra-de-Mostra-de-Cinema-Portal-do-Sertao-tem-exibicao-de-obras-premiadas-e-projetadas-internacionalmente_.jpg 800w, https:\/\/portalmf.com.br\/wp-content\/uploads\/2024\/11\/Mostra-de-Mostra-de-Cinema-Portal-do-Sertao-tem-exibicao-de-obras-premiadas-e-projetadas-internacionalmente_-300x225.jpg 300w, https:\/\/portalmf.com.br\/wp-content\/uploads\/2024\/11\/Mostra-de-Mostra-de-Cinema-Portal-do-Sertao-tem-exibicao-de-obras-premiadas-e-projetadas-internacionalmente_-768x576.jpg 768w, https:\/\/portalmf.com.br\/wp-content\/uploads\/2024\/11\/Mostra-de-Mostra-de-Cinema-Portal-do-Sertao-tem-exibicao-de-obras-premiadas-e-projetadas-internacionalmente_-696x522.jpg 696w\" sizes=\"(max-width: 800px) 100vw, 800px\" \/><figcaption class=\"wp-element-caption\"><strong>Foto: Reginaldo J\u00fanior \/ Portal MF<\/strong><\/figcaption><\/figure>\n\n\n\n<p><strong>Edi\u00e7\u00e3o de filmes<\/strong><\/p>\n\n\n\n<p>O editor explica tamb\u00e9m a import\u00e2ncia da fun\u00e7\u00e3o da edi\u00e7\u00e3o, respons\u00e1vel pela montagem e corre\u00e7\u00e3o de problemas em uma pe\u00e7a do \u00e1udio visual.<\/p>\n\n\n\n<p><em>\u201cO montador de um filme \u00e9 quem faz o filme acontecer, ele pega todas as cenas que, geralmente n\u00e3o s\u00e3o filmadas em ordem, e organiza tudo em ordem conforme o roteiro. Depois que organiza tudo baseado no roteiro temos tamb\u00e9m a liberdade de fazer experimenta\u00e7\u00f5es e, \u00e0s vezes, mudar a narrativa, inverter ordens de cena, at\u00e9 solucionar alguns problemas que teve durante a filmagem. \u00c9 como montar um Lego (blocos de montar), vem todas as pecinhas e depois quando chega no montador, o filme sai pronto ali\u201d,<\/em> diz.<\/p>\n\n\n\n<p><strong>PROGRAMA\u00c7\u00c3O SEXTA-FEIRA (8)<\/strong><br><br>08:30 &#8211; Sess\u00e3o I<br><br>Corpos Invis\u00edveis (RJ), Document\u00e1rio, Dire\u00e7\u00e3o: Qu\u00e9zia Lopes, Longa-metragem, 2023, 76&#8242;<br><br>Classifica\u00e7\u00e3o indicativa: 10 anos<br><br>10:45 &#8211; Sess\u00e3o II<br><br>Chache Lavi (RJ), Document\u00e1rio, Dire\u00e7\u00e3o: Clementino Junior, M\u00e9dia-metragem, 2024, 24&#8242;<br><br>Isabel Fr\u00f3es: contos, f\u00e1bulas e hist\u00f3rias de minha vida terrena (BA), Document\u00e1rio, Dire\u00e7\u00e3o: Gleydson P\u00fablio, Curta-metragem, 2024, 15&#8242;<br><br>O Presente (RJ), Fic\u00e7\u00e3o, Dire\u00e7\u00e3o: Ursula Marini, Curta-metragem, 2021, 15&#8242;<br><br>Classifica\u00e7\u00e3o indicativa: 10 anos<br><br>13:30 &#8211; Sess\u00e3o III<br><br>Um Certo Cinema Ga\u00facho de Porto Alegre (RS), Document\u00e1rio, Dire\u00e7\u00e3o: Boca Migotto, Longa-metragem, 2023, 107&#8242;<br><br>Classifica\u00e7\u00e3o indicativa: Livre<br><br>15:45 &#8211; Sess\u00e3o IV<br><br>Quem me quer? (PE), Document\u00e1rio, Dire\u00e7\u00e3o: Tiago Pinheiro, Curta-metragem, 2023, 15&#8242;<br><br>Solange N\u00e3o Veio Hoje (BA), Fic\u00e7\u00e3o, Dire\u00e7\u00e3o: Hilda Lopes Pontes e Klaus Hastenreiter, M\u00e9dia-metragem, 2024, 20&#8242;<br><br>Corpo Cheio (PE), Fic\u00e7\u00e3o, Dire\u00e7\u00e3o: Fernando Marques, Curta-metragem, 2023, 14&#8242;<br><br>Classifica\u00e7\u00e3o indicativa: Livre<br><br>19:30 &#8211; Sess\u00e3o V<br>Acordo com Lampi\u00e3o? S\u00f3 na Boca do Fuzil! (CE\/PE), Document\u00e1rio, Dire\u00e7\u00e3o: Marcelo Felipe Sampaio, 2024, 89&#8242;<br>Classifica\u00e7\u00e3o indicativa: 10 anos \u00a0<\/p>\n\n\n\n<p>Tamb\u00e9m acontecer\u00e1 simultaneamente a Mostra de Filmes Universit\u00e1rios Online, com curtas e m\u00e9dias-metragens realizados por estudantes de institui\u00e7\u00f5es de ensino superior.<\/p>\n\n\n\n<p>A Mostra de Cinema do Portal do Sert\u00e3o foi contemplada pela Prefeitura Municipal de Feira de Santana, Secretaria Municipal de Cultura, Esporte e Lazer de Feira de Santana e da Lei Paulo Gustavo, Minist\u00e9rio da Cultura, Governo Federal.<\/p>\n","protected":false},"excerpt":{"rendered":"<p>A primeira edi\u00e7\u00e3o da Mostra de Cinema Portal do Sert\u00e3o que come\u00e7ou na quarta-feira (6) e seguiu programa\u00e7\u00e3o na quinta-feira (7) e encerra nesta sexta-feira, dia 8 de novembro, na Escola Municipal Doutor Jo\u00e3o Duarte Guimar\u00e3es, localizada no distrito de Humildes, em Feira de Santana tem sido um sucesso e superou as expectativas dos organizadores. [&hellip;]<\/p>\n","protected":false},"author":5,"featured_media":31304,"comment_status":"open","ping_status":"open","sticky":false,"template":"","format":"standard","meta":{"_monsterinsights_skip_tracking":false,"_monsterinsights_sitenote_active":false,"_monsterinsights_sitenote_note":"","_monsterinsights_sitenote_category":0,"footnotes":""},"categories":[40,48],"tags":[],"yoast_head":"<!-- This site is optimized with the Yoast SEO plugin v22.9 - https:\/\/yoast.com\/wordpress\/plugins\/seo\/ -->\n<title>Mostra de Mostra de Cinema Portal do Sert\u00e3o tem exibi\u00e7\u00e3o de obras premiadas e projetadas internacionalmente - Portal MF<\/title>\n<meta name=\"robots\" content=\"index, follow, max-snippet:-1, max-image-preview:large, max-video-preview:-1\" \/>\n<link rel=\"canonical\" href=\"https:\/\/portalmf.com.br\/index.php\/2024\/11\/07\/mostra-de-mostra-de-cinema-portal-do-sertao-tem-exibicao-de-obras-premiadas-e-projetadas-internacionalmente\/\" \/>\n<meta property=\"og:locale\" content=\"pt_BR\" \/>\n<meta property=\"og:type\" content=\"article\" \/>\n<meta property=\"og:title\" content=\"Mostra de Mostra de Cinema Portal do Sert\u00e3o tem exibi\u00e7\u00e3o de obras premiadas e projetadas internacionalmente - Portal MF\" \/>\n<meta property=\"og:description\" content=\"A primeira edi\u00e7\u00e3o da Mostra de Cinema Portal do Sert\u00e3o que come\u00e7ou na quarta-feira (6) e seguiu programa\u00e7\u00e3o na quinta-feira (7) e encerra nesta sexta-feira, dia 8 de novembro, na Escola Municipal Doutor Jo\u00e3o Duarte Guimar\u00e3es, localizada no distrito de Humildes, em Feira de Santana tem sido um sucesso e superou as expectativas dos organizadores. [&hellip;]\" \/>\n<meta property=\"og:url\" content=\"https:\/\/portalmf.com.br\/index.php\/2024\/11\/07\/mostra-de-mostra-de-cinema-portal-do-sertao-tem-exibicao-de-obras-premiadas-e-projetadas-internacionalmente\/\" \/>\n<meta property=\"og:site_name\" content=\"Portal MF\" \/>\n<meta property=\"article:published_time\" content=\"2024-11-07T21:46:10+00:00\" \/>\n<meta property=\"article:modified_time\" content=\"2024-11-07T21:46:12+00:00\" \/>\n<meta property=\"og:image\" content=\"https:\/\/portalmf.com.br\/wp-content\/uploads\/2024\/11\/Mostra-de-Mostra-de-Cinema-Portal-do-Sertao-tem-exibicao-de-obras-premiadas-e-projetadas-internacionalmente.jpg\" \/>\n\t<meta property=\"og:image:width\" content=\"800\" \/>\n\t<meta property=\"og:image:height\" content=\"600\" \/>\n\t<meta property=\"og:image:type\" content=\"image\/jpeg\" \/>\n<meta name=\"author\" content=\"Lila Oliveira\" \/>\n<meta name=\"twitter:card\" content=\"summary_large_image\" \/>\n<meta name=\"twitter:label1\" content=\"Escrito por\" \/>\n\t<meta name=\"twitter:data1\" content=\"Lila Oliveira\" \/>\n\t<meta name=\"twitter:label2\" content=\"Est. tempo de leitura\" \/>\n\t<meta name=\"twitter:data2\" content=\"4 minutos\" \/>\n<script type=\"application\/ld+json\" class=\"yoast-schema-graph\">{\"@context\":\"https:\/\/schema.org\",\"@graph\":[{\"@type\":\"WebPage\",\"@id\":\"https:\/\/portalmf.com.br\/index.php\/2024\/11\/07\/mostra-de-mostra-de-cinema-portal-do-sertao-tem-exibicao-de-obras-premiadas-e-projetadas-internacionalmente\/\",\"url\":\"https:\/\/portalmf.com.br\/index.php\/2024\/11\/07\/mostra-de-mostra-de-cinema-portal-do-sertao-tem-exibicao-de-obras-premiadas-e-projetadas-internacionalmente\/\",\"name\":\"Mostra de Mostra de Cinema Portal do Sert\u00e3o tem exibi\u00e7\u00e3o de obras premiadas e projetadas internacionalmente - Portal MF\",\"isPartOf\":{\"@id\":\"https:\/\/portalmf.com.br\/#website\"},\"primaryImageOfPage\":{\"@id\":\"https:\/\/portalmf.com.br\/index.php\/2024\/11\/07\/mostra-de-mostra-de-cinema-portal-do-sertao-tem-exibicao-de-obras-premiadas-e-projetadas-internacionalmente\/#primaryimage\"},\"image\":{\"@id\":\"https:\/\/portalmf.com.br\/index.php\/2024\/11\/07\/mostra-de-mostra-de-cinema-portal-do-sertao-tem-exibicao-de-obras-premiadas-e-projetadas-internacionalmente\/#primaryimage\"},\"thumbnailUrl\":\"https:\/\/portalmf.com.br\/wp-content\/uploads\/2024\/11\/Mostra-de-Mostra-de-Cinema-Portal-do-Sertao-tem-exibicao-de-obras-premiadas-e-projetadas-internacionalmente.jpg\",\"datePublished\":\"2024-11-07T21:46:10+00:00\",\"dateModified\":\"2024-11-07T21:46:12+00:00\",\"author\":{\"@id\":\"https:\/\/portalmf.com.br\/#\/schema\/person\/19071c375ee7579b7300dd91d656ff97\"},\"breadcrumb\":{\"@id\":\"https:\/\/portalmf.com.br\/index.php\/2024\/11\/07\/mostra-de-mostra-de-cinema-portal-do-sertao-tem-exibicao-de-obras-premiadas-e-projetadas-internacionalmente\/#breadcrumb\"},\"inLanguage\":\"pt-BR\",\"potentialAction\":[{\"@type\":\"ReadAction\",\"target\":[\"https:\/\/portalmf.com.br\/index.php\/2024\/11\/07\/mostra-de-mostra-de-cinema-portal-do-sertao-tem-exibicao-de-obras-premiadas-e-projetadas-internacionalmente\/\"]}]},{\"@type\":\"ImageObject\",\"inLanguage\":\"pt-BR\",\"@id\":\"https:\/\/portalmf.com.br\/index.php\/2024\/11\/07\/mostra-de-mostra-de-cinema-portal-do-sertao-tem-exibicao-de-obras-premiadas-e-projetadas-internacionalmente\/#primaryimage\",\"url\":\"https:\/\/portalmf.com.br\/wp-content\/uploads\/2024\/11\/Mostra-de-Mostra-de-Cinema-Portal-do-Sertao-tem-exibicao-de-obras-premiadas-e-projetadas-internacionalmente.jpg\",\"contentUrl\":\"https:\/\/portalmf.com.br\/wp-content\/uploads\/2024\/11\/Mostra-de-Mostra-de-Cinema-Portal-do-Sertao-tem-exibicao-de-obras-premiadas-e-projetadas-internacionalmente.jpg\",\"width\":800,\"height\":600},{\"@type\":\"BreadcrumbList\",\"@id\":\"https:\/\/portalmf.com.br\/index.php\/2024\/11\/07\/mostra-de-mostra-de-cinema-portal-do-sertao-tem-exibicao-de-obras-premiadas-e-projetadas-internacionalmente\/#breadcrumb\",\"itemListElement\":[{\"@type\":\"ListItem\",\"position\":1,\"name\":\"In\u00edcio\",\"item\":\"https:\/\/portalmf.com.br\/\"},{\"@type\":\"ListItem\",\"position\":2,\"name\":\"Mostra de Mostra de Cinema Portal do Sert\u00e3o tem exibi\u00e7\u00e3o de obras premiadas e projetadas internacionalmente\"}]},{\"@type\":\"WebSite\",\"@id\":\"https:\/\/portalmf.com.br\/#website\",\"url\":\"https:\/\/portalmf.com.br\/\",\"name\":\"Portal MF\",\"description\":\"Voc\u00ea conectado com a informa\u00e7\u00e3o\",\"potentialAction\":[{\"@type\":\"SearchAction\",\"target\":{\"@type\":\"EntryPoint\",\"urlTemplate\":\"https:\/\/portalmf.com.br\/?s={search_term_string}\"},\"query-input\":\"required name=search_term_string\"}],\"inLanguage\":\"pt-BR\"},{\"@type\":\"Person\",\"@id\":\"https:\/\/portalmf.com.br\/#\/schema\/person\/19071c375ee7579b7300dd91d656ff97\",\"name\":\"Lila Oliveira\",\"image\":{\"@type\":\"ImageObject\",\"inLanguage\":\"pt-BR\",\"@id\":\"https:\/\/portalmf.com.br\/#\/schema\/person\/image\/\",\"url\":\"https:\/\/secure.gravatar.com\/avatar\/344958fa973c4e824a6dde1b63c19431?s=96&d=mm&r=g\",\"contentUrl\":\"https:\/\/secure.gravatar.com\/avatar\/344958fa973c4e824a6dde1b63c19431?s=96&d=mm&r=g\",\"caption\":\"Lila Oliveira\"},\"sameAs\":[\"https:\/\/portalmf.com.br\/\"],\"url\":\"https:\/\/portalmf.com.br\/index.php\/author\/lilaoliveira\/\"}]}<\/script>\n<!-- \/ Yoast SEO plugin. -->","yoast_head_json":{"title":"Mostra de Mostra de Cinema Portal do Sert\u00e3o tem exibi\u00e7\u00e3o de obras premiadas e projetadas internacionalmente - Portal MF","robots":{"index":"index","follow":"follow","max-snippet":"max-snippet:-1","max-image-preview":"max-image-preview:large","max-video-preview":"max-video-preview:-1"},"canonical":"https:\/\/portalmf.com.br\/index.php\/2024\/11\/07\/mostra-de-mostra-de-cinema-portal-do-sertao-tem-exibicao-de-obras-premiadas-e-projetadas-internacionalmente\/","og_locale":"pt_BR","og_type":"article","og_title":"Mostra de Mostra de Cinema Portal do Sert\u00e3o tem exibi\u00e7\u00e3o de obras premiadas e projetadas internacionalmente - Portal MF","og_description":"A primeira edi\u00e7\u00e3o da Mostra de Cinema Portal do Sert\u00e3o que come\u00e7ou na quarta-feira (6) e seguiu programa\u00e7\u00e3o na quinta-feira (7) e encerra nesta sexta-feira, dia 8 de novembro, na Escola Municipal Doutor Jo\u00e3o Duarte Guimar\u00e3es, localizada no distrito de Humildes, em Feira de Santana tem sido um sucesso e superou as expectativas dos organizadores. [&hellip;]","og_url":"https:\/\/portalmf.com.br\/index.php\/2024\/11\/07\/mostra-de-mostra-de-cinema-portal-do-sertao-tem-exibicao-de-obras-premiadas-e-projetadas-internacionalmente\/","og_site_name":"Portal MF","article_published_time":"2024-11-07T21:46:10+00:00","article_modified_time":"2024-11-07T21:46:12+00:00","og_image":[{"width":800,"height":600,"url":"https:\/\/portalmf.com.br\/wp-content\/uploads\/2024\/11\/Mostra-de-Mostra-de-Cinema-Portal-do-Sertao-tem-exibicao-de-obras-premiadas-e-projetadas-internacionalmente.jpg","type":"image\/jpeg"}],"author":"Lila Oliveira","twitter_card":"summary_large_image","twitter_misc":{"Escrito por":"Lila Oliveira","Est. tempo de leitura":"4 minutos"},"schema":{"@context":"https:\/\/schema.org","@graph":[{"@type":"WebPage","@id":"https:\/\/portalmf.com.br\/index.php\/2024\/11\/07\/mostra-de-mostra-de-cinema-portal-do-sertao-tem-exibicao-de-obras-premiadas-e-projetadas-internacionalmente\/","url":"https:\/\/portalmf.com.br\/index.php\/2024\/11\/07\/mostra-de-mostra-de-cinema-portal-do-sertao-tem-exibicao-de-obras-premiadas-e-projetadas-internacionalmente\/","name":"Mostra de Mostra de Cinema Portal do Sert\u00e3o tem exibi\u00e7\u00e3o de obras premiadas e projetadas internacionalmente - Portal MF","isPartOf":{"@id":"https:\/\/portalmf.com.br\/#website"},"primaryImageOfPage":{"@id":"https:\/\/portalmf.com.br\/index.php\/2024\/11\/07\/mostra-de-mostra-de-cinema-portal-do-sertao-tem-exibicao-de-obras-premiadas-e-projetadas-internacionalmente\/#primaryimage"},"image":{"@id":"https:\/\/portalmf.com.br\/index.php\/2024\/11\/07\/mostra-de-mostra-de-cinema-portal-do-sertao-tem-exibicao-de-obras-premiadas-e-projetadas-internacionalmente\/#primaryimage"},"thumbnailUrl":"https:\/\/portalmf.com.br\/wp-content\/uploads\/2024\/11\/Mostra-de-Mostra-de-Cinema-Portal-do-Sertao-tem-exibicao-de-obras-premiadas-e-projetadas-internacionalmente.jpg","datePublished":"2024-11-07T21:46:10+00:00","dateModified":"2024-11-07T21:46:12+00:00","author":{"@id":"https:\/\/portalmf.com.br\/#\/schema\/person\/19071c375ee7579b7300dd91d656ff97"},"breadcrumb":{"@id":"https:\/\/portalmf.com.br\/index.php\/2024\/11\/07\/mostra-de-mostra-de-cinema-portal-do-sertao-tem-exibicao-de-obras-premiadas-e-projetadas-internacionalmente\/#breadcrumb"},"inLanguage":"pt-BR","potentialAction":[{"@type":"ReadAction","target":["https:\/\/portalmf.com.br\/index.php\/2024\/11\/07\/mostra-de-mostra-de-cinema-portal-do-sertao-tem-exibicao-de-obras-premiadas-e-projetadas-internacionalmente\/"]}]},{"@type":"ImageObject","inLanguage":"pt-BR","@id":"https:\/\/portalmf.com.br\/index.php\/2024\/11\/07\/mostra-de-mostra-de-cinema-portal-do-sertao-tem-exibicao-de-obras-premiadas-e-projetadas-internacionalmente\/#primaryimage","url":"https:\/\/portalmf.com.br\/wp-content\/uploads\/2024\/11\/Mostra-de-Mostra-de-Cinema-Portal-do-Sertao-tem-exibicao-de-obras-premiadas-e-projetadas-internacionalmente.jpg","contentUrl":"https:\/\/portalmf.com.br\/wp-content\/uploads\/2024\/11\/Mostra-de-Mostra-de-Cinema-Portal-do-Sertao-tem-exibicao-de-obras-premiadas-e-projetadas-internacionalmente.jpg","width":800,"height":600},{"@type":"BreadcrumbList","@id":"https:\/\/portalmf.com.br\/index.php\/2024\/11\/07\/mostra-de-mostra-de-cinema-portal-do-sertao-tem-exibicao-de-obras-premiadas-e-projetadas-internacionalmente\/#breadcrumb","itemListElement":[{"@type":"ListItem","position":1,"name":"In\u00edcio","item":"https:\/\/portalmf.com.br\/"},{"@type":"ListItem","position":2,"name":"Mostra de Mostra de Cinema Portal do Sert\u00e3o tem exibi\u00e7\u00e3o de obras premiadas e projetadas internacionalmente"}]},{"@type":"WebSite","@id":"https:\/\/portalmf.com.br\/#website","url":"https:\/\/portalmf.com.br\/","name":"Portal MF","description":"Voc\u00ea conectado com a informa\u00e7\u00e3o","potentialAction":[{"@type":"SearchAction","target":{"@type":"EntryPoint","urlTemplate":"https:\/\/portalmf.com.br\/?s={search_term_string}"},"query-input":"required name=search_term_string"}],"inLanguage":"pt-BR"},{"@type":"Person","@id":"https:\/\/portalmf.com.br\/#\/schema\/person\/19071c375ee7579b7300dd91d656ff97","name":"Lila Oliveira","image":{"@type":"ImageObject","inLanguage":"pt-BR","@id":"https:\/\/portalmf.com.br\/#\/schema\/person\/image\/","url":"https:\/\/secure.gravatar.com\/avatar\/344958fa973c4e824a6dde1b63c19431?s=96&d=mm&r=g","contentUrl":"https:\/\/secure.gravatar.com\/avatar\/344958fa973c4e824a6dde1b63c19431?s=96&d=mm&r=g","caption":"Lila Oliveira"},"sameAs":["https:\/\/portalmf.com.br\/"],"url":"https:\/\/portalmf.com.br\/index.php\/author\/lilaoliveira\/"}]}},"_links":{"self":[{"href":"https:\/\/portalmf.com.br\/index.php\/wp-json\/wp\/v2\/posts\/31303"}],"collection":[{"href":"https:\/\/portalmf.com.br\/index.php\/wp-json\/wp\/v2\/posts"}],"about":[{"href":"https:\/\/portalmf.com.br\/index.php\/wp-json\/wp\/v2\/types\/post"}],"author":[{"embeddable":true,"href":"https:\/\/portalmf.com.br\/index.php\/wp-json\/wp\/v2\/users\/5"}],"replies":[{"embeddable":true,"href":"https:\/\/portalmf.com.br\/index.php\/wp-json\/wp\/v2\/comments?post=31303"}],"version-history":[{"count":1,"href":"https:\/\/portalmf.com.br\/index.php\/wp-json\/wp\/v2\/posts\/31303\/revisions"}],"predecessor-version":[{"id":31306,"href":"https:\/\/portalmf.com.br\/index.php\/wp-json\/wp\/v2\/posts\/31303\/revisions\/31306"}],"wp:featuredmedia":[{"embeddable":true,"href":"https:\/\/portalmf.com.br\/index.php\/wp-json\/wp\/v2\/media\/31304"}],"wp:attachment":[{"href":"https:\/\/portalmf.com.br\/index.php\/wp-json\/wp\/v2\/media?parent=31303"}],"wp:term":[{"taxonomy":"category","embeddable":true,"href":"https:\/\/portalmf.com.br\/index.php\/wp-json\/wp\/v2\/categories?post=31303"},{"taxonomy":"post_tag","embeddable":true,"href":"https:\/\/portalmf.com.br\/index.php\/wp-json\/wp\/v2\/tags?post=31303"}],"curies":[{"name":"wp","href":"https:\/\/api.w.org\/{rel}","templated":true}]}}