{"id":31281,"date":"2024-11-06T18:00:00","date_gmt":"2024-11-06T21:00:00","guid":{"rendered":"https:\/\/portalmf.com.br\/?p=31281"},"modified":"2024-11-06T19:31:05","modified_gmt":"2024-11-06T22:31:05","slug":"publico-feirense-lota-teatro-em-palestra-da-professora-e-escritora-barbara-carine","status":"publish","type":"post","link":"https:\/\/portalmf.com.br\/index.php\/2024\/11\/06\/publico-feirense-lota-teatro-em-palestra-da-professora-e-escritora-barbara-carine\/","title":{"rendered":"P\u00fablico feirense lota teatro em palestra da professora e escritora B\u00e1rbara Carine"},"content":{"rendered":"\n<p>Na ter\u00e7a-feira (5), aconteceu a primeira edi\u00e7\u00e3o do evento de valoriza\u00e7\u00e3o da cultura negra, \u2018AFRO CONECTA; Di\u00e1logos Culturais\u2019, no Centro de Cultura Am\u00e9lio Amorim, em Feira de Santana. A cerim\u00f4nia, que teve ingressos esgotados com menos de 24 horas ap\u00f3s libera\u00e7\u00e3o da venda e tamb\u00e9m arrecadou alimentos para doa\u00e7\u00e3o, teve o objetivo refletir sobre as heran\u00e7as e celebra\u00e7\u00f5es da cultura afro-brasileira.<\/p>\n\n\n\n<p>Atrav\u00e9s de uma programa\u00e7\u00e3o diversificada com m\u00fasica, capoeira, poesia, venda de artesanatos e a palestra da Professora Doutora, B\u00e1rbara Carine, Idealizadora e Consultora Pedag\u00f3gica da Maria Felipa (primeira escola afro-brasileira do Brasil) e indicada 3 vezes ao Pr\u00eamio Jabuti de literatura.<\/p>\n\n\n\n<p>B\u00e1rbara Carine compartilhou reflex\u00f5es sobre uma educa\u00e7\u00e3o antirracista, engajada e emancipat\u00f3ria, conceitos ela desenvolve na sua obra \u2018Como ser um educador antirracista\u2019, tamb\u00e9m citou a import\u00e2ncia da tem\u00e1tica: Desafios para a valoriza\u00e7\u00e3o da heran\u00e7a africana no Brasil, ter sido abordada na reda\u00e7\u00e3o do Exame Nacional do Ensino M\u00e9dio (ENEM) 2024. Com ampla bagagem profissional e pessoal, a autora aborda a tem\u00e1tica em suas redes sociais por meio do perfil (@umaintelectualdiferentona), que j\u00e1 soma cerca de 600 mil seguidores no Instagram, em entrevista ao Jornal Folha do Estado, explicou o motivo de se considerar \u201cDiferentona\u201d no meio acad\u00eamico.<\/p>\n\n\n\n<p><em>\u201cOlha, \u00e9 diferente no sentido de viver a sua intelectualidade e de produzir a sua intelectualidade. Eu vivo uma intelectualidade que se desassocia do eurocentrismo, do \u2018brancocetrismo\u2019, de um padr\u00e3o intelectual, de uma m\u00e9trica de produ\u00e7\u00e3o intelectual, de refer\u00eancias te\u00f3ricas que a gente tem que seguir e reverenciar, de metodologia de pesquisa, de escrita, de formas de se comunicar. Ent\u00e3o eu sou disruptiva com esse processo e obviamente que tem muito desse lugar tamb\u00e9m de reconhec\u00ean\u00e7a, enquanto uma mulher negra perif\u00e9rica, quilombola, que n\u00e3o negocia sua exist\u00eancia. Ent\u00e3o se eu gosto de pagod\u00e3o, eu vou continuar gostando de pagod\u00e3o, n\u00e3o sou obrigada a gostar de m\u00fasica cl\u00e1ssica porque&nbsp;&nbsp; eu sou intelectual. Se eu tiver minha cultura popular da minha quebrada, ela vai estar viva e vai estar presente comigo na minha intelectualidade tamb\u00e9m. Eu n\u00e3o preciso abrir m\u00e3o de quem eu sou para acolher uma dimens\u00e3o intelectual pautada pela branquitude. Ent\u00e3o acho que \u00e9 por isso que \u00e9 intelectual de diferentona\u201d,<\/em> explica.<\/p>\n\n\n\n<figure class=\"wp-block-image size-full\"><img fetchpriority=\"high\" decoding=\"async\" width=\"800\" height=\"600\" src=\"https:\/\/portalmf.com.br\/wp-content\/uploads\/2024\/11\/Barbara-Carine-ministra-palestra-no-Afro-Conecta-em-Feira-de-Santana-6.jpg\" alt=\"\" class=\"wp-image-31284\" srcset=\"https:\/\/portalmf.com.br\/wp-content\/uploads\/2024\/11\/Barbara-Carine-ministra-palestra-no-Afro-Conecta-em-Feira-de-Santana-6.jpg 800w, https:\/\/portalmf.com.br\/wp-content\/uploads\/2024\/11\/Barbara-Carine-ministra-palestra-no-Afro-Conecta-em-Feira-de-Santana-6-300x225.jpg 300w, https:\/\/portalmf.com.br\/wp-content\/uploads\/2024\/11\/Barbara-Carine-ministra-palestra-no-Afro-Conecta-em-Feira-de-Santana-6-768x576.jpg 768w, https:\/\/portalmf.com.br\/wp-content\/uploads\/2024\/11\/Barbara-Carine-ministra-palestra-no-Afro-Conecta-em-Feira-de-Santana-6-696x522.jpg 696w\" sizes=\"(max-width: 800px) 100vw, 800px\" \/><figcaption class=\"wp-element-caption\"><strong>Foto: Reginaldo Junior \/ Portal MF<\/strong><\/figcaption><\/figure>\n\n\n\n<p>A escritora soteropolitana fala da exclus\u00e3o no meio acad\u00eamico, mesmo atuando em institui\u00e7\u00f5es estaduais e federais na Bahia, que \u00e9 o estado com a maior propor\u00e7\u00e3o de pessoas pretas no Brasil, de acordo com o IBGE.<\/p>\n\n\n\n<p><em>\u201cO espa\u00e7o onde eu trabalho nunca me parabenizou pelas tr\u00eas indica\u00e7\u00f5es da Jabuti que eu tive. \u00c9 um lugar, \u00e9 um espa\u00e7o tamb\u00e9m de pensar uma n\u00e3o legitima\u00e7\u00e3o de uma intelectualidade, \u00e9 um espa\u00e7o tamb\u00e9m de pensar o n\u00e3o reconhecimento de uma luta, o n\u00e3o reconhecimento de uma produ\u00e7\u00e3o intelectual reconhecida nacionalmente. \u00c9 como se, bom, para o mundo \u00e9 importante, mas aqui a gente n\u00e3o reconhece. Ent\u00e3o, \u00f3bvio que esse racismo est\u00e1 presente na academia, nesse lugar de apagamento, o que eu percebo \u00e9 isso. Mas, sinceramente, hoje eu estou falando isso, n\u00e3o \u00e9 nenhuma dor, at\u00e9 j\u00e1 foi. Mas hoje aqui \u00e9 uma constata\u00e7\u00e3o, simplesmente\u201d.<\/em><\/p>\n\n\n\n<p><strong>Escola Afro-Brasileira Maria Felipa<\/strong><\/p>\n\n\n\n<p>B\u00e1rbara \u00e9 uma das fundadoras da Escola Afro-Brasileira Maria Felipa, a primeira institui\u00e7\u00e3o de ensino afro-brasileira registrada pelo Minist\u00e9rio da Educa\u00e7\u00e3o. A escola \u00e9 um marco no sistema educacional brasileiro, oferecendo um curr\u00edculo tril\u00edngue (Portugu\u00eas, Ingl\u00eas e Libras) e focado na valoriza\u00e7\u00e3o da identidade negra e de acordo com a idealizadora, h\u00e1 uma pretens\u00e3o de transformar a Maria Felipa em m\u00e9todo.<\/p>\n\n\n\n<p><em>\u201cA gente n\u00e3o tem muita comunica\u00e7\u00e3o com o MEC, mas j\u00e1 teve comunica\u00e7\u00e3o com o Minist\u00e9rio da Igualdade Racial. No MEC, tudo que a gente tem hoje \u00e9 um reconhecimento e autoriza\u00e7\u00e3o para funcionar enquanto escola. Mas eu gostaria muito de construir parcerias com o Minist\u00e9rio da Educa\u00e7\u00e3o no sentido de abrir o nosso curr\u00edculo, de abrir o nosso projeto pol\u00edtico pedag\u00f3gico para impulsionar outros projetos, para fortalecer outros planejamentos, inspirar outros projetos. Ent\u00e3o eu acho que \u00e9 uma escola que sim tem muito a ser replicada, sobretudo, nas institui\u00e7\u00f5es p\u00fablicas de ensino. H\u00e1 um interesse sim em pensar em um sistema Maria Filipe de educa\u00e7\u00e3o e que seja replicado por outras institui\u00e7\u00f5es, obviamente, a partir tamb\u00e9m das suas demandas territoriais, dos ajustes a esses m\u00faltiplos contextos. A gente tem um pa\u00eds de dimens\u00e3o continental, com muitas culturas. \u00d3bvio que essa coisa do m\u00e9todo \u00e9 uma coisa meio pasteurizada de aplica\u00e7\u00e3o, mas como uma refer\u00eancia para que as pessoas ajustem \u00e0s diferentes realidades educacionais do nosso pa\u00eds\u201d,<\/em> diz.<\/p>\n\n\n\n<p>\u201cA gente est\u00e1 educando as crian\u00e7as, a gente est\u00e1 se organizando de perspectiva comunit\u00e1ria, assistindo a pol\u00edticas e condi\u00e7\u00f5es, mesmo que pare\u00e7am que as vezes que a gente n\u00e3o tem avan\u00e7ado e pensar at\u00e9 que estamos elevando muitas barreiras, mas&nbsp;&nbsp; temos sim conquistado espa\u00e7os inimagin\u00e1veis. Ent\u00e3o, vamos sofrer isso, n\u00e3o transformar em \u2018oba, oba\u2019 e entender que tem uma dimens\u00e3o que possamos celebrar a nossa exist\u00eancia e ter uma perspectiva futura\u201d.<\/p>\n\n\n\n<figure class=\"wp-block-image size-full\"><img decoding=\"async\" width=\"800\" height=\"600\" src=\"https:\/\/portalmf.com.br\/wp-content\/uploads\/2024\/11\/Barbara-Carine-ministra-palestra-no-Afro-Conecta-em-Feira-de-Santana-7.jpg\" alt=\"\" class=\"wp-image-31285\" srcset=\"https:\/\/portalmf.com.br\/wp-content\/uploads\/2024\/11\/Barbara-Carine-ministra-palestra-no-Afro-Conecta-em-Feira-de-Santana-7.jpg 800w, https:\/\/portalmf.com.br\/wp-content\/uploads\/2024\/11\/Barbara-Carine-ministra-palestra-no-Afro-Conecta-em-Feira-de-Santana-7-300x225.jpg 300w, https:\/\/portalmf.com.br\/wp-content\/uploads\/2024\/11\/Barbara-Carine-ministra-palestra-no-Afro-Conecta-em-Feira-de-Santana-7-768x576.jpg 768w, https:\/\/portalmf.com.br\/wp-content\/uploads\/2024\/11\/Barbara-Carine-ministra-palestra-no-Afro-Conecta-em-Feira-de-Santana-7-696x522.jpg 696w\" sizes=\"(max-width: 800px) 100vw, 800px\" \/><figcaption class=\"wp-element-caption\"><strong>Foto: Reginaldo Junior \/ Portal MF<\/strong><\/figcaption><\/figure>\n\n\n\n<p><strong>Homenageados<\/strong><\/p>\n\n\n\n<p>O evento, organizado pelos jornalistas Lurdes Rocha, Lu\u00eds Santos e Frei Cal, contou com a participa\u00e7\u00e3o de v\u00e1rias personalidades feirenses ativistas na luta contra o racismo, como o cantor e compositor Gilsan, a educadora Hely Pedreira, Lourdes Santana, presidente do Grupo Odung\u00ea, Val Concei\u00e7\u00e3o presidente do Movi Afro, a arte educadora Carmem Silva, Luma Eduarda, atriz e poetisa, a escritora Carol Vilarinho, Mariane Oliveira presidente da Comiss\u00e3o de Igualdade Social OAB\/Feira, o vereador Jhonatas Monteiro e do Secret\u00e1rio de Justi\u00e7a e Direitos Humanos, Felipe Freitas entre outros.<\/p>\n\n\n\n<p>As personalidades foram homenageadas e reconhecidas por suas contribui\u00e7\u00f5es para a sociedade no palco, ao lado dos organizadores e da palestrante.<\/p>\n","protected":false},"excerpt":{"rendered":"<p>Na ter\u00e7a-feira (5), aconteceu a primeira edi\u00e7\u00e3o do evento de valoriza\u00e7\u00e3o da cultura negra, \u2018AFRO CONECTA; Di\u00e1logos Culturais\u2019, no Centro de Cultura Am\u00e9lio Amorim, em Feira de Santana. A cerim\u00f4nia, que teve ingressos esgotados com menos de 24 horas ap\u00f3s libera\u00e7\u00e3o da venda e tamb\u00e9m arrecadou alimentos para doa\u00e7\u00e3o, teve o objetivo refletir sobre as [&hellip;]<\/p>\n","protected":false},"author":5,"featured_media":31283,"comment_status":"open","ping_status":"open","sticky":false,"template":"","format":"standard","meta":{"_monsterinsights_skip_tracking":false,"_monsterinsights_sitenote_active":false,"_monsterinsights_sitenote_note":"","_monsterinsights_sitenote_category":0,"footnotes":""},"categories":[48,45],"tags":[],"yoast_head":"<!-- This site is optimized with the Yoast SEO plugin v22.9 - https:\/\/yoast.com\/wordpress\/plugins\/seo\/ -->\n<title>P\u00fablico feirense lota teatro em palestra da professora e escritora B\u00e1rbara Carine - Portal MF<\/title>\n<meta name=\"robots\" content=\"index, follow, max-snippet:-1, max-image-preview:large, max-video-preview:-1\" \/>\n<link rel=\"canonical\" href=\"https:\/\/portalmf.com.br\/index.php\/2024\/11\/06\/publico-feirense-lota-teatro-em-palestra-da-professora-e-escritora-barbara-carine\/\" \/>\n<meta property=\"og:locale\" content=\"pt_BR\" \/>\n<meta property=\"og:type\" content=\"article\" \/>\n<meta property=\"og:title\" content=\"P\u00fablico feirense lota teatro em palestra da professora e escritora B\u00e1rbara Carine - Portal MF\" \/>\n<meta property=\"og:description\" content=\"Na ter\u00e7a-feira (5), aconteceu a primeira edi\u00e7\u00e3o do evento de valoriza\u00e7\u00e3o da cultura negra, \u2018AFRO CONECTA; Di\u00e1logos Culturais\u2019, no Centro de Cultura Am\u00e9lio Amorim, em Feira de Santana. A cerim\u00f4nia, que teve ingressos esgotados com menos de 24 horas ap\u00f3s libera\u00e7\u00e3o da venda e tamb\u00e9m arrecadou alimentos para doa\u00e7\u00e3o, teve o objetivo refletir sobre as [&hellip;]\" \/>\n<meta property=\"og:url\" content=\"https:\/\/portalmf.com.br\/index.php\/2024\/11\/06\/publico-feirense-lota-teatro-em-palestra-da-professora-e-escritora-barbara-carine\/\" \/>\n<meta property=\"og:site_name\" content=\"Portal MF\" \/>\n<meta property=\"article:published_time\" content=\"2024-11-06T21:00:00+00:00\" \/>\n<meta property=\"article:modified_time\" content=\"2024-11-06T22:31:05+00:00\" \/>\n<meta property=\"og:image\" content=\"https:\/\/portalmf.com.br\/wp-content\/uploads\/2024\/11\/Barbara-Carine-ministra-palestra-no-Afro-Conecta-em-Feira-de-Santana-5.jpg\" \/>\n\t<meta property=\"og:image:width\" content=\"800\" \/>\n\t<meta property=\"og:image:height\" content=\"600\" \/>\n\t<meta property=\"og:image:type\" content=\"image\/jpeg\" \/>\n<meta name=\"author\" content=\"Lila Oliveira\" \/>\n<meta name=\"twitter:card\" content=\"summary_large_image\" \/>\n<meta name=\"twitter:label1\" content=\"Escrito por\" \/>\n\t<meta name=\"twitter:data1\" content=\"Lila Oliveira\" \/>\n\t<meta name=\"twitter:label2\" content=\"Est. tempo de leitura\" \/>\n\t<meta name=\"twitter:data2\" content=\"6 minutos\" \/>\n<script type=\"application\/ld+json\" class=\"yoast-schema-graph\">{\"@context\":\"https:\/\/schema.org\",\"@graph\":[{\"@type\":\"WebPage\",\"@id\":\"https:\/\/portalmf.com.br\/index.php\/2024\/11\/06\/publico-feirense-lota-teatro-em-palestra-da-professora-e-escritora-barbara-carine\/\",\"url\":\"https:\/\/portalmf.com.br\/index.php\/2024\/11\/06\/publico-feirense-lota-teatro-em-palestra-da-professora-e-escritora-barbara-carine\/\",\"name\":\"P\u00fablico feirense lota teatro em palestra da professora e escritora B\u00e1rbara Carine - Portal MF\",\"isPartOf\":{\"@id\":\"https:\/\/portalmf.com.br\/#website\"},\"primaryImageOfPage\":{\"@id\":\"https:\/\/portalmf.com.br\/index.php\/2024\/11\/06\/publico-feirense-lota-teatro-em-palestra-da-professora-e-escritora-barbara-carine\/#primaryimage\"},\"image\":{\"@id\":\"https:\/\/portalmf.com.br\/index.php\/2024\/11\/06\/publico-feirense-lota-teatro-em-palestra-da-professora-e-escritora-barbara-carine\/#primaryimage\"},\"thumbnailUrl\":\"https:\/\/portalmf.com.br\/wp-content\/uploads\/2024\/11\/Barbara-Carine-ministra-palestra-no-Afro-Conecta-em-Feira-de-Santana-5.jpg\",\"datePublished\":\"2024-11-06T21:00:00+00:00\",\"dateModified\":\"2024-11-06T22:31:05+00:00\",\"author\":{\"@id\":\"https:\/\/portalmf.com.br\/#\/schema\/person\/19071c375ee7579b7300dd91d656ff97\"},\"breadcrumb\":{\"@id\":\"https:\/\/portalmf.com.br\/index.php\/2024\/11\/06\/publico-feirense-lota-teatro-em-palestra-da-professora-e-escritora-barbara-carine\/#breadcrumb\"},\"inLanguage\":\"pt-BR\",\"potentialAction\":[{\"@type\":\"ReadAction\",\"target\":[\"https:\/\/portalmf.com.br\/index.php\/2024\/11\/06\/publico-feirense-lota-teatro-em-palestra-da-professora-e-escritora-barbara-carine\/\"]}]},{\"@type\":\"ImageObject\",\"inLanguage\":\"pt-BR\",\"@id\":\"https:\/\/portalmf.com.br\/index.php\/2024\/11\/06\/publico-feirense-lota-teatro-em-palestra-da-professora-e-escritora-barbara-carine\/#primaryimage\",\"url\":\"https:\/\/portalmf.com.br\/wp-content\/uploads\/2024\/11\/Barbara-Carine-ministra-palestra-no-Afro-Conecta-em-Feira-de-Santana-5.jpg\",\"contentUrl\":\"https:\/\/portalmf.com.br\/wp-content\/uploads\/2024\/11\/Barbara-Carine-ministra-palestra-no-Afro-Conecta-em-Feira-de-Santana-5.jpg\",\"width\":800,\"height\":600},{\"@type\":\"BreadcrumbList\",\"@id\":\"https:\/\/portalmf.com.br\/index.php\/2024\/11\/06\/publico-feirense-lota-teatro-em-palestra-da-professora-e-escritora-barbara-carine\/#breadcrumb\",\"itemListElement\":[{\"@type\":\"ListItem\",\"position\":1,\"name\":\"In\u00edcio\",\"item\":\"https:\/\/portalmf.com.br\/\"},{\"@type\":\"ListItem\",\"position\":2,\"name\":\"P\u00fablico feirense lota teatro em palestra da professora e escritora B\u00e1rbara Carine\"}]},{\"@type\":\"WebSite\",\"@id\":\"https:\/\/portalmf.com.br\/#website\",\"url\":\"https:\/\/portalmf.com.br\/\",\"name\":\"Portal MF\",\"description\":\"Voc\u00ea conectado com a informa\u00e7\u00e3o\",\"potentialAction\":[{\"@type\":\"SearchAction\",\"target\":{\"@type\":\"EntryPoint\",\"urlTemplate\":\"https:\/\/portalmf.com.br\/?s={search_term_string}\"},\"query-input\":\"required name=search_term_string\"}],\"inLanguage\":\"pt-BR\"},{\"@type\":\"Person\",\"@id\":\"https:\/\/portalmf.com.br\/#\/schema\/person\/19071c375ee7579b7300dd91d656ff97\",\"name\":\"Lila Oliveira\",\"image\":{\"@type\":\"ImageObject\",\"inLanguage\":\"pt-BR\",\"@id\":\"https:\/\/portalmf.com.br\/#\/schema\/person\/image\/\",\"url\":\"https:\/\/secure.gravatar.com\/avatar\/344958fa973c4e824a6dde1b63c19431?s=96&d=mm&r=g\",\"contentUrl\":\"https:\/\/secure.gravatar.com\/avatar\/344958fa973c4e824a6dde1b63c19431?s=96&d=mm&r=g\",\"caption\":\"Lila Oliveira\"},\"sameAs\":[\"https:\/\/portalmf.com.br\/\"],\"url\":\"https:\/\/portalmf.com.br\/index.php\/author\/lilaoliveira\/\"}]}<\/script>\n<!-- \/ Yoast SEO plugin. -->","yoast_head_json":{"title":"P\u00fablico feirense lota teatro em palestra da professora e escritora B\u00e1rbara Carine - Portal MF","robots":{"index":"index","follow":"follow","max-snippet":"max-snippet:-1","max-image-preview":"max-image-preview:large","max-video-preview":"max-video-preview:-1"},"canonical":"https:\/\/portalmf.com.br\/index.php\/2024\/11\/06\/publico-feirense-lota-teatro-em-palestra-da-professora-e-escritora-barbara-carine\/","og_locale":"pt_BR","og_type":"article","og_title":"P\u00fablico feirense lota teatro em palestra da professora e escritora B\u00e1rbara Carine - Portal MF","og_description":"Na ter\u00e7a-feira (5), aconteceu a primeira edi\u00e7\u00e3o do evento de valoriza\u00e7\u00e3o da cultura negra, \u2018AFRO CONECTA; Di\u00e1logos Culturais\u2019, no Centro de Cultura Am\u00e9lio Amorim, em Feira de Santana. A cerim\u00f4nia, que teve ingressos esgotados com menos de 24 horas ap\u00f3s libera\u00e7\u00e3o da venda e tamb\u00e9m arrecadou alimentos para doa\u00e7\u00e3o, teve o objetivo refletir sobre as [&hellip;]","og_url":"https:\/\/portalmf.com.br\/index.php\/2024\/11\/06\/publico-feirense-lota-teatro-em-palestra-da-professora-e-escritora-barbara-carine\/","og_site_name":"Portal MF","article_published_time":"2024-11-06T21:00:00+00:00","article_modified_time":"2024-11-06T22:31:05+00:00","og_image":[{"width":800,"height":600,"url":"https:\/\/portalmf.com.br\/wp-content\/uploads\/2024\/11\/Barbara-Carine-ministra-palestra-no-Afro-Conecta-em-Feira-de-Santana-5.jpg","type":"image\/jpeg"}],"author":"Lila Oliveira","twitter_card":"summary_large_image","twitter_misc":{"Escrito por":"Lila Oliveira","Est. tempo de leitura":"6 minutos"},"schema":{"@context":"https:\/\/schema.org","@graph":[{"@type":"WebPage","@id":"https:\/\/portalmf.com.br\/index.php\/2024\/11\/06\/publico-feirense-lota-teatro-em-palestra-da-professora-e-escritora-barbara-carine\/","url":"https:\/\/portalmf.com.br\/index.php\/2024\/11\/06\/publico-feirense-lota-teatro-em-palestra-da-professora-e-escritora-barbara-carine\/","name":"P\u00fablico feirense lota teatro em palestra da professora e escritora B\u00e1rbara Carine - Portal MF","isPartOf":{"@id":"https:\/\/portalmf.com.br\/#website"},"primaryImageOfPage":{"@id":"https:\/\/portalmf.com.br\/index.php\/2024\/11\/06\/publico-feirense-lota-teatro-em-palestra-da-professora-e-escritora-barbara-carine\/#primaryimage"},"image":{"@id":"https:\/\/portalmf.com.br\/index.php\/2024\/11\/06\/publico-feirense-lota-teatro-em-palestra-da-professora-e-escritora-barbara-carine\/#primaryimage"},"thumbnailUrl":"https:\/\/portalmf.com.br\/wp-content\/uploads\/2024\/11\/Barbara-Carine-ministra-palestra-no-Afro-Conecta-em-Feira-de-Santana-5.jpg","datePublished":"2024-11-06T21:00:00+00:00","dateModified":"2024-11-06T22:31:05+00:00","author":{"@id":"https:\/\/portalmf.com.br\/#\/schema\/person\/19071c375ee7579b7300dd91d656ff97"},"breadcrumb":{"@id":"https:\/\/portalmf.com.br\/index.php\/2024\/11\/06\/publico-feirense-lota-teatro-em-palestra-da-professora-e-escritora-barbara-carine\/#breadcrumb"},"inLanguage":"pt-BR","potentialAction":[{"@type":"ReadAction","target":["https:\/\/portalmf.com.br\/index.php\/2024\/11\/06\/publico-feirense-lota-teatro-em-palestra-da-professora-e-escritora-barbara-carine\/"]}]},{"@type":"ImageObject","inLanguage":"pt-BR","@id":"https:\/\/portalmf.com.br\/index.php\/2024\/11\/06\/publico-feirense-lota-teatro-em-palestra-da-professora-e-escritora-barbara-carine\/#primaryimage","url":"https:\/\/portalmf.com.br\/wp-content\/uploads\/2024\/11\/Barbara-Carine-ministra-palestra-no-Afro-Conecta-em-Feira-de-Santana-5.jpg","contentUrl":"https:\/\/portalmf.com.br\/wp-content\/uploads\/2024\/11\/Barbara-Carine-ministra-palestra-no-Afro-Conecta-em-Feira-de-Santana-5.jpg","width":800,"height":600},{"@type":"BreadcrumbList","@id":"https:\/\/portalmf.com.br\/index.php\/2024\/11\/06\/publico-feirense-lota-teatro-em-palestra-da-professora-e-escritora-barbara-carine\/#breadcrumb","itemListElement":[{"@type":"ListItem","position":1,"name":"In\u00edcio","item":"https:\/\/portalmf.com.br\/"},{"@type":"ListItem","position":2,"name":"P\u00fablico feirense lota teatro em palestra da professora e escritora B\u00e1rbara Carine"}]},{"@type":"WebSite","@id":"https:\/\/portalmf.com.br\/#website","url":"https:\/\/portalmf.com.br\/","name":"Portal MF","description":"Voc\u00ea conectado com a informa\u00e7\u00e3o","potentialAction":[{"@type":"SearchAction","target":{"@type":"EntryPoint","urlTemplate":"https:\/\/portalmf.com.br\/?s={search_term_string}"},"query-input":"required name=search_term_string"}],"inLanguage":"pt-BR"},{"@type":"Person","@id":"https:\/\/portalmf.com.br\/#\/schema\/person\/19071c375ee7579b7300dd91d656ff97","name":"Lila Oliveira","image":{"@type":"ImageObject","inLanguage":"pt-BR","@id":"https:\/\/portalmf.com.br\/#\/schema\/person\/image\/","url":"https:\/\/secure.gravatar.com\/avatar\/344958fa973c4e824a6dde1b63c19431?s=96&d=mm&r=g","contentUrl":"https:\/\/secure.gravatar.com\/avatar\/344958fa973c4e824a6dde1b63c19431?s=96&d=mm&r=g","caption":"Lila Oliveira"},"sameAs":["https:\/\/portalmf.com.br\/"],"url":"https:\/\/portalmf.com.br\/index.php\/author\/lilaoliveira\/"}]}},"_links":{"self":[{"href":"https:\/\/portalmf.com.br\/index.php\/wp-json\/wp\/v2\/posts\/31281"}],"collection":[{"href":"https:\/\/portalmf.com.br\/index.php\/wp-json\/wp\/v2\/posts"}],"about":[{"href":"https:\/\/portalmf.com.br\/index.php\/wp-json\/wp\/v2\/types\/post"}],"author":[{"embeddable":true,"href":"https:\/\/portalmf.com.br\/index.php\/wp-json\/wp\/v2\/users\/5"}],"replies":[{"embeddable":true,"href":"https:\/\/portalmf.com.br\/index.php\/wp-json\/wp\/v2\/comments?post=31281"}],"version-history":[{"count":2,"href":"https:\/\/portalmf.com.br\/index.php\/wp-json\/wp\/v2\/posts\/31281\/revisions"}],"predecessor-version":[{"id":31290,"href":"https:\/\/portalmf.com.br\/index.php\/wp-json\/wp\/v2\/posts\/31281\/revisions\/31290"}],"wp:featuredmedia":[{"embeddable":true,"href":"https:\/\/portalmf.com.br\/index.php\/wp-json\/wp\/v2\/media\/31283"}],"wp:attachment":[{"href":"https:\/\/portalmf.com.br\/index.php\/wp-json\/wp\/v2\/media?parent=31281"}],"wp:term":[{"taxonomy":"category","embeddable":true,"href":"https:\/\/portalmf.com.br\/index.php\/wp-json\/wp\/v2\/categories?post=31281"},{"taxonomy":"post_tag","embeddable":true,"href":"https:\/\/portalmf.com.br\/index.php\/wp-json\/wp\/v2\/tags?post=31281"}],"curies":[{"name":"wp","href":"https:\/\/api.w.org\/{rel}","templated":true}]}}