{"id":31074,"date":"2024-10-28T16:41:11","date_gmt":"2024-10-28T19:41:11","guid":{"rendered":"https:\/\/portalmf.com.br\/?p=31074"},"modified":"2024-10-28T16:41:11","modified_gmt":"2024-10-28T19:41:11","slug":"uma-vitoria-com-a-cara-e-a-cor-do-pt-comemora-presidente-do-pt-sobre-eleicao-de-caetano","status":"publish","type":"post","link":"https:\/\/portalmf.com.br\/index.php\/2024\/10\/28\/uma-vitoria-com-a-cara-e-a-cor-do-pt-comemora-presidente-do-pt-sobre-eleicao-de-caetano\/","title":{"rendered":"\u201cUma vit\u00f3ria com a cara e a cor do PT\u201d, comemora presidente do PT sobre elei\u00e7\u00e3o de Caetano"},"content":{"rendered":"\n<p>O presidente do Partido dos Trabalhadores da Bahia, \u00c9den Valadares, comemorou, neste domingo (27), a vit\u00f3ria de Luiz Caetano e da Pastora D\u00e9a \u00e0 Prefeitura Municipal de Cama\u00e7ari, que teve segundo turno pela primeira vez em sua hist\u00f3ria. Com 50,9% dos votos v\u00e1lidos e uma frente de mais de tr\u00eas mil votos sobre seu opositor, Fl\u00e1vio Matos, do Uni\u00e3o Brasil, Caetano representa a mudan\u00e7a que a cidade precisava, j\u00e1 que estava relegada pelo grupo de ACM Neto e do atual prefeito, Elinaldo, afirmou \u00c9den.<\/p>\n\n\n\n<p><em>\u201cVit\u00f3ria da verdade sobre a mentira, da liberdade sobre a opress\u00e3o, uma vit\u00f3ria com a cara e a cor do PT. Parab\u00e9ns a Caetano, \u00e0 nossa milit\u00e2ncia e ao povo de Cama\u00e7ari! E parab\u00e9ns ao governador Jer\u00f4nimo Rodrigues e ao presidente Lula que coordenaram esse processo. Viva a Luiz Caetano e povo livre de Cama\u00e7ari!\u201d,<\/em> destacou o dirigente estadual.<\/p>\n\n\n\n<p>O presidente do PT Bahia conclui afirmando que a vit\u00f3ria de Caetano \u00e9 resultado de muito empenho de todo o PT, das suas principais lideran\u00e7as, sobretudo ap\u00f3s o resultado do primeiro turno, em que Caetano ficou em primeiro lugar.<\/p>\n\n\n\n<p><em>\u201cE, obviamente, de Caetano tamb\u00e9m. Como costumo chamar, um monstro da pol\u00edtica baiana. N\u00e3o se arrefeceu em momento algum, muito pelo contr\u00e1rio, foi junto ao povo, \u00e0 nossa milit\u00e2ncia apresentar suas propostas, com uma campanha alegre, para cima, que contagiou o povo de Cama\u00e7ari\u201d.<\/em><\/p>\n\n\n\n<p class=\"has-text-align-right\">As informa\u00e7\u00f5es s\u00e3o da Ascom<\/p>\n","protected":false},"excerpt":{"rendered":"<p>O presidente do Partido dos Trabalhadores da Bahia, \u00c9den Valadares, comemorou, neste domingo (27), a vit\u00f3ria de Luiz Caetano e da Pastora D\u00e9a \u00e0 Prefeitura Municipal de Cama\u00e7ari, que teve segundo turno pela primeira vez em sua hist\u00f3ria. Com 50,9% dos votos v\u00e1lidos e uma frente de mais de tr\u00eas mil votos sobre seu opositor, [&hellip;]<\/p>\n","protected":false},"author":3,"featured_media":31075,"comment_status":"open","ping_status":"open","sticky":false,"template":"","format":"standard","meta":{"_monsterinsights_skip_tracking":false,"_monsterinsights_sitenote_active":false,"_monsterinsights_sitenote_note":"","_monsterinsights_sitenote_category":0,"footnotes":""},"categories":[301,34],"tags":[],"yoast_head":"<!-- This site is optimized with the Yoast SEO plugin v22.9 - https:\/\/yoast.com\/wordpress\/plugins\/seo\/ -->\n<title>\u201cUma vit\u00f3ria com a cara e a cor do PT\u201d, comemora presidente do PT sobre elei\u00e7\u00e3o de Caetano - Portal MF<\/title>\n<meta name=\"robots\" content=\"index, follow, max-snippet:-1, max-image-preview:large, max-video-preview:-1\" \/>\n<link rel=\"canonical\" href=\"https:\/\/portalmf.com.br\/index.php\/2024\/10\/28\/uma-vitoria-com-a-cara-e-a-cor-do-pt-comemora-presidente-do-pt-sobre-eleicao-de-caetano\/\" \/>\n<meta property=\"og:locale\" content=\"pt_BR\" \/>\n<meta property=\"og:type\" content=\"article\" \/>\n<meta property=\"og:title\" content=\"\u201cUma vit\u00f3ria com a cara e a cor do PT\u201d, comemora presidente do PT sobre elei\u00e7\u00e3o de Caetano - Portal MF\" \/>\n<meta property=\"og:description\" content=\"O presidente do Partido dos Trabalhadores da Bahia, \u00c9den Valadares, comemorou, neste domingo (27), a vit\u00f3ria de Luiz Caetano e da Pastora D\u00e9a \u00e0 Prefeitura Municipal de Cama\u00e7ari, que teve segundo turno pela primeira vez em sua hist\u00f3ria. Com 50,9% dos votos v\u00e1lidos e uma frente de mais de tr\u00eas mil votos sobre seu opositor, [&hellip;]\" \/>\n<meta property=\"og:url\" content=\"https:\/\/portalmf.com.br\/index.php\/2024\/10\/28\/uma-vitoria-com-a-cara-e-a-cor-do-pt-comemora-presidente-do-pt-sobre-eleicao-de-caetano\/\" \/>\n<meta property=\"og:site_name\" content=\"Portal MF\" \/>\n<meta property=\"article:author\" content=\"https:\/\/www.facebook.com\/portalmfoficial\" \/>\n<meta property=\"article:published_time\" content=\"2024-10-28T19:41:11+00:00\" \/>\n<meta property=\"og:image\" content=\"https:\/\/portalmf.com.br\/wp-content\/uploads\/2024\/10\/Eden-Valadares-e-Caetano.jpg\" \/>\n\t<meta property=\"og:image:width\" content=\"1600\" \/>\n\t<meta property=\"og:image:height\" content=\"1200\" \/>\n\t<meta property=\"og:image:type\" content=\"image\/jpeg\" \/>\n<meta name=\"author\" content=\"Reda\u00e7\u00e3o Portal MF\" \/>\n<meta name=\"twitter:card\" content=\"summary_large_image\" \/>\n<meta name=\"twitter:creator\" content=\"@https:\/\/x.com\/portalmfoficial\" \/>\n<meta name=\"twitter:label1\" content=\"Escrito por\" \/>\n\t<meta name=\"twitter:data1\" content=\"Reda\u00e7\u00e3o Portal MF\" \/>\n\t<meta name=\"twitter:label2\" content=\"Est. tempo de leitura\" \/>\n\t<meta name=\"twitter:data2\" content=\"2 minutos\" \/>\n<script type=\"application\/ld+json\" class=\"yoast-schema-graph\">{\"@context\":\"https:\/\/schema.org\",\"@graph\":[{\"@type\":\"WebPage\",\"@id\":\"https:\/\/portalmf.com.br\/index.php\/2024\/10\/28\/uma-vitoria-com-a-cara-e-a-cor-do-pt-comemora-presidente-do-pt-sobre-eleicao-de-caetano\/\",\"url\":\"https:\/\/portalmf.com.br\/index.php\/2024\/10\/28\/uma-vitoria-com-a-cara-e-a-cor-do-pt-comemora-presidente-do-pt-sobre-eleicao-de-caetano\/\",\"name\":\"\u201cUma vit\u00f3ria com a cara e a cor do PT\u201d, comemora presidente do PT sobre elei\u00e7\u00e3o de Caetano - Portal MF\",\"isPartOf\":{\"@id\":\"https:\/\/portalmf.com.br\/#website\"},\"primaryImageOfPage\":{\"@id\":\"https:\/\/portalmf.com.br\/index.php\/2024\/10\/28\/uma-vitoria-com-a-cara-e-a-cor-do-pt-comemora-presidente-do-pt-sobre-eleicao-de-caetano\/#primaryimage\"},\"image\":{\"@id\":\"https:\/\/portalmf.com.br\/index.php\/2024\/10\/28\/uma-vitoria-com-a-cara-e-a-cor-do-pt-comemora-presidente-do-pt-sobre-eleicao-de-caetano\/#primaryimage\"},\"thumbnailUrl\":\"https:\/\/portalmf.com.br\/wp-content\/uploads\/2024\/10\/Eden-Valadares-e-Caetano.jpg\",\"datePublished\":\"2024-10-28T19:41:11+00:00\",\"dateModified\":\"2024-10-28T19:41:11+00:00\",\"author\":{\"@id\":\"https:\/\/portalmf.com.br\/#\/schema\/person\/9ec101baf56233e53520c26de5d6f6f0\"},\"breadcrumb\":{\"@id\":\"https:\/\/portalmf.com.br\/index.php\/2024\/10\/28\/uma-vitoria-com-a-cara-e-a-cor-do-pt-comemora-presidente-do-pt-sobre-eleicao-de-caetano\/#breadcrumb\"},\"inLanguage\":\"pt-BR\",\"potentialAction\":[{\"@type\":\"ReadAction\",\"target\":[\"https:\/\/portalmf.com.br\/index.php\/2024\/10\/28\/uma-vitoria-com-a-cara-e-a-cor-do-pt-comemora-presidente-do-pt-sobre-eleicao-de-caetano\/\"]}]},{\"@type\":\"ImageObject\",\"inLanguage\":\"pt-BR\",\"@id\":\"https:\/\/portalmf.com.br\/index.php\/2024\/10\/28\/uma-vitoria-com-a-cara-e-a-cor-do-pt-comemora-presidente-do-pt-sobre-eleicao-de-caetano\/#primaryimage\",\"url\":\"https:\/\/portalmf.com.br\/wp-content\/uploads\/2024\/10\/Eden-Valadares-e-Caetano.jpg\",\"contentUrl\":\"https:\/\/portalmf.com.br\/wp-content\/uploads\/2024\/10\/Eden-Valadares-e-Caetano.jpg\",\"width\":1600,\"height\":1200},{\"@type\":\"BreadcrumbList\",\"@id\":\"https:\/\/portalmf.com.br\/index.php\/2024\/10\/28\/uma-vitoria-com-a-cara-e-a-cor-do-pt-comemora-presidente-do-pt-sobre-eleicao-de-caetano\/#breadcrumb\",\"itemListElement\":[{\"@type\":\"ListItem\",\"position\":1,\"name\":\"In\u00edcio\",\"item\":\"https:\/\/portalmf.com.br\/\"},{\"@type\":\"ListItem\",\"position\":2,\"name\":\"\u201cUma vit\u00f3ria com a cara e a cor do PT\u201d, comemora presidente do PT sobre elei\u00e7\u00e3o de Caetano\"}]},{\"@type\":\"WebSite\",\"@id\":\"https:\/\/portalmf.com.br\/#website\",\"url\":\"https:\/\/portalmf.com.br\/\",\"name\":\"Portal MF\",\"description\":\"Voc\u00ea conectado com a informa\u00e7\u00e3o\",\"potentialAction\":[{\"@type\":\"SearchAction\",\"target\":{\"@type\":\"EntryPoint\",\"urlTemplate\":\"https:\/\/portalmf.com.br\/?s={search_term_string}\"},\"query-input\":\"required name=search_term_string\"}],\"inLanguage\":\"pt-BR\"},{\"@type\":\"Person\",\"@id\":\"https:\/\/portalmf.com.br\/#\/schema\/person\/9ec101baf56233e53520c26de5d6f6f0\",\"name\":\"Reda\u00e7\u00e3o Portal MF\",\"image\":{\"@type\":\"ImageObject\",\"inLanguage\":\"pt-BR\",\"@id\":\"https:\/\/portalmf.com.br\/#\/schema\/person\/image\/\",\"url\":\"https:\/\/secure.gravatar.com\/avatar\/41b9aaeb2100835f7c64362330f74c7f?s=96&d=mm&r=g\",\"contentUrl\":\"https:\/\/secure.gravatar.com\/avatar\/41b9aaeb2100835f7c64362330f74c7f?s=96&d=mm&r=g\",\"caption\":\"Reda\u00e7\u00e3o Portal MF\"},\"description\":\"Sejam bem-vindos o portal de informa\u00e7\u00f5es de entretenimento de Feira de Santana, desde 2006 realiza coberturas dos principais eventos com entrevistas exclusivas com as principais personalidades mundiais. Fique conectado tamb\u00e9m nas redes sociais.\",\"sameAs\":[\"http:\/\/www.portalmf.com.br\/\",\"https:\/\/www.facebook.com\/portalmfoficial\",\"https:\/\/www.instagram.com\/portalmf\/\",\"https:\/\/x.com\/https:\/\/x.com\/portalmfoficial\",\"https:\/\/www.youtube.com\/@portalmfoficial\"],\"url\":\"https:\/\/portalmf.com.br\/index.php\/author\/junior\/\"}]}<\/script>\n<!-- \/ Yoast SEO plugin. -->","yoast_head_json":{"title":"\u201cUma vit\u00f3ria com a cara e a cor do PT\u201d, comemora presidente do PT sobre elei\u00e7\u00e3o de Caetano - Portal MF","robots":{"index":"index","follow":"follow","max-snippet":"max-snippet:-1","max-image-preview":"max-image-preview:large","max-video-preview":"max-video-preview:-1"},"canonical":"https:\/\/portalmf.com.br\/index.php\/2024\/10\/28\/uma-vitoria-com-a-cara-e-a-cor-do-pt-comemora-presidente-do-pt-sobre-eleicao-de-caetano\/","og_locale":"pt_BR","og_type":"article","og_title":"\u201cUma vit\u00f3ria com a cara e a cor do PT\u201d, comemora presidente do PT sobre elei\u00e7\u00e3o de Caetano - Portal MF","og_description":"O presidente do Partido dos Trabalhadores da Bahia, \u00c9den Valadares, comemorou, neste domingo (27), a vit\u00f3ria de Luiz Caetano e da Pastora D\u00e9a \u00e0 Prefeitura Municipal de Cama\u00e7ari, que teve segundo turno pela primeira vez em sua hist\u00f3ria. Com 50,9% dos votos v\u00e1lidos e uma frente de mais de tr\u00eas mil votos sobre seu opositor, [&hellip;]","og_url":"https:\/\/portalmf.com.br\/index.php\/2024\/10\/28\/uma-vitoria-com-a-cara-e-a-cor-do-pt-comemora-presidente-do-pt-sobre-eleicao-de-caetano\/","og_site_name":"Portal MF","article_author":"https:\/\/www.facebook.com\/portalmfoficial","article_published_time":"2024-10-28T19:41:11+00:00","og_image":[{"width":1600,"height":1200,"url":"https:\/\/portalmf.com.br\/wp-content\/uploads\/2024\/10\/Eden-Valadares-e-Caetano.jpg","type":"image\/jpeg"}],"author":"Reda\u00e7\u00e3o Portal MF","twitter_card":"summary_large_image","twitter_creator":"@https:\/\/x.com\/portalmfoficial","twitter_misc":{"Escrito por":"Reda\u00e7\u00e3o Portal MF","Est. tempo de leitura":"2 minutos"},"schema":{"@context":"https:\/\/schema.org","@graph":[{"@type":"WebPage","@id":"https:\/\/portalmf.com.br\/index.php\/2024\/10\/28\/uma-vitoria-com-a-cara-e-a-cor-do-pt-comemora-presidente-do-pt-sobre-eleicao-de-caetano\/","url":"https:\/\/portalmf.com.br\/index.php\/2024\/10\/28\/uma-vitoria-com-a-cara-e-a-cor-do-pt-comemora-presidente-do-pt-sobre-eleicao-de-caetano\/","name":"\u201cUma vit\u00f3ria com a cara e a cor do PT\u201d, comemora presidente do PT sobre elei\u00e7\u00e3o de Caetano - Portal MF","isPartOf":{"@id":"https:\/\/portalmf.com.br\/#website"},"primaryImageOfPage":{"@id":"https:\/\/portalmf.com.br\/index.php\/2024\/10\/28\/uma-vitoria-com-a-cara-e-a-cor-do-pt-comemora-presidente-do-pt-sobre-eleicao-de-caetano\/#primaryimage"},"image":{"@id":"https:\/\/portalmf.com.br\/index.php\/2024\/10\/28\/uma-vitoria-com-a-cara-e-a-cor-do-pt-comemora-presidente-do-pt-sobre-eleicao-de-caetano\/#primaryimage"},"thumbnailUrl":"https:\/\/portalmf.com.br\/wp-content\/uploads\/2024\/10\/Eden-Valadares-e-Caetano.jpg","datePublished":"2024-10-28T19:41:11+00:00","dateModified":"2024-10-28T19:41:11+00:00","author":{"@id":"https:\/\/portalmf.com.br\/#\/schema\/person\/9ec101baf56233e53520c26de5d6f6f0"},"breadcrumb":{"@id":"https:\/\/portalmf.com.br\/index.php\/2024\/10\/28\/uma-vitoria-com-a-cara-e-a-cor-do-pt-comemora-presidente-do-pt-sobre-eleicao-de-caetano\/#breadcrumb"},"inLanguage":"pt-BR","potentialAction":[{"@type":"ReadAction","target":["https:\/\/portalmf.com.br\/index.php\/2024\/10\/28\/uma-vitoria-com-a-cara-e-a-cor-do-pt-comemora-presidente-do-pt-sobre-eleicao-de-caetano\/"]}]},{"@type":"ImageObject","inLanguage":"pt-BR","@id":"https:\/\/portalmf.com.br\/index.php\/2024\/10\/28\/uma-vitoria-com-a-cara-e-a-cor-do-pt-comemora-presidente-do-pt-sobre-eleicao-de-caetano\/#primaryimage","url":"https:\/\/portalmf.com.br\/wp-content\/uploads\/2024\/10\/Eden-Valadares-e-Caetano.jpg","contentUrl":"https:\/\/portalmf.com.br\/wp-content\/uploads\/2024\/10\/Eden-Valadares-e-Caetano.jpg","width":1600,"height":1200},{"@type":"BreadcrumbList","@id":"https:\/\/portalmf.com.br\/index.php\/2024\/10\/28\/uma-vitoria-com-a-cara-e-a-cor-do-pt-comemora-presidente-do-pt-sobre-eleicao-de-caetano\/#breadcrumb","itemListElement":[{"@type":"ListItem","position":1,"name":"In\u00edcio","item":"https:\/\/portalmf.com.br\/"},{"@type":"ListItem","position":2,"name":"\u201cUma vit\u00f3ria com a cara e a cor do PT\u201d, comemora presidente do PT sobre elei\u00e7\u00e3o de Caetano"}]},{"@type":"WebSite","@id":"https:\/\/portalmf.com.br\/#website","url":"https:\/\/portalmf.com.br\/","name":"Portal MF","description":"Voc\u00ea conectado com a informa\u00e7\u00e3o","potentialAction":[{"@type":"SearchAction","target":{"@type":"EntryPoint","urlTemplate":"https:\/\/portalmf.com.br\/?s={search_term_string}"},"query-input":"required name=search_term_string"}],"inLanguage":"pt-BR"},{"@type":"Person","@id":"https:\/\/portalmf.com.br\/#\/schema\/person\/9ec101baf56233e53520c26de5d6f6f0","name":"Reda\u00e7\u00e3o Portal MF","image":{"@type":"ImageObject","inLanguage":"pt-BR","@id":"https:\/\/portalmf.com.br\/#\/schema\/person\/image\/","url":"https:\/\/secure.gravatar.com\/avatar\/41b9aaeb2100835f7c64362330f74c7f?s=96&d=mm&r=g","contentUrl":"https:\/\/secure.gravatar.com\/avatar\/41b9aaeb2100835f7c64362330f74c7f?s=96&d=mm&r=g","caption":"Reda\u00e7\u00e3o Portal MF"},"description":"Sejam bem-vindos o portal de informa\u00e7\u00f5es de entretenimento de Feira de Santana, desde 2006 realiza coberturas dos principais eventos com entrevistas exclusivas com as principais personalidades mundiais. Fique conectado tamb\u00e9m nas redes sociais.","sameAs":["http:\/\/www.portalmf.com.br\/","https:\/\/www.facebook.com\/portalmfoficial","https:\/\/www.instagram.com\/portalmf\/","https:\/\/x.com\/https:\/\/x.com\/portalmfoficial","https:\/\/www.youtube.com\/@portalmfoficial"],"url":"https:\/\/portalmf.com.br\/index.php\/author\/junior\/"}]}},"_links":{"self":[{"href":"https:\/\/portalmf.com.br\/index.php\/wp-json\/wp\/v2\/posts\/31074"}],"collection":[{"href":"https:\/\/portalmf.com.br\/index.php\/wp-json\/wp\/v2\/posts"}],"about":[{"href":"https:\/\/portalmf.com.br\/index.php\/wp-json\/wp\/v2\/types\/post"}],"author":[{"embeddable":true,"href":"https:\/\/portalmf.com.br\/index.php\/wp-json\/wp\/v2\/users\/3"}],"replies":[{"embeddable":true,"href":"https:\/\/portalmf.com.br\/index.php\/wp-json\/wp\/v2\/comments?post=31074"}],"version-history":[{"count":1,"href":"https:\/\/portalmf.com.br\/index.php\/wp-json\/wp\/v2\/posts\/31074\/revisions"}],"predecessor-version":[{"id":31076,"href":"https:\/\/portalmf.com.br\/index.php\/wp-json\/wp\/v2\/posts\/31074\/revisions\/31076"}],"wp:featuredmedia":[{"embeddable":true,"href":"https:\/\/portalmf.com.br\/index.php\/wp-json\/wp\/v2\/media\/31075"}],"wp:attachment":[{"href":"https:\/\/portalmf.com.br\/index.php\/wp-json\/wp\/v2\/media?parent=31074"}],"wp:term":[{"taxonomy":"category","embeddable":true,"href":"https:\/\/portalmf.com.br\/index.php\/wp-json\/wp\/v2\/categories?post=31074"},{"taxonomy":"post_tag","embeddable":true,"href":"https:\/\/portalmf.com.br\/index.php\/wp-json\/wp\/v2\/tags?post=31074"}],"curies":[{"name":"wp","href":"https:\/\/api.w.org\/{rel}","templated":true}]}}