{"id":31001,"date":"2024-10-25T12:03:33","date_gmt":"2024-10-25T15:03:33","guid":{"rendered":"https:\/\/portalmf.com.br\/?p=31001"},"modified":"2024-10-25T12:03:34","modified_gmt":"2024-10-25T15:03:34","slug":"prefeito-colbert-filho-institui-comissao-de-transicao-democratica-de-governo","status":"publish","type":"post","link":"https:\/\/portalmf.com.br\/index.php\/2024\/10\/25\/prefeito-colbert-filho-institui-comissao-de-transicao-democratica-de-governo\/","title":{"rendered":"Prefeito Colbert Filho institui Comiss\u00e3o de Transi\u00e7\u00e3o Democr\u00e1tica de Governo"},"content":{"rendered":"\n<p>Em decreto publicado na edi\u00e7\u00e3o do Di\u00e1rio Oficial Eletr\u00f4nico do Munic\u00edpio desta sexta-feira (25), o prefeito Colbert Martins Filho formalizou a cria\u00e7\u00e3o da Comiss\u00e3o de Transi\u00e7\u00e3o Democr\u00e1tica de Mandato no \u00e2mbito do munic\u00edpio de Feira de Santana. O objetivo \u00e9 assegurar a continuidade das atividades administrativas e servi\u00e7os p\u00fablicos essenciais durante o processo de transi\u00e7\u00e3o para a nova gest\u00e3o, que tomar\u00e1 posse em 2025.<\/p>\n\n\n\n<p>A comiss\u00e3o ser\u00e1 composta por membros da atual gest\u00e3o e da equipe do prefeito eleito, Jos\u00e9 Ronaldo de Carvalho, conforme estabelecido no Decreto N\u00ba 13.646, que disp\u00f5e sobre a forma\u00e7\u00e3o do grupo respons\u00e1vel por coordenar os trabalhos de transi\u00e7\u00e3o. A forma\u00e7\u00e3o desse grupo visa garantir que a equipe de governo eleita tenha acesso a informa\u00e7\u00f5es fundamentais sobre contas p\u00fablicas, contratos, programas, conv\u00eanios, invent\u00e1rio de bens e demais dados administrativos essenciais.<\/p>\n\n\n\n<p><strong>Membros das equipes de transi\u00e7\u00e3o<\/strong><\/p>\n\n\n\n<p>Representando o governo atual, o coordenador geral da transi\u00e7\u00e3o ser\u00e1 o vice-prefeito Luiz Fernando de Fabinho Ara\u00fajo Lima, mais conhecido como Fernando de Fabinho, acompanhado pelos seguintes secret\u00e1rios e gestores:<\/p>\n\n\n\n<ul>\n<li>Anaci Bispo Paim \u2013 Secretaria Municipal de Educa\u00e7\u00e3o<\/li>\n\n\n\n<li>Cristiane de Souza Campos \u2013 Secretaria Municipal de Sa\u00fade<\/li>\n\n\n\n<li>Denilton Pereira de Brito \u2013 Secretaria Municipal de Desenvolvimento Social<\/li>\n\n\n\n<li>Emanoel Lima da Silva \u2013 Secretaria Municipal de Governo<\/li>\n\n\n\n<li>Expedito Campod\u00f4nio Eloy \u2013 Secretaria Municipal da Fazenda<\/li>\n\n\n\n<li>Gilberte Lucas \u2013 Funda\u00e7\u00e3o Hospitalar de Feira de Santana<\/li>\n\n\n\n<li>Jairo Caroso Suzart \u2013 Departamento de Contabilidade<\/li>\n\n\n\n<li>Jos\u00e9 Marcondes de Carvalho \u2013 Secretaria Municipal de Administra\u00e7\u00e3o<\/li>\n\n\n\n<li>Nina Paula Costa de Oliveira \u2013 Controladoria Geral do Munic\u00edpio<\/li>\n\n\n\n<li>S\u00e9rgio Barradas Carneiro \u2013 Secretaria Municipal de Transportes e Tr\u00e2nsito<\/li>\n<\/ul>\n\n\n\n<p>A equipe do prefeito eleito ser\u00e1 coordenada por Rodrigo Santos Matos e composta pelos seguintes membros indicados:<\/p>\n\n\n\n<ul>\n<li>Diego Santana Oliveira<\/li>\n\n\n\n<li>Jos\u00e9 Ferreira Pinheiro<\/li>\n\n\n\n<li>Jos\u00e9 Francisco Pinto<\/li>\n\n\n\n<li>Luciana Lima Flores Nascimento<\/li>\n\n\n\n<li>Luiz Carlos de Carvalho Bahia Neto<\/li>\n\n\n\n<li>Vagner Soares Souza<\/li>\n<\/ul>\n\n\n\n<p><strong>Continuidade dos servi\u00e7os p\u00fablicos<\/strong><\/p>\n\n\n\n<p>O decreto tamb\u00e9m estabelece que a transi\u00e7\u00e3o ter\u00e1 in\u00edcio imediato, com conclus\u00e3o prevista at\u00e9 31 de dezembro de 2024. A comiss\u00e3o ter\u00e1 acesso a todas as informa\u00e7\u00f5es necess\u00e1rias para garantir uma transi\u00e7\u00e3o eficiente, preservando a continuidade dos servi\u00e7os p\u00fablicos, o que \u00e9 fundamental para a popula\u00e7\u00e3o de Feira de Santana.<\/p>\n\n\n\n<p>Al\u00e9m disso, as reuni\u00f5es e decis\u00f5es da comiss\u00e3o ser\u00e3o documentadas e publicadas no portal eletr\u00f4nico da Prefeitura de Feira de Santana, assegurando a transpar\u00eancia do processo.<\/p>\n\n\n\n<p>Ao final do trabalho, um relat\u00f3rio conclusivo ser\u00e1 elaborado e submetido ao Tribunal de Contas dos Munic\u00edpios do Estado da Bahia, consolidando as a\u00e7\u00f5es realizadas e preparando o munic\u00edpio para a nova gest\u00e3o.<\/p>\n\n\n\n<p>A medida refor\u00e7a o compromisso da administra\u00e7\u00e3o municipal com uma transi\u00e7\u00e3o democr\u00e1tica e ordenada, em cumprimento aos princ\u00edpios da legalidade, impessoalidade, moralidade, publicidade e efici\u00eancia.<\/p>\n\n\n\n<p class=\"has-text-align-right\">As informa\u00e7\u00f5es s\u00e3o da Secom<\/p>\n","protected":false},"excerpt":{"rendered":"<p>Em decreto publicado na edi\u00e7\u00e3o do Di\u00e1rio Oficial Eletr\u00f4nico do Munic\u00edpio desta sexta-feira (25), o prefeito Colbert Martins Filho formalizou a cria\u00e7\u00e3o da Comiss\u00e3o de Transi\u00e7\u00e3o Democr\u00e1tica de Mandato no \u00e2mbito do munic\u00edpio de Feira de Santana. O objetivo \u00e9 assegurar a continuidade das atividades administrativas e servi\u00e7os p\u00fablicos essenciais durante o processo de transi\u00e7\u00e3o [&hellip;]<\/p>\n","protected":false},"author":3,"featured_media":19107,"comment_status":"open","ping_status":"open","sticky":false,"template":"","format":"standard","meta":{"_monsterinsights_skip_tracking":false,"_monsterinsights_sitenote_active":false,"_monsterinsights_sitenote_note":"","_monsterinsights_sitenote_category":0,"footnotes":""},"categories":[301,34],"tags":[],"yoast_head":"<!-- This site is optimized with the Yoast SEO plugin v22.9 - https:\/\/yoast.com\/wordpress\/plugins\/seo\/ -->\n<title>Prefeito Colbert Filho institui Comiss\u00e3o de Transi\u00e7\u00e3o Democr\u00e1tica de Governo - Portal MF<\/title>\n<meta name=\"robots\" content=\"index, follow, max-snippet:-1, max-image-preview:large, max-video-preview:-1\" \/>\n<link rel=\"canonical\" href=\"https:\/\/portalmf.com.br\/index.php\/2024\/10\/25\/prefeito-colbert-filho-institui-comissao-de-transicao-democratica-de-governo\/\" \/>\n<meta property=\"og:locale\" content=\"pt_BR\" \/>\n<meta property=\"og:type\" content=\"article\" \/>\n<meta property=\"og:title\" content=\"Prefeito Colbert Filho institui Comiss\u00e3o de Transi\u00e7\u00e3o Democr\u00e1tica de Governo - Portal MF\" \/>\n<meta property=\"og:description\" content=\"Em decreto publicado na edi\u00e7\u00e3o do Di\u00e1rio Oficial Eletr\u00f4nico do Munic\u00edpio desta sexta-feira (25), o prefeito Colbert Martins Filho formalizou a cria\u00e7\u00e3o da Comiss\u00e3o de Transi\u00e7\u00e3o Democr\u00e1tica de Mandato no \u00e2mbito do munic\u00edpio de Feira de Santana. O objetivo \u00e9 assegurar a continuidade das atividades administrativas e servi\u00e7os p\u00fablicos essenciais durante o processo de transi\u00e7\u00e3o [&hellip;]\" \/>\n<meta property=\"og:url\" content=\"https:\/\/portalmf.com.br\/index.php\/2024\/10\/25\/prefeito-colbert-filho-institui-comissao-de-transicao-democratica-de-governo\/\" \/>\n<meta property=\"og:site_name\" content=\"Portal MF\" \/>\n<meta property=\"article:author\" content=\"https:\/\/www.facebook.com\/portalmfoficial\" \/>\n<meta property=\"article:published_time\" content=\"2024-10-25T15:03:33+00:00\" \/>\n<meta property=\"article:modified_time\" content=\"2024-10-25T15:03:34+00:00\" \/>\n<meta property=\"og:image\" content=\"https:\/\/portalmf.com.br\/wp-content\/uploads\/2023\/10\/Prefeitura-de-Feira.jpg\" \/>\n\t<meta property=\"og:image:width\" content=\"1306\" \/>\n\t<meta property=\"og:image:height\" content=\"660\" \/>\n\t<meta property=\"og:image:type\" content=\"image\/jpeg\" \/>\n<meta name=\"author\" content=\"Reda\u00e7\u00e3o Portal MF\" \/>\n<meta name=\"twitter:card\" content=\"summary_large_image\" \/>\n<meta name=\"twitter:creator\" content=\"@https:\/\/x.com\/portalmfoficial\" \/>\n<meta name=\"twitter:label1\" content=\"Escrito por\" \/>\n\t<meta name=\"twitter:data1\" content=\"Reda\u00e7\u00e3o Portal MF\" \/>\n\t<meta name=\"twitter:label2\" content=\"Est. tempo de leitura\" \/>\n\t<meta name=\"twitter:data2\" content=\"3 minutos\" \/>\n<script type=\"application\/ld+json\" class=\"yoast-schema-graph\">{\"@context\":\"https:\/\/schema.org\",\"@graph\":[{\"@type\":\"WebPage\",\"@id\":\"https:\/\/portalmf.com.br\/index.php\/2024\/10\/25\/prefeito-colbert-filho-institui-comissao-de-transicao-democratica-de-governo\/\",\"url\":\"https:\/\/portalmf.com.br\/index.php\/2024\/10\/25\/prefeito-colbert-filho-institui-comissao-de-transicao-democratica-de-governo\/\",\"name\":\"Prefeito Colbert Filho institui Comiss\u00e3o de Transi\u00e7\u00e3o Democr\u00e1tica de Governo - Portal MF\",\"isPartOf\":{\"@id\":\"https:\/\/portalmf.com.br\/#website\"},\"primaryImageOfPage\":{\"@id\":\"https:\/\/portalmf.com.br\/index.php\/2024\/10\/25\/prefeito-colbert-filho-institui-comissao-de-transicao-democratica-de-governo\/#primaryimage\"},\"image\":{\"@id\":\"https:\/\/portalmf.com.br\/index.php\/2024\/10\/25\/prefeito-colbert-filho-institui-comissao-de-transicao-democratica-de-governo\/#primaryimage\"},\"thumbnailUrl\":\"https:\/\/portalmf.com.br\/wp-content\/uploads\/2023\/10\/Prefeitura-de-Feira.jpg\",\"datePublished\":\"2024-10-25T15:03:33+00:00\",\"dateModified\":\"2024-10-25T15:03:34+00:00\",\"author\":{\"@id\":\"https:\/\/portalmf.com.br\/#\/schema\/person\/9ec101baf56233e53520c26de5d6f6f0\"},\"breadcrumb\":{\"@id\":\"https:\/\/portalmf.com.br\/index.php\/2024\/10\/25\/prefeito-colbert-filho-institui-comissao-de-transicao-democratica-de-governo\/#breadcrumb\"},\"inLanguage\":\"pt-BR\",\"potentialAction\":[{\"@type\":\"ReadAction\",\"target\":[\"https:\/\/portalmf.com.br\/index.php\/2024\/10\/25\/prefeito-colbert-filho-institui-comissao-de-transicao-democratica-de-governo\/\"]}]},{\"@type\":\"ImageObject\",\"inLanguage\":\"pt-BR\",\"@id\":\"https:\/\/portalmf.com.br\/index.php\/2024\/10\/25\/prefeito-colbert-filho-institui-comissao-de-transicao-democratica-de-governo\/#primaryimage\",\"url\":\"https:\/\/portalmf.com.br\/wp-content\/uploads\/2023\/10\/Prefeitura-de-Feira.jpg\",\"contentUrl\":\"https:\/\/portalmf.com.br\/wp-content\/uploads\/2023\/10\/Prefeitura-de-Feira.jpg\",\"width\":1306,\"height\":660},{\"@type\":\"BreadcrumbList\",\"@id\":\"https:\/\/portalmf.com.br\/index.php\/2024\/10\/25\/prefeito-colbert-filho-institui-comissao-de-transicao-democratica-de-governo\/#breadcrumb\",\"itemListElement\":[{\"@type\":\"ListItem\",\"position\":1,\"name\":\"In\u00edcio\",\"item\":\"https:\/\/portalmf.com.br\/\"},{\"@type\":\"ListItem\",\"position\":2,\"name\":\"Prefeito Colbert Filho institui Comiss\u00e3o de Transi\u00e7\u00e3o Democr\u00e1tica de Governo\"}]},{\"@type\":\"WebSite\",\"@id\":\"https:\/\/portalmf.com.br\/#website\",\"url\":\"https:\/\/portalmf.com.br\/\",\"name\":\"Portal MF\",\"description\":\"Voc\u00ea conectado com a informa\u00e7\u00e3o\",\"potentialAction\":[{\"@type\":\"SearchAction\",\"target\":{\"@type\":\"EntryPoint\",\"urlTemplate\":\"https:\/\/portalmf.com.br\/?s={search_term_string}\"},\"query-input\":\"required name=search_term_string\"}],\"inLanguage\":\"pt-BR\"},{\"@type\":\"Person\",\"@id\":\"https:\/\/portalmf.com.br\/#\/schema\/person\/9ec101baf56233e53520c26de5d6f6f0\",\"name\":\"Reda\u00e7\u00e3o Portal MF\",\"image\":{\"@type\":\"ImageObject\",\"inLanguage\":\"pt-BR\",\"@id\":\"https:\/\/portalmf.com.br\/#\/schema\/person\/image\/\",\"url\":\"https:\/\/secure.gravatar.com\/avatar\/41b9aaeb2100835f7c64362330f74c7f?s=96&d=mm&r=g\",\"contentUrl\":\"https:\/\/secure.gravatar.com\/avatar\/41b9aaeb2100835f7c64362330f74c7f?s=96&d=mm&r=g\",\"caption\":\"Reda\u00e7\u00e3o Portal MF\"},\"description\":\"Sejam bem-vindos o portal de informa\u00e7\u00f5es de entretenimento de Feira de Santana, desde 2006 realiza coberturas dos principais eventos com entrevistas exclusivas com as principais personalidades mundiais. Fique conectado tamb\u00e9m nas redes sociais.\",\"sameAs\":[\"http:\/\/www.portalmf.com.br\/\",\"https:\/\/www.facebook.com\/portalmfoficial\",\"https:\/\/www.instagram.com\/portalmf\/\",\"https:\/\/x.com\/https:\/\/x.com\/portalmfoficial\",\"https:\/\/www.youtube.com\/@portalmfoficial\"],\"url\":\"https:\/\/portalmf.com.br\/index.php\/author\/junior\/\"}]}<\/script>\n<!-- \/ Yoast SEO plugin. -->","yoast_head_json":{"title":"Prefeito Colbert Filho institui Comiss\u00e3o de Transi\u00e7\u00e3o Democr\u00e1tica de Governo - Portal MF","robots":{"index":"index","follow":"follow","max-snippet":"max-snippet:-1","max-image-preview":"max-image-preview:large","max-video-preview":"max-video-preview:-1"},"canonical":"https:\/\/portalmf.com.br\/index.php\/2024\/10\/25\/prefeito-colbert-filho-institui-comissao-de-transicao-democratica-de-governo\/","og_locale":"pt_BR","og_type":"article","og_title":"Prefeito Colbert Filho institui Comiss\u00e3o de Transi\u00e7\u00e3o Democr\u00e1tica de Governo - Portal MF","og_description":"Em decreto publicado na edi\u00e7\u00e3o do Di\u00e1rio Oficial Eletr\u00f4nico do Munic\u00edpio desta sexta-feira (25), o prefeito Colbert Martins Filho formalizou a cria\u00e7\u00e3o da Comiss\u00e3o de Transi\u00e7\u00e3o Democr\u00e1tica de Mandato no \u00e2mbito do munic\u00edpio de Feira de Santana. O objetivo \u00e9 assegurar a continuidade das atividades administrativas e servi\u00e7os p\u00fablicos essenciais durante o processo de transi\u00e7\u00e3o [&hellip;]","og_url":"https:\/\/portalmf.com.br\/index.php\/2024\/10\/25\/prefeito-colbert-filho-institui-comissao-de-transicao-democratica-de-governo\/","og_site_name":"Portal MF","article_author":"https:\/\/www.facebook.com\/portalmfoficial","article_published_time":"2024-10-25T15:03:33+00:00","article_modified_time":"2024-10-25T15:03:34+00:00","og_image":[{"width":1306,"height":660,"url":"https:\/\/portalmf.com.br\/wp-content\/uploads\/2023\/10\/Prefeitura-de-Feira.jpg","type":"image\/jpeg"}],"author":"Reda\u00e7\u00e3o Portal MF","twitter_card":"summary_large_image","twitter_creator":"@https:\/\/x.com\/portalmfoficial","twitter_misc":{"Escrito por":"Reda\u00e7\u00e3o Portal MF","Est. tempo de leitura":"3 minutos"},"schema":{"@context":"https:\/\/schema.org","@graph":[{"@type":"WebPage","@id":"https:\/\/portalmf.com.br\/index.php\/2024\/10\/25\/prefeito-colbert-filho-institui-comissao-de-transicao-democratica-de-governo\/","url":"https:\/\/portalmf.com.br\/index.php\/2024\/10\/25\/prefeito-colbert-filho-institui-comissao-de-transicao-democratica-de-governo\/","name":"Prefeito Colbert Filho institui Comiss\u00e3o de Transi\u00e7\u00e3o Democr\u00e1tica de Governo - Portal MF","isPartOf":{"@id":"https:\/\/portalmf.com.br\/#website"},"primaryImageOfPage":{"@id":"https:\/\/portalmf.com.br\/index.php\/2024\/10\/25\/prefeito-colbert-filho-institui-comissao-de-transicao-democratica-de-governo\/#primaryimage"},"image":{"@id":"https:\/\/portalmf.com.br\/index.php\/2024\/10\/25\/prefeito-colbert-filho-institui-comissao-de-transicao-democratica-de-governo\/#primaryimage"},"thumbnailUrl":"https:\/\/portalmf.com.br\/wp-content\/uploads\/2023\/10\/Prefeitura-de-Feira.jpg","datePublished":"2024-10-25T15:03:33+00:00","dateModified":"2024-10-25T15:03:34+00:00","author":{"@id":"https:\/\/portalmf.com.br\/#\/schema\/person\/9ec101baf56233e53520c26de5d6f6f0"},"breadcrumb":{"@id":"https:\/\/portalmf.com.br\/index.php\/2024\/10\/25\/prefeito-colbert-filho-institui-comissao-de-transicao-democratica-de-governo\/#breadcrumb"},"inLanguage":"pt-BR","potentialAction":[{"@type":"ReadAction","target":["https:\/\/portalmf.com.br\/index.php\/2024\/10\/25\/prefeito-colbert-filho-institui-comissao-de-transicao-democratica-de-governo\/"]}]},{"@type":"ImageObject","inLanguage":"pt-BR","@id":"https:\/\/portalmf.com.br\/index.php\/2024\/10\/25\/prefeito-colbert-filho-institui-comissao-de-transicao-democratica-de-governo\/#primaryimage","url":"https:\/\/portalmf.com.br\/wp-content\/uploads\/2023\/10\/Prefeitura-de-Feira.jpg","contentUrl":"https:\/\/portalmf.com.br\/wp-content\/uploads\/2023\/10\/Prefeitura-de-Feira.jpg","width":1306,"height":660},{"@type":"BreadcrumbList","@id":"https:\/\/portalmf.com.br\/index.php\/2024\/10\/25\/prefeito-colbert-filho-institui-comissao-de-transicao-democratica-de-governo\/#breadcrumb","itemListElement":[{"@type":"ListItem","position":1,"name":"In\u00edcio","item":"https:\/\/portalmf.com.br\/"},{"@type":"ListItem","position":2,"name":"Prefeito Colbert Filho institui Comiss\u00e3o de Transi\u00e7\u00e3o Democr\u00e1tica de Governo"}]},{"@type":"WebSite","@id":"https:\/\/portalmf.com.br\/#website","url":"https:\/\/portalmf.com.br\/","name":"Portal MF","description":"Voc\u00ea conectado com a informa\u00e7\u00e3o","potentialAction":[{"@type":"SearchAction","target":{"@type":"EntryPoint","urlTemplate":"https:\/\/portalmf.com.br\/?s={search_term_string}"},"query-input":"required name=search_term_string"}],"inLanguage":"pt-BR"},{"@type":"Person","@id":"https:\/\/portalmf.com.br\/#\/schema\/person\/9ec101baf56233e53520c26de5d6f6f0","name":"Reda\u00e7\u00e3o Portal MF","image":{"@type":"ImageObject","inLanguage":"pt-BR","@id":"https:\/\/portalmf.com.br\/#\/schema\/person\/image\/","url":"https:\/\/secure.gravatar.com\/avatar\/41b9aaeb2100835f7c64362330f74c7f?s=96&d=mm&r=g","contentUrl":"https:\/\/secure.gravatar.com\/avatar\/41b9aaeb2100835f7c64362330f74c7f?s=96&d=mm&r=g","caption":"Reda\u00e7\u00e3o Portal MF"},"description":"Sejam bem-vindos o portal de informa\u00e7\u00f5es de entretenimento de Feira de Santana, desde 2006 realiza coberturas dos principais eventos com entrevistas exclusivas com as principais personalidades mundiais. Fique conectado tamb\u00e9m nas redes sociais.","sameAs":["http:\/\/www.portalmf.com.br\/","https:\/\/www.facebook.com\/portalmfoficial","https:\/\/www.instagram.com\/portalmf\/","https:\/\/x.com\/https:\/\/x.com\/portalmfoficial","https:\/\/www.youtube.com\/@portalmfoficial"],"url":"https:\/\/portalmf.com.br\/index.php\/author\/junior\/"}]}},"_links":{"self":[{"href":"https:\/\/portalmf.com.br\/index.php\/wp-json\/wp\/v2\/posts\/31001"}],"collection":[{"href":"https:\/\/portalmf.com.br\/index.php\/wp-json\/wp\/v2\/posts"}],"about":[{"href":"https:\/\/portalmf.com.br\/index.php\/wp-json\/wp\/v2\/types\/post"}],"author":[{"embeddable":true,"href":"https:\/\/portalmf.com.br\/index.php\/wp-json\/wp\/v2\/users\/3"}],"replies":[{"embeddable":true,"href":"https:\/\/portalmf.com.br\/index.php\/wp-json\/wp\/v2\/comments?post=31001"}],"version-history":[{"count":1,"href":"https:\/\/portalmf.com.br\/index.php\/wp-json\/wp\/v2\/posts\/31001\/revisions"}],"predecessor-version":[{"id":31002,"href":"https:\/\/portalmf.com.br\/index.php\/wp-json\/wp\/v2\/posts\/31001\/revisions\/31002"}],"wp:featuredmedia":[{"embeddable":true,"href":"https:\/\/portalmf.com.br\/index.php\/wp-json\/wp\/v2\/media\/19107"}],"wp:attachment":[{"href":"https:\/\/portalmf.com.br\/index.php\/wp-json\/wp\/v2\/media?parent=31001"}],"wp:term":[{"taxonomy":"category","embeddable":true,"href":"https:\/\/portalmf.com.br\/index.php\/wp-json\/wp\/v2\/categories?post=31001"},{"taxonomy":"post_tag","embeddable":true,"href":"https:\/\/portalmf.com.br\/index.php\/wp-json\/wp\/v2\/tags?post=31001"}],"curies":[{"name":"wp","href":"https:\/\/api.w.org\/{rel}","templated":true}]}}