{"id":3100,"date":"2022-08-15T18:46:23","date_gmt":"2022-08-15T21:46:23","guid":{"rendered":"http:\/\/portalmf.com.br\/?p=3100"},"modified":"2022-08-15T18:46:24","modified_gmt":"2022-08-15T21:46:24","slug":"confira-os-direitos-do-consumidor-na-troca-de-presentes","status":"publish","type":"post","link":"https:\/\/portalmf.com.br\/index.php\/2022\/08\/15\/confira-os-direitos-do-consumidor-na-troca-de-presentes\/","title":{"rendered":"Confira os direitos do consumidor na troca de presentes"},"content":{"rendered":"\n<p>Agosto \u00e9 o m\u00eas em que os brasileiros comemoram o Dia dos Pais. E como todas as outras datas comemorativas, o Dia dos Pais \u00e9 aguardado com grande expectativa pelo com\u00e9rcio em geral, devido \u00e0 grande movimenta\u00e7\u00e3o gerada junto aos consumidores.<\/p>\n\n\n\n<p>Mas, quem deixa para comprar o presente do Dia dos Pais na \u00faltima hora corre dois riscos: o de encontrar lojas cheias e o de, na pressa, fazer uma escolha errada. Neste \u00faltimo caso, alertam especialistas em direitos do consumidor, nem sempre a troca ser\u00e1 poss\u00edvel.<\/p>\n\n\n\n<p>\u201cAo contr\u00e1rio do senso popular, uma compra realizada em loja f\u00edsica n\u00e3o gera a obriga\u00e7\u00e3o do lojista em efetuar a troca do produto por mero inconformismo do cliente, salvo nas hip\u00f3teses em que haja um v\u00edcio ou defeito no bem. Essa pr\u00e1xis de alguns estabelecimentos \u00e9 uma esp\u00e9cie de cortesia, n\u00e3o havendo previs\u00e3o legal para tanto. Por isso, o consumidor, ao realizar uma compra em ambiente f\u00edsico, ou seja, no \u201cmundo real\u201d, deve ficar bem atento \u00e0s caracter\u00edsticas e qualidade da mercadoria\u201d, declara o advogado do Azi e Torres Associados, especialista em direito processual e previdenci\u00e1rio, Herbert Ara\u00fajo.<\/p>\n\n\n\n<p>Muitas lojas oferecem a possibilidade de o consumidor fazer a troca, caso o presente n\u00e3o agrade. Mas os comerciantes n\u00e3o s\u00e3o obrigados a trocar os produtos se n\u00e3o tiverem defeito. Esse direito s\u00f3 \u00e9 garantido se o lojista tiver anunciado a possibilidade por meio de placas ou etiquetas nas roupas, por exemplo. Em caso de defeito, o consumidor pode exigir a troca imediata, se o produto for um bem considerado essencial, como uma geladeira ou o carro usado para trabalhar.<\/p>\n\n\n\n<p>\u201cN\u00e3o se tratando de um bem essencial, o C\u00f3digo de Defesa do Consumidor estabelece dois prazos distintos para troca de produtos por ventura de v\u00edcio ou defeito, sendo de 30 dias corridos para bens n\u00e3o dur\u00e1veis, como alimentos e pe\u00e7as de vestu\u00e1rio e de 90 dias corridos para bens dur\u00e1veis, como eletrodom\u00e9sticos e eletr\u00f4nicos. Vale dizer ainda que os fornecedores de produtos dur\u00e1veis e n\u00e3o dur\u00e1veis respondem solidariamente pelos v\u00edcios do produto, onde dever\u00e3o repar\u00e1-los no prazo m\u00e1ximo de 30 dias e, caso isto n\u00e3o ocorra, fica a crit\u00e9rio do consumidor a escolha entre a substitui\u00e7\u00e3o do produto, restitui\u00e7\u00e3o do valor pago ou abatimento no pre\u00e7o\u201d, acrescenta Ara\u00fajo.<\/p>\n\n\n\n<p>As regras, no entanto, s\u00e3o diferentes para compras feitas pela internet. Nesse caso, o consumidor pode pedir o dinheiro de volta ou exigir a troca, sem precisar justificar o motivo, at\u00e9 sete dias depois da entrega do produto.<\/p>\n\n\n\n<p>\u201cJ\u00e1 no ambiente virtual (internet ou telefone), a situa\u00e7\u00e3o \u00e9 diferente, o C\u00f3digo de Defesa do Consumidor garante o direito de arrependimento ao comprador, que pode exerc\u00ea-lo em at\u00e9 7 dias corridos do recebimento do produto, pois, diferentemente da compra realizada em ambiente f\u00edsico, o consumidor n\u00e3o tem a possibilidade de analisar detidamente as caracter\u00edsticas e qualidade da mercadoria. Ainda assim, passados estes 7 dias, caso apare\u00e7a algum defeito ou v\u00edcio no produto, o consumidor ainda poder\u00e1 contar com o prazo de garantia\u201d, continua o advogado.<\/p>\n\n\n\n<p>De qualquer modo, possibilitar a troca imotivada com bom senso e razoabilidade pode trazer vantagens para ambas as partes: ao consumidor, que ficar\u00e1 plenamente satisfeito com o produto adquirido e o tratamento recebido e ao fornecedor, que ter\u00e1 sua marca vista como estabelecimento que tem atitude de respeito e preocupa\u00e7\u00e3o com o consumidor, uma \u00f3tima oportunidade para fidelizar e aumentar a sua clientela.<\/p>\n\n\n\n<p>\u201cFrente a tanta turbul\u00eancia que a popula\u00e7\u00e3o vem enfrentando, esses festejos s\u00e3o de extrema import\u00e2ncia para gerar um certo al\u00edvio no \u00e2nimo coletivo e fomentar a economia, momento onde deve haver respeito m\u00fatuo entre os lojistas, prestadores de servi\u00e7os e consumidores, sempre pautados pela boa-f\u00e9 e observ\u00e2ncia a legisla\u00e7\u00e3o\u201d, conclui Dr. Herbert Ara\u00fajo.<\/p>\n","protected":false},"excerpt":{"rendered":"<p>Agosto \u00e9 o m\u00eas em que os brasileiros comemoram o Dia dos Pais. E como todas as outras datas comemorativas, o Dia dos Pais \u00e9 aguardado com grande expectativa pelo com\u00e9rcio em geral, devido \u00e0 grande movimenta\u00e7\u00e3o gerada junto aos consumidores. Mas, quem deixa para comprar o presente do Dia dos Pais na \u00faltima hora [&hellip;]<\/p>\n","protected":false},"author":2,"featured_media":3101,"comment_status":"open","ping_status":"open","sticky":false,"template":"","format":"standard","meta":{"_monsterinsights_skip_tracking":false,"_monsterinsights_sitenote_active":false,"_monsterinsights_sitenote_note":"","_monsterinsights_sitenote_category":0,"footnotes":""},"categories":[34],"tags":[],"yoast_head":"<!-- This site is optimized with the Yoast SEO plugin v22.9 - https:\/\/yoast.com\/wordpress\/plugins\/seo\/ -->\n<title>Confira os direitos do consumidor na troca de presentes - Portal MF<\/title>\n<meta name=\"robots\" content=\"index, follow, max-snippet:-1, max-image-preview:large, max-video-preview:-1\" \/>\n<link rel=\"canonical\" href=\"https:\/\/portalmf.com.br\/index.php\/2022\/08\/15\/confira-os-direitos-do-consumidor-na-troca-de-presentes\/\" \/>\n<meta property=\"og:locale\" content=\"pt_BR\" \/>\n<meta property=\"og:type\" content=\"article\" \/>\n<meta property=\"og:title\" content=\"Confira os direitos do consumidor na troca de presentes - Portal MF\" \/>\n<meta property=\"og:description\" content=\"Agosto \u00e9 o m\u00eas em que os brasileiros comemoram o Dia dos Pais. E como todas as outras datas comemorativas, o Dia dos Pais \u00e9 aguardado com grande expectativa pelo com\u00e9rcio em geral, devido \u00e0 grande movimenta\u00e7\u00e3o gerada junto aos consumidores. Mas, quem deixa para comprar o presente do Dia dos Pais na \u00faltima hora [&hellip;]\" \/>\n<meta property=\"og:url\" content=\"https:\/\/portalmf.com.br\/index.php\/2022\/08\/15\/confira-os-direitos-do-consumidor-na-troca-de-presentes\/\" \/>\n<meta property=\"og:site_name\" content=\"Portal MF\" \/>\n<meta property=\"article:author\" content=\"reginaldojrfsa\" \/>\n<meta property=\"article:published_time\" content=\"2022-08-15T21:46:23+00:00\" \/>\n<meta property=\"article:modified_time\" content=\"2022-08-15T21:46:24+00:00\" \/>\n<meta property=\"og:image\" content=\"https:\/\/portalmf.com.br\/wp-content\/uploads\/2022\/08\/gift-444519-1920-1.jpg\" \/>\n\t<meta property=\"og:image:width\" content=\"950\" \/>\n\t<meta property=\"og:image:height\" content=\"730\" \/>\n\t<meta property=\"og:image:type\" content=\"image\/jpeg\" \/>\n<meta name=\"author\" content=\"Reginaldo J\u00fanior\" \/>\n<meta name=\"twitter:card\" content=\"summary_large_image\" \/>\n<meta name=\"twitter:creator\" content=\"@reginaldojrmf\" \/>\n<meta name=\"twitter:label1\" content=\"Escrito por\" \/>\n\t<meta name=\"twitter:data1\" content=\"Reginaldo J\u00fanior\" \/>\n\t<meta name=\"twitter:label2\" content=\"Est. tempo de leitura\" \/>\n\t<meta name=\"twitter:data2\" content=\"4 minutos\" \/>\n<script type=\"application\/ld+json\" class=\"yoast-schema-graph\">{\"@context\":\"https:\/\/schema.org\",\"@graph\":[{\"@type\":\"WebPage\",\"@id\":\"https:\/\/portalmf.com.br\/index.php\/2022\/08\/15\/confira-os-direitos-do-consumidor-na-troca-de-presentes\/\",\"url\":\"https:\/\/portalmf.com.br\/index.php\/2022\/08\/15\/confira-os-direitos-do-consumidor-na-troca-de-presentes\/\",\"name\":\"Confira os direitos do consumidor na troca de presentes - Portal MF\",\"isPartOf\":{\"@id\":\"https:\/\/portalmf.com.br\/#website\"},\"primaryImageOfPage\":{\"@id\":\"https:\/\/portalmf.com.br\/index.php\/2022\/08\/15\/confira-os-direitos-do-consumidor-na-troca-de-presentes\/#primaryimage\"},\"image\":{\"@id\":\"https:\/\/portalmf.com.br\/index.php\/2022\/08\/15\/confira-os-direitos-do-consumidor-na-troca-de-presentes\/#primaryimage\"},\"thumbnailUrl\":\"https:\/\/portalmf.com.br\/wp-content\/uploads\/2022\/08\/gift-444519-1920-1.jpg\",\"datePublished\":\"2022-08-15T21:46:23+00:00\",\"dateModified\":\"2022-08-15T21:46:24+00:00\",\"author\":{\"@id\":\"https:\/\/portalmf.com.br\/#\/schema\/person\/11c82086fe8abc05a19147e964587285\"},\"breadcrumb\":{\"@id\":\"https:\/\/portalmf.com.br\/index.php\/2022\/08\/15\/confira-os-direitos-do-consumidor-na-troca-de-presentes\/#breadcrumb\"},\"inLanguage\":\"pt-BR\",\"potentialAction\":[{\"@type\":\"ReadAction\",\"target\":[\"https:\/\/portalmf.com.br\/index.php\/2022\/08\/15\/confira-os-direitos-do-consumidor-na-troca-de-presentes\/\"]}]},{\"@type\":\"ImageObject\",\"inLanguage\":\"pt-BR\",\"@id\":\"https:\/\/portalmf.com.br\/index.php\/2022\/08\/15\/confira-os-direitos-do-consumidor-na-troca-de-presentes\/#primaryimage\",\"url\":\"https:\/\/portalmf.com.br\/wp-content\/uploads\/2022\/08\/gift-444519-1920-1.jpg\",\"contentUrl\":\"https:\/\/portalmf.com.br\/wp-content\/uploads\/2022\/08\/gift-444519-1920-1.jpg\",\"width\":950,\"height\":730},{\"@type\":\"BreadcrumbList\",\"@id\":\"https:\/\/portalmf.com.br\/index.php\/2022\/08\/15\/confira-os-direitos-do-consumidor-na-troca-de-presentes\/#breadcrumb\",\"itemListElement\":[{\"@type\":\"ListItem\",\"position\":1,\"name\":\"In\u00edcio\",\"item\":\"https:\/\/portalmf.com.br\/\"},{\"@type\":\"ListItem\",\"position\":2,\"name\":\"Confira os direitos do consumidor na troca de presentes\"}]},{\"@type\":\"WebSite\",\"@id\":\"https:\/\/portalmf.com.br\/#website\",\"url\":\"https:\/\/portalmf.com.br\/\",\"name\":\"Portal MF\",\"description\":\"Voc\u00ea conectado com a informa\u00e7\u00e3o\",\"potentialAction\":[{\"@type\":\"SearchAction\",\"target\":{\"@type\":\"EntryPoint\",\"urlTemplate\":\"https:\/\/portalmf.com.br\/?s={search_term_string}\"},\"query-input\":\"required name=search_term_string\"}],\"inLanguage\":\"pt-BR\"},{\"@type\":\"Person\",\"@id\":\"https:\/\/portalmf.com.br\/#\/schema\/person\/11c82086fe8abc05a19147e964587285\",\"name\":\"Reginaldo J\u00fanior\",\"image\":{\"@type\":\"ImageObject\",\"inLanguage\":\"pt-BR\",\"@id\":\"https:\/\/portalmf.com.br\/#\/schema\/person\/image\/\",\"url\":\"https:\/\/secure.gravatar.com\/avatar\/32a3c797cd0ac47cc53b8644c62776f9?s=96&d=mm&r=g\",\"contentUrl\":\"https:\/\/secure.gravatar.com\/avatar\/32a3c797cd0ac47cc53b8644c62776f9?s=96&d=mm&r=g\",\"caption\":\"Reginaldo J\u00fanior\"},\"description\":\"Jornalista e idealizador Portal MF\",\"sameAs\":[\"https:\/\/portalmf.com.br\/index.php\/author\/reginaldojr\/\",\"reginaldojrfsa\",\"reginaldojuniormf\",\"https:\/\/x.com\/reginaldojrmf\"],\"url\":\"https:\/\/portalmf.com.br\/index.php\/author\/reginaldojr\/\"}]}<\/script>\n<!-- \/ Yoast SEO plugin. -->","yoast_head_json":{"title":"Confira os direitos do consumidor na troca de presentes - Portal MF","robots":{"index":"index","follow":"follow","max-snippet":"max-snippet:-1","max-image-preview":"max-image-preview:large","max-video-preview":"max-video-preview:-1"},"canonical":"https:\/\/portalmf.com.br\/index.php\/2022\/08\/15\/confira-os-direitos-do-consumidor-na-troca-de-presentes\/","og_locale":"pt_BR","og_type":"article","og_title":"Confira os direitos do consumidor na troca de presentes - Portal MF","og_description":"Agosto \u00e9 o m\u00eas em que os brasileiros comemoram o Dia dos Pais. E como todas as outras datas comemorativas, o Dia dos Pais \u00e9 aguardado com grande expectativa pelo com\u00e9rcio em geral, devido \u00e0 grande movimenta\u00e7\u00e3o gerada junto aos consumidores. Mas, quem deixa para comprar o presente do Dia dos Pais na \u00faltima hora [&hellip;]","og_url":"https:\/\/portalmf.com.br\/index.php\/2022\/08\/15\/confira-os-direitos-do-consumidor-na-troca-de-presentes\/","og_site_name":"Portal MF","article_author":"reginaldojrfsa","article_published_time":"2022-08-15T21:46:23+00:00","article_modified_time":"2022-08-15T21:46:24+00:00","og_image":[{"width":950,"height":730,"url":"https:\/\/portalmf.com.br\/wp-content\/uploads\/2022\/08\/gift-444519-1920-1.jpg","type":"image\/jpeg"}],"author":"Reginaldo J\u00fanior","twitter_card":"summary_large_image","twitter_creator":"@reginaldojrmf","twitter_misc":{"Escrito por":"Reginaldo J\u00fanior","Est. tempo de leitura":"4 minutos"},"schema":{"@context":"https:\/\/schema.org","@graph":[{"@type":"WebPage","@id":"https:\/\/portalmf.com.br\/index.php\/2022\/08\/15\/confira-os-direitos-do-consumidor-na-troca-de-presentes\/","url":"https:\/\/portalmf.com.br\/index.php\/2022\/08\/15\/confira-os-direitos-do-consumidor-na-troca-de-presentes\/","name":"Confira os direitos do consumidor na troca de presentes - Portal MF","isPartOf":{"@id":"https:\/\/portalmf.com.br\/#website"},"primaryImageOfPage":{"@id":"https:\/\/portalmf.com.br\/index.php\/2022\/08\/15\/confira-os-direitos-do-consumidor-na-troca-de-presentes\/#primaryimage"},"image":{"@id":"https:\/\/portalmf.com.br\/index.php\/2022\/08\/15\/confira-os-direitos-do-consumidor-na-troca-de-presentes\/#primaryimage"},"thumbnailUrl":"https:\/\/portalmf.com.br\/wp-content\/uploads\/2022\/08\/gift-444519-1920-1.jpg","datePublished":"2022-08-15T21:46:23+00:00","dateModified":"2022-08-15T21:46:24+00:00","author":{"@id":"https:\/\/portalmf.com.br\/#\/schema\/person\/11c82086fe8abc05a19147e964587285"},"breadcrumb":{"@id":"https:\/\/portalmf.com.br\/index.php\/2022\/08\/15\/confira-os-direitos-do-consumidor-na-troca-de-presentes\/#breadcrumb"},"inLanguage":"pt-BR","potentialAction":[{"@type":"ReadAction","target":["https:\/\/portalmf.com.br\/index.php\/2022\/08\/15\/confira-os-direitos-do-consumidor-na-troca-de-presentes\/"]}]},{"@type":"ImageObject","inLanguage":"pt-BR","@id":"https:\/\/portalmf.com.br\/index.php\/2022\/08\/15\/confira-os-direitos-do-consumidor-na-troca-de-presentes\/#primaryimage","url":"https:\/\/portalmf.com.br\/wp-content\/uploads\/2022\/08\/gift-444519-1920-1.jpg","contentUrl":"https:\/\/portalmf.com.br\/wp-content\/uploads\/2022\/08\/gift-444519-1920-1.jpg","width":950,"height":730},{"@type":"BreadcrumbList","@id":"https:\/\/portalmf.com.br\/index.php\/2022\/08\/15\/confira-os-direitos-do-consumidor-na-troca-de-presentes\/#breadcrumb","itemListElement":[{"@type":"ListItem","position":1,"name":"In\u00edcio","item":"https:\/\/portalmf.com.br\/"},{"@type":"ListItem","position":2,"name":"Confira os direitos do consumidor na troca de presentes"}]},{"@type":"WebSite","@id":"https:\/\/portalmf.com.br\/#website","url":"https:\/\/portalmf.com.br\/","name":"Portal MF","description":"Voc\u00ea conectado com a informa\u00e7\u00e3o","potentialAction":[{"@type":"SearchAction","target":{"@type":"EntryPoint","urlTemplate":"https:\/\/portalmf.com.br\/?s={search_term_string}"},"query-input":"required name=search_term_string"}],"inLanguage":"pt-BR"},{"@type":"Person","@id":"https:\/\/portalmf.com.br\/#\/schema\/person\/11c82086fe8abc05a19147e964587285","name":"Reginaldo J\u00fanior","image":{"@type":"ImageObject","inLanguage":"pt-BR","@id":"https:\/\/portalmf.com.br\/#\/schema\/person\/image\/","url":"https:\/\/secure.gravatar.com\/avatar\/32a3c797cd0ac47cc53b8644c62776f9?s=96&d=mm&r=g","contentUrl":"https:\/\/secure.gravatar.com\/avatar\/32a3c797cd0ac47cc53b8644c62776f9?s=96&d=mm&r=g","caption":"Reginaldo J\u00fanior"},"description":"Jornalista e idealizador Portal MF","sameAs":["https:\/\/portalmf.com.br\/index.php\/author\/reginaldojr\/","reginaldojrfsa","reginaldojuniormf","https:\/\/x.com\/reginaldojrmf"],"url":"https:\/\/portalmf.com.br\/index.php\/author\/reginaldojr\/"}]}},"_links":{"self":[{"href":"https:\/\/portalmf.com.br\/index.php\/wp-json\/wp\/v2\/posts\/3100"}],"collection":[{"href":"https:\/\/portalmf.com.br\/index.php\/wp-json\/wp\/v2\/posts"}],"about":[{"href":"https:\/\/portalmf.com.br\/index.php\/wp-json\/wp\/v2\/types\/post"}],"author":[{"embeddable":true,"href":"https:\/\/portalmf.com.br\/index.php\/wp-json\/wp\/v2\/users\/2"}],"replies":[{"embeddable":true,"href":"https:\/\/portalmf.com.br\/index.php\/wp-json\/wp\/v2\/comments?post=3100"}],"version-history":[{"count":1,"href":"https:\/\/portalmf.com.br\/index.php\/wp-json\/wp\/v2\/posts\/3100\/revisions"}],"predecessor-version":[{"id":3102,"href":"https:\/\/portalmf.com.br\/index.php\/wp-json\/wp\/v2\/posts\/3100\/revisions\/3102"}],"wp:featuredmedia":[{"embeddable":true,"href":"https:\/\/portalmf.com.br\/index.php\/wp-json\/wp\/v2\/media\/3101"}],"wp:attachment":[{"href":"https:\/\/portalmf.com.br\/index.php\/wp-json\/wp\/v2\/media?parent=3100"}],"wp:term":[{"taxonomy":"category","embeddable":true,"href":"https:\/\/portalmf.com.br\/index.php\/wp-json\/wp\/v2\/categories?post=3100"},{"taxonomy":"post_tag","embeddable":true,"href":"https:\/\/portalmf.com.br\/index.php\/wp-json\/wp\/v2\/tags?post=3100"}],"curies":[{"name":"wp","href":"https:\/\/api.w.org\/{rel}","templated":true}]}}