{"id":3094,"date":"2022-08-15T18:35:39","date_gmt":"2022-08-15T21:35:39","guid":{"rendered":"http:\/\/portalmf.com.br\/?p=3094"},"modified":"2022-08-15T18:35:40","modified_gmt":"2022-08-15T21:35:40","slug":"pros-formaliza-apoio-a-lula-e-retira-candidatura-de-pablo-marcal","status":"publish","type":"post","link":"https:\/\/portalmf.com.br\/index.php\/2022\/08\/15\/pros-formaliza-apoio-a-lula-e-retira-candidatura-de-pablo-marcal\/","title":{"rendered":"PROS formaliza apoio a Lula e retira candidatura de Pablo Mar\u00e7al"},"content":{"rendered":"\n<p>A nova executiva nacional do PROS decidiu retirar a candidatura do coach Pablo Mar\u00e7al para apoiar o nome do ex-presidente Luiz In\u00e1cio Lula da Silva (PT) \u00e0 Presid\u00eancia. A mudan\u00e7a se deu ap\u00f3s o retorno de Eur\u00edpedes J\u00fanior ao comando do PROS ap\u00f3s decis\u00e3o limitar do ministro do Tribunal Superior Eleitoral Ricardo Lewandowski no dia 5 de agosto. Mar\u00e7al tenta recorrer para manter a candidatura.<\/p>\n\n\n\n<p>At\u00e9 o dia 31, a legenda estava nas m\u00e3os de Marcus Holanda, respons\u00e1vel por lan\u00e7ar a candidatura do influencer Pablo Mar\u00e7al \u00e0 Presid\u00eancia. Foi neste dia que o vice-presidente do STJ, Jorge Mussi, decidiu, em meio ao plant\u00e3o, devolver o partido a Eur\u00edpedes. O dirigente logo reassumiu a legenda e fez uma reuni\u00e3o com o ex-presidente Lula para declarar apoio \u00e0 sua candidatura.<\/p>\n\n\n\n<p>Como revelou o Estad\u00e3o na \u00faltima quarta-feira, 10, o PROS tem um perfil majoritariamente bolsonarista no Congresso. A sigla abriga inclusive nomes folcl\u00f3ricos do bolsonarismo radical, como a m\u00e9dica Nise Yamaguchi, que se notabilizou por recomendar tratamentos sem efic\u00e1cia contra a covid, e o ex-deputado Boca Aberta, que foi cassado por ter invadido uma Unidade de Pronto Atendimento (UPA) no Paran\u00e1.<\/p>\n\n\n\n<p>O PROS foi oficializado em 2013 e j\u00e1 apoiou a reelei\u00e7\u00e3o de Dilma em 2014 e a candidatura de Haddad a presidente em 2018.<\/p>\n\n\n\n<p>Com informa\u00e7\u00f5es do Estad\u00e3o<\/p>\n","protected":false},"excerpt":{"rendered":"<p>A nova executiva nacional do PROS decidiu retirar a candidatura do coach Pablo Mar\u00e7al para apoiar o nome do ex-presidente Luiz In\u00e1cio Lula da Silva (PT) \u00e0 Presid\u00eancia. A mudan\u00e7a se deu ap\u00f3s o retorno de Eur\u00edpedes J\u00fanior ao comando do PROS ap\u00f3s decis\u00e3o limitar do ministro do Tribunal Superior Eleitoral Ricardo Lewandowski no dia [&hellip;]<\/p>\n","protected":false},"author":2,"featured_media":3095,"comment_status":"open","ping_status":"open","sticky":false,"template":"","format":"standard","meta":{"_monsterinsights_skip_tracking":false,"_monsterinsights_sitenote_active":false,"_monsterinsights_sitenote_note":"","_monsterinsights_sitenote_category":0,"footnotes":""},"categories":[34],"tags":[],"yoast_head":"<!-- This site is optimized with the Yoast SEO plugin v22.9 - https:\/\/yoast.com\/wordpress\/plugins\/seo\/ -->\n<title>PROS formaliza apoio a Lula e retira candidatura de Pablo Mar\u00e7al - Portal MF<\/title>\n<meta name=\"robots\" content=\"index, follow, max-snippet:-1, max-image-preview:large, max-video-preview:-1\" \/>\n<link rel=\"canonical\" href=\"https:\/\/portalmf.com.br\/index.php\/2022\/08\/15\/pros-formaliza-apoio-a-lula-e-retira-candidatura-de-pablo-marcal\/\" \/>\n<meta property=\"og:locale\" content=\"pt_BR\" \/>\n<meta property=\"og:type\" content=\"article\" \/>\n<meta property=\"og:title\" content=\"PROS formaliza apoio a Lula e retira candidatura de Pablo Mar\u00e7al - Portal MF\" \/>\n<meta property=\"og:description\" content=\"A nova executiva nacional do PROS decidiu retirar a candidatura do coach Pablo Mar\u00e7al para apoiar o nome do ex-presidente Luiz In\u00e1cio Lula da Silva (PT) \u00e0 Presid\u00eancia. A mudan\u00e7a se deu ap\u00f3s o retorno de Eur\u00edpedes J\u00fanior ao comando do PROS ap\u00f3s decis\u00e3o limitar do ministro do Tribunal Superior Eleitoral Ricardo Lewandowski no dia [&hellip;]\" \/>\n<meta property=\"og:url\" content=\"https:\/\/portalmf.com.br\/index.php\/2022\/08\/15\/pros-formaliza-apoio-a-lula-e-retira-candidatura-de-pablo-marcal\/\" \/>\n<meta property=\"og:site_name\" content=\"Portal MF\" \/>\n<meta property=\"article:author\" content=\"reginaldojrfsa\" \/>\n<meta property=\"article:published_time\" content=\"2022-08-15T21:35:39+00:00\" \/>\n<meta property=\"article:modified_time\" content=\"2022-08-15T21:35:40+00:00\" \/>\n<meta property=\"og:image\" content=\"https:\/\/portalmf.com.br\/wp-content\/uploads\/2022\/08\/pablo-marcal-pros-1024x575-1.jpg\" \/>\n\t<meta property=\"og:image:width\" content=\"1024\" \/>\n\t<meta property=\"og:image:height\" content=\"575\" \/>\n\t<meta property=\"og:image:type\" content=\"image\/jpeg\" \/>\n<meta name=\"author\" content=\"Reginaldo J\u00fanior\" \/>\n<meta name=\"twitter:card\" content=\"summary_large_image\" \/>\n<meta name=\"twitter:creator\" content=\"@reginaldojrmf\" \/>\n<meta name=\"twitter:label1\" content=\"Escrito por\" \/>\n\t<meta name=\"twitter:data1\" content=\"Reginaldo J\u00fanior\" \/>\n\t<meta name=\"twitter:label2\" content=\"Est. tempo de leitura\" \/>\n\t<meta name=\"twitter:data2\" content=\"2 minutos\" \/>\n<script type=\"application\/ld+json\" class=\"yoast-schema-graph\">{\"@context\":\"https:\/\/schema.org\",\"@graph\":[{\"@type\":\"WebPage\",\"@id\":\"https:\/\/portalmf.com.br\/index.php\/2022\/08\/15\/pros-formaliza-apoio-a-lula-e-retira-candidatura-de-pablo-marcal\/\",\"url\":\"https:\/\/portalmf.com.br\/index.php\/2022\/08\/15\/pros-formaliza-apoio-a-lula-e-retira-candidatura-de-pablo-marcal\/\",\"name\":\"PROS formaliza apoio a Lula e retira candidatura de Pablo Mar\u00e7al - Portal MF\",\"isPartOf\":{\"@id\":\"https:\/\/portalmf.com.br\/#website\"},\"primaryImageOfPage\":{\"@id\":\"https:\/\/portalmf.com.br\/index.php\/2022\/08\/15\/pros-formaliza-apoio-a-lula-e-retira-candidatura-de-pablo-marcal\/#primaryimage\"},\"image\":{\"@id\":\"https:\/\/portalmf.com.br\/index.php\/2022\/08\/15\/pros-formaliza-apoio-a-lula-e-retira-candidatura-de-pablo-marcal\/#primaryimage\"},\"thumbnailUrl\":\"https:\/\/portalmf.com.br\/wp-content\/uploads\/2022\/08\/pablo-marcal-pros-1024x575-1.jpg\",\"datePublished\":\"2022-08-15T21:35:39+00:00\",\"dateModified\":\"2022-08-15T21:35:40+00:00\",\"author\":{\"@id\":\"https:\/\/portalmf.com.br\/#\/schema\/person\/11c82086fe8abc05a19147e964587285\"},\"breadcrumb\":{\"@id\":\"https:\/\/portalmf.com.br\/index.php\/2022\/08\/15\/pros-formaliza-apoio-a-lula-e-retira-candidatura-de-pablo-marcal\/#breadcrumb\"},\"inLanguage\":\"pt-BR\",\"potentialAction\":[{\"@type\":\"ReadAction\",\"target\":[\"https:\/\/portalmf.com.br\/index.php\/2022\/08\/15\/pros-formaliza-apoio-a-lula-e-retira-candidatura-de-pablo-marcal\/\"]}]},{\"@type\":\"ImageObject\",\"inLanguage\":\"pt-BR\",\"@id\":\"https:\/\/portalmf.com.br\/index.php\/2022\/08\/15\/pros-formaliza-apoio-a-lula-e-retira-candidatura-de-pablo-marcal\/#primaryimage\",\"url\":\"https:\/\/portalmf.com.br\/wp-content\/uploads\/2022\/08\/pablo-marcal-pros-1024x575-1.jpg\",\"contentUrl\":\"https:\/\/portalmf.com.br\/wp-content\/uploads\/2022\/08\/pablo-marcal-pros-1024x575-1.jpg\",\"width\":1024,\"height\":575},{\"@type\":\"BreadcrumbList\",\"@id\":\"https:\/\/portalmf.com.br\/index.php\/2022\/08\/15\/pros-formaliza-apoio-a-lula-e-retira-candidatura-de-pablo-marcal\/#breadcrumb\",\"itemListElement\":[{\"@type\":\"ListItem\",\"position\":1,\"name\":\"In\u00edcio\",\"item\":\"https:\/\/portalmf.com.br\/\"},{\"@type\":\"ListItem\",\"position\":2,\"name\":\"PROS formaliza apoio a Lula e retira candidatura de Pablo Mar\u00e7al\"}]},{\"@type\":\"WebSite\",\"@id\":\"https:\/\/portalmf.com.br\/#website\",\"url\":\"https:\/\/portalmf.com.br\/\",\"name\":\"Portal MF\",\"description\":\"Voc\u00ea conectado com a informa\u00e7\u00e3o\",\"potentialAction\":[{\"@type\":\"SearchAction\",\"target\":{\"@type\":\"EntryPoint\",\"urlTemplate\":\"https:\/\/portalmf.com.br\/?s={search_term_string}\"},\"query-input\":\"required name=search_term_string\"}],\"inLanguage\":\"pt-BR\"},{\"@type\":\"Person\",\"@id\":\"https:\/\/portalmf.com.br\/#\/schema\/person\/11c82086fe8abc05a19147e964587285\",\"name\":\"Reginaldo J\u00fanior\",\"image\":{\"@type\":\"ImageObject\",\"inLanguage\":\"pt-BR\",\"@id\":\"https:\/\/portalmf.com.br\/#\/schema\/person\/image\/\",\"url\":\"https:\/\/secure.gravatar.com\/avatar\/32a3c797cd0ac47cc53b8644c62776f9?s=96&d=mm&r=g\",\"contentUrl\":\"https:\/\/secure.gravatar.com\/avatar\/32a3c797cd0ac47cc53b8644c62776f9?s=96&d=mm&r=g\",\"caption\":\"Reginaldo J\u00fanior\"},\"description\":\"Jornalista e idealizador Portal MF\",\"sameAs\":[\"https:\/\/portalmf.com.br\/index.php\/author\/reginaldojr\/\",\"reginaldojrfsa\",\"reginaldojuniormf\",\"https:\/\/x.com\/reginaldojrmf\"],\"url\":\"https:\/\/portalmf.com.br\/index.php\/author\/reginaldojr\/\"}]}<\/script>\n<!-- \/ Yoast SEO plugin. -->","yoast_head_json":{"title":"PROS formaliza apoio a Lula e retira candidatura de Pablo Mar\u00e7al - Portal MF","robots":{"index":"index","follow":"follow","max-snippet":"max-snippet:-1","max-image-preview":"max-image-preview:large","max-video-preview":"max-video-preview:-1"},"canonical":"https:\/\/portalmf.com.br\/index.php\/2022\/08\/15\/pros-formaliza-apoio-a-lula-e-retira-candidatura-de-pablo-marcal\/","og_locale":"pt_BR","og_type":"article","og_title":"PROS formaliza apoio a Lula e retira candidatura de Pablo Mar\u00e7al - Portal MF","og_description":"A nova executiva nacional do PROS decidiu retirar a candidatura do coach Pablo Mar\u00e7al para apoiar o nome do ex-presidente Luiz In\u00e1cio Lula da Silva (PT) \u00e0 Presid\u00eancia. A mudan\u00e7a se deu ap\u00f3s o retorno de Eur\u00edpedes J\u00fanior ao comando do PROS ap\u00f3s decis\u00e3o limitar do ministro do Tribunal Superior Eleitoral Ricardo Lewandowski no dia [&hellip;]","og_url":"https:\/\/portalmf.com.br\/index.php\/2022\/08\/15\/pros-formaliza-apoio-a-lula-e-retira-candidatura-de-pablo-marcal\/","og_site_name":"Portal MF","article_author":"reginaldojrfsa","article_published_time":"2022-08-15T21:35:39+00:00","article_modified_time":"2022-08-15T21:35:40+00:00","og_image":[{"width":1024,"height":575,"url":"https:\/\/portalmf.com.br\/wp-content\/uploads\/2022\/08\/pablo-marcal-pros-1024x575-1.jpg","type":"image\/jpeg"}],"author":"Reginaldo J\u00fanior","twitter_card":"summary_large_image","twitter_creator":"@reginaldojrmf","twitter_misc":{"Escrito por":"Reginaldo J\u00fanior","Est. tempo de leitura":"2 minutos"},"schema":{"@context":"https:\/\/schema.org","@graph":[{"@type":"WebPage","@id":"https:\/\/portalmf.com.br\/index.php\/2022\/08\/15\/pros-formaliza-apoio-a-lula-e-retira-candidatura-de-pablo-marcal\/","url":"https:\/\/portalmf.com.br\/index.php\/2022\/08\/15\/pros-formaliza-apoio-a-lula-e-retira-candidatura-de-pablo-marcal\/","name":"PROS formaliza apoio a Lula e retira candidatura de Pablo Mar\u00e7al - Portal MF","isPartOf":{"@id":"https:\/\/portalmf.com.br\/#website"},"primaryImageOfPage":{"@id":"https:\/\/portalmf.com.br\/index.php\/2022\/08\/15\/pros-formaliza-apoio-a-lula-e-retira-candidatura-de-pablo-marcal\/#primaryimage"},"image":{"@id":"https:\/\/portalmf.com.br\/index.php\/2022\/08\/15\/pros-formaliza-apoio-a-lula-e-retira-candidatura-de-pablo-marcal\/#primaryimage"},"thumbnailUrl":"https:\/\/portalmf.com.br\/wp-content\/uploads\/2022\/08\/pablo-marcal-pros-1024x575-1.jpg","datePublished":"2022-08-15T21:35:39+00:00","dateModified":"2022-08-15T21:35:40+00:00","author":{"@id":"https:\/\/portalmf.com.br\/#\/schema\/person\/11c82086fe8abc05a19147e964587285"},"breadcrumb":{"@id":"https:\/\/portalmf.com.br\/index.php\/2022\/08\/15\/pros-formaliza-apoio-a-lula-e-retira-candidatura-de-pablo-marcal\/#breadcrumb"},"inLanguage":"pt-BR","potentialAction":[{"@type":"ReadAction","target":["https:\/\/portalmf.com.br\/index.php\/2022\/08\/15\/pros-formaliza-apoio-a-lula-e-retira-candidatura-de-pablo-marcal\/"]}]},{"@type":"ImageObject","inLanguage":"pt-BR","@id":"https:\/\/portalmf.com.br\/index.php\/2022\/08\/15\/pros-formaliza-apoio-a-lula-e-retira-candidatura-de-pablo-marcal\/#primaryimage","url":"https:\/\/portalmf.com.br\/wp-content\/uploads\/2022\/08\/pablo-marcal-pros-1024x575-1.jpg","contentUrl":"https:\/\/portalmf.com.br\/wp-content\/uploads\/2022\/08\/pablo-marcal-pros-1024x575-1.jpg","width":1024,"height":575},{"@type":"BreadcrumbList","@id":"https:\/\/portalmf.com.br\/index.php\/2022\/08\/15\/pros-formaliza-apoio-a-lula-e-retira-candidatura-de-pablo-marcal\/#breadcrumb","itemListElement":[{"@type":"ListItem","position":1,"name":"In\u00edcio","item":"https:\/\/portalmf.com.br\/"},{"@type":"ListItem","position":2,"name":"PROS formaliza apoio a Lula e retira candidatura de Pablo Mar\u00e7al"}]},{"@type":"WebSite","@id":"https:\/\/portalmf.com.br\/#website","url":"https:\/\/portalmf.com.br\/","name":"Portal MF","description":"Voc\u00ea conectado com a informa\u00e7\u00e3o","potentialAction":[{"@type":"SearchAction","target":{"@type":"EntryPoint","urlTemplate":"https:\/\/portalmf.com.br\/?s={search_term_string}"},"query-input":"required name=search_term_string"}],"inLanguage":"pt-BR"},{"@type":"Person","@id":"https:\/\/portalmf.com.br\/#\/schema\/person\/11c82086fe8abc05a19147e964587285","name":"Reginaldo J\u00fanior","image":{"@type":"ImageObject","inLanguage":"pt-BR","@id":"https:\/\/portalmf.com.br\/#\/schema\/person\/image\/","url":"https:\/\/secure.gravatar.com\/avatar\/32a3c797cd0ac47cc53b8644c62776f9?s=96&d=mm&r=g","contentUrl":"https:\/\/secure.gravatar.com\/avatar\/32a3c797cd0ac47cc53b8644c62776f9?s=96&d=mm&r=g","caption":"Reginaldo J\u00fanior"},"description":"Jornalista e idealizador Portal MF","sameAs":["https:\/\/portalmf.com.br\/index.php\/author\/reginaldojr\/","reginaldojrfsa","reginaldojuniormf","https:\/\/x.com\/reginaldojrmf"],"url":"https:\/\/portalmf.com.br\/index.php\/author\/reginaldojr\/"}]}},"_links":{"self":[{"href":"https:\/\/portalmf.com.br\/index.php\/wp-json\/wp\/v2\/posts\/3094"}],"collection":[{"href":"https:\/\/portalmf.com.br\/index.php\/wp-json\/wp\/v2\/posts"}],"about":[{"href":"https:\/\/portalmf.com.br\/index.php\/wp-json\/wp\/v2\/types\/post"}],"author":[{"embeddable":true,"href":"https:\/\/portalmf.com.br\/index.php\/wp-json\/wp\/v2\/users\/2"}],"replies":[{"embeddable":true,"href":"https:\/\/portalmf.com.br\/index.php\/wp-json\/wp\/v2\/comments?post=3094"}],"version-history":[{"count":1,"href":"https:\/\/portalmf.com.br\/index.php\/wp-json\/wp\/v2\/posts\/3094\/revisions"}],"predecessor-version":[{"id":3096,"href":"https:\/\/portalmf.com.br\/index.php\/wp-json\/wp\/v2\/posts\/3094\/revisions\/3096"}],"wp:featuredmedia":[{"embeddable":true,"href":"https:\/\/portalmf.com.br\/index.php\/wp-json\/wp\/v2\/media\/3095"}],"wp:attachment":[{"href":"https:\/\/portalmf.com.br\/index.php\/wp-json\/wp\/v2\/media?parent=3094"}],"wp:term":[{"taxonomy":"category","embeddable":true,"href":"https:\/\/portalmf.com.br\/index.php\/wp-json\/wp\/v2\/categories?post=3094"},{"taxonomy":"post_tag","embeddable":true,"href":"https:\/\/portalmf.com.br\/index.php\/wp-json\/wp\/v2\/tags?post=3094"}],"curies":[{"name":"wp","href":"https:\/\/api.w.org\/{rel}","templated":true}]}}