{"id":3088,"date":"2022-08-15T18:23:14","date_gmt":"2022-08-15T21:23:14","guid":{"rendered":"http:\/\/portalmf.com.br\/?p=3088"},"modified":"2022-08-15T18:23:15","modified_gmt":"2022-08-15T21:23:15","slug":"kart-love-movimentou-o-aniversario-de-apora-com-muito-arrocha","status":"publish","type":"post","link":"https:\/\/portalmf.com.br\/index.php\/2022\/08\/15\/kart-love-movimentou-o-aniversario-de-apora-com-muito-arrocha\/","title":{"rendered":"Kart Love movimentou o anivers\u00e1rio de Apor\u00e1 com muito arrocha"},"content":{"rendered":"\n<p>O anivers\u00e1rio de 64 anos do munic\u00edpio de Apor\u00e1, no leste baiano, contou com um show para l\u00e1 de especial. Regado a muito arrocha e sofr\u00eancia, o show do Kart Love animou a \u201cFesta de Emancipa\u00e7\u00e3o\u201d, que teve anima\u00e7\u00e3o at\u00e9 altas horas, muito agito e grandes sucessos!<\/p>\n\n\n\n<p>Durante a apresenta\u00e7\u00e3o, na noite do \u00faltimo s\u00e1bado (13), rolou muita m\u00fasica boa, incluindo as autorais que marcam a carreira do Kart Love.<\/p>\n\n\n\n<p>Al\u00e9m disso, hits das paradas nacionais e grandes cl\u00e1ssicos do ritmo genuinamente baiano que conquistou os cora\u00e7\u00f5es por todo o Brasil.<\/p>\n\n\n\n<p>O show do Kart Love em Apor\u00e1 contou com o apoio da Bahiatursa e do Governo do Estado<\/p>\n\n\n\n<p>Fotos: @agenciatake3<\/p>\n","protected":false},"excerpt":{"rendered":"<p>O anivers\u00e1rio de 64 anos do munic\u00edpio de Apor\u00e1, no leste baiano, contou com um show para l\u00e1 de especial. Regado a muito arrocha e sofr\u00eancia, o show do Kart Love animou a \u201cFesta de Emancipa\u00e7\u00e3o\u201d, que teve anima\u00e7\u00e3o at\u00e9 altas horas, muito agito e grandes sucessos! Durante a apresenta\u00e7\u00e3o, na noite do \u00faltimo s\u00e1bado [&hellip;]<\/p>\n","protected":false},"author":2,"featured_media":3089,"comment_status":"open","ping_status":"open","sticky":false,"template":"","format":"standard","meta":{"_monsterinsights_skip_tracking":false,"_monsterinsights_sitenote_active":false,"_monsterinsights_sitenote_note":"","_monsterinsights_sitenote_category":0,"footnotes":""},"categories":[36],"tags":[],"yoast_head":"<!-- This site is optimized with the Yoast SEO plugin v22.9 - https:\/\/yoast.com\/wordpress\/plugins\/seo\/ -->\n<title>Kart Love movimentou o anivers\u00e1rio de Apor\u00e1 com muito arrocha - Portal MF<\/title>\n<meta name=\"robots\" content=\"index, follow, max-snippet:-1, max-image-preview:large, max-video-preview:-1\" \/>\n<link rel=\"canonical\" href=\"https:\/\/portalmf.com.br\/index.php\/2022\/08\/15\/kart-love-movimentou-o-aniversario-de-apora-com-muito-arrocha\/\" \/>\n<meta property=\"og:locale\" content=\"pt_BR\" \/>\n<meta property=\"og:type\" content=\"article\" \/>\n<meta property=\"og:title\" content=\"Kart Love movimentou o anivers\u00e1rio de Apor\u00e1 com muito arrocha - Portal MF\" \/>\n<meta property=\"og:description\" content=\"O anivers\u00e1rio de 64 anos do munic\u00edpio de Apor\u00e1, no leste baiano, contou com um show para l\u00e1 de especial. Regado a muito arrocha e sofr\u00eancia, o show do Kart Love animou a \u201cFesta de Emancipa\u00e7\u00e3o\u201d, que teve anima\u00e7\u00e3o at\u00e9 altas horas, muito agito e grandes sucessos! Durante a apresenta\u00e7\u00e3o, na noite do \u00faltimo s\u00e1bado [&hellip;]\" \/>\n<meta property=\"og:url\" content=\"https:\/\/portalmf.com.br\/index.php\/2022\/08\/15\/kart-love-movimentou-o-aniversario-de-apora-com-muito-arrocha\/\" \/>\n<meta property=\"og:site_name\" content=\"Portal MF\" \/>\n<meta property=\"article:author\" content=\"reginaldojrfsa\" \/>\n<meta property=\"article:published_time\" content=\"2022-08-15T21:23:14+00:00\" \/>\n<meta property=\"article:modified_time\" content=\"2022-08-15T21:23:15+00:00\" \/>\n<meta property=\"og:image\" content=\"https:\/\/portalmf.com.br\/wp-content\/uploads\/2022\/08\/WhatsApp-Image-2022-08-15-at-15.08.58.jpeg\" \/>\n\t<meta property=\"og:image:width\" content=\"1024\" \/>\n\t<meta property=\"og:image:height\" content=\"682\" \/>\n\t<meta property=\"og:image:type\" content=\"image\/jpeg\" \/>\n<meta name=\"author\" content=\"Reginaldo J\u00fanior\" \/>\n<meta name=\"twitter:card\" content=\"summary_large_image\" \/>\n<meta name=\"twitter:creator\" content=\"@reginaldojrmf\" \/>\n<meta name=\"twitter:label1\" content=\"Escrito por\" \/>\n\t<meta name=\"twitter:data1\" content=\"Reginaldo J\u00fanior\" \/>\n\t<meta name=\"twitter:label2\" content=\"Est. tempo de leitura\" \/>\n\t<meta name=\"twitter:data2\" content=\"1 minuto\" \/>\n<script type=\"application\/ld+json\" class=\"yoast-schema-graph\">{\"@context\":\"https:\/\/schema.org\",\"@graph\":[{\"@type\":\"WebPage\",\"@id\":\"https:\/\/portalmf.com.br\/index.php\/2022\/08\/15\/kart-love-movimentou-o-aniversario-de-apora-com-muito-arrocha\/\",\"url\":\"https:\/\/portalmf.com.br\/index.php\/2022\/08\/15\/kart-love-movimentou-o-aniversario-de-apora-com-muito-arrocha\/\",\"name\":\"Kart Love movimentou o anivers\u00e1rio de Apor\u00e1 com muito arrocha - Portal MF\",\"isPartOf\":{\"@id\":\"https:\/\/portalmf.com.br\/#website\"},\"primaryImageOfPage\":{\"@id\":\"https:\/\/portalmf.com.br\/index.php\/2022\/08\/15\/kart-love-movimentou-o-aniversario-de-apora-com-muito-arrocha\/#primaryimage\"},\"image\":{\"@id\":\"https:\/\/portalmf.com.br\/index.php\/2022\/08\/15\/kart-love-movimentou-o-aniversario-de-apora-com-muito-arrocha\/#primaryimage\"},\"thumbnailUrl\":\"https:\/\/portalmf.com.br\/wp-content\/uploads\/2022\/08\/WhatsApp-Image-2022-08-15-at-15.08.58.jpeg\",\"datePublished\":\"2022-08-15T21:23:14+00:00\",\"dateModified\":\"2022-08-15T21:23:15+00:00\",\"author\":{\"@id\":\"https:\/\/portalmf.com.br\/#\/schema\/person\/11c82086fe8abc05a19147e964587285\"},\"breadcrumb\":{\"@id\":\"https:\/\/portalmf.com.br\/index.php\/2022\/08\/15\/kart-love-movimentou-o-aniversario-de-apora-com-muito-arrocha\/#breadcrumb\"},\"inLanguage\":\"pt-BR\",\"potentialAction\":[{\"@type\":\"ReadAction\",\"target\":[\"https:\/\/portalmf.com.br\/index.php\/2022\/08\/15\/kart-love-movimentou-o-aniversario-de-apora-com-muito-arrocha\/\"]}]},{\"@type\":\"ImageObject\",\"inLanguage\":\"pt-BR\",\"@id\":\"https:\/\/portalmf.com.br\/index.php\/2022\/08\/15\/kart-love-movimentou-o-aniversario-de-apora-com-muito-arrocha\/#primaryimage\",\"url\":\"https:\/\/portalmf.com.br\/wp-content\/uploads\/2022\/08\/WhatsApp-Image-2022-08-15-at-15.08.58.jpeg\",\"contentUrl\":\"https:\/\/portalmf.com.br\/wp-content\/uploads\/2022\/08\/WhatsApp-Image-2022-08-15-at-15.08.58.jpeg\",\"width\":1024,\"height\":682},{\"@type\":\"BreadcrumbList\",\"@id\":\"https:\/\/portalmf.com.br\/index.php\/2022\/08\/15\/kart-love-movimentou-o-aniversario-de-apora-com-muito-arrocha\/#breadcrumb\",\"itemListElement\":[{\"@type\":\"ListItem\",\"position\":1,\"name\":\"In\u00edcio\",\"item\":\"https:\/\/portalmf.com.br\/\"},{\"@type\":\"ListItem\",\"position\":2,\"name\":\"Kart Love movimentou o anivers\u00e1rio de Apor\u00e1 com muito arrocha\"}]},{\"@type\":\"WebSite\",\"@id\":\"https:\/\/portalmf.com.br\/#website\",\"url\":\"https:\/\/portalmf.com.br\/\",\"name\":\"Portal MF\",\"description\":\"Voc\u00ea conectado com a informa\u00e7\u00e3o\",\"potentialAction\":[{\"@type\":\"SearchAction\",\"target\":{\"@type\":\"EntryPoint\",\"urlTemplate\":\"https:\/\/portalmf.com.br\/?s={search_term_string}\"},\"query-input\":\"required name=search_term_string\"}],\"inLanguage\":\"pt-BR\"},{\"@type\":\"Person\",\"@id\":\"https:\/\/portalmf.com.br\/#\/schema\/person\/11c82086fe8abc05a19147e964587285\",\"name\":\"Reginaldo J\u00fanior\",\"image\":{\"@type\":\"ImageObject\",\"inLanguage\":\"pt-BR\",\"@id\":\"https:\/\/portalmf.com.br\/#\/schema\/person\/image\/\",\"url\":\"https:\/\/secure.gravatar.com\/avatar\/32a3c797cd0ac47cc53b8644c62776f9?s=96&d=mm&r=g\",\"contentUrl\":\"https:\/\/secure.gravatar.com\/avatar\/32a3c797cd0ac47cc53b8644c62776f9?s=96&d=mm&r=g\",\"caption\":\"Reginaldo J\u00fanior\"},\"description\":\"Jornalista e idealizador Portal MF\",\"sameAs\":[\"https:\/\/portalmf.com.br\/index.php\/author\/reginaldojr\/\",\"reginaldojrfsa\",\"reginaldojuniormf\",\"https:\/\/x.com\/reginaldojrmf\"],\"url\":\"https:\/\/portalmf.com.br\/index.php\/author\/reginaldojr\/\"}]}<\/script>\n<!-- \/ Yoast SEO plugin. -->","yoast_head_json":{"title":"Kart Love movimentou o anivers\u00e1rio de Apor\u00e1 com muito arrocha - Portal MF","robots":{"index":"index","follow":"follow","max-snippet":"max-snippet:-1","max-image-preview":"max-image-preview:large","max-video-preview":"max-video-preview:-1"},"canonical":"https:\/\/portalmf.com.br\/index.php\/2022\/08\/15\/kart-love-movimentou-o-aniversario-de-apora-com-muito-arrocha\/","og_locale":"pt_BR","og_type":"article","og_title":"Kart Love movimentou o anivers\u00e1rio de Apor\u00e1 com muito arrocha - Portal MF","og_description":"O anivers\u00e1rio de 64 anos do munic\u00edpio de Apor\u00e1, no leste baiano, contou com um show para l\u00e1 de especial. Regado a muito arrocha e sofr\u00eancia, o show do Kart Love animou a \u201cFesta de Emancipa\u00e7\u00e3o\u201d, que teve anima\u00e7\u00e3o at\u00e9 altas horas, muito agito e grandes sucessos! Durante a apresenta\u00e7\u00e3o, na noite do \u00faltimo s\u00e1bado [&hellip;]","og_url":"https:\/\/portalmf.com.br\/index.php\/2022\/08\/15\/kart-love-movimentou-o-aniversario-de-apora-com-muito-arrocha\/","og_site_name":"Portal MF","article_author":"reginaldojrfsa","article_published_time":"2022-08-15T21:23:14+00:00","article_modified_time":"2022-08-15T21:23:15+00:00","og_image":[{"width":1024,"height":682,"url":"https:\/\/portalmf.com.br\/wp-content\/uploads\/2022\/08\/WhatsApp-Image-2022-08-15-at-15.08.58.jpeg","type":"image\/jpeg"}],"author":"Reginaldo J\u00fanior","twitter_card":"summary_large_image","twitter_creator":"@reginaldojrmf","twitter_misc":{"Escrito por":"Reginaldo J\u00fanior","Est. tempo de leitura":"1 minuto"},"schema":{"@context":"https:\/\/schema.org","@graph":[{"@type":"WebPage","@id":"https:\/\/portalmf.com.br\/index.php\/2022\/08\/15\/kart-love-movimentou-o-aniversario-de-apora-com-muito-arrocha\/","url":"https:\/\/portalmf.com.br\/index.php\/2022\/08\/15\/kart-love-movimentou-o-aniversario-de-apora-com-muito-arrocha\/","name":"Kart Love movimentou o anivers\u00e1rio de Apor\u00e1 com muito arrocha - Portal MF","isPartOf":{"@id":"https:\/\/portalmf.com.br\/#website"},"primaryImageOfPage":{"@id":"https:\/\/portalmf.com.br\/index.php\/2022\/08\/15\/kart-love-movimentou-o-aniversario-de-apora-com-muito-arrocha\/#primaryimage"},"image":{"@id":"https:\/\/portalmf.com.br\/index.php\/2022\/08\/15\/kart-love-movimentou-o-aniversario-de-apora-com-muito-arrocha\/#primaryimage"},"thumbnailUrl":"https:\/\/portalmf.com.br\/wp-content\/uploads\/2022\/08\/WhatsApp-Image-2022-08-15-at-15.08.58.jpeg","datePublished":"2022-08-15T21:23:14+00:00","dateModified":"2022-08-15T21:23:15+00:00","author":{"@id":"https:\/\/portalmf.com.br\/#\/schema\/person\/11c82086fe8abc05a19147e964587285"},"breadcrumb":{"@id":"https:\/\/portalmf.com.br\/index.php\/2022\/08\/15\/kart-love-movimentou-o-aniversario-de-apora-com-muito-arrocha\/#breadcrumb"},"inLanguage":"pt-BR","potentialAction":[{"@type":"ReadAction","target":["https:\/\/portalmf.com.br\/index.php\/2022\/08\/15\/kart-love-movimentou-o-aniversario-de-apora-com-muito-arrocha\/"]}]},{"@type":"ImageObject","inLanguage":"pt-BR","@id":"https:\/\/portalmf.com.br\/index.php\/2022\/08\/15\/kart-love-movimentou-o-aniversario-de-apora-com-muito-arrocha\/#primaryimage","url":"https:\/\/portalmf.com.br\/wp-content\/uploads\/2022\/08\/WhatsApp-Image-2022-08-15-at-15.08.58.jpeg","contentUrl":"https:\/\/portalmf.com.br\/wp-content\/uploads\/2022\/08\/WhatsApp-Image-2022-08-15-at-15.08.58.jpeg","width":1024,"height":682},{"@type":"BreadcrumbList","@id":"https:\/\/portalmf.com.br\/index.php\/2022\/08\/15\/kart-love-movimentou-o-aniversario-de-apora-com-muito-arrocha\/#breadcrumb","itemListElement":[{"@type":"ListItem","position":1,"name":"In\u00edcio","item":"https:\/\/portalmf.com.br\/"},{"@type":"ListItem","position":2,"name":"Kart Love movimentou o anivers\u00e1rio de Apor\u00e1 com muito arrocha"}]},{"@type":"WebSite","@id":"https:\/\/portalmf.com.br\/#website","url":"https:\/\/portalmf.com.br\/","name":"Portal MF","description":"Voc\u00ea conectado com a informa\u00e7\u00e3o","potentialAction":[{"@type":"SearchAction","target":{"@type":"EntryPoint","urlTemplate":"https:\/\/portalmf.com.br\/?s={search_term_string}"},"query-input":"required name=search_term_string"}],"inLanguage":"pt-BR"},{"@type":"Person","@id":"https:\/\/portalmf.com.br\/#\/schema\/person\/11c82086fe8abc05a19147e964587285","name":"Reginaldo J\u00fanior","image":{"@type":"ImageObject","inLanguage":"pt-BR","@id":"https:\/\/portalmf.com.br\/#\/schema\/person\/image\/","url":"https:\/\/secure.gravatar.com\/avatar\/32a3c797cd0ac47cc53b8644c62776f9?s=96&d=mm&r=g","contentUrl":"https:\/\/secure.gravatar.com\/avatar\/32a3c797cd0ac47cc53b8644c62776f9?s=96&d=mm&r=g","caption":"Reginaldo J\u00fanior"},"description":"Jornalista e idealizador Portal MF","sameAs":["https:\/\/portalmf.com.br\/index.php\/author\/reginaldojr\/","reginaldojrfsa","reginaldojuniormf","https:\/\/x.com\/reginaldojrmf"],"url":"https:\/\/portalmf.com.br\/index.php\/author\/reginaldojr\/"}]}},"_links":{"self":[{"href":"https:\/\/portalmf.com.br\/index.php\/wp-json\/wp\/v2\/posts\/3088"}],"collection":[{"href":"https:\/\/portalmf.com.br\/index.php\/wp-json\/wp\/v2\/posts"}],"about":[{"href":"https:\/\/portalmf.com.br\/index.php\/wp-json\/wp\/v2\/types\/post"}],"author":[{"embeddable":true,"href":"https:\/\/portalmf.com.br\/index.php\/wp-json\/wp\/v2\/users\/2"}],"replies":[{"embeddable":true,"href":"https:\/\/portalmf.com.br\/index.php\/wp-json\/wp\/v2\/comments?post=3088"}],"version-history":[{"count":1,"href":"https:\/\/portalmf.com.br\/index.php\/wp-json\/wp\/v2\/posts\/3088\/revisions"}],"predecessor-version":[{"id":3090,"href":"https:\/\/portalmf.com.br\/index.php\/wp-json\/wp\/v2\/posts\/3088\/revisions\/3090"}],"wp:featuredmedia":[{"embeddable":true,"href":"https:\/\/portalmf.com.br\/index.php\/wp-json\/wp\/v2\/media\/3089"}],"wp:attachment":[{"href":"https:\/\/portalmf.com.br\/index.php\/wp-json\/wp\/v2\/media?parent=3088"}],"wp:term":[{"taxonomy":"category","embeddable":true,"href":"https:\/\/portalmf.com.br\/index.php\/wp-json\/wp\/v2\/categories?post=3088"},{"taxonomy":"post_tag","embeddable":true,"href":"https:\/\/portalmf.com.br\/index.php\/wp-json\/wp\/v2\/tags?post=3088"}],"curies":[{"name":"wp","href":"https:\/\/api.w.org\/{rel}","templated":true}]}}