{"id":3080,"date":"2022-08-15T18:17:27","date_gmt":"2022-08-15T21:17:27","guid":{"rendered":"http:\/\/portalmf.com.br\/?p=3080"},"modified":"2022-08-15T18:20:37","modified_gmt":"2022-08-15T21:20:37","slug":"viola-de-doze-comanda-a-festas-em-cidade-baianas-neste-domingo","status":"publish","type":"post","link":"https:\/\/portalmf.com.br\/index.php\/2022\/08\/15\/viola-de-doze-comanda-a-festas-em-cidade-baianas-neste-domingo\/","title":{"rendered":"Viola de Doze comanda festas em cidades na Bahia neste domingo"},"content":{"rendered":"\n<p>A banda Viola de Doze, com seu tradicional samba de raiz origin\u00e1rio do Rec\u00f4ncavo Baiano, \u00e9 sempre destaque na Bahia e no Brasil. E neste domingo, dia 21 de agosto, o grupo encara uma dobradinha de apresenta\u00e7\u00f5es na cidade de Alagoinhas e no distrito de Muricy (pertencente \u00e0 cidade de S\u00e3o Gon\u00e7alo dos Campos).<\/p>\n\n\n\n<p>Na ocasi\u00e3o, a banda ir\u00e1 animar os p\u00fablicos presentes nos eventos com o melhor do samba.<\/p>\n\n\n\n<p><em>\u201cEsperamos que Alagoinhas e Muricy marquem presen\u00e7a nas festas, que t\u00eam tudo para ser sucesso\u201d,<\/em> comentam os vocalistas Helon Neves e Menininho.<\/p>\n\n\n\n<p>Vale lembrar que a Viola de Doze gravou recentemente um novo EP, que marca o in\u00edcio das comemora\u00e7\u00f5es pelos 20 anos da banda.<\/p>\n\n\n\n<p>O projeto ser\u00e1 lan\u00e7ado em breve, com um show especial em Salvador.<\/p>\n","protected":false},"excerpt":{"rendered":"<p>A banda Viola de Doze, com seu tradicional samba de raiz origin\u00e1rio do Rec\u00f4ncavo Baiano, \u00e9 sempre destaque na Bahia e no Brasil. E neste domingo, dia 21 de agosto, o grupo encara uma dobradinha de apresenta\u00e7\u00f5es na cidade de Alagoinhas e no distrito de Muricy (pertencente \u00e0 cidade de S\u00e3o Gon\u00e7alo dos Campos). Na [&hellip;]<\/p>\n","protected":false},"author":2,"featured_media":3081,"comment_status":"open","ping_status":"open","sticky":false,"template":"","format":"standard","meta":{"_monsterinsights_skip_tracking":false,"_monsterinsights_sitenote_active":false,"_monsterinsights_sitenote_note":"","_monsterinsights_sitenote_category":0,"footnotes":""},"categories":[36],"tags":[],"yoast_head":"<!-- This site is optimized with the Yoast SEO plugin v22.9 - https:\/\/yoast.com\/wordpress\/plugins\/seo\/ -->\n<title>Viola de Doze comanda festas em cidades na Bahia neste domingo - Portal MF<\/title>\n<meta name=\"robots\" content=\"index, follow, max-snippet:-1, max-image-preview:large, max-video-preview:-1\" \/>\n<link rel=\"canonical\" href=\"https:\/\/portalmf.com.br\/index.php\/2022\/08\/15\/viola-de-doze-comanda-a-festas-em-cidade-baianas-neste-domingo\/\" \/>\n<meta property=\"og:locale\" content=\"pt_BR\" \/>\n<meta property=\"og:type\" content=\"article\" \/>\n<meta property=\"og:title\" content=\"Viola de Doze comanda festas em cidades na Bahia neste domingo - Portal MF\" \/>\n<meta property=\"og:description\" content=\"A banda Viola de Doze, com seu tradicional samba de raiz origin\u00e1rio do Rec\u00f4ncavo Baiano, \u00e9 sempre destaque na Bahia e no Brasil. E neste domingo, dia 21 de agosto, o grupo encara uma dobradinha de apresenta\u00e7\u00f5es na cidade de Alagoinhas e no distrito de Muricy (pertencente \u00e0 cidade de S\u00e3o Gon\u00e7alo dos Campos). Na [&hellip;]\" \/>\n<meta property=\"og:url\" content=\"https:\/\/portalmf.com.br\/index.php\/2022\/08\/15\/viola-de-doze-comanda-a-festas-em-cidade-baianas-neste-domingo\/\" \/>\n<meta property=\"og:site_name\" content=\"Portal MF\" \/>\n<meta property=\"article:author\" content=\"reginaldojrfsa\" \/>\n<meta property=\"article:published_time\" content=\"2022-08-15T21:17:27+00:00\" \/>\n<meta property=\"article:modified_time\" content=\"2022-08-15T21:20:37+00:00\" \/>\n<meta property=\"og:image\" content=\"https:\/\/portalmf.com.br\/wp-content\/uploads\/2022\/08\/WhatsApp-Image-2022-08-15-at-11.33.35.jpeg\" \/>\n\t<meta property=\"og:image:width\" content=\"1024\" \/>\n\t<meta property=\"og:image:height\" content=\"692\" \/>\n\t<meta property=\"og:image:type\" content=\"image\/jpeg\" \/>\n<meta name=\"author\" content=\"Reginaldo J\u00fanior\" \/>\n<meta name=\"twitter:card\" content=\"summary_large_image\" \/>\n<meta name=\"twitter:creator\" content=\"@reginaldojrmf\" \/>\n<meta name=\"twitter:label1\" content=\"Escrito por\" \/>\n\t<meta name=\"twitter:data1\" content=\"Reginaldo J\u00fanior\" \/>\n\t<meta name=\"twitter:label2\" content=\"Est. tempo de leitura\" \/>\n\t<meta name=\"twitter:data2\" content=\"1 minuto\" \/>\n<script type=\"application\/ld+json\" class=\"yoast-schema-graph\">{\"@context\":\"https:\/\/schema.org\",\"@graph\":[{\"@type\":\"WebPage\",\"@id\":\"https:\/\/portalmf.com.br\/index.php\/2022\/08\/15\/viola-de-doze-comanda-a-festas-em-cidade-baianas-neste-domingo\/\",\"url\":\"https:\/\/portalmf.com.br\/index.php\/2022\/08\/15\/viola-de-doze-comanda-a-festas-em-cidade-baianas-neste-domingo\/\",\"name\":\"Viola de Doze comanda festas em cidades na Bahia neste domingo - Portal MF\",\"isPartOf\":{\"@id\":\"https:\/\/portalmf.com.br\/#website\"},\"primaryImageOfPage\":{\"@id\":\"https:\/\/portalmf.com.br\/index.php\/2022\/08\/15\/viola-de-doze-comanda-a-festas-em-cidade-baianas-neste-domingo\/#primaryimage\"},\"image\":{\"@id\":\"https:\/\/portalmf.com.br\/index.php\/2022\/08\/15\/viola-de-doze-comanda-a-festas-em-cidade-baianas-neste-domingo\/#primaryimage\"},\"thumbnailUrl\":\"https:\/\/portalmf.com.br\/wp-content\/uploads\/2022\/08\/WhatsApp-Image-2022-08-15-at-11.33.35.jpeg\",\"datePublished\":\"2022-08-15T21:17:27+00:00\",\"dateModified\":\"2022-08-15T21:20:37+00:00\",\"author\":{\"@id\":\"https:\/\/portalmf.com.br\/#\/schema\/person\/11c82086fe8abc05a19147e964587285\"},\"breadcrumb\":{\"@id\":\"https:\/\/portalmf.com.br\/index.php\/2022\/08\/15\/viola-de-doze-comanda-a-festas-em-cidade-baianas-neste-domingo\/#breadcrumb\"},\"inLanguage\":\"pt-BR\",\"potentialAction\":[{\"@type\":\"ReadAction\",\"target\":[\"https:\/\/portalmf.com.br\/index.php\/2022\/08\/15\/viola-de-doze-comanda-a-festas-em-cidade-baianas-neste-domingo\/\"]}]},{\"@type\":\"ImageObject\",\"inLanguage\":\"pt-BR\",\"@id\":\"https:\/\/portalmf.com.br\/index.php\/2022\/08\/15\/viola-de-doze-comanda-a-festas-em-cidade-baianas-neste-domingo\/#primaryimage\",\"url\":\"https:\/\/portalmf.com.br\/wp-content\/uploads\/2022\/08\/WhatsApp-Image-2022-08-15-at-11.33.35.jpeg\",\"contentUrl\":\"https:\/\/portalmf.com.br\/wp-content\/uploads\/2022\/08\/WhatsApp-Image-2022-08-15-at-11.33.35.jpeg\",\"width\":1024,\"height\":692},{\"@type\":\"BreadcrumbList\",\"@id\":\"https:\/\/portalmf.com.br\/index.php\/2022\/08\/15\/viola-de-doze-comanda-a-festas-em-cidade-baianas-neste-domingo\/#breadcrumb\",\"itemListElement\":[{\"@type\":\"ListItem\",\"position\":1,\"name\":\"In\u00edcio\",\"item\":\"https:\/\/portalmf.com.br\/\"},{\"@type\":\"ListItem\",\"position\":2,\"name\":\"Viola de Doze comanda festas em cidades na Bahia neste domingo\"}]},{\"@type\":\"WebSite\",\"@id\":\"https:\/\/portalmf.com.br\/#website\",\"url\":\"https:\/\/portalmf.com.br\/\",\"name\":\"Portal MF\",\"description\":\"Voc\u00ea conectado com a informa\u00e7\u00e3o\",\"potentialAction\":[{\"@type\":\"SearchAction\",\"target\":{\"@type\":\"EntryPoint\",\"urlTemplate\":\"https:\/\/portalmf.com.br\/?s={search_term_string}\"},\"query-input\":\"required name=search_term_string\"}],\"inLanguage\":\"pt-BR\"},{\"@type\":\"Person\",\"@id\":\"https:\/\/portalmf.com.br\/#\/schema\/person\/11c82086fe8abc05a19147e964587285\",\"name\":\"Reginaldo J\u00fanior\",\"image\":{\"@type\":\"ImageObject\",\"inLanguage\":\"pt-BR\",\"@id\":\"https:\/\/portalmf.com.br\/#\/schema\/person\/image\/\",\"url\":\"https:\/\/secure.gravatar.com\/avatar\/32a3c797cd0ac47cc53b8644c62776f9?s=96&d=mm&r=g\",\"contentUrl\":\"https:\/\/secure.gravatar.com\/avatar\/32a3c797cd0ac47cc53b8644c62776f9?s=96&d=mm&r=g\",\"caption\":\"Reginaldo J\u00fanior\"},\"description\":\"Jornalista e idealizador Portal MF\",\"sameAs\":[\"https:\/\/portalmf.com.br\/index.php\/author\/reginaldojr\/\",\"reginaldojrfsa\",\"reginaldojuniormf\",\"https:\/\/x.com\/reginaldojrmf\"],\"url\":\"https:\/\/portalmf.com.br\/index.php\/author\/reginaldojr\/\"}]}<\/script>\n<!-- \/ Yoast SEO plugin. -->","yoast_head_json":{"title":"Viola de Doze comanda festas em cidades na Bahia neste domingo - Portal MF","robots":{"index":"index","follow":"follow","max-snippet":"max-snippet:-1","max-image-preview":"max-image-preview:large","max-video-preview":"max-video-preview:-1"},"canonical":"https:\/\/portalmf.com.br\/index.php\/2022\/08\/15\/viola-de-doze-comanda-a-festas-em-cidade-baianas-neste-domingo\/","og_locale":"pt_BR","og_type":"article","og_title":"Viola de Doze comanda festas em cidades na Bahia neste domingo - Portal MF","og_description":"A banda Viola de Doze, com seu tradicional samba de raiz origin\u00e1rio do Rec\u00f4ncavo Baiano, \u00e9 sempre destaque na Bahia e no Brasil. E neste domingo, dia 21 de agosto, o grupo encara uma dobradinha de apresenta\u00e7\u00f5es na cidade de Alagoinhas e no distrito de Muricy (pertencente \u00e0 cidade de S\u00e3o Gon\u00e7alo dos Campos). Na [&hellip;]","og_url":"https:\/\/portalmf.com.br\/index.php\/2022\/08\/15\/viola-de-doze-comanda-a-festas-em-cidade-baianas-neste-domingo\/","og_site_name":"Portal MF","article_author":"reginaldojrfsa","article_published_time":"2022-08-15T21:17:27+00:00","article_modified_time":"2022-08-15T21:20:37+00:00","og_image":[{"width":1024,"height":692,"url":"https:\/\/portalmf.com.br\/wp-content\/uploads\/2022\/08\/WhatsApp-Image-2022-08-15-at-11.33.35.jpeg","type":"image\/jpeg"}],"author":"Reginaldo J\u00fanior","twitter_card":"summary_large_image","twitter_creator":"@reginaldojrmf","twitter_misc":{"Escrito por":"Reginaldo J\u00fanior","Est. tempo de leitura":"1 minuto"},"schema":{"@context":"https:\/\/schema.org","@graph":[{"@type":"WebPage","@id":"https:\/\/portalmf.com.br\/index.php\/2022\/08\/15\/viola-de-doze-comanda-a-festas-em-cidade-baianas-neste-domingo\/","url":"https:\/\/portalmf.com.br\/index.php\/2022\/08\/15\/viola-de-doze-comanda-a-festas-em-cidade-baianas-neste-domingo\/","name":"Viola de Doze comanda festas em cidades na Bahia neste domingo - Portal MF","isPartOf":{"@id":"https:\/\/portalmf.com.br\/#website"},"primaryImageOfPage":{"@id":"https:\/\/portalmf.com.br\/index.php\/2022\/08\/15\/viola-de-doze-comanda-a-festas-em-cidade-baianas-neste-domingo\/#primaryimage"},"image":{"@id":"https:\/\/portalmf.com.br\/index.php\/2022\/08\/15\/viola-de-doze-comanda-a-festas-em-cidade-baianas-neste-domingo\/#primaryimage"},"thumbnailUrl":"https:\/\/portalmf.com.br\/wp-content\/uploads\/2022\/08\/WhatsApp-Image-2022-08-15-at-11.33.35.jpeg","datePublished":"2022-08-15T21:17:27+00:00","dateModified":"2022-08-15T21:20:37+00:00","author":{"@id":"https:\/\/portalmf.com.br\/#\/schema\/person\/11c82086fe8abc05a19147e964587285"},"breadcrumb":{"@id":"https:\/\/portalmf.com.br\/index.php\/2022\/08\/15\/viola-de-doze-comanda-a-festas-em-cidade-baianas-neste-domingo\/#breadcrumb"},"inLanguage":"pt-BR","potentialAction":[{"@type":"ReadAction","target":["https:\/\/portalmf.com.br\/index.php\/2022\/08\/15\/viola-de-doze-comanda-a-festas-em-cidade-baianas-neste-domingo\/"]}]},{"@type":"ImageObject","inLanguage":"pt-BR","@id":"https:\/\/portalmf.com.br\/index.php\/2022\/08\/15\/viola-de-doze-comanda-a-festas-em-cidade-baianas-neste-domingo\/#primaryimage","url":"https:\/\/portalmf.com.br\/wp-content\/uploads\/2022\/08\/WhatsApp-Image-2022-08-15-at-11.33.35.jpeg","contentUrl":"https:\/\/portalmf.com.br\/wp-content\/uploads\/2022\/08\/WhatsApp-Image-2022-08-15-at-11.33.35.jpeg","width":1024,"height":692},{"@type":"BreadcrumbList","@id":"https:\/\/portalmf.com.br\/index.php\/2022\/08\/15\/viola-de-doze-comanda-a-festas-em-cidade-baianas-neste-domingo\/#breadcrumb","itemListElement":[{"@type":"ListItem","position":1,"name":"In\u00edcio","item":"https:\/\/portalmf.com.br\/"},{"@type":"ListItem","position":2,"name":"Viola de Doze comanda festas em cidades na Bahia neste domingo"}]},{"@type":"WebSite","@id":"https:\/\/portalmf.com.br\/#website","url":"https:\/\/portalmf.com.br\/","name":"Portal MF","description":"Voc\u00ea conectado com a informa\u00e7\u00e3o","potentialAction":[{"@type":"SearchAction","target":{"@type":"EntryPoint","urlTemplate":"https:\/\/portalmf.com.br\/?s={search_term_string}"},"query-input":"required name=search_term_string"}],"inLanguage":"pt-BR"},{"@type":"Person","@id":"https:\/\/portalmf.com.br\/#\/schema\/person\/11c82086fe8abc05a19147e964587285","name":"Reginaldo J\u00fanior","image":{"@type":"ImageObject","inLanguage":"pt-BR","@id":"https:\/\/portalmf.com.br\/#\/schema\/person\/image\/","url":"https:\/\/secure.gravatar.com\/avatar\/32a3c797cd0ac47cc53b8644c62776f9?s=96&d=mm&r=g","contentUrl":"https:\/\/secure.gravatar.com\/avatar\/32a3c797cd0ac47cc53b8644c62776f9?s=96&d=mm&r=g","caption":"Reginaldo J\u00fanior"},"description":"Jornalista e idealizador Portal MF","sameAs":["https:\/\/portalmf.com.br\/index.php\/author\/reginaldojr\/","reginaldojrfsa","reginaldojuniormf","https:\/\/x.com\/reginaldojrmf"],"url":"https:\/\/portalmf.com.br\/index.php\/author\/reginaldojr\/"}]}},"_links":{"self":[{"href":"https:\/\/portalmf.com.br\/index.php\/wp-json\/wp\/v2\/posts\/3080"}],"collection":[{"href":"https:\/\/portalmf.com.br\/index.php\/wp-json\/wp\/v2\/posts"}],"about":[{"href":"https:\/\/portalmf.com.br\/index.php\/wp-json\/wp\/v2\/types\/post"}],"author":[{"embeddable":true,"href":"https:\/\/portalmf.com.br\/index.php\/wp-json\/wp\/v2\/users\/2"}],"replies":[{"embeddable":true,"href":"https:\/\/portalmf.com.br\/index.php\/wp-json\/wp\/v2\/comments?post=3080"}],"version-history":[{"count":5,"href":"https:\/\/portalmf.com.br\/index.php\/wp-json\/wp\/v2\/posts\/3080\/revisions"}],"predecessor-version":[{"id":3087,"href":"https:\/\/portalmf.com.br\/index.php\/wp-json\/wp\/v2\/posts\/3080\/revisions\/3087"}],"wp:featuredmedia":[{"embeddable":true,"href":"https:\/\/portalmf.com.br\/index.php\/wp-json\/wp\/v2\/media\/3081"}],"wp:attachment":[{"href":"https:\/\/portalmf.com.br\/index.php\/wp-json\/wp\/v2\/media?parent=3080"}],"wp:term":[{"taxonomy":"category","embeddable":true,"href":"https:\/\/portalmf.com.br\/index.php\/wp-json\/wp\/v2\/categories?post=3080"},{"taxonomy":"post_tag","embeddable":true,"href":"https:\/\/portalmf.com.br\/index.php\/wp-json\/wp\/v2\/tags?post=3080"}],"curies":[{"name":"wp","href":"https:\/\/api.w.org\/{rel}","templated":true}]}}