{"id":3067,"date":"2022-08-15T16:46:29","date_gmt":"2022-08-15T19:46:29","guid":{"rendered":"http:\/\/portalmf.com.br\/?p=3067"},"modified":"2022-08-15T17:02:45","modified_gmt":"2022-08-15T20:02:45","slug":"pre-caju-voltara-a-acontecer-em-2022-confira-a-programacao","status":"publish","type":"post","link":"https:\/\/portalmf.com.br\/index.php\/2022\/08\/15\/pre-caju-voltara-a-acontecer-em-2022-confira-a-programacao\/","title":{"rendered":"Pr\u00e9-Caju voltar\u00e1 a acontecer em 2022, confira a programa\u00e7\u00e3o"},"content":{"rendered":"\n<p>&nbsp;O Pr\u00e9-Caju voltar\u00e1 a ser realizado em Aracaju e vai trazer entre as atra\u00e7\u00f5es Ivete Sangalo, L\u00e9o Santana, Cl\u00e1udia Leite, Saulo e \u00c9 o Tchan. A festa, que ocorre entre os dias 4 e 6 de novembro, na Orla de Atalaia, teve a programa\u00e7\u00e3o anunciada nesta segunda-feira (15), na prefeitura da capital.<\/p>\n\n\n\n<p>A pr\u00e9via carnavalesca, que aconteceu durante 23 anos, entre janeiro e fevereiro, no Bairro Treze de Julho,&nbsp;parou de ser realizada em 2014.<\/p>\n\n\n\n<p>Os blocos acontecer\u00e3o das 14h \u00e0s 23h, em um percurso pela Avenida Santos Dumont, com in\u00edcio na Passarela do Caranguejo, seguindo at\u00e9 a Orla Z\u00e9 Peixe, na Coroa do Meio. Outros shows tamb\u00e9m ser\u00e3o realizados em um camarote montado na \u00e1rea de um estacionamento na Orla da Atalaia.<\/p>\n\n\n\n<p><strong>Confira a programa\u00e7\u00e3o<\/strong><\/p>\n\n\n\n<p><strong>4 de novembro (sexta-feira)<\/strong><\/p>\n\n\n\n<p><strong>Camarote Aju<\/strong><\/p>\n\n\n\n<ul><li>Durval Lelys<\/li><li>Timbalada<\/li><li>Samyra<\/li><li>Luanzinho<\/li><li>DJs<\/li><\/ul>\n\n\n\n<p><strong>5 de novembro (s\u00e1bado)<\/strong><\/p>\n\n\n\n<p><strong>Camarote Aju<\/strong><\/p>\n\n\n\n<ul><li>Harmonia do Samba<\/li><li>Alexandre Peixe<\/li><li>Avine Vinny<\/li><li>Danielzinho Jr<\/li><li>DJs<\/li><\/ul>\n\n\n\n<p><strong>Percurso<br><\/strong>A partir das 14h<\/p>\n\n\n\n<ul><li>Bloco Cajuranas, com \u00c9 o Tchan<\/li><li>Bloco Vumbora, com Bell Marques<\/li><li>Bloco Village, com Ivete Sangalo<\/li><li>Bloco Vem com o Gigante, com L\u00e9o Santana<\/li><li>Bloco da Sergipe (pipoca), com Seeway e Ma\u00edsa Reis<\/li><\/ul>\n\n\n\n<p><strong>6 de novembro (domingo)<\/strong><\/p>\n\n\n\n<p><strong>Camarote Aju<\/strong><\/p>\n\n\n\n<ul><li>Dennis DJ<\/li><li>Rafa e Pipo<\/li><li>Banda Eva<\/li><li>5 Round<\/li><li>DJs<\/li><\/ul>\n\n\n\n<p><strong>Percurso<br><\/strong>A partir das 14h<\/p>\n\n\n\n<ul><li>Bloco \u00d4baiuno, com Saulo<\/li><li>Bloco Vumbora, com Bell Marques<\/li><li>Bloco Largadinho, com Cl\u00e1udia Leite<\/li><li>Bloco Caranguejo El\u00e9trico, com Armandinho, Dod\u00f4 e Osmar<\/li><li>Trio da Pipoca, com Cid Natureza e Ygor Felipe<\/li><\/ul>\n\n\n\n<p>Com informa\u00e7\u00f5es do G1 SE<\/p>\n","protected":false},"excerpt":{"rendered":"<p>&nbsp;O Pr\u00e9-Caju voltar\u00e1 a ser realizado em Aracaju e vai trazer entre as atra\u00e7\u00f5es Ivete Sangalo, L\u00e9o Santana, Cl\u00e1udia Leite, Saulo e \u00c9 o Tchan. A festa, que ocorre entre os dias 4 e 6 de novembro, na Orla de Atalaia, teve a programa\u00e7\u00e3o anunciada nesta segunda-feira (15), na prefeitura da capital. A pr\u00e9via carnavalesca, [&hellip;]<\/p>\n","protected":false},"author":2,"featured_media":3071,"comment_status":"open","ping_status":"open","sticky":false,"template":"","format":"standard","meta":{"_monsterinsights_skip_tracking":false,"_monsterinsights_sitenote_active":false,"_monsterinsights_sitenote_note":"","_monsterinsights_sitenote_category":0,"footnotes":""},"categories":[47,39],"tags":[],"yoast_head":"<!-- This site is optimized with the Yoast SEO plugin v22.9 - https:\/\/yoast.com\/wordpress\/plugins\/seo\/ -->\n<title>Pr\u00e9-Caju voltar\u00e1 a acontecer em 2022, confira a programa\u00e7\u00e3o - Portal MF<\/title>\n<meta name=\"robots\" content=\"index, follow, max-snippet:-1, max-image-preview:large, max-video-preview:-1\" \/>\n<link rel=\"canonical\" href=\"https:\/\/portalmf.com.br\/index.php\/2022\/08\/15\/pre-caju-voltara-a-acontecer-em-2022-confira-a-programacao\/\" \/>\n<meta property=\"og:locale\" content=\"pt_BR\" \/>\n<meta property=\"og:type\" content=\"article\" \/>\n<meta property=\"og:title\" content=\"Pr\u00e9-Caju voltar\u00e1 a acontecer em 2022, confira a programa\u00e7\u00e3o - Portal MF\" \/>\n<meta property=\"og:description\" content=\"&nbsp;O Pr\u00e9-Caju voltar\u00e1 a ser realizado em Aracaju e vai trazer entre as atra\u00e7\u00f5es Ivete Sangalo, L\u00e9o Santana, Cl\u00e1udia Leite, Saulo e \u00c9 o Tchan. A festa, que ocorre entre os dias 4 e 6 de novembro, na Orla de Atalaia, teve a programa\u00e7\u00e3o anunciada nesta segunda-feira (15), na prefeitura da capital. A pr\u00e9via carnavalesca, [&hellip;]\" \/>\n<meta property=\"og:url\" content=\"https:\/\/portalmf.com.br\/index.php\/2022\/08\/15\/pre-caju-voltara-a-acontecer-em-2022-confira-a-programacao\/\" \/>\n<meta property=\"og:site_name\" content=\"Portal MF\" \/>\n<meta property=\"article:author\" content=\"reginaldojrfsa\" \/>\n<meta property=\"article:published_time\" content=\"2022-08-15T19:46:29+00:00\" \/>\n<meta property=\"article:modified_time\" content=\"2022-08-15T20:02:45+00:00\" \/>\n<meta property=\"og:image\" content=\"https:\/\/portalmf.com.br\/wp-content\/uploads\/2022\/08\/precaju_2022.jpg\" \/>\n\t<meta property=\"og:image:width\" content=\"1080\" \/>\n\t<meta property=\"og:image:height\" content=\"692\" \/>\n\t<meta property=\"og:image:type\" content=\"image\/jpeg\" \/>\n<meta name=\"author\" content=\"Reginaldo J\u00fanior\" \/>\n<meta name=\"twitter:card\" content=\"summary_large_image\" \/>\n<meta name=\"twitter:creator\" content=\"@reginaldojrmf\" \/>\n<meta name=\"twitter:label1\" content=\"Escrito por\" \/>\n\t<meta name=\"twitter:data1\" content=\"Reginaldo J\u00fanior\" \/>\n\t<meta name=\"twitter:label2\" content=\"Est. tempo de leitura\" \/>\n\t<meta name=\"twitter:data2\" content=\"2 minutos\" \/>\n<script type=\"application\/ld+json\" class=\"yoast-schema-graph\">{\"@context\":\"https:\/\/schema.org\",\"@graph\":[{\"@type\":\"WebPage\",\"@id\":\"https:\/\/portalmf.com.br\/index.php\/2022\/08\/15\/pre-caju-voltara-a-acontecer-em-2022-confira-a-programacao\/\",\"url\":\"https:\/\/portalmf.com.br\/index.php\/2022\/08\/15\/pre-caju-voltara-a-acontecer-em-2022-confira-a-programacao\/\",\"name\":\"Pr\u00e9-Caju voltar\u00e1 a acontecer em 2022, confira a programa\u00e7\u00e3o - Portal MF\",\"isPartOf\":{\"@id\":\"https:\/\/portalmf.com.br\/#website\"},\"primaryImageOfPage\":{\"@id\":\"https:\/\/portalmf.com.br\/index.php\/2022\/08\/15\/pre-caju-voltara-a-acontecer-em-2022-confira-a-programacao\/#primaryimage\"},\"image\":{\"@id\":\"https:\/\/portalmf.com.br\/index.php\/2022\/08\/15\/pre-caju-voltara-a-acontecer-em-2022-confira-a-programacao\/#primaryimage\"},\"thumbnailUrl\":\"https:\/\/portalmf.com.br\/wp-content\/uploads\/2022\/08\/precaju_2022.jpg\",\"datePublished\":\"2022-08-15T19:46:29+00:00\",\"dateModified\":\"2022-08-15T20:02:45+00:00\",\"author\":{\"@id\":\"https:\/\/portalmf.com.br\/#\/schema\/person\/11c82086fe8abc05a19147e964587285\"},\"breadcrumb\":{\"@id\":\"https:\/\/portalmf.com.br\/index.php\/2022\/08\/15\/pre-caju-voltara-a-acontecer-em-2022-confira-a-programacao\/#breadcrumb\"},\"inLanguage\":\"pt-BR\",\"potentialAction\":[{\"@type\":\"ReadAction\",\"target\":[\"https:\/\/portalmf.com.br\/index.php\/2022\/08\/15\/pre-caju-voltara-a-acontecer-em-2022-confira-a-programacao\/\"]}]},{\"@type\":\"ImageObject\",\"inLanguage\":\"pt-BR\",\"@id\":\"https:\/\/portalmf.com.br\/index.php\/2022\/08\/15\/pre-caju-voltara-a-acontecer-em-2022-confira-a-programacao\/#primaryimage\",\"url\":\"https:\/\/portalmf.com.br\/wp-content\/uploads\/2022\/08\/precaju_2022.jpg\",\"contentUrl\":\"https:\/\/portalmf.com.br\/wp-content\/uploads\/2022\/08\/precaju_2022.jpg\",\"width\":1080,\"height\":692},{\"@type\":\"BreadcrumbList\",\"@id\":\"https:\/\/portalmf.com.br\/index.php\/2022\/08\/15\/pre-caju-voltara-a-acontecer-em-2022-confira-a-programacao\/#breadcrumb\",\"itemListElement\":[{\"@type\":\"ListItem\",\"position\":1,\"name\":\"In\u00edcio\",\"item\":\"https:\/\/portalmf.com.br\/\"},{\"@type\":\"ListItem\",\"position\":2,\"name\":\"Pr\u00e9-Caju voltar\u00e1 a acontecer em 2022, confira a programa\u00e7\u00e3o\"}]},{\"@type\":\"WebSite\",\"@id\":\"https:\/\/portalmf.com.br\/#website\",\"url\":\"https:\/\/portalmf.com.br\/\",\"name\":\"Portal MF\",\"description\":\"Voc\u00ea conectado com a informa\u00e7\u00e3o\",\"potentialAction\":[{\"@type\":\"SearchAction\",\"target\":{\"@type\":\"EntryPoint\",\"urlTemplate\":\"https:\/\/portalmf.com.br\/?s={search_term_string}\"},\"query-input\":\"required name=search_term_string\"}],\"inLanguage\":\"pt-BR\"},{\"@type\":\"Person\",\"@id\":\"https:\/\/portalmf.com.br\/#\/schema\/person\/11c82086fe8abc05a19147e964587285\",\"name\":\"Reginaldo J\u00fanior\",\"image\":{\"@type\":\"ImageObject\",\"inLanguage\":\"pt-BR\",\"@id\":\"https:\/\/portalmf.com.br\/#\/schema\/person\/image\/\",\"url\":\"https:\/\/secure.gravatar.com\/avatar\/32a3c797cd0ac47cc53b8644c62776f9?s=96&d=mm&r=g\",\"contentUrl\":\"https:\/\/secure.gravatar.com\/avatar\/32a3c797cd0ac47cc53b8644c62776f9?s=96&d=mm&r=g\",\"caption\":\"Reginaldo J\u00fanior\"},\"description\":\"Jornalista e idealizador Portal MF\",\"sameAs\":[\"https:\/\/portalmf.com.br\/index.php\/author\/reginaldojr\/\",\"reginaldojrfsa\",\"reginaldojuniormf\",\"https:\/\/x.com\/reginaldojrmf\"],\"url\":\"https:\/\/portalmf.com.br\/index.php\/author\/reginaldojr\/\"}]}<\/script>\n<!-- \/ Yoast SEO plugin. -->","yoast_head_json":{"title":"Pr\u00e9-Caju voltar\u00e1 a acontecer em 2022, confira a programa\u00e7\u00e3o - Portal MF","robots":{"index":"index","follow":"follow","max-snippet":"max-snippet:-1","max-image-preview":"max-image-preview:large","max-video-preview":"max-video-preview:-1"},"canonical":"https:\/\/portalmf.com.br\/index.php\/2022\/08\/15\/pre-caju-voltara-a-acontecer-em-2022-confira-a-programacao\/","og_locale":"pt_BR","og_type":"article","og_title":"Pr\u00e9-Caju voltar\u00e1 a acontecer em 2022, confira a programa\u00e7\u00e3o - Portal MF","og_description":"&nbsp;O Pr\u00e9-Caju voltar\u00e1 a ser realizado em Aracaju e vai trazer entre as atra\u00e7\u00f5es Ivete Sangalo, L\u00e9o Santana, Cl\u00e1udia Leite, Saulo e \u00c9 o Tchan. A festa, que ocorre entre os dias 4 e 6 de novembro, na Orla de Atalaia, teve a programa\u00e7\u00e3o anunciada nesta segunda-feira (15), na prefeitura da capital. A pr\u00e9via carnavalesca, [&hellip;]","og_url":"https:\/\/portalmf.com.br\/index.php\/2022\/08\/15\/pre-caju-voltara-a-acontecer-em-2022-confira-a-programacao\/","og_site_name":"Portal MF","article_author":"reginaldojrfsa","article_published_time":"2022-08-15T19:46:29+00:00","article_modified_time":"2022-08-15T20:02:45+00:00","og_image":[{"width":1080,"height":692,"url":"https:\/\/portalmf.com.br\/wp-content\/uploads\/2022\/08\/precaju_2022.jpg","type":"image\/jpeg"}],"author":"Reginaldo J\u00fanior","twitter_card":"summary_large_image","twitter_creator":"@reginaldojrmf","twitter_misc":{"Escrito por":"Reginaldo J\u00fanior","Est. tempo de leitura":"2 minutos"},"schema":{"@context":"https:\/\/schema.org","@graph":[{"@type":"WebPage","@id":"https:\/\/portalmf.com.br\/index.php\/2022\/08\/15\/pre-caju-voltara-a-acontecer-em-2022-confira-a-programacao\/","url":"https:\/\/portalmf.com.br\/index.php\/2022\/08\/15\/pre-caju-voltara-a-acontecer-em-2022-confira-a-programacao\/","name":"Pr\u00e9-Caju voltar\u00e1 a acontecer em 2022, confira a programa\u00e7\u00e3o - Portal MF","isPartOf":{"@id":"https:\/\/portalmf.com.br\/#website"},"primaryImageOfPage":{"@id":"https:\/\/portalmf.com.br\/index.php\/2022\/08\/15\/pre-caju-voltara-a-acontecer-em-2022-confira-a-programacao\/#primaryimage"},"image":{"@id":"https:\/\/portalmf.com.br\/index.php\/2022\/08\/15\/pre-caju-voltara-a-acontecer-em-2022-confira-a-programacao\/#primaryimage"},"thumbnailUrl":"https:\/\/portalmf.com.br\/wp-content\/uploads\/2022\/08\/precaju_2022.jpg","datePublished":"2022-08-15T19:46:29+00:00","dateModified":"2022-08-15T20:02:45+00:00","author":{"@id":"https:\/\/portalmf.com.br\/#\/schema\/person\/11c82086fe8abc05a19147e964587285"},"breadcrumb":{"@id":"https:\/\/portalmf.com.br\/index.php\/2022\/08\/15\/pre-caju-voltara-a-acontecer-em-2022-confira-a-programacao\/#breadcrumb"},"inLanguage":"pt-BR","potentialAction":[{"@type":"ReadAction","target":["https:\/\/portalmf.com.br\/index.php\/2022\/08\/15\/pre-caju-voltara-a-acontecer-em-2022-confira-a-programacao\/"]}]},{"@type":"ImageObject","inLanguage":"pt-BR","@id":"https:\/\/portalmf.com.br\/index.php\/2022\/08\/15\/pre-caju-voltara-a-acontecer-em-2022-confira-a-programacao\/#primaryimage","url":"https:\/\/portalmf.com.br\/wp-content\/uploads\/2022\/08\/precaju_2022.jpg","contentUrl":"https:\/\/portalmf.com.br\/wp-content\/uploads\/2022\/08\/precaju_2022.jpg","width":1080,"height":692},{"@type":"BreadcrumbList","@id":"https:\/\/portalmf.com.br\/index.php\/2022\/08\/15\/pre-caju-voltara-a-acontecer-em-2022-confira-a-programacao\/#breadcrumb","itemListElement":[{"@type":"ListItem","position":1,"name":"In\u00edcio","item":"https:\/\/portalmf.com.br\/"},{"@type":"ListItem","position":2,"name":"Pr\u00e9-Caju voltar\u00e1 a acontecer em 2022, confira a programa\u00e7\u00e3o"}]},{"@type":"WebSite","@id":"https:\/\/portalmf.com.br\/#website","url":"https:\/\/portalmf.com.br\/","name":"Portal MF","description":"Voc\u00ea conectado com a informa\u00e7\u00e3o","potentialAction":[{"@type":"SearchAction","target":{"@type":"EntryPoint","urlTemplate":"https:\/\/portalmf.com.br\/?s={search_term_string}"},"query-input":"required name=search_term_string"}],"inLanguage":"pt-BR"},{"@type":"Person","@id":"https:\/\/portalmf.com.br\/#\/schema\/person\/11c82086fe8abc05a19147e964587285","name":"Reginaldo J\u00fanior","image":{"@type":"ImageObject","inLanguage":"pt-BR","@id":"https:\/\/portalmf.com.br\/#\/schema\/person\/image\/","url":"https:\/\/secure.gravatar.com\/avatar\/32a3c797cd0ac47cc53b8644c62776f9?s=96&d=mm&r=g","contentUrl":"https:\/\/secure.gravatar.com\/avatar\/32a3c797cd0ac47cc53b8644c62776f9?s=96&d=mm&r=g","caption":"Reginaldo J\u00fanior"},"description":"Jornalista e idealizador Portal MF","sameAs":["https:\/\/portalmf.com.br\/index.php\/author\/reginaldojr\/","reginaldojrfsa","reginaldojuniormf","https:\/\/x.com\/reginaldojrmf"],"url":"https:\/\/portalmf.com.br\/index.php\/author\/reginaldojr\/"}]}},"_links":{"self":[{"href":"https:\/\/portalmf.com.br\/index.php\/wp-json\/wp\/v2\/posts\/3067"}],"collection":[{"href":"https:\/\/portalmf.com.br\/index.php\/wp-json\/wp\/v2\/posts"}],"about":[{"href":"https:\/\/portalmf.com.br\/index.php\/wp-json\/wp\/v2\/types\/post"}],"author":[{"embeddable":true,"href":"https:\/\/portalmf.com.br\/index.php\/wp-json\/wp\/v2\/users\/2"}],"replies":[{"embeddable":true,"href":"https:\/\/portalmf.com.br\/index.php\/wp-json\/wp\/v2\/comments?post=3067"}],"version-history":[{"count":4,"href":"https:\/\/portalmf.com.br\/index.php\/wp-json\/wp\/v2\/posts\/3067\/revisions"}],"predecessor-version":[{"id":3075,"href":"https:\/\/portalmf.com.br\/index.php\/wp-json\/wp\/v2\/posts\/3067\/revisions\/3075"}],"wp:featuredmedia":[{"embeddable":true,"href":"https:\/\/portalmf.com.br\/index.php\/wp-json\/wp\/v2\/media\/3071"}],"wp:attachment":[{"href":"https:\/\/portalmf.com.br\/index.php\/wp-json\/wp\/v2\/media?parent=3067"}],"wp:term":[{"taxonomy":"category","embeddable":true,"href":"https:\/\/portalmf.com.br\/index.php\/wp-json\/wp\/v2\/categories?post=3067"},{"taxonomy":"post_tag","embeddable":true,"href":"https:\/\/portalmf.com.br\/index.php\/wp-json\/wp\/v2\/tags?post=3067"}],"curies":[{"name":"wp","href":"https:\/\/api.w.org\/{rel}","templated":true}]}}