{"id":30602,"date":"2024-10-11T14:31:37","date_gmt":"2024-10-11T17:31:37","guid":{"rendered":"https:\/\/portalmf.com.br\/?p=30602"},"modified":"2024-10-11T14:31:38","modified_gmt":"2024-10-11T17:31:38","slug":"evangelicos-foram-decisivos-para-eleicao-de-jose-ronaldo-avalia-deputado-jose-de-arimateia","status":"publish","type":"post","link":"https:\/\/portalmf.com.br\/index.php\/2024\/10\/11\/evangelicos-foram-decisivos-para-eleicao-de-jose-ronaldo-avalia-deputado-jose-de-arimateia\/","title":{"rendered":"\u201dEvang\u00e9licos foram decisivos para elei\u00e7\u00e3o de Jos\u00e9 Ronaldo\u201d, avalia deputado Jos\u00e9 de Arimateia"},"content":{"rendered":"\n<p>Prefeitur\u00e1vel na elei\u00e7\u00e3o municipal em 2020, a qual ficou em 3\u00ba lugar com mais de 14 mil votos, o deputado estadual Jos\u00e9 de Arimateia (Republicanos) considera \u201cdecisivo\u201d a participa\u00e7\u00e3o do segmento evang\u00e9lico no pleito do ultimo dia 06 de outubro, em Feira de Santana.<\/p>\n\n\n\n<p>Conforme o parlamentar, <em>\u201co apoio evang\u00e9lico foi fundamental para a vit\u00f3ria de Jos\u00e9 Ronaldo no 1\u00ba turno, assim como aconteceu h\u00e1 quatro anos na elei\u00e7\u00e3o de Colbert Martins no 2\u00ba turno. A diferen\u00e7a de votos, nos dois momentos, trazem estes dados \u00e0 tona.\u201d<\/em><\/p>\n\n\n\n<p>Em 2020, o deputado Arimateia acompanhou o segmento evang\u00e9lico, onde declarou apoio ao atual prefeito Colbert Martins no segundo turno das elei\u00e7\u00f5es. Este ano, o apoio se deu ao prefeito eleito Jos\u00e9 Ronaldo j\u00e1 no primeiro turno. Ainda segundo Jos\u00e9 de Arimateia, \u201cem um pleito polarizado, a dire\u00e7\u00e3o do segmento foi crucial na decis\u00e3o final.\u201d<\/p>\n","protected":false},"excerpt":{"rendered":"<p>Prefeitur\u00e1vel na elei\u00e7\u00e3o municipal em 2020, a qual ficou em 3\u00ba lugar com mais de 14 mil votos, o deputado estadual Jos\u00e9 de Arimateia (Republicanos) considera \u201cdecisivo\u201d a participa\u00e7\u00e3o do segmento evang\u00e9lico no pleito do ultimo dia 06 de outubro, em Feira de Santana. Conforme o parlamentar, \u201co apoio evang\u00e9lico foi fundamental para a vit\u00f3ria [&hellip;]<\/p>\n","protected":false},"author":3,"featured_media":30603,"comment_status":"open","ping_status":"open","sticky":false,"template":"","format":"standard","meta":{"_monsterinsights_skip_tracking":false,"_monsterinsights_sitenote_active":false,"_monsterinsights_sitenote_note":"","_monsterinsights_sitenote_category":0,"footnotes":""},"categories":[301,34],"tags":[],"yoast_head":"<!-- This site is optimized with the Yoast SEO plugin v22.9 - https:\/\/yoast.com\/wordpress\/plugins\/seo\/ -->\n<title>\u201dEvang\u00e9licos foram decisivos para elei\u00e7\u00e3o de Jos\u00e9 Ronaldo\u201d, avalia deputado Jos\u00e9 de Arimateia - Portal MF<\/title>\n<meta name=\"robots\" content=\"index, follow, max-snippet:-1, max-image-preview:large, max-video-preview:-1\" \/>\n<link rel=\"canonical\" href=\"https:\/\/portalmf.com.br\/index.php\/2024\/10\/11\/evangelicos-foram-decisivos-para-eleicao-de-jose-ronaldo-avalia-deputado-jose-de-arimateia\/\" \/>\n<meta property=\"og:locale\" content=\"pt_BR\" \/>\n<meta property=\"og:type\" content=\"article\" \/>\n<meta property=\"og:title\" content=\"\u201dEvang\u00e9licos foram decisivos para elei\u00e7\u00e3o de Jos\u00e9 Ronaldo\u201d, avalia deputado Jos\u00e9 de Arimateia - Portal MF\" \/>\n<meta property=\"og:description\" content=\"Prefeitur\u00e1vel na elei\u00e7\u00e3o municipal em 2020, a qual ficou em 3\u00ba lugar com mais de 14 mil votos, o deputado estadual Jos\u00e9 de Arimateia (Republicanos) considera \u201cdecisivo\u201d a participa\u00e7\u00e3o do segmento evang\u00e9lico no pleito do ultimo dia 06 de outubro, em Feira de Santana. Conforme o parlamentar, \u201co apoio evang\u00e9lico foi fundamental para a vit\u00f3ria [&hellip;]\" \/>\n<meta property=\"og:url\" content=\"https:\/\/portalmf.com.br\/index.php\/2024\/10\/11\/evangelicos-foram-decisivos-para-eleicao-de-jose-ronaldo-avalia-deputado-jose-de-arimateia\/\" \/>\n<meta property=\"og:site_name\" content=\"Portal MF\" \/>\n<meta property=\"article:author\" content=\"https:\/\/www.facebook.com\/portalmfoficial\" \/>\n<meta property=\"article:published_time\" content=\"2024-10-11T17:31:37+00:00\" \/>\n<meta property=\"article:modified_time\" content=\"2024-10-11T17:31:38+00:00\" \/>\n<meta property=\"og:image\" content=\"https:\/\/portalmf.com.br\/wp-content\/uploads\/2024\/10\/Jose-de-Arimateia.jpg\" \/>\n\t<meta property=\"og:image:width\" content=\"1601\" \/>\n\t<meta property=\"og:image:height\" content=\"1507\" \/>\n\t<meta property=\"og:image:type\" content=\"image\/jpeg\" \/>\n<meta name=\"author\" content=\"Reda\u00e7\u00e3o Portal MF\" \/>\n<meta name=\"twitter:card\" content=\"summary_large_image\" \/>\n<meta name=\"twitter:creator\" content=\"@https:\/\/x.com\/portalmfoficial\" \/>\n<meta name=\"twitter:label1\" content=\"Escrito por\" \/>\n\t<meta name=\"twitter:data1\" content=\"Reda\u00e7\u00e3o Portal MF\" \/>\n\t<meta name=\"twitter:label2\" content=\"Est. tempo de leitura\" \/>\n\t<meta name=\"twitter:data2\" content=\"1 minuto\" \/>\n<script type=\"application\/ld+json\" class=\"yoast-schema-graph\">{\"@context\":\"https:\/\/schema.org\",\"@graph\":[{\"@type\":\"WebPage\",\"@id\":\"https:\/\/portalmf.com.br\/index.php\/2024\/10\/11\/evangelicos-foram-decisivos-para-eleicao-de-jose-ronaldo-avalia-deputado-jose-de-arimateia\/\",\"url\":\"https:\/\/portalmf.com.br\/index.php\/2024\/10\/11\/evangelicos-foram-decisivos-para-eleicao-de-jose-ronaldo-avalia-deputado-jose-de-arimateia\/\",\"name\":\"\u201dEvang\u00e9licos foram decisivos para elei\u00e7\u00e3o de Jos\u00e9 Ronaldo\u201d, avalia deputado Jos\u00e9 de Arimateia - Portal MF\",\"isPartOf\":{\"@id\":\"https:\/\/portalmf.com.br\/#website\"},\"primaryImageOfPage\":{\"@id\":\"https:\/\/portalmf.com.br\/index.php\/2024\/10\/11\/evangelicos-foram-decisivos-para-eleicao-de-jose-ronaldo-avalia-deputado-jose-de-arimateia\/#primaryimage\"},\"image\":{\"@id\":\"https:\/\/portalmf.com.br\/index.php\/2024\/10\/11\/evangelicos-foram-decisivos-para-eleicao-de-jose-ronaldo-avalia-deputado-jose-de-arimateia\/#primaryimage\"},\"thumbnailUrl\":\"https:\/\/portalmf.com.br\/wp-content\/uploads\/2024\/10\/Jose-de-Arimateia.jpg\",\"datePublished\":\"2024-10-11T17:31:37+00:00\",\"dateModified\":\"2024-10-11T17:31:38+00:00\",\"author\":{\"@id\":\"https:\/\/portalmf.com.br\/#\/schema\/person\/9ec101baf56233e53520c26de5d6f6f0\"},\"breadcrumb\":{\"@id\":\"https:\/\/portalmf.com.br\/index.php\/2024\/10\/11\/evangelicos-foram-decisivos-para-eleicao-de-jose-ronaldo-avalia-deputado-jose-de-arimateia\/#breadcrumb\"},\"inLanguage\":\"pt-BR\",\"potentialAction\":[{\"@type\":\"ReadAction\",\"target\":[\"https:\/\/portalmf.com.br\/index.php\/2024\/10\/11\/evangelicos-foram-decisivos-para-eleicao-de-jose-ronaldo-avalia-deputado-jose-de-arimateia\/\"]}]},{\"@type\":\"ImageObject\",\"inLanguage\":\"pt-BR\",\"@id\":\"https:\/\/portalmf.com.br\/index.php\/2024\/10\/11\/evangelicos-foram-decisivos-para-eleicao-de-jose-ronaldo-avalia-deputado-jose-de-arimateia\/#primaryimage\",\"url\":\"https:\/\/portalmf.com.br\/wp-content\/uploads\/2024\/10\/Jose-de-Arimateia.jpg\",\"contentUrl\":\"https:\/\/portalmf.com.br\/wp-content\/uploads\/2024\/10\/Jose-de-Arimateia.jpg\",\"width\":1601,\"height\":1507},{\"@type\":\"BreadcrumbList\",\"@id\":\"https:\/\/portalmf.com.br\/index.php\/2024\/10\/11\/evangelicos-foram-decisivos-para-eleicao-de-jose-ronaldo-avalia-deputado-jose-de-arimateia\/#breadcrumb\",\"itemListElement\":[{\"@type\":\"ListItem\",\"position\":1,\"name\":\"In\u00edcio\",\"item\":\"https:\/\/portalmf.com.br\/\"},{\"@type\":\"ListItem\",\"position\":2,\"name\":\"\u201dEvang\u00e9licos foram decisivos para elei\u00e7\u00e3o de Jos\u00e9 Ronaldo\u201d, avalia deputado Jos\u00e9 de Arimateia\"}]},{\"@type\":\"WebSite\",\"@id\":\"https:\/\/portalmf.com.br\/#website\",\"url\":\"https:\/\/portalmf.com.br\/\",\"name\":\"Portal MF\",\"description\":\"Voc\u00ea conectado com a informa\u00e7\u00e3o\",\"potentialAction\":[{\"@type\":\"SearchAction\",\"target\":{\"@type\":\"EntryPoint\",\"urlTemplate\":\"https:\/\/portalmf.com.br\/?s={search_term_string}\"},\"query-input\":\"required name=search_term_string\"}],\"inLanguage\":\"pt-BR\"},{\"@type\":\"Person\",\"@id\":\"https:\/\/portalmf.com.br\/#\/schema\/person\/9ec101baf56233e53520c26de5d6f6f0\",\"name\":\"Reda\u00e7\u00e3o Portal MF\",\"image\":{\"@type\":\"ImageObject\",\"inLanguage\":\"pt-BR\",\"@id\":\"https:\/\/portalmf.com.br\/#\/schema\/person\/image\/\",\"url\":\"https:\/\/secure.gravatar.com\/avatar\/41b9aaeb2100835f7c64362330f74c7f?s=96&d=mm&r=g\",\"contentUrl\":\"https:\/\/secure.gravatar.com\/avatar\/41b9aaeb2100835f7c64362330f74c7f?s=96&d=mm&r=g\",\"caption\":\"Reda\u00e7\u00e3o Portal MF\"},\"description\":\"Sejam bem-vindos o portal de informa\u00e7\u00f5es de entretenimento de Feira de Santana, desde 2006 realiza coberturas dos principais eventos com entrevistas exclusivas com as principais personalidades mundiais. Fique conectado tamb\u00e9m nas redes sociais.\",\"sameAs\":[\"http:\/\/www.portalmf.com.br\/\",\"https:\/\/www.facebook.com\/portalmfoficial\",\"https:\/\/www.instagram.com\/portalmf\/\",\"https:\/\/x.com\/https:\/\/x.com\/portalmfoficial\",\"https:\/\/www.youtube.com\/@portalmfoficial\"],\"url\":\"https:\/\/portalmf.com.br\/index.php\/author\/junior\/\"}]}<\/script>\n<!-- \/ Yoast SEO plugin. -->","yoast_head_json":{"title":"\u201dEvang\u00e9licos foram decisivos para elei\u00e7\u00e3o de Jos\u00e9 Ronaldo\u201d, avalia deputado Jos\u00e9 de Arimateia - Portal MF","robots":{"index":"index","follow":"follow","max-snippet":"max-snippet:-1","max-image-preview":"max-image-preview:large","max-video-preview":"max-video-preview:-1"},"canonical":"https:\/\/portalmf.com.br\/index.php\/2024\/10\/11\/evangelicos-foram-decisivos-para-eleicao-de-jose-ronaldo-avalia-deputado-jose-de-arimateia\/","og_locale":"pt_BR","og_type":"article","og_title":"\u201dEvang\u00e9licos foram decisivos para elei\u00e7\u00e3o de Jos\u00e9 Ronaldo\u201d, avalia deputado Jos\u00e9 de Arimateia - Portal MF","og_description":"Prefeitur\u00e1vel na elei\u00e7\u00e3o municipal em 2020, a qual ficou em 3\u00ba lugar com mais de 14 mil votos, o deputado estadual Jos\u00e9 de Arimateia (Republicanos) considera \u201cdecisivo\u201d a participa\u00e7\u00e3o do segmento evang\u00e9lico no pleito do ultimo dia 06 de outubro, em Feira de Santana. Conforme o parlamentar, \u201co apoio evang\u00e9lico foi fundamental para a vit\u00f3ria [&hellip;]","og_url":"https:\/\/portalmf.com.br\/index.php\/2024\/10\/11\/evangelicos-foram-decisivos-para-eleicao-de-jose-ronaldo-avalia-deputado-jose-de-arimateia\/","og_site_name":"Portal MF","article_author":"https:\/\/www.facebook.com\/portalmfoficial","article_published_time":"2024-10-11T17:31:37+00:00","article_modified_time":"2024-10-11T17:31:38+00:00","og_image":[{"width":1601,"height":1507,"url":"https:\/\/portalmf.com.br\/wp-content\/uploads\/2024\/10\/Jose-de-Arimateia.jpg","type":"image\/jpeg"}],"author":"Reda\u00e7\u00e3o Portal MF","twitter_card":"summary_large_image","twitter_creator":"@https:\/\/x.com\/portalmfoficial","twitter_misc":{"Escrito por":"Reda\u00e7\u00e3o Portal MF","Est. tempo de leitura":"1 minuto"},"schema":{"@context":"https:\/\/schema.org","@graph":[{"@type":"WebPage","@id":"https:\/\/portalmf.com.br\/index.php\/2024\/10\/11\/evangelicos-foram-decisivos-para-eleicao-de-jose-ronaldo-avalia-deputado-jose-de-arimateia\/","url":"https:\/\/portalmf.com.br\/index.php\/2024\/10\/11\/evangelicos-foram-decisivos-para-eleicao-de-jose-ronaldo-avalia-deputado-jose-de-arimateia\/","name":"\u201dEvang\u00e9licos foram decisivos para elei\u00e7\u00e3o de Jos\u00e9 Ronaldo\u201d, avalia deputado Jos\u00e9 de Arimateia - Portal MF","isPartOf":{"@id":"https:\/\/portalmf.com.br\/#website"},"primaryImageOfPage":{"@id":"https:\/\/portalmf.com.br\/index.php\/2024\/10\/11\/evangelicos-foram-decisivos-para-eleicao-de-jose-ronaldo-avalia-deputado-jose-de-arimateia\/#primaryimage"},"image":{"@id":"https:\/\/portalmf.com.br\/index.php\/2024\/10\/11\/evangelicos-foram-decisivos-para-eleicao-de-jose-ronaldo-avalia-deputado-jose-de-arimateia\/#primaryimage"},"thumbnailUrl":"https:\/\/portalmf.com.br\/wp-content\/uploads\/2024\/10\/Jose-de-Arimateia.jpg","datePublished":"2024-10-11T17:31:37+00:00","dateModified":"2024-10-11T17:31:38+00:00","author":{"@id":"https:\/\/portalmf.com.br\/#\/schema\/person\/9ec101baf56233e53520c26de5d6f6f0"},"breadcrumb":{"@id":"https:\/\/portalmf.com.br\/index.php\/2024\/10\/11\/evangelicos-foram-decisivos-para-eleicao-de-jose-ronaldo-avalia-deputado-jose-de-arimateia\/#breadcrumb"},"inLanguage":"pt-BR","potentialAction":[{"@type":"ReadAction","target":["https:\/\/portalmf.com.br\/index.php\/2024\/10\/11\/evangelicos-foram-decisivos-para-eleicao-de-jose-ronaldo-avalia-deputado-jose-de-arimateia\/"]}]},{"@type":"ImageObject","inLanguage":"pt-BR","@id":"https:\/\/portalmf.com.br\/index.php\/2024\/10\/11\/evangelicos-foram-decisivos-para-eleicao-de-jose-ronaldo-avalia-deputado-jose-de-arimateia\/#primaryimage","url":"https:\/\/portalmf.com.br\/wp-content\/uploads\/2024\/10\/Jose-de-Arimateia.jpg","contentUrl":"https:\/\/portalmf.com.br\/wp-content\/uploads\/2024\/10\/Jose-de-Arimateia.jpg","width":1601,"height":1507},{"@type":"BreadcrumbList","@id":"https:\/\/portalmf.com.br\/index.php\/2024\/10\/11\/evangelicos-foram-decisivos-para-eleicao-de-jose-ronaldo-avalia-deputado-jose-de-arimateia\/#breadcrumb","itemListElement":[{"@type":"ListItem","position":1,"name":"In\u00edcio","item":"https:\/\/portalmf.com.br\/"},{"@type":"ListItem","position":2,"name":"\u201dEvang\u00e9licos foram decisivos para elei\u00e7\u00e3o de Jos\u00e9 Ronaldo\u201d, avalia deputado Jos\u00e9 de Arimateia"}]},{"@type":"WebSite","@id":"https:\/\/portalmf.com.br\/#website","url":"https:\/\/portalmf.com.br\/","name":"Portal MF","description":"Voc\u00ea conectado com a informa\u00e7\u00e3o","potentialAction":[{"@type":"SearchAction","target":{"@type":"EntryPoint","urlTemplate":"https:\/\/portalmf.com.br\/?s={search_term_string}"},"query-input":"required name=search_term_string"}],"inLanguage":"pt-BR"},{"@type":"Person","@id":"https:\/\/portalmf.com.br\/#\/schema\/person\/9ec101baf56233e53520c26de5d6f6f0","name":"Reda\u00e7\u00e3o Portal MF","image":{"@type":"ImageObject","inLanguage":"pt-BR","@id":"https:\/\/portalmf.com.br\/#\/schema\/person\/image\/","url":"https:\/\/secure.gravatar.com\/avatar\/41b9aaeb2100835f7c64362330f74c7f?s=96&d=mm&r=g","contentUrl":"https:\/\/secure.gravatar.com\/avatar\/41b9aaeb2100835f7c64362330f74c7f?s=96&d=mm&r=g","caption":"Reda\u00e7\u00e3o Portal MF"},"description":"Sejam bem-vindos o portal de informa\u00e7\u00f5es de entretenimento de Feira de Santana, desde 2006 realiza coberturas dos principais eventos com entrevistas exclusivas com as principais personalidades mundiais. Fique conectado tamb\u00e9m nas redes sociais.","sameAs":["http:\/\/www.portalmf.com.br\/","https:\/\/www.facebook.com\/portalmfoficial","https:\/\/www.instagram.com\/portalmf\/","https:\/\/x.com\/https:\/\/x.com\/portalmfoficial","https:\/\/www.youtube.com\/@portalmfoficial"],"url":"https:\/\/portalmf.com.br\/index.php\/author\/junior\/"}]}},"_links":{"self":[{"href":"https:\/\/portalmf.com.br\/index.php\/wp-json\/wp\/v2\/posts\/30602"}],"collection":[{"href":"https:\/\/portalmf.com.br\/index.php\/wp-json\/wp\/v2\/posts"}],"about":[{"href":"https:\/\/portalmf.com.br\/index.php\/wp-json\/wp\/v2\/types\/post"}],"author":[{"embeddable":true,"href":"https:\/\/portalmf.com.br\/index.php\/wp-json\/wp\/v2\/users\/3"}],"replies":[{"embeddable":true,"href":"https:\/\/portalmf.com.br\/index.php\/wp-json\/wp\/v2\/comments?post=30602"}],"version-history":[{"count":1,"href":"https:\/\/portalmf.com.br\/index.php\/wp-json\/wp\/v2\/posts\/30602\/revisions"}],"predecessor-version":[{"id":30604,"href":"https:\/\/portalmf.com.br\/index.php\/wp-json\/wp\/v2\/posts\/30602\/revisions\/30604"}],"wp:featuredmedia":[{"embeddable":true,"href":"https:\/\/portalmf.com.br\/index.php\/wp-json\/wp\/v2\/media\/30603"}],"wp:attachment":[{"href":"https:\/\/portalmf.com.br\/index.php\/wp-json\/wp\/v2\/media?parent=30602"}],"wp:term":[{"taxonomy":"category","embeddable":true,"href":"https:\/\/portalmf.com.br\/index.php\/wp-json\/wp\/v2\/categories?post=30602"},{"taxonomy":"post_tag","embeddable":true,"href":"https:\/\/portalmf.com.br\/index.php\/wp-json\/wp\/v2\/tags?post=30602"}],"curies":[{"name":"wp","href":"https:\/\/api.w.org\/{rel}","templated":true}]}}