{"id":30519,"date":"2024-10-07T23:33:08","date_gmt":"2024-10-08T02:33:08","guid":{"rendered":"https:\/\/portalmf.com.br\/?p=30519"},"modified":"2024-10-09T23:36:32","modified_gmt":"2024-10-10T02:36:32","slug":"mauro-vieira-e-reeleito-com-uma-das-maiores-votacoes-da-bahia","status":"publish","type":"post","link":"https:\/\/portalmf.com.br\/index.php\/2024\/10\/07\/mauro-vieira-e-reeleito-com-uma-das-maiores-votacoes-da-bahia\/","title":{"rendered":"Mauro Vieira \u00e9 reeleito com uma das maiores vota\u00e7\u00f5es da Bahia"},"content":{"rendered":"\n<p>O prefeito de Anguera, Mauro Vieira, foi reeleito neste domingo (6), com uma expressiva vit\u00f3ria, alcan\u00e7ando 85% dos votos v\u00e1lidos, uma das maiores margens eleitorais da Bahia. O resultado das urnas consolidou a confian\u00e7a da popula\u00e7\u00e3o em sua gest\u00e3o, que busca continuar o mandato que mais fez por Anguera.<\/p>\n\n\n\n<p>Com essa vit\u00f3ria esmagadora, Mauro Vieira reafirma seu compromisso com o futuro da cidade e agradece calorosamente aos eleitores. <em>\u201cA vit\u00f3ria de hoje n\u00e3o \u00e9 apenas minha, \u00e9 da nossa cidade. Cada voto representa a confian\u00e7a no trabalho que fizemos e no que ainda podemos realizar juntos. O que constru\u00edmos at\u00e9 aqui \u00e9 apenas o come\u00e7o, e Anguera pode esperar ainda mais avan\u00e7os nos pr\u00f3ximos anos\u201d, <\/em>disse.<\/p>\n\n\n\n<p>O prefeito tamb\u00e9m aproveitou o momento para ressaltar o papel fundamental de sua equipe e da popula\u00e7\u00e3o na constru\u00e7\u00e3o de um governo participativo: <em>\u201cNingu\u00e9m faz nada sozinho. Essa vit\u00f3ria \u00e9 fruto de muito di\u00e1logo, do apoio da minha equipe e da colabora\u00e7\u00e3o de cada cidad\u00e3o que acredita no nosso projeto para Anguera. Agrade\u00e7o imensamente a todos que caminharam ao meu lado e confio que, juntos, continuaremos levando nossa cidade ao progresso\u201d.<\/em><\/p>\n\n\n\n<p>Nos \u00faltimos quatro anos, Mauro Vieira conseguiu reverter importantes quest\u00f5es sociais e econ\u00f4micas na cidade. Ele destacou que a continuidade de seu governo trar\u00e1 novas oportunidades e projetos para todas as \u00e1reas, garantindo mais qualidade de vida para a popula\u00e7\u00e3o de Anguera.<\/p>\n\n\n\n<p>Com informa\u00e7\u00f5es da ASCOM\/ Anguera<\/p>\n","protected":false},"excerpt":{"rendered":"<p>O prefeito de Anguera, Mauro Vieira, foi reeleito neste domingo (6), com uma expressiva vit\u00f3ria, alcan\u00e7ando 85% dos votos v\u00e1lidos, uma das maiores margens eleitorais da Bahia. O resultado das urnas consolidou a confian\u00e7a da popula\u00e7\u00e3o em sua gest\u00e3o, que busca continuar o mandato que mais fez por Anguera. Com essa vit\u00f3ria esmagadora, Mauro Vieira [&hellip;]<\/p>\n","protected":false},"author":3,"featured_media":30520,"comment_status":"open","ping_status":"open","sticky":false,"template":"","format":"standard","meta":{"_monsterinsights_skip_tracking":false,"_monsterinsights_sitenote_active":false,"_monsterinsights_sitenote_note":"","_monsterinsights_sitenote_category":0,"footnotes":""},"categories":[301,34],"tags":[],"yoast_head":"<!-- This site is optimized with the Yoast SEO plugin v22.9 - https:\/\/yoast.com\/wordpress\/plugins\/seo\/ -->\n<title>Mauro Vieira \u00e9 reeleito com uma das maiores vota\u00e7\u00f5es da Bahia - Portal MF<\/title>\n<meta name=\"robots\" content=\"index, follow, max-snippet:-1, max-image-preview:large, max-video-preview:-1\" \/>\n<link rel=\"canonical\" href=\"https:\/\/portalmf.com.br\/index.php\/2024\/10\/07\/mauro-vieira-e-reeleito-com-uma-das-maiores-votacoes-da-bahia\/\" \/>\n<meta property=\"og:locale\" content=\"pt_BR\" \/>\n<meta property=\"og:type\" content=\"article\" \/>\n<meta property=\"og:title\" content=\"Mauro Vieira \u00e9 reeleito com uma das maiores vota\u00e7\u00f5es da Bahia - Portal MF\" \/>\n<meta property=\"og:description\" content=\"O prefeito de Anguera, Mauro Vieira, foi reeleito neste domingo (6), com uma expressiva vit\u00f3ria, alcan\u00e7ando 85% dos votos v\u00e1lidos, uma das maiores margens eleitorais da Bahia. O resultado das urnas consolidou a confian\u00e7a da popula\u00e7\u00e3o em sua gest\u00e3o, que busca continuar o mandato que mais fez por Anguera. Com essa vit\u00f3ria esmagadora, Mauro Vieira [&hellip;]\" \/>\n<meta property=\"og:url\" content=\"https:\/\/portalmf.com.br\/index.php\/2024\/10\/07\/mauro-vieira-e-reeleito-com-uma-das-maiores-votacoes-da-bahia\/\" \/>\n<meta property=\"og:site_name\" content=\"Portal MF\" \/>\n<meta property=\"article:author\" content=\"https:\/\/www.facebook.com\/portalmfoficial\" \/>\n<meta property=\"article:published_time\" content=\"2024-10-08T02:33:08+00:00\" \/>\n<meta property=\"article:modified_time\" content=\"2024-10-10T02:36:32+00:00\" \/>\n<meta property=\"og:image\" content=\"https:\/\/portalmf.com.br\/wp-content\/uploads\/2024\/10\/MAURO-VIEIRA.jpg\" \/>\n\t<meta property=\"og:image:width\" content=\"1200\" \/>\n\t<meta property=\"og:image:height\" content=\"1081\" \/>\n\t<meta property=\"og:image:type\" content=\"image\/jpeg\" \/>\n<meta name=\"author\" content=\"Reda\u00e7\u00e3o Portal MF\" \/>\n<meta name=\"twitter:card\" content=\"summary_large_image\" \/>\n<meta name=\"twitter:creator\" content=\"@https:\/\/x.com\/portalmfoficial\" \/>\n<meta name=\"twitter:label1\" content=\"Escrito por\" \/>\n\t<meta name=\"twitter:data1\" content=\"Reda\u00e7\u00e3o Portal MF\" \/>\n\t<meta name=\"twitter:label2\" content=\"Est. tempo de leitura\" \/>\n\t<meta name=\"twitter:data2\" content=\"2 minutos\" \/>\n<script type=\"application\/ld+json\" class=\"yoast-schema-graph\">{\"@context\":\"https:\/\/schema.org\",\"@graph\":[{\"@type\":\"WebPage\",\"@id\":\"https:\/\/portalmf.com.br\/index.php\/2024\/10\/07\/mauro-vieira-e-reeleito-com-uma-das-maiores-votacoes-da-bahia\/\",\"url\":\"https:\/\/portalmf.com.br\/index.php\/2024\/10\/07\/mauro-vieira-e-reeleito-com-uma-das-maiores-votacoes-da-bahia\/\",\"name\":\"Mauro Vieira \u00e9 reeleito com uma das maiores vota\u00e7\u00f5es da Bahia - Portal MF\",\"isPartOf\":{\"@id\":\"https:\/\/portalmf.com.br\/#website\"},\"primaryImageOfPage\":{\"@id\":\"https:\/\/portalmf.com.br\/index.php\/2024\/10\/07\/mauro-vieira-e-reeleito-com-uma-das-maiores-votacoes-da-bahia\/#primaryimage\"},\"image\":{\"@id\":\"https:\/\/portalmf.com.br\/index.php\/2024\/10\/07\/mauro-vieira-e-reeleito-com-uma-das-maiores-votacoes-da-bahia\/#primaryimage\"},\"thumbnailUrl\":\"https:\/\/portalmf.com.br\/wp-content\/uploads\/2024\/10\/MAURO-VIEIRA.jpg\",\"datePublished\":\"2024-10-08T02:33:08+00:00\",\"dateModified\":\"2024-10-10T02:36:32+00:00\",\"author\":{\"@id\":\"https:\/\/portalmf.com.br\/#\/schema\/person\/9ec101baf56233e53520c26de5d6f6f0\"},\"breadcrumb\":{\"@id\":\"https:\/\/portalmf.com.br\/index.php\/2024\/10\/07\/mauro-vieira-e-reeleito-com-uma-das-maiores-votacoes-da-bahia\/#breadcrumb\"},\"inLanguage\":\"pt-BR\",\"potentialAction\":[{\"@type\":\"ReadAction\",\"target\":[\"https:\/\/portalmf.com.br\/index.php\/2024\/10\/07\/mauro-vieira-e-reeleito-com-uma-das-maiores-votacoes-da-bahia\/\"]}]},{\"@type\":\"ImageObject\",\"inLanguage\":\"pt-BR\",\"@id\":\"https:\/\/portalmf.com.br\/index.php\/2024\/10\/07\/mauro-vieira-e-reeleito-com-uma-das-maiores-votacoes-da-bahia\/#primaryimage\",\"url\":\"https:\/\/portalmf.com.br\/wp-content\/uploads\/2024\/10\/MAURO-VIEIRA.jpg\",\"contentUrl\":\"https:\/\/portalmf.com.br\/wp-content\/uploads\/2024\/10\/MAURO-VIEIRA.jpg\",\"width\":1200,\"height\":1081},{\"@type\":\"BreadcrumbList\",\"@id\":\"https:\/\/portalmf.com.br\/index.php\/2024\/10\/07\/mauro-vieira-e-reeleito-com-uma-das-maiores-votacoes-da-bahia\/#breadcrumb\",\"itemListElement\":[{\"@type\":\"ListItem\",\"position\":1,\"name\":\"In\u00edcio\",\"item\":\"https:\/\/portalmf.com.br\/\"},{\"@type\":\"ListItem\",\"position\":2,\"name\":\"Mauro Vieira \u00e9 reeleito com uma das maiores vota\u00e7\u00f5es da Bahia\"}]},{\"@type\":\"WebSite\",\"@id\":\"https:\/\/portalmf.com.br\/#website\",\"url\":\"https:\/\/portalmf.com.br\/\",\"name\":\"Portal MF\",\"description\":\"Voc\u00ea conectado com a informa\u00e7\u00e3o\",\"potentialAction\":[{\"@type\":\"SearchAction\",\"target\":{\"@type\":\"EntryPoint\",\"urlTemplate\":\"https:\/\/portalmf.com.br\/?s={search_term_string}\"},\"query-input\":\"required name=search_term_string\"}],\"inLanguage\":\"pt-BR\"},{\"@type\":\"Person\",\"@id\":\"https:\/\/portalmf.com.br\/#\/schema\/person\/9ec101baf56233e53520c26de5d6f6f0\",\"name\":\"Reda\u00e7\u00e3o Portal MF\",\"image\":{\"@type\":\"ImageObject\",\"inLanguage\":\"pt-BR\",\"@id\":\"https:\/\/portalmf.com.br\/#\/schema\/person\/image\/\",\"url\":\"https:\/\/secure.gravatar.com\/avatar\/41b9aaeb2100835f7c64362330f74c7f?s=96&d=mm&r=g\",\"contentUrl\":\"https:\/\/secure.gravatar.com\/avatar\/41b9aaeb2100835f7c64362330f74c7f?s=96&d=mm&r=g\",\"caption\":\"Reda\u00e7\u00e3o Portal MF\"},\"description\":\"Sejam bem-vindos o portal de informa\u00e7\u00f5es de entretenimento de Feira de Santana, desde 2006 realiza coberturas dos principais eventos com entrevistas exclusivas com as principais personalidades mundiais. Fique conectado tamb\u00e9m nas redes sociais.\",\"sameAs\":[\"http:\/\/www.portalmf.com.br\/\",\"https:\/\/www.facebook.com\/portalmfoficial\",\"https:\/\/www.instagram.com\/portalmf\/\",\"https:\/\/x.com\/https:\/\/x.com\/portalmfoficial\",\"https:\/\/www.youtube.com\/@portalmfoficial\"],\"url\":\"https:\/\/portalmf.com.br\/index.php\/author\/junior\/\"}]}<\/script>\n<!-- \/ Yoast SEO plugin. -->","yoast_head_json":{"title":"Mauro Vieira \u00e9 reeleito com uma das maiores vota\u00e7\u00f5es da Bahia - Portal MF","robots":{"index":"index","follow":"follow","max-snippet":"max-snippet:-1","max-image-preview":"max-image-preview:large","max-video-preview":"max-video-preview:-1"},"canonical":"https:\/\/portalmf.com.br\/index.php\/2024\/10\/07\/mauro-vieira-e-reeleito-com-uma-das-maiores-votacoes-da-bahia\/","og_locale":"pt_BR","og_type":"article","og_title":"Mauro Vieira \u00e9 reeleito com uma das maiores vota\u00e7\u00f5es da Bahia - Portal MF","og_description":"O prefeito de Anguera, Mauro Vieira, foi reeleito neste domingo (6), com uma expressiva vit\u00f3ria, alcan\u00e7ando 85% dos votos v\u00e1lidos, uma das maiores margens eleitorais da Bahia. O resultado das urnas consolidou a confian\u00e7a da popula\u00e7\u00e3o em sua gest\u00e3o, que busca continuar o mandato que mais fez por Anguera. Com essa vit\u00f3ria esmagadora, Mauro Vieira [&hellip;]","og_url":"https:\/\/portalmf.com.br\/index.php\/2024\/10\/07\/mauro-vieira-e-reeleito-com-uma-das-maiores-votacoes-da-bahia\/","og_site_name":"Portal MF","article_author":"https:\/\/www.facebook.com\/portalmfoficial","article_published_time":"2024-10-08T02:33:08+00:00","article_modified_time":"2024-10-10T02:36:32+00:00","og_image":[{"width":1200,"height":1081,"url":"https:\/\/portalmf.com.br\/wp-content\/uploads\/2024\/10\/MAURO-VIEIRA.jpg","type":"image\/jpeg"}],"author":"Reda\u00e7\u00e3o Portal MF","twitter_card":"summary_large_image","twitter_creator":"@https:\/\/x.com\/portalmfoficial","twitter_misc":{"Escrito por":"Reda\u00e7\u00e3o Portal MF","Est. tempo de leitura":"2 minutos"},"schema":{"@context":"https:\/\/schema.org","@graph":[{"@type":"WebPage","@id":"https:\/\/portalmf.com.br\/index.php\/2024\/10\/07\/mauro-vieira-e-reeleito-com-uma-das-maiores-votacoes-da-bahia\/","url":"https:\/\/portalmf.com.br\/index.php\/2024\/10\/07\/mauro-vieira-e-reeleito-com-uma-das-maiores-votacoes-da-bahia\/","name":"Mauro Vieira \u00e9 reeleito com uma das maiores vota\u00e7\u00f5es da Bahia - Portal MF","isPartOf":{"@id":"https:\/\/portalmf.com.br\/#website"},"primaryImageOfPage":{"@id":"https:\/\/portalmf.com.br\/index.php\/2024\/10\/07\/mauro-vieira-e-reeleito-com-uma-das-maiores-votacoes-da-bahia\/#primaryimage"},"image":{"@id":"https:\/\/portalmf.com.br\/index.php\/2024\/10\/07\/mauro-vieira-e-reeleito-com-uma-das-maiores-votacoes-da-bahia\/#primaryimage"},"thumbnailUrl":"https:\/\/portalmf.com.br\/wp-content\/uploads\/2024\/10\/MAURO-VIEIRA.jpg","datePublished":"2024-10-08T02:33:08+00:00","dateModified":"2024-10-10T02:36:32+00:00","author":{"@id":"https:\/\/portalmf.com.br\/#\/schema\/person\/9ec101baf56233e53520c26de5d6f6f0"},"breadcrumb":{"@id":"https:\/\/portalmf.com.br\/index.php\/2024\/10\/07\/mauro-vieira-e-reeleito-com-uma-das-maiores-votacoes-da-bahia\/#breadcrumb"},"inLanguage":"pt-BR","potentialAction":[{"@type":"ReadAction","target":["https:\/\/portalmf.com.br\/index.php\/2024\/10\/07\/mauro-vieira-e-reeleito-com-uma-das-maiores-votacoes-da-bahia\/"]}]},{"@type":"ImageObject","inLanguage":"pt-BR","@id":"https:\/\/portalmf.com.br\/index.php\/2024\/10\/07\/mauro-vieira-e-reeleito-com-uma-das-maiores-votacoes-da-bahia\/#primaryimage","url":"https:\/\/portalmf.com.br\/wp-content\/uploads\/2024\/10\/MAURO-VIEIRA.jpg","contentUrl":"https:\/\/portalmf.com.br\/wp-content\/uploads\/2024\/10\/MAURO-VIEIRA.jpg","width":1200,"height":1081},{"@type":"BreadcrumbList","@id":"https:\/\/portalmf.com.br\/index.php\/2024\/10\/07\/mauro-vieira-e-reeleito-com-uma-das-maiores-votacoes-da-bahia\/#breadcrumb","itemListElement":[{"@type":"ListItem","position":1,"name":"In\u00edcio","item":"https:\/\/portalmf.com.br\/"},{"@type":"ListItem","position":2,"name":"Mauro Vieira \u00e9 reeleito com uma das maiores vota\u00e7\u00f5es da Bahia"}]},{"@type":"WebSite","@id":"https:\/\/portalmf.com.br\/#website","url":"https:\/\/portalmf.com.br\/","name":"Portal MF","description":"Voc\u00ea conectado com a informa\u00e7\u00e3o","potentialAction":[{"@type":"SearchAction","target":{"@type":"EntryPoint","urlTemplate":"https:\/\/portalmf.com.br\/?s={search_term_string}"},"query-input":"required name=search_term_string"}],"inLanguage":"pt-BR"},{"@type":"Person","@id":"https:\/\/portalmf.com.br\/#\/schema\/person\/9ec101baf56233e53520c26de5d6f6f0","name":"Reda\u00e7\u00e3o Portal MF","image":{"@type":"ImageObject","inLanguage":"pt-BR","@id":"https:\/\/portalmf.com.br\/#\/schema\/person\/image\/","url":"https:\/\/secure.gravatar.com\/avatar\/41b9aaeb2100835f7c64362330f74c7f?s=96&d=mm&r=g","contentUrl":"https:\/\/secure.gravatar.com\/avatar\/41b9aaeb2100835f7c64362330f74c7f?s=96&d=mm&r=g","caption":"Reda\u00e7\u00e3o Portal MF"},"description":"Sejam bem-vindos o portal de informa\u00e7\u00f5es de entretenimento de Feira de Santana, desde 2006 realiza coberturas dos principais eventos com entrevistas exclusivas com as principais personalidades mundiais. Fique conectado tamb\u00e9m nas redes sociais.","sameAs":["http:\/\/www.portalmf.com.br\/","https:\/\/www.facebook.com\/portalmfoficial","https:\/\/www.instagram.com\/portalmf\/","https:\/\/x.com\/https:\/\/x.com\/portalmfoficial","https:\/\/www.youtube.com\/@portalmfoficial"],"url":"https:\/\/portalmf.com.br\/index.php\/author\/junior\/"}]}},"_links":{"self":[{"href":"https:\/\/portalmf.com.br\/index.php\/wp-json\/wp\/v2\/posts\/30519"}],"collection":[{"href":"https:\/\/portalmf.com.br\/index.php\/wp-json\/wp\/v2\/posts"}],"about":[{"href":"https:\/\/portalmf.com.br\/index.php\/wp-json\/wp\/v2\/types\/post"}],"author":[{"embeddable":true,"href":"https:\/\/portalmf.com.br\/index.php\/wp-json\/wp\/v2\/users\/3"}],"replies":[{"embeddable":true,"href":"https:\/\/portalmf.com.br\/index.php\/wp-json\/wp\/v2\/comments?post=30519"}],"version-history":[{"count":1,"href":"https:\/\/portalmf.com.br\/index.php\/wp-json\/wp\/v2\/posts\/30519\/revisions"}],"predecessor-version":[{"id":30521,"href":"https:\/\/portalmf.com.br\/index.php\/wp-json\/wp\/v2\/posts\/30519\/revisions\/30521"}],"wp:featuredmedia":[{"embeddable":true,"href":"https:\/\/portalmf.com.br\/index.php\/wp-json\/wp\/v2\/media\/30520"}],"wp:attachment":[{"href":"https:\/\/portalmf.com.br\/index.php\/wp-json\/wp\/v2\/media?parent=30519"}],"wp:term":[{"taxonomy":"category","embeddable":true,"href":"https:\/\/portalmf.com.br\/index.php\/wp-json\/wp\/v2\/categories?post=30519"},{"taxonomy":"post_tag","embeddable":true,"href":"https:\/\/portalmf.com.br\/index.php\/wp-json\/wp\/v2\/tags?post=30519"}],"curies":[{"name":"wp","href":"https:\/\/api.w.org\/{rel}","templated":true}]}}