{"id":30514,"date":"2024-10-09T23:28:56","date_gmt":"2024-10-10T02:28:56","guid":{"rendered":"https:\/\/portalmf.com.br\/?p=30514"},"modified":"2024-10-09T23:28:57","modified_gmt":"2024-10-10T02:28:57","slug":"sergio-de-dezinho-e-o-vereador-mais-votado-de-sao-goncalo-dos-campos","status":"publish","type":"post","link":"https:\/\/portalmf.com.br\/index.php\/2024\/10\/09\/sergio-de-dezinho-e-o-vereador-mais-votado-de-sao-goncalo-dos-campos\/","title":{"rendered":"S\u00e9rgio de Dezinho \u00e9 o vereador mais votado de S\u00e3o Gon\u00e7alo dos Campos"},"content":{"rendered":"\n<p>Eleito com 989 votos, S\u00e9rgio de Dezinho (Republicanos) foi o vereador mais votado em S\u00e3o Gon\u00e7alo dos Campos no pleito deste ano. Considerado um dos nomes em maior ascens\u00e3o na pol\u00edtica local, S\u00e9rgio seguir\u00e1 para o terceiro mandato consecutivo e teve papel fundamental na reelei\u00e7\u00e3o do prefeito Tarc\u00edsio (Uni\u00e3o), que conquistou 54,84% dos votos neste domingo (6).<\/p>\n\n\n\n<p>Ap\u00f3s o resultado, S\u00e9rgio comemorou junto com eleitores, amigos e familiares na Arena D2. <\/p>\n\n\n\n<p>&#8220;<em>Quero agradecer a cada um de voc\u00eas que confiaram no nosso trabalho. S\u00e3o 10 anos de dedica\u00e7\u00e3o. Agrade\u00e7o a toda a minha fam\u00edlia, minha esposa, meus filhos, meus irm\u00e3os. Sem eles eu n\u00e3o sou nada. Este mandato n\u00e3o \u00e9 apenas de S\u00e9rgio de Dezinho, \u00e9 do povo. \u00c9 fruto do trabalho que meu pai come\u00e7ou h\u00e1 muito tempo. Sei, pai, que onde quer que o senhor esteja, est\u00e1 realizado. E tenha certeza de que o seu legado ser\u00e1 levado adiante por mim e por meus irm\u00e3os, at\u00e9 o \u00faltimo dia de minha vida&#8221;<\/em>, declarou emocionado.<\/p>\n","protected":false},"excerpt":{"rendered":"<p>Eleito com 989 votos, S\u00e9rgio de Dezinho (Republicanos) foi o vereador mais votado em S\u00e3o Gon\u00e7alo dos Campos no pleito deste ano. Considerado um dos nomes em maior ascens\u00e3o na pol\u00edtica local, S\u00e9rgio seguir\u00e1 para o terceiro mandato consecutivo e teve papel fundamental na reelei\u00e7\u00e3o do prefeito Tarc\u00edsio (Uni\u00e3o), que conquistou 54,84% dos votos neste [&hellip;]<\/p>\n","protected":false},"author":3,"featured_media":30515,"comment_status":"open","ping_status":"open","sticky":false,"template":"","format":"standard","meta":{"_monsterinsights_skip_tracking":false,"_monsterinsights_sitenote_active":false,"_monsterinsights_sitenote_note":"","_monsterinsights_sitenote_category":0,"footnotes":""},"categories":[301,34],"tags":[],"yoast_head":"<!-- This site is optimized with the Yoast SEO plugin v22.9 - https:\/\/yoast.com\/wordpress\/plugins\/seo\/ -->\n<title>S\u00e9rgio de Dezinho \u00e9 o vereador mais votado de S\u00e3o Gon\u00e7alo dos Campos - Portal MF<\/title>\n<meta name=\"robots\" content=\"index, follow, max-snippet:-1, max-image-preview:large, max-video-preview:-1\" \/>\n<link rel=\"canonical\" href=\"https:\/\/portalmf.com.br\/index.php\/2024\/10\/09\/sergio-de-dezinho-e-o-vereador-mais-votado-de-sao-goncalo-dos-campos\/\" \/>\n<meta property=\"og:locale\" content=\"pt_BR\" \/>\n<meta property=\"og:type\" content=\"article\" \/>\n<meta property=\"og:title\" content=\"S\u00e9rgio de Dezinho \u00e9 o vereador mais votado de S\u00e3o Gon\u00e7alo dos Campos - Portal MF\" \/>\n<meta property=\"og:description\" content=\"Eleito com 989 votos, S\u00e9rgio de Dezinho (Republicanos) foi o vereador mais votado em S\u00e3o Gon\u00e7alo dos Campos no pleito deste ano. Considerado um dos nomes em maior ascens\u00e3o na pol\u00edtica local, S\u00e9rgio seguir\u00e1 para o terceiro mandato consecutivo e teve papel fundamental na reelei\u00e7\u00e3o do prefeito Tarc\u00edsio (Uni\u00e3o), que conquistou 54,84% dos votos neste [&hellip;]\" \/>\n<meta property=\"og:url\" content=\"https:\/\/portalmf.com.br\/index.php\/2024\/10\/09\/sergio-de-dezinho-e-o-vereador-mais-votado-de-sao-goncalo-dos-campos\/\" \/>\n<meta property=\"og:site_name\" content=\"Portal MF\" \/>\n<meta property=\"article:author\" content=\"https:\/\/www.facebook.com\/portalmfoficial\" \/>\n<meta property=\"article:published_time\" content=\"2024-10-10T02:28:56+00:00\" \/>\n<meta property=\"article:modified_time\" content=\"2024-10-10T02:28:57+00:00\" \/>\n<meta property=\"og:image\" content=\"https:\/\/portalmf.com.br\/wp-content\/uploads\/2024\/10\/Sergio-de-Dezinho-e-o-vereador-mais-votado-de-Sao-Goncalo-dos-Campos.jpg\" \/>\n\t<meta property=\"og:image:width\" content=\"605\" \/>\n\t<meta property=\"og:image:height\" content=\"457\" \/>\n\t<meta property=\"og:image:type\" content=\"image\/jpeg\" \/>\n<meta name=\"author\" content=\"Reda\u00e7\u00e3o Portal MF\" \/>\n<meta name=\"twitter:card\" content=\"summary_large_image\" \/>\n<meta name=\"twitter:creator\" content=\"@https:\/\/x.com\/portalmfoficial\" \/>\n<meta name=\"twitter:label1\" content=\"Escrito por\" \/>\n\t<meta name=\"twitter:data1\" content=\"Reda\u00e7\u00e3o Portal MF\" \/>\n\t<meta name=\"twitter:label2\" content=\"Est. tempo de leitura\" \/>\n\t<meta name=\"twitter:data2\" content=\"2 minutos\" \/>\n<script type=\"application\/ld+json\" class=\"yoast-schema-graph\">{\"@context\":\"https:\/\/schema.org\",\"@graph\":[{\"@type\":\"WebPage\",\"@id\":\"https:\/\/portalmf.com.br\/index.php\/2024\/10\/09\/sergio-de-dezinho-e-o-vereador-mais-votado-de-sao-goncalo-dos-campos\/\",\"url\":\"https:\/\/portalmf.com.br\/index.php\/2024\/10\/09\/sergio-de-dezinho-e-o-vereador-mais-votado-de-sao-goncalo-dos-campos\/\",\"name\":\"S\u00e9rgio de Dezinho \u00e9 o vereador mais votado de S\u00e3o Gon\u00e7alo dos Campos - Portal MF\",\"isPartOf\":{\"@id\":\"https:\/\/portalmf.com.br\/#website\"},\"primaryImageOfPage\":{\"@id\":\"https:\/\/portalmf.com.br\/index.php\/2024\/10\/09\/sergio-de-dezinho-e-o-vereador-mais-votado-de-sao-goncalo-dos-campos\/#primaryimage\"},\"image\":{\"@id\":\"https:\/\/portalmf.com.br\/index.php\/2024\/10\/09\/sergio-de-dezinho-e-o-vereador-mais-votado-de-sao-goncalo-dos-campos\/#primaryimage\"},\"thumbnailUrl\":\"https:\/\/portalmf.com.br\/wp-content\/uploads\/2024\/10\/Sergio-de-Dezinho-e-o-vereador-mais-votado-de-Sao-Goncalo-dos-Campos.jpg\",\"datePublished\":\"2024-10-10T02:28:56+00:00\",\"dateModified\":\"2024-10-10T02:28:57+00:00\",\"author\":{\"@id\":\"https:\/\/portalmf.com.br\/#\/schema\/person\/9ec101baf56233e53520c26de5d6f6f0\"},\"breadcrumb\":{\"@id\":\"https:\/\/portalmf.com.br\/index.php\/2024\/10\/09\/sergio-de-dezinho-e-o-vereador-mais-votado-de-sao-goncalo-dos-campos\/#breadcrumb\"},\"inLanguage\":\"pt-BR\",\"potentialAction\":[{\"@type\":\"ReadAction\",\"target\":[\"https:\/\/portalmf.com.br\/index.php\/2024\/10\/09\/sergio-de-dezinho-e-o-vereador-mais-votado-de-sao-goncalo-dos-campos\/\"]}]},{\"@type\":\"ImageObject\",\"inLanguage\":\"pt-BR\",\"@id\":\"https:\/\/portalmf.com.br\/index.php\/2024\/10\/09\/sergio-de-dezinho-e-o-vereador-mais-votado-de-sao-goncalo-dos-campos\/#primaryimage\",\"url\":\"https:\/\/portalmf.com.br\/wp-content\/uploads\/2024\/10\/Sergio-de-Dezinho-e-o-vereador-mais-votado-de-Sao-Goncalo-dos-Campos.jpg\",\"contentUrl\":\"https:\/\/portalmf.com.br\/wp-content\/uploads\/2024\/10\/Sergio-de-Dezinho-e-o-vereador-mais-votado-de-Sao-Goncalo-dos-Campos.jpg\",\"width\":605,\"height\":457},{\"@type\":\"BreadcrumbList\",\"@id\":\"https:\/\/portalmf.com.br\/index.php\/2024\/10\/09\/sergio-de-dezinho-e-o-vereador-mais-votado-de-sao-goncalo-dos-campos\/#breadcrumb\",\"itemListElement\":[{\"@type\":\"ListItem\",\"position\":1,\"name\":\"In\u00edcio\",\"item\":\"https:\/\/portalmf.com.br\/\"},{\"@type\":\"ListItem\",\"position\":2,\"name\":\"S\u00e9rgio de Dezinho \u00e9 o vereador mais votado de S\u00e3o Gon\u00e7alo dos Campos\"}]},{\"@type\":\"WebSite\",\"@id\":\"https:\/\/portalmf.com.br\/#website\",\"url\":\"https:\/\/portalmf.com.br\/\",\"name\":\"Portal MF\",\"description\":\"Voc\u00ea conectado com a informa\u00e7\u00e3o\",\"potentialAction\":[{\"@type\":\"SearchAction\",\"target\":{\"@type\":\"EntryPoint\",\"urlTemplate\":\"https:\/\/portalmf.com.br\/?s={search_term_string}\"},\"query-input\":\"required name=search_term_string\"}],\"inLanguage\":\"pt-BR\"},{\"@type\":\"Person\",\"@id\":\"https:\/\/portalmf.com.br\/#\/schema\/person\/9ec101baf56233e53520c26de5d6f6f0\",\"name\":\"Reda\u00e7\u00e3o Portal MF\",\"image\":{\"@type\":\"ImageObject\",\"inLanguage\":\"pt-BR\",\"@id\":\"https:\/\/portalmf.com.br\/#\/schema\/person\/image\/\",\"url\":\"https:\/\/secure.gravatar.com\/avatar\/41b9aaeb2100835f7c64362330f74c7f?s=96&d=mm&r=g\",\"contentUrl\":\"https:\/\/secure.gravatar.com\/avatar\/41b9aaeb2100835f7c64362330f74c7f?s=96&d=mm&r=g\",\"caption\":\"Reda\u00e7\u00e3o Portal MF\"},\"description\":\"Sejam bem-vindos o portal de informa\u00e7\u00f5es de entretenimento de Feira de Santana, desde 2006 realiza coberturas dos principais eventos com entrevistas exclusivas com as principais personalidades mundiais. Fique conectado tamb\u00e9m nas redes sociais.\",\"sameAs\":[\"http:\/\/www.portalmf.com.br\/\",\"https:\/\/www.facebook.com\/portalmfoficial\",\"https:\/\/www.instagram.com\/portalmf\/\",\"https:\/\/x.com\/https:\/\/x.com\/portalmfoficial\",\"https:\/\/www.youtube.com\/@portalmfoficial\"],\"url\":\"https:\/\/portalmf.com.br\/index.php\/author\/junior\/\"}]}<\/script>\n<!-- \/ Yoast SEO plugin. -->","yoast_head_json":{"title":"S\u00e9rgio de Dezinho \u00e9 o vereador mais votado de S\u00e3o Gon\u00e7alo dos Campos - Portal MF","robots":{"index":"index","follow":"follow","max-snippet":"max-snippet:-1","max-image-preview":"max-image-preview:large","max-video-preview":"max-video-preview:-1"},"canonical":"https:\/\/portalmf.com.br\/index.php\/2024\/10\/09\/sergio-de-dezinho-e-o-vereador-mais-votado-de-sao-goncalo-dos-campos\/","og_locale":"pt_BR","og_type":"article","og_title":"S\u00e9rgio de Dezinho \u00e9 o vereador mais votado de S\u00e3o Gon\u00e7alo dos Campos - Portal MF","og_description":"Eleito com 989 votos, S\u00e9rgio de Dezinho (Republicanos) foi o vereador mais votado em S\u00e3o Gon\u00e7alo dos Campos no pleito deste ano. Considerado um dos nomes em maior ascens\u00e3o na pol\u00edtica local, S\u00e9rgio seguir\u00e1 para o terceiro mandato consecutivo e teve papel fundamental na reelei\u00e7\u00e3o do prefeito Tarc\u00edsio (Uni\u00e3o), que conquistou 54,84% dos votos neste [&hellip;]","og_url":"https:\/\/portalmf.com.br\/index.php\/2024\/10\/09\/sergio-de-dezinho-e-o-vereador-mais-votado-de-sao-goncalo-dos-campos\/","og_site_name":"Portal MF","article_author":"https:\/\/www.facebook.com\/portalmfoficial","article_published_time":"2024-10-10T02:28:56+00:00","article_modified_time":"2024-10-10T02:28:57+00:00","og_image":[{"width":605,"height":457,"url":"https:\/\/portalmf.com.br\/wp-content\/uploads\/2024\/10\/Sergio-de-Dezinho-e-o-vereador-mais-votado-de-Sao-Goncalo-dos-Campos.jpg","type":"image\/jpeg"}],"author":"Reda\u00e7\u00e3o Portal MF","twitter_card":"summary_large_image","twitter_creator":"@https:\/\/x.com\/portalmfoficial","twitter_misc":{"Escrito por":"Reda\u00e7\u00e3o Portal MF","Est. tempo de leitura":"2 minutos"},"schema":{"@context":"https:\/\/schema.org","@graph":[{"@type":"WebPage","@id":"https:\/\/portalmf.com.br\/index.php\/2024\/10\/09\/sergio-de-dezinho-e-o-vereador-mais-votado-de-sao-goncalo-dos-campos\/","url":"https:\/\/portalmf.com.br\/index.php\/2024\/10\/09\/sergio-de-dezinho-e-o-vereador-mais-votado-de-sao-goncalo-dos-campos\/","name":"S\u00e9rgio de Dezinho \u00e9 o vereador mais votado de S\u00e3o Gon\u00e7alo dos Campos - Portal MF","isPartOf":{"@id":"https:\/\/portalmf.com.br\/#website"},"primaryImageOfPage":{"@id":"https:\/\/portalmf.com.br\/index.php\/2024\/10\/09\/sergio-de-dezinho-e-o-vereador-mais-votado-de-sao-goncalo-dos-campos\/#primaryimage"},"image":{"@id":"https:\/\/portalmf.com.br\/index.php\/2024\/10\/09\/sergio-de-dezinho-e-o-vereador-mais-votado-de-sao-goncalo-dos-campos\/#primaryimage"},"thumbnailUrl":"https:\/\/portalmf.com.br\/wp-content\/uploads\/2024\/10\/Sergio-de-Dezinho-e-o-vereador-mais-votado-de-Sao-Goncalo-dos-Campos.jpg","datePublished":"2024-10-10T02:28:56+00:00","dateModified":"2024-10-10T02:28:57+00:00","author":{"@id":"https:\/\/portalmf.com.br\/#\/schema\/person\/9ec101baf56233e53520c26de5d6f6f0"},"breadcrumb":{"@id":"https:\/\/portalmf.com.br\/index.php\/2024\/10\/09\/sergio-de-dezinho-e-o-vereador-mais-votado-de-sao-goncalo-dos-campos\/#breadcrumb"},"inLanguage":"pt-BR","potentialAction":[{"@type":"ReadAction","target":["https:\/\/portalmf.com.br\/index.php\/2024\/10\/09\/sergio-de-dezinho-e-o-vereador-mais-votado-de-sao-goncalo-dos-campos\/"]}]},{"@type":"ImageObject","inLanguage":"pt-BR","@id":"https:\/\/portalmf.com.br\/index.php\/2024\/10\/09\/sergio-de-dezinho-e-o-vereador-mais-votado-de-sao-goncalo-dos-campos\/#primaryimage","url":"https:\/\/portalmf.com.br\/wp-content\/uploads\/2024\/10\/Sergio-de-Dezinho-e-o-vereador-mais-votado-de-Sao-Goncalo-dos-Campos.jpg","contentUrl":"https:\/\/portalmf.com.br\/wp-content\/uploads\/2024\/10\/Sergio-de-Dezinho-e-o-vereador-mais-votado-de-Sao-Goncalo-dos-Campos.jpg","width":605,"height":457},{"@type":"BreadcrumbList","@id":"https:\/\/portalmf.com.br\/index.php\/2024\/10\/09\/sergio-de-dezinho-e-o-vereador-mais-votado-de-sao-goncalo-dos-campos\/#breadcrumb","itemListElement":[{"@type":"ListItem","position":1,"name":"In\u00edcio","item":"https:\/\/portalmf.com.br\/"},{"@type":"ListItem","position":2,"name":"S\u00e9rgio de Dezinho \u00e9 o vereador mais votado de S\u00e3o Gon\u00e7alo dos Campos"}]},{"@type":"WebSite","@id":"https:\/\/portalmf.com.br\/#website","url":"https:\/\/portalmf.com.br\/","name":"Portal MF","description":"Voc\u00ea conectado com a informa\u00e7\u00e3o","potentialAction":[{"@type":"SearchAction","target":{"@type":"EntryPoint","urlTemplate":"https:\/\/portalmf.com.br\/?s={search_term_string}"},"query-input":"required name=search_term_string"}],"inLanguage":"pt-BR"},{"@type":"Person","@id":"https:\/\/portalmf.com.br\/#\/schema\/person\/9ec101baf56233e53520c26de5d6f6f0","name":"Reda\u00e7\u00e3o Portal MF","image":{"@type":"ImageObject","inLanguage":"pt-BR","@id":"https:\/\/portalmf.com.br\/#\/schema\/person\/image\/","url":"https:\/\/secure.gravatar.com\/avatar\/41b9aaeb2100835f7c64362330f74c7f?s=96&d=mm&r=g","contentUrl":"https:\/\/secure.gravatar.com\/avatar\/41b9aaeb2100835f7c64362330f74c7f?s=96&d=mm&r=g","caption":"Reda\u00e7\u00e3o Portal MF"},"description":"Sejam bem-vindos o portal de informa\u00e7\u00f5es de entretenimento de Feira de Santana, desde 2006 realiza coberturas dos principais eventos com entrevistas exclusivas com as principais personalidades mundiais. Fique conectado tamb\u00e9m nas redes sociais.","sameAs":["http:\/\/www.portalmf.com.br\/","https:\/\/www.facebook.com\/portalmfoficial","https:\/\/www.instagram.com\/portalmf\/","https:\/\/x.com\/https:\/\/x.com\/portalmfoficial","https:\/\/www.youtube.com\/@portalmfoficial"],"url":"https:\/\/portalmf.com.br\/index.php\/author\/junior\/"}]}},"_links":{"self":[{"href":"https:\/\/portalmf.com.br\/index.php\/wp-json\/wp\/v2\/posts\/30514"}],"collection":[{"href":"https:\/\/portalmf.com.br\/index.php\/wp-json\/wp\/v2\/posts"}],"about":[{"href":"https:\/\/portalmf.com.br\/index.php\/wp-json\/wp\/v2\/types\/post"}],"author":[{"embeddable":true,"href":"https:\/\/portalmf.com.br\/index.php\/wp-json\/wp\/v2\/users\/3"}],"replies":[{"embeddable":true,"href":"https:\/\/portalmf.com.br\/index.php\/wp-json\/wp\/v2\/comments?post=30514"}],"version-history":[{"count":1,"href":"https:\/\/portalmf.com.br\/index.php\/wp-json\/wp\/v2\/posts\/30514\/revisions"}],"predecessor-version":[{"id":30516,"href":"https:\/\/portalmf.com.br\/index.php\/wp-json\/wp\/v2\/posts\/30514\/revisions\/30516"}],"wp:featuredmedia":[{"embeddable":true,"href":"https:\/\/portalmf.com.br\/index.php\/wp-json\/wp\/v2\/media\/30515"}],"wp:attachment":[{"href":"https:\/\/portalmf.com.br\/index.php\/wp-json\/wp\/v2\/media?parent=30514"}],"wp:term":[{"taxonomy":"category","embeddable":true,"href":"https:\/\/portalmf.com.br\/index.php\/wp-json\/wp\/v2\/categories?post=30514"},{"taxonomy":"post_tag","embeddable":true,"href":"https:\/\/portalmf.com.br\/index.php\/wp-json\/wp\/v2\/tags?post=30514"}],"curies":[{"name":"wp","href":"https:\/\/api.w.org\/{rel}","templated":true}]}}