{"id":30511,"date":"2024-10-09T23:25:49","date_gmt":"2024-10-10T02:25:49","guid":{"rendered":"https:\/\/portalmf.com.br\/?p=30511"},"modified":"2024-10-09T23:25:50","modified_gmt":"2024-10-10T02:25:50","slug":"federacao-pt-pcdob-e-pv-consolida-como-segunda-maior-forca-partidaria-da-bahia","status":"publish","type":"post","link":"https:\/\/portalmf.com.br\/index.php\/2024\/10\/09\/federacao-pt-pcdob-e-pv-consolida-como-segunda-maior-forca-partidaria-da-bahia\/","title":{"rendered":"Federa\u00e7\u00e3o PT, PCdoB e PV consolida como segunda maior for\u00e7a partid\u00e1ria da Bahia\u00a0"},"content":{"rendered":"\n<p> <p class=\"MsoNormal\">A Federa\u00e7\u00e3o Brasil da Esperan\u00e7a, formada pelo PT, PCdoB e PV na Bahia, obteve um resultado bastante positivo nas elei\u00e7\u00f5es municipais deste ano no estado. O instituto elegeu 69 prefeitos e prefeitas na Bahia, superando o partido Avante, que ficou com 60 prefeituras. Como o PSD do senador Otto Alencar conquistou 115 prefeituras, a Federa\u00e7\u00e3o desponta como a segunda maior for\u00e7a partid\u00e1ria da Bahia.<span style=\"color: initial;\"> <\/span><i>\u201cNo \u00e2mbito da Federa\u00e7\u00e3o, somando as prefeituras conquistadas pelos companheiros do PCdoB e PV, somamos 69 e nos consolidamos como a segunda maior bancada de prefeitos e prefeitas da Bahia. E ainda temos pela frente o segundo turno em Cama\u00e7ari, com o companheiro Luiz Caetano, que acreditamos sair vitorioso\u201d,<\/i> afirmou o presidente do PT Bahia, \u00c9den Valadares.<span style=\"color: initial;\"> <\/span>O presidente do PCdoB e da Federa\u00e7\u00e3o, Geraldo Galindo, destacou que esta foi a primeira vez que foi realizada uma elei\u00e7\u00e3o municipal sob a \u00e9gide da Federa\u00e7\u00e3o. \u201cAqui na Bahia a Federa\u00e7\u00e3o teve um desempenho positivo, e isso foi a primeira experi\u00eancia de elei\u00e7\u00e3o municipal\u201d, disse Galindo, ao afirmar: \u201cFoi um resultado expressivo e com tend\u00eancia de crescimento para batalha eleitoral seguinte, em 2026, o que \u00e9 uma vit\u00f3ria pol\u00edtica do campo da esquerda aqui na Bahia\u201d.<\/p> <span style=\"color: initial;\">Com informa\u00e7\u00f5es da Ascom do PT<\/span> <\/p>\n","protected":false},"excerpt":{"rendered":"<p>A Federa\u00e7\u00e3o Brasil da Esperan\u00e7a, formada pelo PT, PCdoB e PV na Bahia, obteve um resultado bastante positivo nas elei\u00e7\u00f5es municipais deste ano no estado. O instituto elegeu 69 prefeitos e prefeitas na Bahia, superando o partido Avante, que ficou com 60 prefeituras. Como o PSD do senador Otto Alencar conquistou 115 prefeituras, a Federa\u00e7\u00e3o [&hellip;]<\/p>\n","protected":false},"author":3,"featured_media":30512,"comment_status":"open","ping_status":"open","sticky":false,"template":"","format":"standard","meta":{"_monsterinsights_skip_tracking":false,"_monsterinsights_sitenote_active":false,"_monsterinsights_sitenote_note":"","_monsterinsights_sitenote_category":0,"footnotes":""},"categories":[301,34],"tags":[],"yoast_head":"<!-- This site is optimized with the Yoast SEO plugin v22.9 - https:\/\/yoast.com\/wordpress\/plugins\/seo\/ -->\n<title>Federa\u00e7\u00e3o PT, PCdoB e PV consolida como segunda maior for\u00e7a partid\u00e1ria da Bahia\u00a0 - Portal MF<\/title>\n<meta name=\"robots\" content=\"index, follow, max-snippet:-1, max-image-preview:large, max-video-preview:-1\" \/>\n<link rel=\"canonical\" href=\"https:\/\/portalmf.com.br\/index.php\/2024\/10\/09\/federacao-pt-pcdob-e-pv-consolida-como-segunda-maior-forca-partidaria-da-bahia\/\" \/>\n<meta property=\"og:locale\" content=\"pt_BR\" \/>\n<meta property=\"og:type\" content=\"article\" \/>\n<meta property=\"og:title\" content=\"Federa\u00e7\u00e3o PT, PCdoB e PV consolida como segunda maior for\u00e7a partid\u00e1ria da Bahia\u00a0 - Portal MF\" \/>\n<meta property=\"og:description\" content=\"A Federa\u00e7\u00e3o Brasil da Esperan\u00e7a, formada pelo PT, PCdoB e PV na Bahia, obteve um resultado bastante positivo nas elei\u00e7\u00f5es municipais deste ano no estado. O instituto elegeu 69 prefeitos e prefeitas na Bahia, superando o partido Avante, que ficou com 60 prefeituras. Como o PSD do senador Otto Alencar conquistou 115 prefeituras, a Federa\u00e7\u00e3o [&hellip;]\" \/>\n<meta property=\"og:url\" content=\"https:\/\/portalmf.com.br\/index.php\/2024\/10\/09\/federacao-pt-pcdob-e-pv-consolida-como-segunda-maior-forca-partidaria-da-bahia\/\" \/>\n<meta property=\"og:site_name\" content=\"Portal MF\" \/>\n<meta property=\"article:author\" content=\"https:\/\/www.facebook.com\/portalmfoficial\" \/>\n<meta property=\"article:published_time\" content=\"2024-10-10T02:25:49+00:00\" \/>\n<meta property=\"article:modified_time\" content=\"2024-10-10T02:25:50+00:00\" \/>\n<meta property=\"og:image\" content=\"https:\/\/portalmf.com.br\/wp-content\/uploads\/2024\/10\/Federacao-PT-PCdoB-e-PV.jpg\" \/>\n\t<meta property=\"og:image:width\" content=\"800\" \/>\n\t<meta property=\"og:image:height\" content=\"482\" \/>\n\t<meta property=\"og:image:type\" content=\"image\/jpeg\" \/>\n<meta name=\"author\" content=\"Reda\u00e7\u00e3o Portal MF\" \/>\n<meta name=\"twitter:card\" content=\"summary_large_image\" \/>\n<meta name=\"twitter:creator\" content=\"@https:\/\/x.com\/portalmfoficial\" \/>\n<meta name=\"twitter:label1\" content=\"Escrito por\" \/>\n\t<meta name=\"twitter:data1\" content=\"Reda\u00e7\u00e3o Portal MF\" \/>\n\t<meta name=\"twitter:label2\" content=\"Est. tempo de leitura\" \/>\n\t<meta name=\"twitter:data2\" content=\"2 minutos\" \/>\n<script type=\"application\/ld+json\" class=\"yoast-schema-graph\">{\"@context\":\"https:\/\/schema.org\",\"@graph\":[{\"@type\":\"WebPage\",\"@id\":\"https:\/\/portalmf.com.br\/index.php\/2024\/10\/09\/federacao-pt-pcdob-e-pv-consolida-como-segunda-maior-forca-partidaria-da-bahia\/\",\"url\":\"https:\/\/portalmf.com.br\/index.php\/2024\/10\/09\/federacao-pt-pcdob-e-pv-consolida-como-segunda-maior-forca-partidaria-da-bahia\/\",\"name\":\"Federa\u00e7\u00e3o PT, PCdoB e PV consolida como segunda maior for\u00e7a partid\u00e1ria da Bahia\u00a0 - Portal MF\",\"isPartOf\":{\"@id\":\"https:\/\/portalmf.com.br\/#website\"},\"primaryImageOfPage\":{\"@id\":\"https:\/\/portalmf.com.br\/index.php\/2024\/10\/09\/federacao-pt-pcdob-e-pv-consolida-como-segunda-maior-forca-partidaria-da-bahia\/#primaryimage\"},\"image\":{\"@id\":\"https:\/\/portalmf.com.br\/index.php\/2024\/10\/09\/federacao-pt-pcdob-e-pv-consolida-como-segunda-maior-forca-partidaria-da-bahia\/#primaryimage\"},\"thumbnailUrl\":\"https:\/\/portalmf.com.br\/wp-content\/uploads\/2024\/10\/Federacao-PT-PCdoB-e-PV.jpg\",\"datePublished\":\"2024-10-10T02:25:49+00:00\",\"dateModified\":\"2024-10-10T02:25:50+00:00\",\"author\":{\"@id\":\"https:\/\/portalmf.com.br\/#\/schema\/person\/9ec101baf56233e53520c26de5d6f6f0\"},\"breadcrumb\":{\"@id\":\"https:\/\/portalmf.com.br\/index.php\/2024\/10\/09\/federacao-pt-pcdob-e-pv-consolida-como-segunda-maior-forca-partidaria-da-bahia\/#breadcrumb\"},\"inLanguage\":\"pt-BR\",\"potentialAction\":[{\"@type\":\"ReadAction\",\"target\":[\"https:\/\/portalmf.com.br\/index.php\/2024\/10\/09\/federacao-pt-pcdob-e-pv-consolida-como-segunda-maior-forca-partidaria-da-bahia\/\"]}]},{\"@type\":\"ImageObject\",\"inLanguage\":\"pt-BR\",\"@id\":\"https:\/\/portalmf.com.br\/index.php\/2024\/10\/09\/federacao-pt-pcdob-e-pv-consolida-como-segunda-maior-forca-partidaria-da-bahia\/#primaryimage\",\"url\":\"https:\/\/portalmf.com.br\/wp-content\/uploads\/2024\/10\/Federacao-PT-PCdoB-e-PV.jpg\",\"contentUrl\":\"https:\/\/portalmf.com.br\/wp-content\/uploads\/2024\/10\/Federacao-PT-PCdoB-e-PV.jpg\",\"width\":800,\"height\":482},{\"@type\":\"BreadcrumbList\",\"@id\":\"https:\/\/portalmf.com.br\/index.php\/2024\/10\/09\/federacao-pt-pcdob-e-pv-consolida-como-segunda-maior-forca-partidaria-da-bahia\/#breadcrumb\",\"itemListElement\":[{\"@type\":\"ListItem\",\"position\":1,\"name\":\"In\u00edcio\",\"item\":\"https:\/\/portalmf.com.br\/\"},{\"@type\":\"ListItem\",\"position\":2,\"name\":\"Federa\u00e7\u00e3o PT, PCdoB e PV consolida como segunda maior for\u00e7a partid\u00e1ria da Bahia\u00a0\"}]},{\"@type\":\"WebSite\",\"@id\":\"https:\/\/portalmf.com.br\/#website\",\"url\":\"https:\/\/portalmf.com.br\/\",\"name\":\"Portal MF\",\"description\":\"Voc\u00ea conectado com a informa\u00e7\u00e3o\",\"potentialAction\":[{\"@type\":\"SearchAction\",\"target\":{\"@type\":\"EntryPoint\",\"urlTemplate\":\"https:\/\/portalmf.com.br\/?s={search_term_string}\"},\"query-input\":\"required name=search_term_string\"}],\"inLanguage\":\"pt-BR\"},{\"@type\":\"Person\",\"@id\":\"https:\/\/portalmf.com.br\/#\/schema\/person\/9ec101baf56233e53520c26de5d6f6f0\",\"name\":\"Reda\u00e7\u00e3o Portal MF\",\"image\":{\"@type\":\"ImageObject\",\"inLanguage\":\"pt-BR\",\"@id\":\"https:\/\/portalmf.com.br\/#\/schema\/person\/image\/\",\"url\":\"https:\/\/secure.gravatar.com\/avatar\/41b9aaeb2100835f7c64362330f74c7f?s=96&d=mm&r=g\",\"contentUrl\":\"https:\/\/secure.gravatar.com\/avatar\/41b9aaeb2100835f7c64362330f74c7f?s=96&d=mm&r=g\",\"caption\":\"Reda\u00e7\u00e3o Portal MF\"},\"description\":\"Sejam bem-vindos o portal de informa\u00e7\u00f5es de entretenimento de Feira de Santana, desde 2006 realiza coberturas dos principais eventos com entrevistas exclusivas com as principais personalidades mundiais. Fique conectado tamb\u00e9m nas redes sociais.\",\"sameAs\":[\"http:\/\/www.portalmf.com.br\/\",\"https:\/\/www.facebook.com\/portalmfoficial\",\"https:\/\/www.instagram.com\/portalmf\/\",\"https:\/\/x.com\/https:\/\/x.com\/portalmfoficial\",\"https:\/\/www.youtube.com\/@portalmfoficial\"],\"url\":\"https:\/\/portalmf.com.br\/index.php\/author\/junior\/\"}]}<\/script>\n<!-- \/ Yoast SEO plugin. -->","yoast_head_json":{"title":"Federa\u00e7\u00e3o PT, PCdoB e PV consolida como segunda maior for\u00e7a partid\u00e1ria da Bahia\u00a0 - Portal MF","robots":{"index":"index","follow":"follow","max-snippet":"max-snippet:-1","max-image-preview":"max-image-preview:large","max-video-preview":"max-video-preview:-1"},"canonical":"https:\/\/portalmf.com.br\/index.php\/2024\/10\/09\/federacao-pt-pcdob-e-pv-consolida-como-segunda-maior-forca-partidaria-da-bahia\/","og_locale":"pt_BR","og_type":"article","og_title":"Federa\u00e7\u00e3o PT, PCdoB e PV consolida como segunda maior for\u00e7a partid\u00e1ria da Bahia\u00a0 - Portal MF","og_description":"A Federa\u00e7\u00e3o Brasil da Esperan\u00e7a, formada pelo PT, PCdoB e PV na Bahia, obteve um resultado bastante positivo nas elei\u00e7\u00f5es municipais deste ano no estado. O instituto elegeu 69 prefeitos e prefeitas na Bahia, superando o partido Avante, que ficou com 60 prefeituras. Como o PSD do senador Otto Alencar conquistou 115 prefeituras, a Federa\u00e7\u00e3o [&hellip;]","og_url":"https:\/\/portalmf.com.br\/index.php\/2024\/10\/09\/federacao-pt-pcdob-e-pv-consolida-como-segunda-maior-forca-partidaria-da-bahia\/","og_site_name":"Portal MF","article_author":"https:\/\/www.facebook.com\/portalmfoficial","article_published_time":"2024-10-10T02:25:49+00:00","article_modified_time":"2024-10-10T02:25:50+00:00","og_image":[{"width":800,"height":482,"url":"https:\/\/portalmf.com.br\/wp-content\/uploads\/2024\/10\/Federacao-PT-PCdoB-e-PV.jpg","type":"image\/jpeg"}],"author":"Reda\u00e7\u00e3o Portal MF","twitter_card":"summary_large_image","twitter_creator":"@https:\/\/x.com\/portalmfoficial","twitter_misc":{"Escrito por":"Reda\u00e7\u00e3o Portal MF","Est. tempo de leitura":"2 minutos"},"schema":{"@context":"https:\/\/schema.org","@graph":[{"@type":"WebPage","@id":"https:\/\/portalmf.com.br\/index.php\/2024\/10\/09\/federacao-pt-pcdob-e-pv-consolida-como-segunda-maior-forca-partidaria-da-bahia\/","url":"https:\/\/portalmf.com.br\/index.php\/2024\/10\/09\/federacao-pt-pcdob-e-pv-consolida-como-segunda-maior-forca-partidaria-da-bahia\/","name":"Federa\u00e7\u00e3o PT, PCdoB e PV consolida como segunda maior for\u00e7a partid\u00e1ria da Bahia\u00a0 - Portal MF","isPartOf":{"@id":"https:\/\/portalmf.com.br\/#website"},"primaryImageOfPage":{"@id":"https:\/\/portalmf.com.br\/index.php\/2024\/10\/09\/federacao-pt-pcdob-e-pv-consolida-como-segunda-maior-forca-partidaria-da-bahia\/#primaryimage"},"image":{"@id":"https:\/\/portalmf.com.br\/index.php\/2024\/10\/09\/federacao-pt-pcdob-e-pv-consolida-como-segunda-maior-forca-partidaria-da-bahia\/#primaryimage"},"thumbnailUrl":"https:\/\/portalmf.com.br\/wp-content\/uploads\/2024\/10\/Federacao-PT-PCdoB-e-PV.jpg","datePublished":"2024-10-10T02:25:49+00:00","dateModified":"2024-10-10T02:25:50+00:00","author":{"@id":"https:\/\/portalmf.com.br\/#\/schema\/person\/9ec101baf56233e53520c26de5d6f6f0"},"breadcrumb":{"@id":"https:\/\/portalmf.com.br\/index.php\/2024\/10\/09\/federacao-pt-pcdob-e-pv-consolida-como-segunda-maior-forca-partidaria-da-bahia\/#breadcrumb"},"inLanguage":"pt-BR","potentialAction":[{"@type":"ReadAction","target":["https:\/\/portalmf.com.br\/index.php\/2024\/10\/09\/federacao-pt-pcdob-e-pv-consolida-como-segunda-maior-forca-partidaria-da-bahia\/"]}]},{"@type":"ImageObject","inLanguage":"pt-BR","@id":"https:\/\/portalmf.com.br\/index.php\/2024\/10\/09\/federacao-pt-pcdob-e-pv-consolida-como-segunda-maior-forca-partidaria-da-bahia\/#primaryimage","url":"https:\/\/portalmf.com.br\/wp-content\/uploads\/2024\/10\/Federacao-PT-PCdoB-e-PV.jpg","contentUrl":"https:\/\/portalmf.com.br\/wp-content\/uploads\/2024\/10\/Federacao-PT-PCdoB-e-PV.jpg","width":800,"height":482},{"@type":"BreadcrumbList","@id":"https:\/\/portalmf.com.br\/index.php\/2024\/10\/09\/federacao-pt-pcdob-e-pv-consolida-como-segunda-maior-forca-partidaria-da-bahia\/#breadcrumb","itemListElement":[{"@type":"ListItem","position":1,"name":"In\u00edcio","item":"https:\/\/portalmf.com.br\/"},{"@type":"ListItem","position":2,"name":"Federa\u00e7\u00e3o PT, PCdoB e PV consolida como segunda maior for\u00e7a partid\u00e1ria da Bahia\u00a0"}]},{"@type":"WebSite","@id":"https:\/\/portalmf.com.br\/#website","url":"https:\/\/portalmf.com.br\/","name":"Portal MF","description":"Voc\u00ea conectado com a informa\u00e7\u00e3o","potentialAction":[{"@type":"SearchAction","target":{"@type":"EntryPoint","urlTemplate":"https:\/\/portalmf.com.br\/?s={search_term_string}"},"query-input":"required name=search_term_string"}],"inLanguage":"pt-BR"},{"@type":"Person","@id":"https:\/\/portalmf.com.br\/#\/schema\/person\/9ec101baf56233e53520c26de5d6f6f0","name":"Reda\u00e7\u00e3o Portal MF","image":{"@type":"ImageObject","inLanguage":"pt-BR","@id":"https:\/\/portalmf.com.br\/#\/schema\/person\/image\/","url":"https:\/\/secure.gravatar.com\/avatar\/41b9aaeb2100835f7c64362330f74c7f?s=96&d=mm&r=g","contentUrl":"https:\/\/secure.gravatar.com\/avatar\/41b9aaeb2100835f7c64362330f74c7f?s=96&d=mm&r=g","caption":"Reda\u00e7\u00e3o Portal MF"},"description":"Sejam bem-vindos o portal de informa\u00e7\u00f5es de entretenimento de Feira de Santana, desde 2006 realiza coberturas dos principais eventos com entrevistas exclusivas com as principais personalidades mundiais. Fique conectado tamb\u00e9m nas redes sociais.","sameAs":["http:\/\/www.portalmf.com.br\/","https:\/\/www.facebook.com\/portalmfoficial","https:\/\/www.instagram.com\/portalmf\/","https:\/\/x.com\/https:\/\/x.com\/portalmfoficial","https:\/\/www.youtube.com\/@portalmfoficial"],"url":"https:\/\/portalmf.com.br\/index.php\/author\/junior\/"}]}},"_links":{"self":[{"href":"https:\/\/portalmf.com.br\/index.php\/wp-json\/wp\/v2\/posts\/30511"}],"collection":[{"href":"https:\/\/portalmf.com.br\/index.php\/wp-json\/wp\/v2\/posts"}],"about":[{"href":"https:\/\/portalmf.com.br\/index.php\/wp-json\/wp\/v2\/types\/post"}],"author":[{"embeddable":true,"href":"https:\/\/portalmf.com.br\/index.php\/wp-json\/wp\/v2\/users\/3"}],"replies":[{"embeddable":true,"href":"https:\/\/portalmf.com.br\/index.php\/wp-json\/wp\/v2\/comments?post=30511"}],"version-history":[{"count":1,"href":"https:\/\/portalmf.com.br\/index.php\/wp-json\/wp\/v2\/posts\/30511\/revisions"}],"predecessor-version":[{"id":30513,"href":"https:\/\/portalmf.com.br\/index.php\/wp-json\/wp\/v2\/posts\/30511\/revisions\/30513"}],"wp:featuredmedia":[{"embeddable":true,"href":"https:\/\/portalmf.com.br\/index.php\/wp-json\/wp\/v2\/media\/30512"}],"wp:attachment":[{"href":"https:\/\/portalmf.com.br\/index.php\/wp-json\/wp\/v2\/media?parent=30511"}],"wp:term":[{"taxonomy":"category","embeddable":true,"href":"https:\/\/portalmf.com.br\/index.php\/wp-json\/wp\/v2\/categories?post=30511"},{"taxonomy":"post_tag","embeddable":true,"href":"https:\/\/portalmf.com.br\/index.php\/wp-json\/wp\/v2\/tags?post=30511"}],"curies":[{"name":"wp","href":"https:\/\/api.w.org\/{rel}","templated":true}]}}