{"id":30501,"date":"2024-10-09T23:01:55","date_gmt":"2024-10-10T02:01:55","guid":{"rendered":"https:\/\/portalmf.com.br\/?p=30501"},"modified":"2024-10-09T23:01:57","modified_gmt":"2024-10-10T02:01:57","slug":"campanha-de-jose-ronaldo-desmente-suposto-evento-em-comemoracao-a-vitoria","status":"publish","type":"post","link":"https:\/\/portalmf.com.br\/index.php\/2024\/10\/09\/campanha-de-jose-ronaldo-desmente-suposto-evento-em-comemoracao-a-vitoria\/","title":{"rendered":"Campanha de Jos\u00e9 Ronaldo desmente suposto evento em comemora\u00e7\u00e3o \u00e0 vit\u00f3ria"},"content":{"rendered":"\n<p>A coordena\u00e7\u00e3o da campanha de Jos\u00e9 Ronaldo (Uni\u00e3o) vem a p\u00fablico esclarecer, na tarde de hoje (9), que a divulga\u00e7\u00e3o de um suposto evento em comemora\u00e7\u00e3o \u00e0 vit\u00f3ria do prefeito eleito, que ocorreria no pr\u00f3ximo s\u00e1bado, dia 12, na Avenida Fraga Maia, em Feira de Santana, \u00e9 falsa. A imagem que circula nas redes sociais, utilizando indevidamente o nome de Jos\u00e9 Ronaldo e inclui atra\u00e7\u00f5es como Pablo, Baiana System e Bell Marques, n\u00e3o tem qualquer v\u00ednculo com a campanha.<\/p>\n\n\n\n<p>Esclarecemos que n\u00e3o houve, em momento algum, tratativas ou planejamento para a realiza\u00e7\u00e3o desse evento ou qualquer outro de celebra\u00e7\u00e3o relacionado \u00e0 vit\u00f3ria de Jos\u00e9 Ronaldo. Repudiamos a cria\u00e7\u00e3o e dissemina\u00e7\u00e3o de fake news que t\u00eam como objetivo confundir os eleitores e desinformar a popula\u00e7\u00e3o.<\/p>\n\n\n\n<p>Pedimos que todos fiquem atentos \u00e0s informa\u00e7\u00f5es oficiais, que s\u00e3o divulgadas exclusivamente pelos canais de comunica\u00e7\u00e3o do prefeito eleito.<\/p>\n\n\n\n<p>Com informa\u00e7oes da Ascom Jos\u00e9 Ronaldo<\/p>\n","protected":false},"excerpt":{"rendered":"<p>A coordena\u00e7\u00e3o da campanha de Jos\u00e9 Ronaldo (Uni\u00e3o) vem a p\u00fablico esclarecer, na tarde de hoje (9), que a divulga\u00e7\u00e3o de um suposto evento em comemora\u00e7\u00e3o \u00e0 vit\u00f3ria do prefeito eleito, que ocorreria no pr\u00f3ximo s\u00e1bado, dia 12, na Avenida Fraga Maia, em Feira de Santana, \u00e9 falsa. A imagem que circula nas redes sociais, [&hellip;]<\/p>\n","protected":false},"author":3,"featured_media":29189,"comment_status":"open","ping_status":"open","sticky":false,"template":"","format":"standard","meta":{"_monsterinsights_skip_tracking":false,"_monsterinsights_sitenote_active":false,"_monsterinsights_sitenote_note":"","_monsterinsights_sitenote_category":0,"footnotes":""},"categories":[301,34],"tags":[],"yoast_head":"<!-- This site is optimized with the Yoast SEO plugin v22.9 - https:\/\/yoast.com\/wordpress\/plugins\/seo\/ -->\n<title>Campanha de Jos\u00e9 Ronaldo desmente suposto evento em comemora\u00e7\u00e3o \u00e0 vit\u00f3ria - Portal MF<\/title>\n<meta name=\"robots\" content=\"index, follow, max-snippet:-1, max-image-preview:large, max-video-preview:-1\" \/>\n<link rel=\"canonical\" href=\"https:\/\/portalmf.com.br\/index.php\/2024\/10\/09\/campanha-de-jose-ronaldo-desmente-suposto-evento-em-comemoracao-a-vitoria\/\" \/>\n<meta property=\"og:locale\" content=\"pt_BR\" \/>\n<meta property=\"og:type\" content=\"article\" \/>\n<meta property=\"og:title\" content=\"Campanha de Jos\u00e9 Ronaldo desmente suposto evento em comemora\u00e7\u00e3o \u00e0 vit\u00f3ria - Portal MF\" \/>\n<meta property=\"og:description\" content=\"A coordena\u00e7\u00e3o da campanha de Jos\u00e9 Ronaldo (Uni\u00e3o) vem a p\u00fablico esclarecer, na tarde de hoje (9), que a divulga\u00e7\u00e3o de um suposto evento em comemora\u00e7\u00e3o \u00e0 vit\u00f3ria do prefeito eleito, que ocorreria no pr\u00f3ximo s\u00e1bado, dia 12, na Avenida Fraga Maia, em Feira de Santana, \u00e9 falsa. A imagem que circula nas redes sociais, [&hellip;]\" \/>\n<meta property=\"og:url\" content=\"https:\/\/portalmf.com.br\/index.php\/2024\/10\/09\/campanha-de-jose-ronaldo-desmente-suposto-evento-em-comemoracao-a-vitoria\/\" \/>\n<meta property=\"og:site_name\" content=\"Portal MF\" \/>\n<meta property=\"article:author\" content=\"https:\/\/www.facebook.com\/portalmfoficial\" \/>\n<meta property=\"article:published_time\" content=\"2024-10-10T02:01:55+00:00\" \/>\n<meta property=\"article:modified_time\" content=\"2024-10-10T02:01:57+00:00\" \/>\n<meta property=\"og:image\" content=\"https:\/\/portalmf.com.br\/wp-content\/uploads\/2024\/08\/ENTREVISTA-FAKE-NEWS-27-08-2024-_JOSE-RONALDO10.jpg\" \/>\n\t<meta property=\"og:image:width\" content=\"800\" \/>\n\t<meta property=\"og:image:height\" content=\"507\" \/>\n\t<meta property=\"og:image:type\" content=\"image\/jpeg\" \/>\n<meta name=\"author\" content=\"Reda\u00e7\u00e3o Portal MF\" \/>\n<meta name=\"twitter:card\" content=\"summary_large_image\" \/>\n<meta name=\"twitter:creator\" content=\"@https:\/\/x.com\/portalmfoficial\" \/>\n<meta name=\"twitter:label1\" content=\"Escrito por\" \/>\n\t<meta name=\"twitter:data1\" content=\"Reda\u00e7\u00e3o Portal MF\" \/>\n\t<meta name=\"twitter:label2\" content=\"Est. tempo de leitura\" \/>\n\t<meta name=\"twitter:data2\" content=\"2 minutos\" \/>\n<script type=\"application\/ld+json\" class=\"yoast-schema-graph\">{\"@context\":\"https:\/\/schema.org\",\"@graph\":[{\"@type\":\"WebPage\",\"@id\":\"https:\/\/portalmf.com.br\/index.php\/2024\/10\/09\/campanha-de-jose-ronaldo-desmente-suposto-evento-em-comemoracao-a-vitoria\/\",\"url\":\"https:\/\/portalmf.com.br\/index.php\/2024\/10\/09\/campanha-de-jose-ronaldo-desmente-suposto-evento-em-comemoracao-a-vitoria\/\",\"name\":\"Campanha de Jos\u00e9 Ronaldo desmente suposto evento em comemora\u00e7\u00e3o \u00e0 vit\u00f3ria - Portal MF\",\"isPartOf\":{\"@id\":\"https:\/\/portalmf.com.br\/#website\"},\"primaryImageOfPage\":{\"@id\":\"https:\/\/portalmf.com.br\/index.php\/2024\/10\/09\/campanha-de-jose-ronaldo-desmente-suposto-evento-em-comemoracao-a-vitoria\/#primaryimage\"},\"image\":{\"@id\":\"https:\/\/portalmf.com.br\/index.php\/2024\/10\/09\/campanha-de-jose-ronaldo-desmente-suposto-evento-em-comemoracao-a-vitoria\/#primaryimage\"},\"thumbnailUrl\":\"https:\/\/portalmf.com.br\/wp-content\/uploads\/2024\/08\/ENTREVISTA-FAKE-NEWS-27-08-2024-_JOSE-RONALDO10.jpg\",\"datePublished\":\"2024-10-10T02:01:55+00:00\",\"dateModified\":\"2024-10-10T02:01:57+00:00\",\"author\":{\"@id\":\"https:\/\/portalmf.com.br\/#\/schema\/person\/9ec101baf56233e53520c26de5d6f6f0\"},\"breadcrumb\":{\"@id\":\"https:\/\/portalmf.com.br\/index.php\/2024\/10\/09\/campanha-de-jose-ronaldo-desmente-suposto-evento-em-comemoracao-a-vitoria\/#breadcrumb\"},\"inLanguage\":\"pt-BR\",\"potentialAction\":[{\"@type\":\"ReadAction\",\"target\":[\"https:\/\/portalmf.com.br\/index.php\/2024\/10\/09\/campanha-de-jose-ronaldo-desmente-suposto-evento-em-comemoracao-a-vitoria\/\"]}]},{\"@type\":\"ImageObject\",\"inLanguage\":\"pt-BR\",\"@id\":\"https:\/\/portalmf.com.br\/index.php\/2024\/10\/09\/campanha-de-jose-ronaldo-desmente-suposto-evento-em-comemoracao-a-vitoria\/#primaryimage\",\"url\":\"https:\/\/portalmf.com.br\/wp-content\/uploads\/2024\/08\/ENTREVISTA-FAKE-NEWS-27-08-2024-_JOSE-RONALDO10.jpg\",\"contentUrl\":\"https:\/\/portalmf.com.br\/wp-content\/uploads\/2024\/08\/ENTREVISTA-FAKE-NEWS-27-08-2024-_JOSE-RONALDO10.jpg\",\"width\":800,\"height\":507},{\"@type\":\"BreadcrumbList\",\"@id\":\"https:\/\/portalmf.com.br\/index.php\/2024\/10\/09\/campanha-de-jose-ronaldo-desmente-suposto-evento-em-comemoracao-a-vitoria\/#breadcrumb\",\"itemListElement\":[{\"@type\":\"ListItem\",\"position\":1,\"name\":\"In\u00edcio\",\"item\":\"https:\/\/portalmf.com.br\/\"},{\"@type\":\"ListItem\",\"position\":2,\"name\":\"Campanha de Jos\u00e9 Ronaldo desmente suposto evento em comemora\u00e7\u00e3o \u00e0 vit\u00f3ria\"}]},{\"@type\":\"WebSite\",\"@id\":\"https:\/\/portalmf.com.br\/#website\",\"url\":\"https:\/\/portalmf.com.br\/\",\"name\":\"Portal MF\",\"description\":\"Voc\u00ea conectado com a informa\u00e7\u00e3o\",\"potentialAction\":[{\"@type\":\"SearchAction\",\"target\":{\"@type\":\"EntryPoint\",\"urlTemplate\":\"https:\/\/portalmf.com.br\/?s={search_term_string}\"},\"query-input\":\"required name=search_term_string\"}],\"inLanguage\":\"pt-BR\"},{\"@type\":\"Person\",\"@id\":\"https:\/\/portalmf.com.br\/#\/schema\/person\/9ec101baf56233e53520c26de5d6f6f0\",\"name\":\"Reda\u00e7\u00e3o Portal MF\",\"image\":{\"@type\":\"ImageObject\",\"inLanguage\":\"pt-BR\",\"@id\":\"https:\/\/portalmf.com.br\/#\/schema\/person\/image\/\",\"url\":\"https:\/\/secure.gravatar.com\/avatar\/41b9aaeb2100835f7c64362330f74c7f?s=96&d=mm&r=g\",\"contentUrl\":\"https:\/\/secure.gravatar.com\/avatar\/41b9aaeb2100835f7c64362330f74c7f?s=96&d=mm&r=g\",\"caption\":\"Reda\u00e7\u00e3o Portal MF\"},\"description\":\"Sejam bem-vindos o portal de informa\u00e7\u00f5es de entretenimento de Feira de Santana, desde 2006 realiza coberturas dos principais eventos com entrevistas exclusivas com as principais personalidades mundiais. Fique conectado tamb\u00e9m nas redes sociais.\",\"sameAs\":[\"http:\/\/www.portalmf.com.br\/\",\"https:\/\/www.facebook.com\/portalmfoficial\",\"https:\/\/www.instagram.com\/portalmf\/\",\"https:\/\/x.com\/https:\/\/x.com\/portalmfoficial\",\"https:\/\/www.youtube.com\/@portalmfoficial\"],\"url\":\"https:\/\/portalmf.com.br\/index.php\/author\/junior\/\"}]}<\/script>\n<!-- \/ Yoast SEO plugin. -->","yoast_head_json":{"title":"Campanha de Jos\u00e9 Ronaldo desmente suposto evento em comemora\u00e7\u00e3o \u00e0 vit\u00f3ria - Portal MF","robots":{"index":"index","follow":"follow","max-snippet":"max-snippet:-1","max-image-preview":"max-image-preview:large","max-video-preview":"max-video-preview:-1"},"canonical":"https:\/\/portalmf.com.br\/index.php\/2024\/10\/09\/campanha-de-jose-ronaldo-desmente-suposto-evento-em-comemoracao-a-vitoria\/","og_locale":"pt_BR","og_type":"article","og_title":"Campanha de Jos\u00e9 Ronaldo desmente suposto evento em comemora\u00e7\u00e3o \u00e0 vit\u00f3ria - Portal MF","og_description":"A coordena\u00e7\u00e3o da campanha de Jos\u00e9 Ronaldo (Uni\u00e3o) vem a p\u00fablico esclarecer, na tarde de hoje (9), que a divulga\u00e7\u00e3o de um suposto evento em comemora\u00e7\u00e3o \u00e0 vit\u00f3ria do prefeito eleito, que ocorreria no pr\u00f3ximo s\u00e1bado, dia 12, na Avenida Fraga Maia, em Feira de Santana, \u00e9 falsa. A imagem que circula nas redes sociais, [&hellip;]","og_url":"https:\/\/portalmf.com.br\/index.php\/2024\/10\/09\/campanha-de-jose-ronaldo-desmente-suposto-evento-em-comemoracao-a-vitoria\/","og_site_name":"Portal MF","article_author":"https:\/\/www.facebook.com\/portalmfoficial","article_published_time":"2024-10-10T02:01:55+00:00","article_modified_time":"2024-10-10T02:01:57+00:00","og_image":[{"width":800,"height":507,"url":"https:\/\/portalmf.com.br\/wp-content\/uploads\/2024\/08\/ENTREVISTA-FAKE-NEWS-27-08-2024-_JOSE-RONALDO10.jpg","type":"image\/jpeg"}],"author":"Reda\u00e7\u00e3o Portal MF","twitter_card":"summary_large_image","twitter_creator":"@https:\/\/x.com\/portalmfoficial","twitter_misc":{"Escrito por":"Reda\u00e7\u00e3o Portal MF","Est. tempo de leitura":"2 minutos"},"schema":{"@context":"https:\/\/schema.org","@graph":[{"@type":"WebPage","@id":"https:\/\/portalmf.com.br\/index.php\/2024\/10\/09\/campanha-de-jose-ronaldo-desmente-suposto-evento-em-comemoracao-a-vitoria\/","url":"https:\/\/portalmf.com.br\/index.php\/2024\/10\/09\/campanha-de-jose-ronaldo-desmente-suposto-evento-em-comemoracao-a-vitoria\/","name":"Campanha de Jos\u00e9 Ronaldo desmente suposto evento em comemora\u00e7\u00e3o \u00e0 vit\u00f3ria - Portal MF","isPartOf":{"@id":"https:\/\/portalmf.com.br\/#website"},"primaryImageOfPage":{"@id":"https:\/\/portalmf.com.br\/index.php\/2024\/10\/09\/campanha-de-jose-ronaldo-desmente-suposto-evento-em-comemoracao-a-vitoria\/#primaryimage"},"image":{"@id":"https:\/\/portalmf.com.br\/index.php\/2024\/10\/09\/campanha-de-jose-ronaldo-desmente-suposto-evento-em-comemoracao-a-vitoria\/#primaryimage"},"thumbnailUrl":"https:\/\/portalmf.com.br\/wp-content\/uploads\/2024\/08\/ENTREVISTA-FAKE-NEWS-27-08-2024-_JOSE-RONALDO10.jpg","datePublished":"2024-10-10T02:01:55+00:00","dateModified":"2024-10-10T02:01:57+00:00","author":{"@id":"https:\/\/portalmf.com.br\/#\/schema\/person\/9ec101baf56233e53520c26de5d6f6f0"},"breadcrumb":{"@id":"https:\/\/portalmf.com.br\/index.php\/2024\/10\/09\/campanha-de-jose-ronaldo-desmente-suposto-evento-em-comemoracao-a-vitoria\/#breadcrumb"},"inLanguage":"pt-BR","potentialAction":[{"@type":"ReadAction","target":["https:\/\/portalmf.com.br\/index.php\/2024\/10\/09\/campanha-de-jose-ronaldo-desmente-suposto-evento-em-comemoracao-a-vitoria\/"]}]},{"@type":"ImageObject","inLanguage":"pt-BR","@id":"https:\/\/portalmf.com.br\/index.php\/2024\/10\/09\/campanha-de-jose-ronaldo-desmente-suposto-evento-em-comemoracao-a-vitoria\/#primaryimage","url":"https:\/\/portalmf.com.br\/wp-content\/uploads\/2024\/08\/ENTREVISTA-FAKE-NEWS-27-08-2024-_JOSE-RONALDO10.jpg","contentUrl":"https:\/\/portalmf.com.br\/wp-content\/uploads\/2024\/08\/ENTREVISTA-FAKE-NEWS-27-08-2024-_JOSE-RONALDO10.jpg","width":800,"height":507},{"@type":"BreadcrumbList","@id":"https:\/\/portalmf.com.br\/index.php\/2024\/10\/09\/campanha-de-jose-ronaldo-desmente-suposto-evento-em-comemoracao-a-vitoria\/#breadcrumb","itemListElement":[{"@type":"ListItem","position":1,"name":"In\u00edcio","item":"https:\/\/portalmf.com.br\/"},{"@type":"ListItem","position":2,"name":"Campanha de Jos\u00e9 Ronaldo desmente suposto evento em comemora\u00e7\u00e3o \u00e0 vit\u00f3ria"}]},{"@type":"WebSite","@id":"https:\/\/portalmf.com.br\/#website","url":"https:\/\/portalmf.com.br\/","name":"Portal MF","description":"Voc\u00ea conectado com a informa\u00e7\u00e3o","potentialAction":[{"@type":"SearchAction","target":{"@type":"EntryPoint","urlTemplate":"https:\/\/portalmf.com.br\/?s={search_term_string}"},"query-input":"required name=search_term_string"}],"inLanguage":"pt-BR"},{"@type":"Person","@id":"https:\/\/portalmf.com.br\/#\/schema\/person\/9ec101baf56233e53520c26de5d6f6f0","name":"Reda\u00e7\u00e3o Portal MF","image":{"@type":"ImageObject","inLanguage":"pt-BR","@id":"https:\/\/portalmf.com.br\/#\/schema\/person\/image\/","url":"https:\/\/secure.gravatar.com\/avatar\/41b9aaeb2100835f7c64362330f74c7f?s=96&d=mm&r=g","contentUrl":"https:\/\/secure.gravatar.com\/avatar\/41b9aaeb2100835f7c64362330f74c7f?s=96&d=mm&r=g","caption":"Reda\u00e7\u00e3o Portal MF"},"description":"Sejam bem-vindos o portal de informa\u00e7\u00f5es de entretenimento de Feira de Santana, desde 2006 realiza coberturas dos principais eventos com entrevistas exclusivas com as principais personalidades mundiais. Fique conectado tamb\u00e9m nas redes sociais.","sameAs":["http:\/\/www.portalmf.com.br\/","https:\/\/www.facebook.com\/portalmfoficial","https:\/\/www.instagram.com\/portalmf\/","https:\/\/x.com\/https:\/\/x.com\/portalmfoficial","https:\/\/www.youtube.com\/@portalmfoficial"],"url":"https:\/\/portalmf.com.br\/index.php\/author\/junior\/"}]}},"_links":{"self":[{"href":"https:\/\/portalmf.com.br\/index.php\/wp-json\/wp\/v2\/posts\/30501"}],"collection":[{"href":"https:\/\/portalmf.com.br\/index.php\/wp-json\/wp\/v2\/posts"}],"about":[{"href":"https:\/\/portalmf.com.br\/index.php\/wp-json\/wp\/v2\/types\/post"}],"author":[{"embeddable":true,"href":"https:\/\/portalmf.com.br\/index.php\/wp-json\/wp\/v2\/users\/3"}],"replies":[{"embeddable":true,"href":"https:\/\/portalmf.com.br\/index.php\/wp-json\/wp\/v2\/comments?post=30501"}],"version-history":[{"count":1,"href":"https:\/\/portalmf.com.br\/index.php\/wp-json\/wp\/v2\/posts\/30501\/revisions"}],"predecessor-version":[{"id":30502,"href":"https:\/\/portalmf.com.br\/index.php\/wp-json\/wp\/v2\/posts\/30501\/revisions\/30502"}],"wp:featuredmedia":[{"embeddable":true,"href":"https:\/\/portalmf.com.br\/index.php\/wp-json\/wp\/v2\/media\/29189"}],"wp:attachment":[{"href":"https:\/\/portalmf.com.br\/index.php\/wp-json\/wp\/v2\/media?parent=30501"}],"wp:term":[{"taxonomy":"category","embeddable":true,"href":"https:\/\/portalmf.com.br\/index.php\/wp-json\/wp\/v2\/categories?post=30501"},{"taxonomy":"post_tag","embeddable":true,"href":"https:\/\/portalmf.com.br\/index.php\/wp-json\/wp\/v2\/tags?post=30501"}],"curies":[{"name":"wp","href":"https:\/\/api.w.org\/{rel}","templated":true}]}}