{"id":30478,"date":"2024-10-06T20:49:10","date_gmt":"2024-10-06T23:49:10","guid":{"rendered":"https:\/\/portalmf.com.br\/?p=30478"},"modified":"2024-10-06T20:52:20","modified_gmt":"2024-10-06T23:52:20","slug":"conheca-os-vereadores-eleitos-em-feira-de-santana-nas-eleicoes-2024","status":"publish","type":"post","link":"https:\/\/portalmf.com.br\/index.php\/2024\/10\/06\/conheca-os-vereadores-eleitos-em-feira-de-santana-nas-eleicoes-2024\/","title":{"rendered":"Conhe\u00e7a os vereadores eleitos em Feira de Santana nas Elei\u00e7\u00f5es 2024"},"content":{"rendered":"\n<p>Um total de 355.713 eleitores foram as urnas, neste domingo (6), em Feira de Santana.&nbsp;As elei\u00e7\u00f5es municipais se encerraram por volta das 17h. E a apura\u00e7\u00e3o das urnas teve in\u00edcio por volta das 17h10.&nbsp;<\/p>\n\n\n\n<p>Com poucas surpresas, a cidade conheceu os 21 eleitos para a C\u00e2mara Municipal. Ao todo, foram 332.051 votos v\u00e1lidos, 13.215 nulos (3.72%) e 10.287 brancos (2.89%).&nbsp;<\/p>\n\n\n\n<p>O Uni\u00e3o Brasil foi o partido que mais garantiu cadeiras. No entanto, Jhonatas Monteiro (Psol) foi o vereador mais votado com 10.980 votos, mas n\u00e3o conseguiu se eleger por causa do coeficiente eleitoral.<\/p>\n\n\n\n<p>21 vereadores ir\u00e3o ocupar o cargo na C\u00e2mara Municipal\u00a0em Feira de Santana. Veja a lista dos parlamentares eleitos\u00a0para a pr\u00f3xima legislatura:<\/p>\n\n\n\n<p><br>Edvaldo Lima (Uni\u00e3o Brasil) &#8211; 6.430 votos<br>Marcos Lima (Uni\u00e3o Brasil) &#8211; 5.854 votos<br>Gerusa Sampaio (Uni\u00e3o Brasil) &#8211; 5.816 votos<br>Lulinha ( Uni\u00e3o) &#8211; 5.574 votos<br>Silvio Dias (PT) &#8211; 5.379 votos<br>Jos\u00e9 Carneiro (Uni\u00e3o) &#8211; 5.326 votos<br>Eremita Mota (PP) &#8211; 5.208 votos<br>Ismael Bastos (PL) &#8211; 4.968 votos<br>Pastor Valdemir (PP) &#8211; 4.810 votos<br>Luiz da Feira (PP) &#8211; 4.715 votos<br>Eli Ribeiro (Republicanos) &#8211; 4.641 votos<br>Ron do Povo (PP) &#8211; 4.626 votos<br>Professor Ivamberg (PT) &#8211; 4.524 votos<br>Jurandy Carvalho (PSDB) &#8211; 4.374 votos<br>Z\u00e9 Curuca (Uni\u00e3o) &#8211; 4.313 votos<br>Gean Caverna (Podemos) &#8211; 4.051 votos<br>Marcus Carvalhal (PL) &#8211; 3.930 votos<br>Galeguinho (Uni\u00e3o) &#8211; 3.827 votos<br>Lu de Ronny (PV) &#8211; 3.681 votos<br>Pedro Am\u00e9rico (Cidadania) &#8211; 3.386 votos<\/p>\n\n\n\n<p>Jorge Oliveira (PRD) &#8211; 2.247 votos\u00a0<\/p>\n\n\n\n<p>Com informa\u00e7\u00f5es do Jornal Folha do Estado<\/p>\n","protected":false},"excerpt":{"rendered":"<p>Um total de 355.713 eleitores foram as urnas, neste domingo (6), em Feira de Santana.&nbsp;As elei\u00e7\u00f5es municipais se encerraram por volta das 17h. E a apura\u00e7\u00e3o das urnas teve in\u00edcio por volta das 17h10.&nbsp; Com poucas surpresas, a cidade conheceu os 21 eleitos para a C\u00e2mara Municipal. Ao todo, foram 332.051 votos v\u00e1lidos, 13.215 nulos [&hellip;]<\/p>\n","protected":false},"author":3,"featured_media":20830,"comment_status":"open","ping_status":"open","sticky":false,"template":"","format":"standard","meta":{"_monsterinsights_skip_tracking":false,"_monsterinsights_sitenote_active":false,"_monsterinsights_sitenote_note":"","_monsterinsights_sitenote_category":0,"footnotes":""},"categories":[48,301,34],"tags":[],"yoast_head":"<!-- This site is optimized with the Yoast SEO plugin v22.9 - https:\/\/yoast.com\/wordpress\/plugins\/seo\/ -->\n<title>Conhe\u00e7a os vereadores eleitos em Feira de Santana nas Elei\u00e7\u00f5es 2024 - Portal MF<\/title>\n<meta name=\"robots\" content=\"index, follow, max-snippet:-1, max-image-preview:large, max-video-preview:-1\" \/>\n<link rel=\"canonical\" href=\"https:\/\/portalmf.com.br\/index.php\/2024\/10\/06\/conheca-os-vereadores-eleitos-em-feira-de-santana-nas-eleicoes-2024\/\" \/>\n<meta property=\"og:locale\" content=\"pt_BR\" \/>\n<meta property=\"og:type\" content=\"article\" \/>\n<meta property=\"og:title\" content=\"Conhe\u00e7a os vereadores eleitos em Feira de Santana nas Elei\u00e7\u00f5es 2024 - Portal MF\" \/>\n<meta property=\"og:description\" content=\"Um total de 355.713 eleitores foram as urnas, neste domingo (6), em Feira de Santana.&nbsp;As elei\u00e7\u00f5es municipais se encerraram por volta das 17h. E a apura\u00e7\u00e3o das urnas teve in\u00edcio por volta das 17h10.&nbsp; Com poucas surpresas, a cidade conheceu os 21 eleitos para a C\u00e2mara Municipal. Ao todo, foram 332.051 votos v\u00e1lidos, 13.215 nulos [&hellip;]\" \/>\n<meta property=\"og:url\" content=\"https:\/\/portalmf.com.br\/index.php\/2024\/10\/06\/conheca-os-vereadores-eleitos-em-feira-de-santana-nas-eleicoes-2024\/\" \/>\n<meta property=\"og:site_name\" content=\"Portal MF\" \/>\n<meta property=\"article:author\" content=\"https:\/\/www.facebook.com\/portalmfoficial\" \/>\n<meta property=\"article:published_time\" content=\"2024-10-06T23:49:10+00:00\" \/>\n<meta property=\"article:modified_time\" content=\"2024-10-06T23:52:20+00:00\" \/>\n<meta property=\"og:image\" content=\"https:\/\/portalmf.com.br\/wp-content\/uploads\/2023\/12\/Camara-de-Feira.jpeg\" \/>\n\t<meta property=\"og:image:width\" content=\"1306\" \/>\n\t<meta property=\"og:image:height\" content=\"870\" \/>\n\t<meta property=\"og:image:type\" content=\"image\/jpeg\" \/>\n<meta name=\"author\" content=\"Reda\u00e7\u00e3o Portal MF\" \/>\n<meta name=\"twitter:card\" content=\"summary_large_image\" \/>\n<meta name=\"twitter:creator\" content=\"@https:\/\/x.com\/portalmfoficial\" \/>\n<meta name=\"twitter:label1\" content=\"Escrito por\" \/>\n\t<meta name=\"twitter:data1\" content=\"Reda\u00e7\u00e3o Portal MF\" \/>\n\t<meta name=\"twitter:label2\" content=\"Est. tempo de leitura\" \/>\n\t<meta name=\"twitter:data2\" content=\"2 minutos\" \/>\n<script type=\"application\/ld+json\" class=\"yoast-schema-graph\">{\"@context\":\"https:\/\/schema.org\",\"@graph\":[{\"@type\":\"WebPage\",\"@id\":\"https:\/\/portalmf.com.br\/index.php\/2024\/10\/06\/conheca-os-vereadores-eleitos-em-feira-de-santana-nas-eleicoes-2024\/\",\"url\":\"https:\/\/portalmf.com.br\/index.php\/2024\/10\/06\/conheca-os-vereadores-eleitos-em-feira-de-santana-nas-eleicoes-2024\/\",\"name\":\"Conhe\u00e7a os vereadores eleitos em Feira de Santana nas Elei\u00e7\u00f5es 2024 - Portal MF\",\"isPartOf\":{\"@id\":\"https:\/\/portalmf.com.br\/#website\"},\"primaryImageOfPage\":{\"@id\":\"https:\/\/portalmf.com.br\/index.php\/2024\/10\/06\/conheca-os-vereadores-eleitos-em-feira-de-santana-nas-eleicoes-2024\/#primaryimage\"},\"image\":{\"@id\":\"https:\/\/portalmf.com.br\/index.php\/2024\/10\/06\/conheca-os-vereadores-eleitos-em-feira-de-santana-nas-eleicoes-2024\/#primaryimage\"},\"thumbnailUrl\":\"https:\/\/portalmf.com.br\/wp-content\/uploads\/2023\/12\/Camara-de-Feira.jpeg\",\"datePublished\":\"2024-10-06T23:49:10+00:00\",\"dateModified\":\"2024-10-06T23:52:20+00:00\",\"author\":{\"@id\":\"https:\/\/portalmf.com.br\/#\/schema\/person\/9ec101baf56233e53520c26de5d6f6f0\"},\"breadcrumb\":{\"@id\":\"https:\/\/portalmf.com.br\/index.php\/2024\/10\/06\/conheca-os-vereadores-eleitos-em-feira-de-santana-nas-eleicoes-2024\/#breadcrumb\"},\"inLanguage\":\"pt-BR\",\"potentialAction\":[{\"@type\":\"ReadAction\",\"target\":[\"https:\/\/portalmf.com.br\/index.php\/2024\/10\/06\/conheca-os-vereadores-eleitos-em-feira-de-santana-nas-eleicoes-2024\/\"]}]},{\"@type\":\"ImageObject\",\"inLanguage\":\"pt-BR\",\"@id\":\"https:\/\/portalmf.com.br\/index.php\/2024\/10\/06\/conheca-os-vereadores-eleitos-em-feira-de-santana-nas-eleicoes-2024\/#primaryimage\",\"url\":\"https:\/\/portalmf.com.br\/wp-content\/uploads\/2023\/12\/Camara-de-Feira.jpeg\",\"contentUrl\":\"https:\/\/portalmf.com.br\/wp-content\/uploads\/2023\/12\/Camara-de-Feira.jpeg\",\"width\":1306,\"height\":870},{\"@type\":\"BreadcrumbList\",\"@id\":\"https:\/\/portalmf.com.br\/index.php\/2024\/10\/06\/conheca-os-vereadores-eleitos-em-feira-de-santana-nas-eleicoes-2024\/#breadcrumb\",\"itemListElement\":[{\"@type\":\"ListItem\",\"position\":1,\"name\":\"In\u00edcio\",\"item\":\"https:\/\/portalmf.com.br\/\"},{\"@type\":\"ListItem\",\"position\":2,\"name\":\"Conhe\u00e7a os vereadores eleitos em Feira de Santana nas Elei\u00e7\u00f5es 2024\"}]},{\"@type\":\"WebSite\",\"@id\":\"https:\/\/portalmf.com.br\/#website\",\"url\":\"https:\/\/portalmf.com.br\/\",\"name\":\"Portal MF\",\"description\":\"Voc\u00ea conectado com a informa\u00e7\u00e3o\",\"potentialAction\":[{\"@type\":\"SearchAction\",\"target\":{\"@type\":\"EntryPoint\",\"urlTemplate\":\"https:\/\/portalmf.com.br\/?s={search_term_string}\"},\"query-input\":\"required name=search_term_string\"}],\"inLanguage\":\"pt-BR\"},{\"@type\":\"Person\",\"@id\":\"https:\/\/portalmf.com.br\/#\/schema\/person\/9ec101baf56233e53520c26de5d6f6f0\",\"name\":\"Reda\u00e7\u00e3o Portal MF\",\"image\":{\"@type\":\"ImageObject\",\"inLanguage\":\"pt-BR\",\"@id\":\"https:\/\/portalmf.com.br\/#\/schema\/person\/image\/\",\"url\":\"https:\/\/secure.gravatar.com\/avatar\/41b9aaeb2100835f7c64362330f74c7f?s=96&d=mm&r=g\",\"contentUrl\":\"https:\/\/secure.gravatar.com\/avatar\/41b9aaeb2100835f7c64362330f74c7f?s=96&d=mm&r=g\",\"caption\":\"Reda\u00e7\u00e3o Portal MF\"},\"description\":\"Sejam bem-vindos o portal de informa\u00e7\u00f5es de entretenimento de Feira de Santana, desde 2006 realiza coberturas dos principais eventos com entrevistas exclusivas com as principais personalidades mundiais. Fique conectado tamb\u00e9m nas redes sociais.\",\"sameAs\":[\"http:\/\/www.portalmf.com.br\/\",\"https:\/\/www.facebook.com\/portalmfoficial\",\"https:\/\/www.instagram.com\/portalmf\/\",\"https:\/\/x.com\/https:\/\/x.com\/portalmfoficial\",\"https:\/\/www.youtube.com\/@portalmfoficial\"],\"url\":\"https:\/\/portalmf.com.br\/index.php\/author\/junior\/\"}]}<\/script>\n<!-- \/ Yoast SEO plugin. -->","yoast_head_json":{"title":"Conhe\u00e7a os vereadores eleitos em Feira de Santana nas Elei\u00e7\u00f5es 2024 - Portal MF","robots":{"index":"index","follow":"follow","max-snippet":"max-snippet:-1","max-image-preview":"max-image-preview:large","max-video-preview":"max-video-preview:-1"},"canonical":"https:\/\/portalmf.com.br\/index.php\/2024\/10\/06\/conheca-os-vereadores-eleitos-em-feira-de-santana-nas-eleicoes-2024\/","og_locale":"pt_BR","og_type":"article","og_title":"Conhe\u00e7a os vereadores eleitos em Feira de Santana nas Elei\u00e7\u00f5es 2024 - Portal MF","og_description":"Um total de 355.713 eleitores foram as urnas, neste domingo (6), em Feira de Santana.&nbsp;As elei\u00e7\u00f5es municipais se encerraram por volta das 17h. E a apura\u00e7\u00e3o das urnas teve in\u00edcio por volta das 17h10.&nbsp; Com poucas surpresas, a cidade conheceu os 21 eleitos para a C\u00e2mara Municipal. Ao todo, foram 332.051 votos v\u00e1lidos, 13.215 nulos [&hellip;]","og_url":"https:\/\/portalmf.com.br\/index.php\/2024\/10\/06\/conheca-os-vereadores-eleitos-em-feira-de-santana-nas-eleicoes-2024\/","og_site_name":"Portal MF","article_author":"https:\/\/www.facebook.com\/portalmfoficial","article_published_time":"2024-10-06T23:49:10+00:00","article_modified_time":"2024-10-06T23:52:20+00:00","og_image":[{"width":1306,"height":870,"url":"https:\/\/portalmf.com.br\/wp-content\/uploads\/2023\/12\/Camara-de-Feira.jpeg","type":"image\/jpeg"}],"author":"Reda\u00e7\u00e3o Portal MF","twitter_card":"summary_large_image","twitter_creator":"@https:\/\/x.com\/portalmfoficial","twitter_misc":{"Escrito por":"Reda\u00e7\u00e3o Portal MF","Est. tempo de leitura":"2 minutos"},"schema":{"@context":"https:\/\/schema.org","@graph":[{"@type":"WebPage","@id":"https:\/\/portalmf.com.br\/index.php\/2024\/10\/06\/conheca-os-vereadores-eleitos-em-feira-de-santana-nas-eleicoes-2024\/","url":"https:\/\/portalmf.com.br\/index.php\/2024\/10\/06\/conheca-os-vereadores-eleitos-em-feira-de-santana-nas-eleicoes-2024\/","name":"Conhe\u00e7a os vereadores eleitos em Feira de Santana nas Elei\u00e7\u00f5es 2024 - Portal MF","isPartOf":{"@id":"https:\/\/portalmf.com.br\/#website"},"primaryImageOfPage":{"@id":"https:\/\/portalmf.com.br\/index.php\/2024\/10\/06\/conheca-os-vereadores-eleitos-em-feira-de-santana-nas-eleicoes-2024\/#primaryimage"},"image":{"@id":"https:\/\/portalmf.com.br\/index.php\/2024\/10\/06\/conheca-os-vereadores-eleitos-em-feira-de-santana-nas-eleicoes-2024\/#primaryimage"},"thumbnailUrl":"https:\/\/portalmf.com.br\/wp-content\/uploads\/2023\/12\/Camara-de-Feira.jpeg","datePublished":"2024-10-06T23:49:10+00:00","dateModified":"2024-10-06T23:52:20+00:00","author":{"@id":"https:\/\/portalmf.com.br\/#\/schema\/person\/9ec101baf56233e53520c26de5d6f6f0"},"breadcrumb":{"@id":"https:\/\/portalmf.com.br\/index.php\/2024\/10\/06\/conheca-os-vereadores-eleitos-em-feira-de-santana-nas-eleicoes-2024\/#breadcrumb"},"inLanguage":"pt-BR","potentialAction":[{"@type":"ReadAction","target":["https:\/\/portalmf.com.br\/index.php\/2024\/10\/06\/conheca-os-vereadores-eleitos-em-feira-de-santana-nas-eleicoes-2024\/"]}]},{"@type":"ImageObject","inLanguage":"pt-BR","@id":"https:\/\/portalmf.com.br\/index.php\/2024\/10\/06\/conheca-os-vereadores-eleitos-em-feira-de-santana-nas-eleicoes-2024\/#primaryimage","url":"https:\/\/portalmf.com.br\/wp-content\/uploads\/2023\/12\/Camara-de-Feira.jpeg","contentUrl":"https:\/\/portalmf.com.br\/wp-content\/uploads\/2023\/12\/Camara-de-Feira.jpeg","width":1306,"height":870},{"@type":"BreadcrumbList","@id":"https:\/\/portalmf.com.br\/index.php\/2024\/10\/06\/conheca-os-vereadores-eleitos-em-feira-de-santana-nas-eleicoes-2024\/#breadcrumb","itemListElement":[{"@type":"ListItem","position":1,"name":"In\u00edcio","item":"https:\/\/portalmf.com.br\/"},{"@type":"ListItem","position":2,"name":"Conhe\u00e7a os vereadores eleitos em Feira de Santana nas Elei\u00e7\u00f5es 2024"}]},{"@type":"WebSite","@id":"https:\/\/portalmf.com.br\/#website","url":"https:\/\/portalmf.com.br\/","name":"Portal MF","description":"Voc\u00ea conectado com a informa\u00e7\u00e3o","potentialAction":[{"@type":"SearchAction","target":{"@type":"EntryPoint","urlTemplate":"https:\/\/portalmf.com.br\/?s={search_term_string}"},"query-input":"required name=search_term_string"}],"inLanguage":"pt-BR"},{"@type":"Person","@id":"https:\/\/portalmf.com.br\/#\/schema\/person\/9ec101baf56233e53520c26de5d6f6f0","name":"Reda\u00e7\u00e3o Portal MF","image":{"@type":"ImageObject","inLanguage":"pt-BR","@id":"https:\/\/portalmf.com.br\/#\/schema\/person\/image\/","url":"https:\/\/secure.gravatar.com\/avatar\/41b9aaeb2100835f7c64362330f74c7f?s=96&d=mm&r=g","contentUrl":"https:\/\/secure.gravatar.com\/avatar\/41b9aaeb2100835f7c64362330f74c7f?s=96&d=mm&r=g","caption":"Reda\u00e7\u00e3o Portal MF"},"description":"Sejam bem-vindos o portal de informa\u00e7\u00f5es de entretenimento de Feira de Santana, desde 2006 realiza coberturas dos principais eventos com entrevistas exclusivas com as principais personalidades mundiais. Fique conectado tamb\u00e9m nas redes sociais.","sameAs":["http:\/\/www.portalmf.com.br\/","https:\/\/www.facebook.com\/portalmfoficial","https:\/\/www.instagram.com\/portalmf\/","https:\/\/x.com\/https:\/\/x.com\/portalmfoficial","https:\/\/www.youtube.com\/@portalmfoficial"],"url":"https:\/\/portalmf.com.br\/index.php\/author\/junior\/"}]}},"_links":{"self":[{"href":"https:\/\/portalmf.com.br\/index.php\/wp-json\/wp\/v2\/posts\/30478"}],"collection":[{"href":"https:\/\/portalmf.com.br\/index.php\/wp-json\/wp\/v2\/posts"}],"about":[{"href":"https:\/\/portalmf.com.br\/index.php\/wp-json\/wp\/v2\/types\/post"}],"author":[{"embeddable":true,"href":"https:\/\/portalmf.com.br\/index.php\/wp-json\/wp\/v2\/users\/3"}],"replies":[{"embeddable":true,"href":"https:\/\/portalmf.com.br\/index.php\/wp-json\/wp\/v2\/comments?post=30478"}],"version-history":[{"count":1,"href":"https:\/\/portalmf.com.br\/index.php\/wp-json\/wp\/v2\/posts\/30478\/revisions"}],"predecessor-version":[{"id":30479,"href":"https:\/\/portalmf.com.br\/index.php\/wp-json\/wp\/v2\/posts\/30478\/revisions\/30479"}],"wp:featuredmedia":[{"embeddable":true,"href":"https:\/\/portalmf.com.br\/index.php\/wp-json\/wp\/v2\/media\/20830"}],"wp:attachment":[{"href":"https:\/\/portalmf.com.br\/index.php\/wp-json\/wp\/v2\/media?parent=30478"}],"wp:term":[{"taxonomy":"category","embeddable":true,"href":"https:\/\/portalmf.com.br\/index.php\/wp-json\/wp\/v2\/categories?post=30478"},{"taxonomy":"post_tag","embeddable":true,"href":"https:\/\/portalmf.com.br\/index.php\/wp-json\/wp\/v2\/tags?post=30478"}],"curies":[{"name":"wp","href":"https:\/\/api.w.org\/{rel}","templated":true}]}}