{"id":30474,"date":"2024-10-06T20:46:11","date_gmt":"2024-10-06T23:46:11","guid":{"rendered":"https:\/\/portalmf.com.br\/?p=30474"},"modified":"2024-10-06T20:53:25","modified_gmt":"2024-10-06T23:53:25","slug":"bruno-reis-e-reeleito-prefeito-de-salvador-com-78-dos-votos","status":"publish","type":"post","link":"https:\/\/portalmf.com.br\/index.php\/2024\/10\/06\/bruno-reis-e-reeleito-prefeito-de-salvador-com-78-dos-votos\/","title":{"rendered":"Bruno Reis \u00e9 reeleito prefeito de Salvador com 78% dos votos"},"content":{"rendered":"\n<p>Bruno Reis (Uni\u00e3o) foi reeleito para o cargo de prefeito da cidade de&nbsp;<strong>Salvador<\/strong>&nbsp;neste domingo (06). Com 81,78% das urnas apuradas, Reis tinha 78,31% dos votos \u2014 o que o elege matematicamente.<\/p>\n\n\n\n<p>Em segundo e terceiro lugar, ficaram Kleber Rosa (PSOL) e Geraldo J\u00fanior (MDB), com 10,81% e 10,31% dos votos, respectivamente.<\/p>\n\n\n\n<p>O candidato do Uni\u00e3o j\u00e1 liderava nas pesquisas, com 74% de inten\u00e7\u00e3o de voto, segundo a\u00a0<strong>Quaest<\/strong>.<\/p>\n\n\n\n<p>Reis, que tem como vice Ana Paula Matos (PDT), assumiu a prefeitura do munic\u00edpio em 2021 e seguir\u00e1 no cargo at\u00e9 o ano de 2028.<\/p>\n\n\n\n<p>Com informa\u00e7\u00f5es do Money Times<\/p>\n","protected":false},"excerpt":{"rendered":"<p>Bruno Reis (Uni\u00e3o) foi reeleito para o cargo de prefeito da cidade de&nbsp;Salvador&nbsp;neste domingo (06). Com 81,78% das urnas apuradas, Reis tinha 78,31% dos votos \u2014 o que o elege matematicamente. Em segundo e terceiro lugar, ficaram Kleber Rosa (PSOL) e Geraldo J\u00fanior (MDB), com 10,81% e 10,31% dos votos, respectivamente. O candidato do Uni\u00e3o [&hellip;]<\/p>\n","protected":false},"author":3,"featured_media":30482,"comment_status":"open","ping_status":"open","sticky":false,"template":"","format":"standard","meta":{"_monsterinsights_skip_tracking":false,"_monsterinsights_sitenote_active":false,"_monsterinsights_sitenote_note":"","_monsterinsights_sitenote_category":0,"footnotes":""},"categories":[48,301,34],"tags":[],"yoast_head":"<!-- This site is optimized with the Yoast SEO plugin v22.9 - https:\/\/yoast.com\/wordpress\/plugins\/seo\/ -->\n<title>Bruno Reis \u00e9 reeleito prefeito de Salvador com 78% dos votos - Portal MF<\/title>\n<meta name=\"robots\" content=\"index, follow, max-snippet:-1, max-image-preview:large, max-video-preview:-1\" \/>\n<link rel=\"canonical\" href=\"https:\/\/portalmf.com.br\/index.php\/2024\/10\/06\/bruno-reis-e-reeleito-prefeito-de-salvador-com-78-dos-votos\/\" \/>\n<meta property=\"og:locale\" content=\"pt_BR\" \/>\n<meta property=\"og:type\" content=\"article\" \/>\n<meta property=\"og:title\" content=\"Bruno Reis \u00e9 reeleito prefeito de Salvador com 78% dos votos - Portal MF\" \/>\n<meta property=\"og:description\" content=\"Bruno Reis (Uni\u00e3o) foi reeleito para o cargo de prefeito da cidade de&nbsp;Salvador&nbsp;neste domingo (06). Com 81,78% das urnas apuradas, Reis tinha 78,31% dos votos \u2014 o que o elege matematicamente. Em segundo e terceiro lugar, ficaram Kleber Rosa (PSOL) e Geraldo J\u00fanior (MDB), com 10,81% e 10,31% dos votos, respectivamente. O candidato do Uni\u00e3o [&hellip;]\" \/>\n<meta property=\"og:url\" content=\"https:\/\/portalmf.com.br\/index.php\/2024\/10\/06\/bruno-reis-e-reeleito-prefeito-de-salvador-com-78-dos-votos\/\" \/>\n<meta property=\"og:site_name\" content=\"Portal MF\" \/>\n<meta property=\"article:author\" content=\"https:\/\/www.facebook.com\/portalmfoficial\" \/>\n<meta property=\"article:published_time\" content=\"2024-10-06T23:46:11+00:00\" \/>\n<meta property=\"article:modified_time\" content=\"2024-10-06T23:53:25+00:00\" \/>\n<meta property=\"og:image\" content=\"https:\/\/portalmf.com.br\/wp-content\/uploads\/2024\/10\/bruno_reis_2024-1.jpg\" \/>\n\t<meta property=\"og:image:width\" content=\"1080\" \/>\n\t<meta property=\"og:image:height\" content=\"870\" \/>\n\t<meta property=\"og:image:type\" content=\"image\/jpeg\" \/>\n<meta name=\"author\" content=\"Reda\u00e7\u00e3o Portal MF\" \/>\n<meta name=\"twitter:card\" content=\"summary_large_image\" \/>\n<meta name=\"twitter:creator\" content=\"@https:\/\/x.com\/portalmfoficial\" \/>\n<meta name=\"twitter:label1\" content=\"Escrito por\" \/>\n\t<meta name=\"twitter:data1\" content=\"Reda\u00e7\u00e3o Portal MF\" \/>\n\t<meta name=\"twitter:label2\" content=\"Est. tempo de leitura\" \/>\n\t<meta name=\"twitter:data2\" content=\"1 minuto\" \/>\n<script type=\"application\/ld+json\" class=\"yoast-schema-graph\">{\"@context\":\"https:\/\/schema.org\",\"@graph\":[{\"@type\":\"WebPage\",\"@id\":\"https:\/\/portalmf.com.br\/index.php\/2024\/10\/06\/bruno-reis-e-reeleito-prefeito-de-salvador-com-78-dos-votos\/\",\"url\":\"https:\/\/portalmf.com.br\/index.php\/2024\/10\/06\/bruno-reis-e-reeleito-prefeito-de-salvador-com-78-dos-votos\/\",\"name\":\"Bruno Reis \u00e9 reeleito prefeito de Salvador com 78% dos votos - Portal MF\",\"isPartOf\":{\"@id\":\"https:\/\/portalmf.com.br\/#website\"},\"primaryImageOfPage\":{\"@id\":\"https:\/\/portalmf.com.br\/index.php\/2024\/10\/06\/bruno-reis-e-reeleito-prefeito-de-salvador-com-78-dos-votos\/#primaryimage\"},\"image\":{\"@id\":\"https:\/\/portalmf.com.br\/index.php\/2024\/10\/06\/bruno-reis-e-reeleito-prefeito-de-salvador-com-78-dos-votos\/#primaryimage\"},\"thumbnailUrl\":\"https:\/\/portalmf.com.br\/wp-content\/uploads\/2024\/10\/bruno_reis_2024-1.jpg\",\"datePublished\":\"2024-10-06T23:46:11+00:00\",\"dateModified\":\"2024-10-06T23:53:25+00:00\",\"author\":{\"@id\":\"https:\/\/portalmf.com.br\/#\/schema\/person\/9ec101baf56233e53520c26de5d6f6f0\"},\"breadcrumb\":{\"@id\":\"https:\/\/portalmf.com.br\/index.php\/2024\/10\/06\/bruno-reis-e-reeleito-prefeito-de-salvador-com-78-dos-votos\/#breadcrumb\"},\"inLanguage\":\"pt-BR\",\"potentialAction\":[{\"@type\":\"ReadAction\",\"target\":[\"https:\/\/portalmf.com.br\/index.php\/2024\/10\/06\/bruno-reis-e-reeleito-prefeito-de-salvador-com-78-dos-votos\/\"]}]},{\"@type\":\"ImageObject\",\"inLanguage\":\"pt-BR\",\"@id\":\"https:\/\/portalmf.com.br\/index.php\/2024\/10\/06\/bruno-reis-e-reeleito-prefeito-de-salvador-com-78-dos-votos\/#primaryimage\",\"url\":\"https:\/\/portalmf.com.br\/wp-content\/uploads\/2024\/10\/bruno_reis_2024-1.jpg\",\"contentUrl\":\"https:\/\/portalmf.com.br\/wp-content\/uploads\/2024\/10\/bruno_reis_2024-1.jpg\",\"width\":1080,\"height\":870},{\"@type\":\"BreadcrumbList\",\"@id\":\"https:\/\/portalmf.com.br\/index.php\/2024\/10\/06\/bruno-reis-e-reeleito-prefeito-de-salvador-com-78-dos-votos\/#breadcrumb\",\"itemListElement\":[{\"@type\":\"ListItem\",\"position\":1,\"name\":\"In\u00edcio\",\"item\":\"https:\/\/portalmf.com.br\/\"},{\"@type\":\"ListItem\",\"position\":2,\"name\":\"Bruno Reis \u00e9 reeleito prefeito de Salvador com 78% dos votos\"}]},{\"@type\":\"WebSite\",\"@id\":\"https:\/\/portalmf.com.br\/#website\",\"url\":\"https:\/\/portalmf.com.br\/\",\"name\":\"Portal MF\",\"description\":\"Voc\u00ea conectado com a informa\u00e7\u00e3o\",\"potentialAction\":[{\"@type\":\"SearchAction\",\"target\":{\"@type\":\"EntryPoint\",\"urlTemplate\":\"https:\/\/portalmf.com.br\/?s={search_term_string}\"},\"query-input\":\"required name=search_term_string\"}],\"inLanguage\":\"pt-BR\"},{\"@type\":\"Person\",\"@id\":\"https:\/\/portalmf.com.br\/#\/schema\/person\/9ec101baf56233e53520c26de5d6f6f0\",\"name\":\"Reda\u00e7\u00e3o Portal MF\",\"image\":{\"@type\":\"ImageObject\",\"inLanguage\":\"pt-BR\",\"@id\":\"https:\/\/portalmf.com.br\/#\/schema\/person\/image\/\",\"url\":\"https:\/\/secure.gravatar.com\/avatar\/41b9aaeb2100835f7c64362330f74c7f?s=96&d=mm&r=g\",\"contentUrl\":\"https:\/\/secure.gravatar.com\/avatar\/41b9aaeb2100835f7c64362330f74c7f?s=96&d=mm&r=g\",\"caption\":\"Reda\u00e7\u00e3o Portal MF\"},\"description\":\"Sejam bem-vindos o portal de informa\u00e7\u00f5es de entretenimento de Feira de Santana, desde 2006 realiza coberturas dos principais eventos com entrevistas exclusivas com as principais personalidades mundiais. Fique conectado tamb\u00e9m nas redes sociais.\",\"sameAs\":[\"http:\/\/www.portalmf.com.br\/\",\"https:\/\/www.facebook.com\/portalmfoficial\",\"https:\/\/www.instagram.com\/portalmf\/\",\"https:\/\/x.com\/https:\/\/x.com\/portalmfoficial\",\"https:\/\/www.youtube.com\/@portalmfoficial\"],\"url\":\"https:\/\/portalmf.com.br\/index.php\/author\/junior\/\"}]}<\/script>\n<!-- \/ Yoast SEO plugin. -->","yoast_head_json":{"title":"Bruno Reis \u00e9 reeleito prefeito de Salvador com 78% dos votos - Portal MF","robots":{"index":"index","follow":"follow","max-snippet":"max-snippet:-1","max-image-preview":"max-image-preview:large","max-video-preview":"max-video-preview:-1"},"canonical":"https:\/\/portalmf.com.br\/index.php\/2024\/10\/06\/bruno-reis-e-reeleito-prefeito-de-salvador-com-78-dos-votos\/","og_locale":"pt_BR","og_type":"article","og_title":"Bruno Reis \u00e9 reeleito prefeito de Salvador com 78% dos votos - Portal MF","og_description":"Bruno Reis (Uni\u00e3o) foi reeleito para o cargo de prefeito da cidade de&nbsp;Salvador&nbsp;neste domingo (06). Com 81,78% das urnas apuradas, Reis tinha 78,31% dos votos \u2014 o que o elege matematicamente. Em segundo e terceiro lugar, ficaram Kleber Rosa (PSOL) e Geraldo J\u00fanior (MDB), com 10,81% e 10,31% dos votos, respectivamente. O candidato do Uni\u00e3o [&hellip;]","og_url":"https:\/\/portalmf.com.br\/index.php\/2024\/10\/06\/bruno-reis-e-reeleito-prefeito-de-salvador-com-78-dos-votos\/","og_site_name":"Portal MF","article_author":"https:\/\/www.facebook.com\/portalmfoficial","article_published_time":"2024-10-06T23:46:11+00:00","article_modified_time":"2024-10-06T23:53:25+00:00","og_image":[{"width":1080,"height":870,"url":"https:\/\/portalmf.com.br\/wp-content\/uploads\/2024\/10\/bruno_reis_2024-1.jpg","type":"image\/jpeg"}],"author":"Reda\u00e7\u00e3o Portal MF","twitter_card":"summary_large_image","twitter_creator":"@https:\/\/x.com\/portalmfoficial","twitter_misc":{"Escrito por":"Reda\u00e7\u00e3o Portal MF","Est. tempo de leitura":"1 minuto"},"schema":{"@context":"https:\/\/schema.org","@graph":[{"@type":"WebPage","@id":"https:\/\/portalmf.com.br\/index.php\/2024\/10\/06\/bruno-reis-e-reeleito-prefeito-de-salvador-com-78-dos-votos\/","url":"https:\/\/portalmf.com.br\/index.php\/2024\/10\/06\/bruno-reis-e-reeleito-prefeito-de-salvador-com-78-dos-votos\/","name":"Bruno Reis \u00e9 reeleito prefeito de Salvador com 78% dos votos - Portal MF","isPartOf":{"@id":"https:\/\/portalmf.com.br\/#website"},"primaryImageOfPage":{"@id":"https:\/\/portalmf.com.br\/index.php\/2024\/10\/06\/bruno-reis-e-reeleito-prefeito-de-salvador-com-78-dos-votos\/#primaryimage"},"image":{"@id":"https:\/\/portalmf.com.br\/index.php\/2024\/10\/06\/bruno-reis-e-reeleito-prefeito-de-salvador-com-78-dos-votos\/#primaryimage"},"thumbnailUrl":"https:\/\/portalmf.com.br\/wp-content\/uploads\/2024\/10\/bruno_reis_2024-1.jpg","datePublished":"2024-10-06T23:46:11+00:00","dateModified":"2024-10-06T23:53:25+00:00","author":{"@id":"https:\/\/portalmf.com.br\/#\/schema\/person\/9ec101baf56233e53520c26de5d6f6f0"},"breadcrumb":{"@id":"https:\/\/portalmf.com.br\/index.php\/2024\/10\/06\/bruno-reis-e-reeleito-prefeito-de-salvador-com-78-dos-votos\/#breadcrumb"},"inLanguage":"pt-BR","potentialAction":[{"@type":"ReadAction","target":["https:\/\/portalmf.com.br\/index.php\/2024\/10\/06\/bruno-reis-e-reeleito-prefeito-de-salvador-com-78-dos-votos\/"]}]},{"@type":"ImageObject","inLanguage":"pt-BR","@id":"https:\/\/portalmf.com.br\/index.php\/2024\/10\/06\/bruno-reis-e-reeleito-prefeito-de-salvador-com-78-dos-votos\/#primaryimage","url":"https:\/\/portalmf.com.br\/wp-content\/uploads\/2024\/10\/bruno_reis_2024-1.jpg","contentUrl":"https:\/\/portalmf.com.br\/wp-content\/uploads\/2024\/10\/bruno_reis_2024-1.jpg","width":1080,"height":870},{"@type":"BreadcrumbList","@id":"https:\/\/portalmf.com.br\/index.php\/2024\/10\/06\/bruno-reis-e-reeleito-prefeito-de-salvador-com-78-dos-votos\/#breadcrumb","itemListElement":[{"@type":"ListItem","position":1,"name":"In\u00edcio","item":"https:\/\/portalmf.com.br\/"},{"@type":"ListItem","position":2,"name":"Bruno Reis \u00e9 reeleito prefeito de Salvador com 78% dos votos"}]},{"@type":"WebSite","@id":"https:\/\/portalmf.com.br\/#website","url":"https:\/\/portalmf.com.br\/","name":"Portal MF","description":"Voc\u00ea conectado com a informa\u00e7\u00e3o","potentialAction":[{"@type":"SearchAction","target":{"@type":"EntryPoint","urlTemplate":"https:\/\/portalmf.com.br\/?s={search_term_string}"},"query-input":"required name=search_term_string"}],"inLanguage":"pt-BR"},{"@type":"Person","@id":"https:\/\/portalmf.com.br\/#\/schema\/person\/9ec101baf56233e53520c26de5d6f6f0","name":"Reda\u00e7\u00e3o Portal MF","image":{"@type":"ImageObject","inLanguage":"pt-BR","@id":"https:\/\/portalmf.com.br\/#\/schema\/person\/image\/","url":"https:\/\/secure.gravatar.com\/avatar\/41b9aaeb2100835f7c64362330f74c7f?s=96&d=mm&r=g","contentUrl":"https:\/\/secure.gravatar.com\/avatar\/41b9aaeb2100835f7c64362330f74c7f?s=96&d=mm&r=g","caption":"Reda\u00e7\u00e3o Portal MF"},"description":"Sejam bem-vindos o portal de informa\u00e7\u00f5es de entretenimento de Feira de Santana, desde 2006 realiza coberturas dos principais eventos com entrevistas exclusivas com as principais personalidades mundiais. Fique conectado tamb\u00e9m nas redes sociais.","sameAs":["http:\/\/www.portalmf.com.br\/","https:\/\/www.facebook.com\/portalmfoficial","https:\/\/www.instagram.com\/portalmf\/","https:\/\/x.com\/https:\/\/x.com\/portalmfoficial","https:\/\/www.youtube.com\/@portalmfoficial"],"url":"https:\/\/portalmf.com.br\/index.php\/author\/junior\/"}]}},"_links":{"self":[{"href":"https:\/\/portalmf.com.br\/index.php\/wp-json\/wp\/v2\/posts\/30474"}],"collection":[{"href":"https:\/\/portalmf.com.br\/index.php\/wp-json\/wp\/v2\/posts"}],"about":[{"href":"https:\/\/portalmf.com.br\/index.php\/wp-json\/wp\/v2\/types\/post"}],"author":[{"embeddable":true,"href":"https:\/\/portalmf.com.br\/index.php\/wp-json\/wp\/v2\/users\/3"}],"replies":[{"embeddable":true,"href":"https:\/\/portalmf.com.br\/index.php\/wp-json\/wp\/v2\/comments?post=30474"}],"version-history":[{"count":1,"href":"https:\/\/portalmf.com.br\/index.php\/wp-json\/wp\/v2\/posts\/30474\/revisions"}],"predecessor-version":[{"id":30477,"href":"https:\/\/portalmf.com.br\/index.php\/wp-json\/wp\/v2\/posts\/30474\/revisions\/30477"}],"wp:featuredmedia":[{"embeddable":true,"href":"https:\/\/portalmf.com.br\/index.php\/wp-json\/wp\/v2\/media\/30482"}],"wp:attachment":[{"href":"https:\/\/portalmf.com.br\/index.php\/wp-json\/wp\/v2\/media?parent=30474"}],"wp:term":[{"taxonomy":"category","embeddable":true,"href":"https:\/\/portalmf.com.br\/index.php\/wp-json\/wp\/v2\/categories?post=30474"},{"taxonomy":"post_tag","embeddable":true,"href":"https:\/\/portalmf.com.br\/index.php\/wp-json\/wp\/v2\/tags?post=30474"}],"curies":[{"name":"wp","href":"https:\/\/api.w.org\/{rel}","templated":true}]}}