{"id":30467,"date":"2024-10-05T08:08:00","date_gmt":"2024-10-05T11:08:00","guid":{"rendered":"https:\/\/portalmf.com.br\/?p=30467"},"modified":"2024-10-05T13:11:34","modified_gmt":"2024-10-05T16:11:34","slug":"sentimento-de-mudanca-em-feira-e-muito-forte-esta-nas-ruas-e-ze-neto-vai-vencer-as-eleicoes-afirma-deputado-robinson","status":"publish","type":"post","link":"https:\/\/portalmf.com.br\/index.php\/2024\/10\/05\/sentimento-de-mudanca-em-feira-e-muito-forte-esta-nas-ruas-e-ze-neto-vai-vencer-as-eleicoes-afirma-deputado-robinson\/","title":{"rendered":"Sentimento de mudan\u00e7a em Feira \u00e9 muito forte, est\u00e1 nas ruas e Z\u00e9 Neto vai vencer as elei\u00e7\u00f5es, afirma deputado Robinson"},"content":{"rendered":"\n<p>O deputado estadual Robinson Almeida (PT) avaliou a lideran\u00e7a do candidato do PT \u00e0 prefeitura de Feira de Santana, Z\u00e9 Neto, na pesquisa Atlas\/Intel, divulgada pelo jornal A Tarde, neste s\u00e1bado (5), e disse que o sentimento de mudan\u00e7a, na cidade, &#8220;\u00e9 muito forte&#8221; e que, essa percep\u00e7\u00e3o, que ele v\u00ea nas ruas, vai consagrar a vit\u00f3ria do candidato apoiado pelo presidente Lula e pelo governador Jer\u00f4nimo Rodrigues no pr\u00f3ximo domingo (6).&nbsp; O estudo aponta a lideran\u00e7a de Z\u00e9 Neto, que tem 47,1% dos votos v\u00e1lidos, enquanto Jos\u00e9 Ronaldo surge atr\u00e1s com 45,9% e Medeiros soma 6,9%. Enquanto o petista chega na reta final de campanha numa crescente, o ex-prefeito segue desindratando.<\/p>\n\n\n\n<p>&#8220;O sentimento de mudan\u00e7a nas ruas \u00e9 muito forte. O eleitor feirense est\u00e1 com uma vontade danada de votar no 13 e eleger Z\u00e9 Neto, um prefeito parceiro do presidente Lula e do governador Jer\u00f4nimo, que vai liderar as transforma\u00e7\u00f5es que Feira de Santana tanto precisa&#8221;, afirmou Robinson Almeida, um dos coordenadores da campanha do petista.<\/p>\n\n\n\n<p>O parlamentar tamb\u00e9m observa o desgaste do grupo pol\u00edtico liderado por Z\u00e9 Ronaldo e Colbert Martins. Segundo ele, h\u00e1 uma indigna\u00e7\u00e3o da popula\u00e7\u00e3o com abandono da cidade pelo grupo pol\u00edtico que controla seu destino h\u00e1 24 anos.<\/p>\n\n\n\n<p>&#8220;Ontem fizemos uma grande caravana no Caseb e nos conjuntos do Minha Casa Minha Visa, as pessoas saem de suas casas para cumprimentar Z\u00e9 Neto e enfatizar que j\u00e1 deu, j\u00e1 era, que agora querem um prefeito que cuide de gente, que cuide melhor da cidade, que visivelmente est\u00e1 maltratada, abandonada, pelo grupo pol\u00edtico do candidato Z\u00e9 Ronaldo e do prefeito Colbert&#8221;, analisou o deputado, que acredita numa nova era na pol\u00edtica de Feira de Santana.<\/p>\n\n\n\n<p>&#8220;Ent\u00e3o essa combina\u00e7\u00e3o de fatores vai levar Z\u00e9 Neto a vencer a elei\u00e7\u00e3o no primeiro turno, \u00e9 o que vejo nas diversas atividades de rua, p\u00fablicas, que participei na campanha. Agora Feira vai ter um prefeito do 13, do time de Lula&#8221;, concluiu Robinson Almeida.<\/p>\n\n\n\n<p>Com informa\u00e7\u00f5es da Ascom do deputado Robinson Almeida<\/p>\n","protected":false},"excerpt":{"rendered":"<p>O deputado estadual Robinson Almeida (PT) avaliou a lideran\u00e7a do candidato do PT \u00e0 prefeitura de Feira de Santana, Z\u00e9 Neto, na pesquisa Atlas\/Intel, divulgada pelo jornal A Tarde, neste s\u00e1bado (5), e disse que o sentimento de mudan\u00e7a, na cidade, &#8220;\u00e9 muito forte&#8221; e que, essa percep\u00e7\u00e3o, que ele v\u00ea nas ruas, vai consagrar [&hellip;]<\/p>\n","protected":false},"author":3,"featured_media":30468,"comment_status":"open","ping_status":"open","sticky":false,"template":"","format":"standard","meta":{"_monsterinsights_skip_tracking":false,"_monsterinsights_sitenote_active":false,"_monsterinsights_sitenote_note":"","_monsterinsights_sitenote_category":0,"footnotes":""},"categories":[301,34],"tags":[],"yoast_head":"<!-- This site is optimized with the Yoast SEO plugin v22.9 - https:\/\/yoast.com\/wordpress\/plugins\/seo\/ -->\n<title>Sentimento de mudan\u00e7a em Feira \u00e9 muito forte, est\u00e1 nas ruas e Z\u00e9 Neto vai vencer as elei\u00e7\u00f5es, afirma deputado Robinson - Portal MF<\/title>\n<meta name=\"robots\" content=\"index, follow, max-snippet:-1, max-image-preview:large, max-video-preview:-1\" \/>\n<link rel=\"canonical\" href=\"https:\/\/portalmf.com.br\/index.php\/2024\/10\/05\/sentimento-de-mudanca-em-feira-e-muito-forte-esta-nas-ruas-e-ze-neto-vai-vencer-as-eleicoes-afirma-deputado-robinson\/\" \/>\n<meta property=\"og:locale\" content=\"pt_BR\" \/>\n<meta property=\"og:type\" content=\"article\" \/>\n<meta property=\"og:title\" content=\"Sentimento de mudan\u00e7a em Feira \u00e9 muito forte, est\u00e1 nas ruas e Z\u00e9 Neto vai vencer as elei\u00e7\u00f5es, afirma deputado Robinson - Portal MF\" \/>\n<meta property=\"og:description\" content=\"O deputado estadual Robinson Almeida (PT) avaliou a lideran\u00e7a do candidato do PT \u00e0 prefeitura de Feira de Santana, Z\u00e9 Neto, na pesquisa Atlas\/Intel, divulgada pelo jornal A Tarde, neste s\u00e1bado (5), e disse que o sentimento de mudan\u00e7a, na cidade, &#8220;\u00e9 muito forte&#8221; e que, essa percep\u00e7\u00e3o, que ele v\u00ea nas ruas, vai consagrar [&hellip;]\" \/>\n<meta property=\"og:url\" content=\"https:\/\/portalmf.com.br\/index.php\/2024\/10\/05\/sentimento-de-mudanca-em-feira-e-muito-forte-esta-nas-ruas-e-ze-neto-vai-vencer-as-eleicoes-afirma-deputado-robinson\/\" \/>\n<meta property=\"og:site_name\" content=\"Portal MF\" \/>\n<meta property=\"article:author\" content=\"https:\/\/www.facebook.com\/portalmfoficial\" \/>\n<meta property=\"article:published_time\" content=\"2024-10-05T11:08:00+00:00\" \/>\n<meta property=\"article:modified_time\" content=\"2024-10-05T16:11:34+00:00\" \/>\n<meta property=\"og:image\" content=\"https:\/\/portalmf.com.br\/wp-content\/uploads\/2024\/10\/Sentimento-de-mudanca-em-Feira-e-muito-forte-esta-nas-ruas-e-Ze-Neto-vai-vencer-as-eleicoes-afirma-deputado-Robinson.jpg\" \/>\n\t<meta property=\"og:image:width\" content=\"705\" \/>\n\t<meta property=\"og:image:height\" content=\"639\" \/>\n\t<meta property=\"og:image:type\" content=\"image\/jpeg\" \/>\n<meta name=\"author\" content=\"Reda\u00e7\u00e3o Portal MF\" \/>\n<meta name=\"twitter:card\" content=\"summary_large_image\" \/>\n<meta name=\"twitter:creator\" content=\"@https:\/\/x.com\/portalmfoficial\" \/>\n<meta name=\"twitter:label1\" content=\"Escrito por\" \/>\n\t<meta name=\"twitter:data1\" content=\"Reda\u00e7\u00e3o Portal MF\" \/>\n\t<meta name=\"twitter:label2\" content=\"Est. tempo de leitura\" \/>\n\t<meta name=\"twitter:data2\" content=\"3 minutos\" \/>\n<script type=\"application\/ld+json\" class=\"yoast-schema-graph\">{\"@context\":\"https:\/\/schema.org\",\"@graph\":[{\"@type\":\"WebPage\",\"@id\":\"https:\/\/portalmf.com.br\/index.php\/2024\/10\/05\/sentimento-de-mudanca-em-feira-e-muito-forte-esta-nas-ruas-e-ze-neto-vai-vencer-as-eleicoes-afirma-deputado-robinson\/\",\"url\":\"https:\/\/portalmf.com.br\/index.php\/2024\/10\/05\/sentimento-de-mudanca-em-feira-e-muito-forte-esta-nas-ruas-e-ze-neto-vai-vencer-as-eleicoes-afirma-deputado-robinson\/\",\"name\":\"Sentimento de mudan\u00e7a em Feira \u00e9 muito forte, est\u00e1 nas ruas e Z\u00e9 Neto vai vencer as elei\u00e7\u00f5es, afirma deputado Robinson - Portal MF\",\"isPartOf\":{\"@id\":\"https:\/\/portalmf.com.br\/#website\"},\"primaryImageOfPage\":{\"@id\":\"https:\/\/portalmf.com.br\/index.php\/2024\/10\/05\/sentimento-de-mudanca-em-feira-e-muito-forte-esta-nas-ruas-e-ze-neto-vai-vencer-as-eleicoes-afirma-deputado-robinson\/#primaryimage\"},\"image\":{\"@id\":\"https:\/\/portalmf.com.br\/index.php\/2024\/10\/05\/sentimento-de-mudanca-em-feira-e-muito-forte-esta-nas-ruas-e-ze-neto-vai-vencer-as-eleicoes-afirma-deputado-robinson\/#primaryimage\"},\"thumbnailUrl\":\"https:\/\/portalmf.com.br\/wp-content\/uploads\/2024\/10\/Sentimento-de-mudanca-em-Feira-e-muito-forte-esta-nas-ruas-e-Ze-Neto-vai-vencer-as-eleicoes-afirma-deputado-Robinson.jpg\",\"datePublished\":\"2024-10-05T11:08:00+00:00\",\"dateModified\":\"2024-10-05T16:11:34+00:00\",\"author\":{\"@id\":\"https:\/\/portalmf.com.br\/#\/schema\/person\/9ec101baf56233e53520c26de5d6f6f0\"},\"breadcrumb\":{\"@id\":\"https:\/\/portalmf.com.br\/index.php\/2024\/10\/05\/sentimento-de-mudanca-em-feira-e-muito-forte-esta-nas-ruas-e-ze-neto-vai-vencer-as-eleicoes-afirma-deputado-robinson\/#breadcrumb\"},\"inLanguage\":\"pt-BR\",\"potentialAction\":[{\"@type\":\"ReadAction\",\"target\":[\"https:\/\/portalmf.com.br\/index.php\/2024\/10\/05\/sentimento-de-mudanca-em-feira-e-muito-forte-esta-nas-ruas-e-ze-neto-vai-vencer-as-eleicoes-afirma-deputado-robinson\/\"]}]},{\"@type\":\"ImageObject\",\"inLanguage\":\"pt-BR\",\"@id\":\"https:\/\/portalmf.com.br\/index.php\/2024\/10\/05\/sentimento-de-mudanca-em-feira-e-muito-forte-esta-nas-ruas-e-ze-neto-vai-vencer-as-eleicoes-afirma-deputado-robinson\/#primaryimage\",\"url\":\"https:\/\/portalmf.com.br\/wp-content\/uploads\/2024\/10\/Sentimento-de-mudanca-em-Feira-e-muito-forte-esta-nas-ruas-e-Ze-Neto-vai-vencer-as-eleicoes-afirma-deputado-Robinson.jpg\",\"contentUrl\":\"https:\/\/portalmf.com.br\/wp-content\/uploads\/2024\/10\/Sentimento-de-mudanca-em-Feira-e-muito-forte-esta-nas-ruas-e-Ze-Neto-vai-vencer-as-eleicoes-afirma-deputado-Robinson.jpg\",\"width\":705,\"height\":639},{\"@type\":\"BreadcrumbList\",\"@id\":\"https:\/\/portalmf.com.br\/index.php\/2024\/10\/05\/sentimento-de-mudanca-em-feira-e-muito-forte-esta-nas-ruas-e-ze-neto-vai-vencer-as-eleicoes-afirma-deputado-robinson\/#breadcrumb\",\"itemListElement\":[{\"@type\":\"ListItem\",\"position\":1,\"name\":\"In\u00edcio\",\"item\":\"https:\/\/portalmf.com.br\/\"},{\"@type\":\"ListItem\",\"position\":2,\"name\":\"Sentimento de mudan\u00e7a em Feira \u00e9 muito forte, est\u00e1 nas ruas e Z\u00e9 Neto vai vencer as elei\u00e7\u00f5es, afirma deputado Robinson\"}]},{\"@type\":\"WebSite\",\"@id\":\"https:\/\/portalmf.com.br\/#website\",\"url\":\"https:\/\/portalmf.com.br\/\",\"name\":\"Portal MF\",\"description\":\"Voc\u00ea conectado com a informa\u00e7\u00e3o\",\"potentialAction\":[{\"@type\":\"SearchAction\",\"target\":{\"@type\":\"EntryPoint\",\"urlTemplate\":\"https:\/\/portalmf.com.br\/?s={search_term_string}\"},\"query-input\":\"required name=search_term_string\"}],\"inLanguage\":\"pt-BR\"},{\"@type\":\"Person\",\"@id\":\"https:\/\/portalmf.com.br\/#\/schema\/person\/9ec101baf56233e53520c26de5d6f6f0\",\"name\":\"Reda\u00e7\u00e3o Portal MF\",\"image\":{\"@type\":\"ImageObject\",\"inLanguage\":\"pt-BR\",\"@id\":\"https:\/\/portalmf.com.br\/#\/schema\/person\/image\/\",\"url\":\"https:\/\/secure.gravatar.com\/avatar\/41b9aaeb2100835f7c64362330f74c7f?s=96&d=mm&r=g\",\"contentUrl\":\"https:\/\/secure.gravatar.com\/avatar\/41b9aaeb2100835f7c64362330f74c7f?s=96&d=mm&r=g\",\"caption\":\"Reda\u00e7\u00e3o Portal MF\"},\"description\":\"Sejam bem-vindos o portal de informa\u00e7\u00f5es de entretenimento de Feira de Santana, desde 2006 realiza coberturas dos principais eventos com entrevistas exclusivas com as principais personalidades mundiais. Fique conectado tamb\u00e9m nas redes sociais.\",\"sameAs\":[\"http:\/\/www.portalmf.com.br\/\",\"https:\/\/www.facebook.com\/portalmfoficial\",\"https:\/\/www.instagram.com\/portalmf\/\",\"https:\/\/x.com\/https:\/\/x.com\/portalmfoficial\",\"https:\/\/www.youtube.com\/@portalmfoficial\"],\"url\":\"https:\/\/portalmf.com.br\/index.php\/author\/junior\/\"}]}<\/script>\n<!-- \/ Yoast SEO plugin. -->","yoast_head_json":{"title":"Sentimento de mudan\u00e7a em Feira \u00e9 muito forte, est\u00e1 nas ruas e Z\u00e9 Neto vai vencer as elei\u00e7\u00f5es, afirma deputado Robinson - Portal MF","robots":{"index":"index","follow":"follow","max-snippet":"max-snippet:-1","max-image-preview":"max-image-preview:large","max-video-preview":"max-video-preview:-1"},"canonical":"https:\/\/portalmf.com.br\/index.php\/2024\/10\/05\/sentimento-de-mudanca-em-feira-e-muito-forte-esta-nas-ruas-e-ze-neto-vai-vencer-as-eleicoes-afirma-deputado-robinson\/","og_locale":"pt_BR","og_type":"article","og_title":"Sentimento de mudan\u00e7a em Feira \u00e9 muito forte, est\u00e1 nas ruas e Z\u00e9 Neto vai vencer as elei\u00e7\u00f5es, afirma deputado Robinson - Portal MF","og_description":"O deputado estadual Robinson Almeida (PT) avaliou a lideran\u00e7a do candidato do PT \u00e0 prefeitura de Feira de Santana, Z\u00e9 Neto, na pesquisa Atlas\/Intel, divulgada pelo jornal A Tarde, neste s\u00e1bado (5), e disse que o sentimento de mudan\u00e7a, na cidade, &#8220;\u00e9 muito forte&#8221; e que, essa percep\u00e7\u00e3o, que ele v\u00ea nas ruas, vai consagrar [&hellip;]","og_url":"https:\/\/portalmf.com.br\/index.php\/2024\/10\/05\/sentimento-de-mudanca-em-feira-e-muito-forte-esta-nas-ruas-e-ze-neto-vai-vencer-as-eleicoes-afirma-deputado-robinson\/","og_site_name":"Portal MF","article_author":"https:\/\/www.facebook.com\/portalmfoficial","article_published_time":"2024-10-05T11:08:00+00:00","article_modified_time":"2024-10-05T16:11:34+00:00","og_image":[{"width":705,"height":639,"url":"https:\/\/portalmf.com.br\/wp-content\/uploads\/2024\/10\/Sentimento-de-mudanca-em-Feira-e-muito-forte-esta-nas-ruas-e-Ze-Neto-vai-vencer-as-eleicoes-afirma-deputado-Robinson.jpg","type":"image\/jpeg"}],"author":"Reda\u00e7\u00e3o Portal MF","twitter_card":"summary_large_image","twitter_creator":"@https:\/\/x.com\/portalmfoficial","twitter_misc":{"Escrito por":"Reda\u00e7\u00e3o Portal MF","Est. tempo de leitura":"3 minutos"},"schema":{"@context":"https:\/\/schema.org","@graph":[{"@type":"WebPage","@id":"https:\/\/portalmf.com.br\/index.php\/2024\/10\/05\/sentimento-de-mudanca-em-feira-e-muito-forte-esta-nas-ruas-e-ze-neto-vai-vencer-as-eleicoes-afirma-deputado-robinson\/","url":"https:\/\/portalmf.com.br\/index.php\/2024\/10\/05\/sentimento-de-mudanca-em-feira-e-muito-forte-esta-nas-ruas-e-ze-neto-vai-vencer-as-eleicoes-afirma-deputado-robinson\/","name":"Sentimento de mudan\u00e7a em Feira \u00e9 muito forte, est\u00e1 nas ruas e Z\u00e9 Neto vai vencer as elei\u00e7\u00f5es, afirma deputado Robinson - Portal MF","isPartOf":{"@id":"https:\/\/portalmf.com.br\/#website"},"primaryImageOfPage":{"@id":"https:\/\/portalmf.com.br\/index.php\/2024\/10\/05\/sentimento-de-mudanca-em-feira-e-muito-forte-esta-nas-ruas-e-ze-neto-vai-vencer-as-eleicoes-afirma-deputado-robinson\/#primaryimage"},"image":{"@id":"https:\/\/portalmf.com.br\/index.php\/2024\/10\/05\/sentimento-de-mudanca-em-feira-e-muito-forte-esta-nas-ruas-e-ze-neto-vai-vencer-as-eleicoes-afirma-deputado-robinson\/#primaryimage"},"thumbnailUrl":"https:\/\/portalmf.com.br\/wp-content\/uploads\/2024\/10\/Sentimento-de-mudanca-em-Feira-e-muito-forte-esta-nas-ruas-e-Ze-Neto-vai-vencer-as-eleicoes-afirma-deputado-Robinson.jpg","datePublished":"2024-10-05T11:08:00+00:00","dateModified":"2024-10-05T16:11:34+00:00","author":{"@id":"https:\/\/portalmf.com.br\/#\/schema\/person\/9ec101baf56233e53520c26de5d6f6f0"},"breadcrumb":{"@id":"https:\/\/portalmf.com.br\/index.php\/2024\/10\/05\/sentimento-de-mudanca-em-feira-e-muito-forte-esta-nas-ruas-e-ze-neto-vai-vencer-as-eleicoes-afirma-deputado-robinson\/#breadcrumb"},"inLanguage":"pt-BR","potentialAction":[{"@type":"ReadAction","target":["https:\/\/portalmf.com.br\/index.php\/2024\/10\/05\/sentimento-de-mudanca-em-feira-e-muito-forte-esta-nas-ruas-e-ze-neto-vai-vencer-as-eleicoes-afirma-deputado-robinson\/"]}]},{"@type":"ImageObject","inLanguage":"pt-BR","@id":"https:\/\/portalmf.com.br\/index.php\/2024\/10\/05\/sentimento-de-mudanca-em-feira-e-muito-forte-esta-nas-ruas-e-ze-neto-vai-vencer-as-eleicoes-afirma-deputado-robinson\/#primaryimage","url":"https:\/\/portalmf.com.br\/wp-content\/uploads\/2024\/10\/Sentimento-de-mudanca-em-Feira-e-muito-forte-esta-nas-ruas-e-Ze-Neto-vai-vencer-as-eleicoes-afirma-deputado-Robinson.jpg","contentUrl":"https:\/\/portalmf.com.br\/wp-content\/uploads\/2024\/10\/Sentimento-de-mudanca-em-Feira-e-muito-forte-esta-nas-ruas-e-Ze-Neto-vai-vencer-as-eleicoes-afirma-deputado-Robinson.jpg","width":705,"height":639},{"@type":"BreadcrumbList","@id":"https:\/\/portalmf.com.br\/index.php\/2024\/10\/05\/sentimento-de-mudanca-em-feira-e-muito-forte-esta-nas-ruas-e-ze-neto-vai-vencer-as-eleicoes-afirma-deputado-robinson\/#breadcrumb","itemListElement":[{"@type":"ListItem","position":1,"name":"In\u00edcio","item":"https:\/\/portalmf.com.br\/"},{"@type":"ListItem","position":2,"name":"Sentimento de mudan\u00e7a em Feira \u00e9 muito forte, est\u00e1 nas ruas e Z\u00e9 Neto vai vencer as elei\u00e7\u00f5es, afirma deputado Robinson"}]},{"@type":"WebSite","@id":"https:\/\/portalmf.com.br\/#website","url":"https:\/\/portalmf.com.br\/","name":"Portal MF","description":"Voc\u00ea conectado com a informa\u00e7\u00e3o","potentialAction":[{"@type":"SearchAction","target":{"@type":"EntryPoint","urlTemplate":"https:\/\/portalmf.com.br\/?s={search_term_string}"},"query-input":"required name=search_term_string"}],"inLanguage":"pt-BR"},{"@type":"Person","@id":"https:\/\/portalmf.com.br\/#\/schema\/person\/9ec101baf56233e53520c26de5d6f6f0","name":"Reda\u00e7\u00e3o Portal MF","image":{"@type":"ImageObject","inLanguage":"pt-BR","@id":"https:\/\/portalmf.com.br\/#\/schema\/person\/image\/","url":"https:\/\/secure.gravatar.com\/avatar\/41b9aaeb2100835f7c64362330f74c7f?s=96&d=mm&r=g","contentUrl":"https:\/\/secure.gravatar.com\/avatar\/41b9aaeb2100835f7c64362330f74c7f?s=96&d=mm&r=g","caption":"Reda\u00e7\u00e3o Portal MF"},"description":"Sejam bem-vindos o portal de informa\u00e7\u00f5es de entretenimento de Feira de Santana, desde 2006 realiza coberturas dos principais eventos com entrevistas exclusivas com as principais personalidades mundiais. Fique conectado tamb\u00e9m nas redes sociais.","sameAs":["http:\/\/www.portalmf.com.br\/","https:\/\/www.facebook.com\/portalmfoficial","https:\/\/www.instagram.com\/portalmf\/","https:\/\/x.com\/https:\/\/x.com\/portalmfoficial","https:\/\/www.youtube.com\/@portalmfoficial"],"url":"https:\/\/portalmf.com.br\/index.php\/author\/junior\/"}]}},"_links":{"self":[{"href":"https:\/\/portalmf.com.br\/index.php\/wp-json\/wp\/v2\/posts\/30467"}],"collection":[{"href":"https:\/\/portalmf.com.br\/index.php\/wp-json\/wp\/v2\/posts"}],"about":[{"href":"https:\/\/portalmf.com.br\/index.php\/wp-json\/wp\/v2\/types\/post"}],"author":[{"embeddable":true,"href":"https:\/\/portalmf.com.br\/index.php\/wp-json\/wp\/v2\/users\/3"}],"replies":[{"embeddable":true,"href":"https:\/\/portalmf.com.br\/index.php\/wp-json\/wp\/v2\/comments?post=30467"}],"version-history":[{"count":1,"href":"https:\/\/portalmf.com.br\/index.php\/wp-json\/wp\/v2\/posts\/30467\/revisions"}],"predecessor-version":[{"id":30469,"href":"https:\/\/portalmf.com.br\/index.php\/wp-json\/wp\/v2\/posts\/30467\/revisions\/30469"}],"wp:featuredmedia":[{"embeddable":true,"href":"https:\/\/portalmf.com.br\/index.php\/wp-json\/wp\/v2\/media\/30468"}],"wp:attachment":[{"href":"https:\/\/portalmf.com.br\/index.php\/wp-json\/wp\/v2\/media?parent=30467"}],"wp:term":[{"taxonomy":"category","embeddable":true,"href":"https:\/\/portalmf.com.br\/index.php\/wp-json\/wp\/v2\/categories?post=30467"},{"taxonomy":"post_tag","embeddable":true,"href":"https:\/\/portalmf.com.br\/index.php\/wp-json\/wp\/v2\/tags?post=30467"}],"curies":[{"name":"wp","href":"https:\/\/api.w.org\/{rel}","templated":true}]}}