{"id":30464,"date":"2024-10-05T12:03:00","date_gmt":"2024-10-05T15:03:00","guid":{"rendered":"https:\/\/portalmf.com.br\/?p=30464"},"modified":"2024-10-05T13:07:01","modified_gmt":"2024-10-05T16:07:01","slug":"com-governador-jeronimo-ze-neto-realiza-grande-carreata-da-vitoria-em-feira-de-santana","status":"publish","type":"post","link":"https:\/\/portalmf.com.br\/index.php\/2024\/10\/05\/com-governador-jeronimo-ze-neto-realiza-grande-carreata-da-vitoria-em-feira-de-santana\/","title":{"rendered":"Com governador Jer\u00f4nimo, Z\u00e9 Neto realiza grande carreata da vit\u00f3ria em Feira de Santana"},"content":{"rendered":"\n<p>O governador Jer\u00f4nimo Rodrigues (PT) participou, neste s\u00e1bado (5), de uma grande carreata da vit\u00f3ria em apoio ao candidato do PT \u00e0 prefeitura de Feira de Santana, Z\u00e9 Neto. O ato mobilizou milhares de apoiadores e percorreu as principais avenidas e bairros na regi\u00e3o central da cidade. Em v\u00eddeo publicado nas redes sociais, o chefe do executivo estadual, que no domingo (6) votar\u00e1 em Feira, refor\u00e7ou a import\u00e2ncia de eleger um prefeito parceiro do seu governo e do presidente Lula para fortalecer a execu\u00e7\u00e3o coordenada de pol\u00edticas p\u00fablicas.<\/p>\n\n\n\n<p>&#8220;Estamos na reta final. \u00c9 a vez da vit\u00f3ria, \u00e9 a vez de Feira, \u00e9 a vez de Z\u00e9 Neto. Precisamos de um prefeito que trabalhe junto com Jer\u00f4nimo, Lula. Nos ajude a cuidar de Feira,&#8221; declarou o governador.<\/p>\n\n\n\n<p>&#8220;Vamos fazer o futuro acontecer em Feira. T\u00e1 na hora de tirar Feira do isolamento, com Lula, Jer\u00f4nimo e voc\u00ea. N\u00f3s vamos fazer essa virada hist\u00f3rica em nossa cidade&#8221;, enfatizou Z\u00e9 Neto.<\/p>\n\n\n\n<p>A caravana do 13 percorreu avenidas como Jo\u00e3o Durval, Presidente Dutra, Senhor dos Passos e Get\u00falio Vargas, al\u00e9m de passar pelos bairros Maria Quit\u00e9ria, Jardim Bras\u00edlia, Feira X, Tomba e regi\u00e3o do FeiraGuay.<\/p>\n\n\n\n<p>Tamb\u00e9m participaram do evento a deputada federal Elis\u00e2ngela Ara\u00fajo, o deputado estadual Robinson Almeida, a primeira dama do estado, Tatiana Veloso, o secret\u00e1rio de Cultura, Bruno Monteiro, e a secret\u00e1ria de sa\u00fade do Estado, Roberta Santana.<\/p>\n\n\n\n<p>Com informa\u00e7\u00f5es da Ascom \/ Z\u00e9 Neto<\/p>\n","protected":false},"excerpt":{"rendered":"<p>O governador Jer\u00f4nimo Rodrigues (PT) participou, neste s\u00e1bado (5), de uma grande carreata da vit\u00f3ria em apoio ao candidato do PT \u00e0 prefeitura de Feira de Santana, Z\u00e9 Neto. O ato mobilizou milhares de apoiadores e percorreu as principais avenidas e bairros na regi\u00e3o central da cidade. Em v\u00eddeo publicado nas redes sociais, o chefe [&hellip;]<\/p>\n","protected":false},"author":3,"featured_media":30465,"comment_status":"open","ping_status":"open","sticky":false,"template":"","format":"standard","meta":{"_monsterinsights_skip_tracking":false,"_monsterinsights_sitenote_active":false,"_monsterinsights_sitenote_note":"","_monsterinsights_sitenote_category":0,"footnotes":""},"categories":[301,34],"tags":[],"yoast_head":"<!-- This site is optimized with the Yoast SEO plugin v22.9 - https:\/\/yoast.com\/wordpress\/plugins\/seo\/ -->\n<title>Com governador Jer\u00f4nimo, Z\u00e9 Neto realiza grande carreata da vit\u00f3ria em Feira de Santana - Portal MF<\/title>\n<meta name=\"robots\" content=\"index, follow, max-snippet:-1, max-image-preview:large, max-video-preview:-1\" \/>\n<link rel=\"canonical\" href=\"https:\/\/portalmf.com.br\/index.php\/2024\/10\/05\/com-governador-jeronimo-ze-neto-realiza-grande-carreata-da-vitoria-em-feira-de-santana\/\" \/>\n<meta property=\"og:locale\" content=\"pt_BR\" \/>\n<meta property=\"og:type\" content=\"article\" \/>\n<meta property=\"og:title\" content=\"Com governador Jer\u00f4nimo, Z\u00e9 Neto realiza grande carreata da vit\u00f3ria em Feira de Santana - Portal MF\" \/>\n<meta property=\"og:description\" content=\"O governador Jer\u00f4nimo Rodrigues (PT) participou, neste s\u00e1bado (5), de uma grande carreata da vit\u00f3ria em apoio ao candidato do PT \u00e0 prefeitura de Feira de Santana, Z\u00e9 Neto. O ato mobilizou milhares de apoiadores e percorreu as principais avenidas e bairros na regi\u00e3o central da cidade. Em v\u00eddeo publicado nas redes sociais, o chefe [&hellip;]\" \/>\n<meta property=\"og:url\" content=\"https:\/\/portalmf.com.br\/index.php\/2024\/10\/05\/com-governador-jeronimo-ze-neto-realiza-grande-carreata-da-vitoria-em-feira-de-santana\/\" \/>\n<meta property=\"og:site_name\" content=\"Portal MF\" \/>\n<meta property=\"article:author\" content=\"https:\/\/www.facebook.com\/portalmfoficial\" \/>\n<meta property=\"article:published_time\" content=\"2024-10-05T15:03:00+00:00\" \/>\n<meta property=\"article:modified_time\" content=\"2024-10-05T16:07:01+00:00\" \/>\n<meta property=\"og:image\" content=\"https:\/\/portalmf.com.br\/wp-content\/uploads\/2024\/10\/Com-governador-Jeronimo-Ze-Neto-realiza-grande-carreata-da-vitoria-em-Feira-de-Santana.jpg\" \/>\n\t<meta property=\"og:image:width\" content=\"852\" \/>\n\t<meta property=\"og:image:height\" content=\"907\" \/>\n\t<meta property=\"og:image:type\" content=\"image\/jpeg\" \/>\n<meta name=\"author\" content=\"Reda\u00e7\u00e3o Portal MF\" \/>\n<meta name=\"twitter:card\" content=\"summary_large_image\" \/>\n<meta name=\"twitter:creator\" content=\"@https:\/\/x.com\/portalmfoficial\" \/>\n<meta name=\"twitter:label1\" content=\"Escrito por\" \/>\n\t<meta name=\"twitter:data1\" content=\"Reda\u00e7\u00e3o Portal MF\" \/>\n\t<meta name=\"twitter:label2\" content=\"Est. tempo de leitura\" \/>\n\t<meta name=\"twitter:data2\" content=\"2 minutos\" \/>\n<script type=\"application\/ld+json\" class=\"yoast-schema-graph\">{\"@context\":\"https:\/\/schema.org\",\"@graph\":[{\"@type\":\"WebPage\",\"@id\":\"https:\/\/portalmf.com.br\/index.php\/2024\/10\/05\/com-governador-jeronimo-ze-neto-realiza-grande-carreata-da-vitoria-em-feira-de-santana\/\",\"url\":\"https:\/\/portalmf.com.br\/index.php\/2024\/10\/05\/com-governador-jeronimo-ze-neto-realiza-grande-carreata-da-vitoria-em-feira-de-santana\/\",\"name\":\"Com governador Jer\u00f4nimo, Z\u00e9 Neto realiza grande carreata da vit\u00f3ria em Feira de Santana - Portal MF\",\"isPartOf\":{\"@id\":\"https:\/\/portalmf.com.br\/#website\"},\"primaryImageOfPage\":{\"@id\":\"https:\/\/portalmf.com.br\/index.php\/2024\/10\/05\/com-governador-jeronimo-ze-neto-realiza-grande-carreata-da-vitoria-em-feira-de-santana\/#primaryimage\"},\"image\":{\"@id\":\"https:\/\/portalmf.com.br\/index.php\/2024\/10\/05\/com-governador-jeronimo-ze-neto-realiza-grande-carreata-da-vitoria-em-feira-de-santana\/#primaryimage\"},\"thumbnailUrl\":\"https:\/\/portalmf.com.br\/wp-content\/uploads\/2024\/10\/Com-governador-Jeronimo-Ze-Neto-realiza-grande-carreata-da-vitoria-em-Feira-de-Santana.jpg\",\"datePublished\":\"2024-10-05T15:03:00+00:00\",\"dateModified\":\"2024-10-05T16:07:01+00:00\",\"author\":{\"@id\":\"https:\/\/portalmf.com.br\/#\/schema\/person\/9ec101baf56233e53520c26de5d6f6f0\"},\"breadcrumb\":{\"@id\":\"https:\/\/portalmf.com.br\/index.php\/2024\/10\/05\/com-governador-jeronimo-ze-neto-realiza-grande-carreata-da-vitoria-em-feira-de-santana\/#breadcrumb\"},\"inLanguage\":\"pt-BR\",\"potentialAction\":[{\"@type\":\"ReadAction\",\"target\":[\"https:\/\/portalmf.com.br\/index.php\/2024\/10\/05\/com-governador-jeronimo-ze-neto-realiza-grande-carreata-da-vitoria-em-feira-de-santana\/\"]}]},{\"@type\":\"ImageObject\",\"inLanguage\":\"pt-BR\",\"@id\":\"https:\/\/portalmf.com.br\/index.php\/2024\/10\/05\/com-governador-jeronimo-ze-neto-realiza-grande-carreata-da-vitoria-em-feira-de-santana\/#primaryimage\",\"url\":\"https:\/\/portalmf.com.br\/wp-content\/uploads\/2024\/10\/Com-governador-Jeronimo-Ze-Neto-realiza-grande-carreata-da-vitoria-em-Feira-de-Santana.jpg\",\"contentUrl\":\"https:\/\/portalmf.com.br\/wp-content\/uploads\/2024\/10\/Com-governador-Jeronimo-Ze-Neto-realiza-grande-carreata-da-vitoria-em-Feira-de-Santana.jpg\",\"width\":852,\"height\":907},{\"@type\":\"BreadcrumbList\",\"@id\":\"https:\/\/portalmf.com.br\/index.php\/2024\/10\/05\/com-governador-jeronimo-ze-neto-realiza-grande-carreata-da-vitoria-em-feira-de-santana\/#breadcrumb\",\"itemListElement\":[{\"@type\":\"ListItem\",\"position\":1,\"name\":\"In\u00edcio\",\"item\":\"https:\/\/portalmf.com.br\/\"},{\"@type\":\"ListItem\",\"position\":2,\"name\":\"Com governador Jer\u00f4nimo, Z\u00e9 Neto realiza grande carreata da vit\u00f3ria em Feira de Santana\"}]},{\"@type\":\"WebSite\",\"@id\":\"https:\/\/portalmf.com.br\/#website\",\"url\":\"https:\/\/portalmf.com.br\/\",\"name\":\"Portal MF\",\"description\":\"Voc\u00ea conectado com a informa\u00e7\u00e3o\",\"potentialAction\":[{\"@type\":\"SearchAction\",\"target\":{\"@type\":\"EntryPoint\",\"urlTemplate\":\"https:\/\/portalmf.com.br\/?s={search_term_string}\"},\"query-input\":\"required name=search_term_string\"}],\"inLanguage\":\"pt-BR\"},{\"@type\":\"Person\",\"@id\":\"https:\/\/portalmf.com.br\/#\/schema\/person\/9ec101baf56233e53520c26de5d6f6f0\",\"name\":\"Reda\u00e7\u00e3o Portal MF\",\"image\":{\"@type\":\"ImageObject\",\"inLanguage\":\"pt-BR\",\"@id\":\"https:\/\/portalmf.com.br\/#\/schema\/person\/image\/\",\"url\":\"https:\/\/secure.gravatar.com\/avatar\/41b9aaeb2100835f7c64362330f74c7f?s=96&d=mm&r=g\",\"contentUrl\":\"https:\/\/secure.gravatar.com\/avatar\/41b9aaeb2100835f7c64362330f74c7f?s=96&d=mm&r=g\",\"caption\":\"Reda\u00e7\u00e3o Portal MF\"},\"description\":\"Sejam bem-vindos o portal de informa\u00e7\u00f5es de entretenimento de Feira de Santana, desde 2006 realiza coberturas dos principais eventos com entrevistas exclusivas com as principais personalidades mundiais. Fique conectado tamb\u00e9m nas redes sociais.\",\"sameAs\":[\"http:\/\/www.portalmf.com.br\/\",\"https:\/\/www.facebook.com\/portalmfoficial\",\"https:\/\/www.instagram.com\/portalmf\/\",\"https:\/\/x.com\/https:\/\/x.com\/portalmfoficial\",\"https:\/\/www.youtube.com\/@portalmfoficial\"],\"url\":\"https:\/\/portalmf.com.br\/index.php\/author\/junior\/\"}]}<\/script>\n<!-- \/ Yoast SEO plugin. -->","yoast_head_json":{"title":"Com governador Jer\u00f4nimo, Z\u00e9 Neto realiza grande carreata da vit\u00f3ria em Feira de Santana - Portal MF","robots":{"index":"index","follow":"follow","max-snippet":"max-snippet:-1","max-image-preview":"max-image-preview:large","max-video-preview":"max-video-preview:-1"},"canonical":"https:\/\/portalmf.com.br\/index.php\/2024\/10\/05\/com-governador-jeronimo-ze-neto-realiza-grande-carreata-da-vitoria-em-feira-de-santana\/","og_locale":"pt_BR","og_type":"article","og_title":"Com governador Jer\u00f4nimo, Z\u00e9 Neto realiza grande carreata da vit\u00f3ria em Feira de Santana - Portal MF","og_description":"O governador Jer\u00f4nimo Rodrigues (PT) participou, neste s\u00e1bado (5), de uma grande carreata da vit\u00f3ria em apoio ao candidato do PT \u00e0 prefeitura de Feira de Santana, Z\u00e9 Neto. O ato mobilizou milhares de apoiadores e percorreu as principais avenidas e bairros na regi\u00e3o central da cidade. Em v\u00eddeo publicado nas redes sociais, o chefe [&hellip;]","og_url":"https:\/\/portalmf.com.br\/index.php\/2024\/10\/05\/com-governador-jeronimo-ze-neto-realiza-grande-carreata-da-vitoria-em-feira-de-santana\/","og_site_name":"Portal MF","article_author":"https:\/\/www.facebook.com\/portalmfoficial","article_published_time":"2024-10-05T15:03:00+00:00","article_modified_time":"2024-10-05T16:07:01+00:00","og_image":[{"width":852,"height":907,"url":"https:\/\/portalmf.com.br\/wp-content\/uploads\/2024\/10\/Com-governador-Jeronimo-Ze-Neto-realiza-grande-carreata-da-vitoria-em-Feira-de-Santana.jpg","type":"image\/jpeg"}],"author":"Reda\u00e7\u00e3o Portal MF","twitter_card":"summary_large_image","twitter_creator":"@https:\/\/x.com\/portalmfoficial","twitter_misc":{"Escrito por":"Reda\u00e7\u00e3o Portal MF","Est. tempo de leitura":"2 minutos"},"schema":{"@context":"https:\/\/schema.org","@graph":[{"@type":"WebPage","@id":"https:\/\/portalmf.com.br\/index.php\/2024\/10\/05\/com-governador-jeronimo-ze-neto-realiza-grande-carreata-da-vitoria-em-feira-de-santana\/","url":"https:\/\/portalmf.com.br\/index.php\/2024\/10\/05\/com-governador-jeronimo-ze-neto-realiza-grande-carreata-da-vitoria-em-feira-de-santana\/","name":"Com governador Jer\u00f4nimo, Z\u00e9 Neto realiza grande carreata da vit\u00f3ria em Feira de Santana - Portal MF","isPartOf":{"@id":"https:\/\/portalmf.com.br\/#website"},"primaryImageOfPage":{"@id":"https:\/\/portalmf.com.br\/index.php\/2024\/10\/05\/com-governador-jeronimo-ze-neto-realiza-grande-carreata-da-vitoria-em-feira-de-santana\/#primaryimage"},"image":{"@id":"https:\/\/portalmf.com.br\/index.php\/2024\/10\/05\/com-governador-jeronimo-ze-neto-realiza-grande-carreata-da-vitoria-em-feira-de-santana\/#primaryimage"},"thumbnailUrl":"https:\/\/portalmf.com.br\/wp-content\/uploads\/2024\/10\/Com-governador-Jeronimo-Ze-Neto-realiza-grande-carreata-da-vitoria-em-Feira-de-Santana.jpg","datePublished":"2024-10-05T15:03:00+00:00","dateModified":"2024-10-05T16:07:01+00:00","author":{"@id":"https:\/\/portalmf.com.br\/#\/schema\/person\/9ec101baf56233e53520c26de5d6f6f0"},"breadcrumb":{"@id":"https:\/\/portalmf.com.br\/index.php\/2024\/10\/05\/com-governador-jeronimo-ze-neto-realiza-grande-carreata-da-vitoria-em-feira-de-santana\/#breadcrumb"},"inLanguage":"pt-BR","potentialAction":[{"@type":"ReadAction","target":["https:\/\/portalmf.com.br\/index.php\/2024\/10\/05\/com-governador-jeronimo-ze-neto-realiza-grande-carreata-da-vitoria-em-feira-de-santana\/"]}]},{"@type":"ImageObject","inLanguage":"pt-BR","@id":"https:\/\/portalmf.com.br\/index.php\/2024\/10\/05\/com-governador-jeronimo-ze-neto-realiza-grande-carreata-da-vitoria-em-feira-de-santana\/#primaryimage","url":"https:\/\/portalmf.com.br\/wp-content\/uploads\/2024\/10\/Com-governador-Jeronimo-Ze-Neto-realiza-grande-carreata-da-vitoria-em-Feira-de-Santana.jpg","contentUrl":"https:\/\/portalmf.com.br\/wp-content\/uploads\/2024\/10\/Com-governador-Jeronimo-Ze-Neto-realiza-grande-carreata-da-vitoria-em-Feira-de-Santana.jpg","width":852,"height":907},{"@type":"BreadcrumbList","@id":"https:\/\/portalmf.com.br\/index.php\/2024\/10\/05\/com-governador-jeronimo-ze-neto-realiza-grande-carreata-da-vitoria-em-feira-de-santana\/#breadcrumb","itemListElement":[{"@type":"ListItem","position":1,"name":"In\u00edcio","item":"https:\/\/portalmf.com.br\/"},{"@type":"ListItem","position":2,"name":"Com governador Jer\u00f4nimo, Z\u00e9 Neto realiza grande carreata da vit\u00f3ria em Feira de Santana"}]},{"@type":"WebSite","@id":"https:\/\/portalmf.com.br\/#website","url":"https:\/\/portalmf.com.br\/","name":"Portal MF","description":"Voc\u00ea conectado com a informa\u00e7\u00e3o","potentialAction":[{"@type":"SearchAction","target":{"@type":"EntryPoint","urlTemplate":"https:\/\/portalmf.com.br\/?s={search_term_string}"},"query-input":"required name=search_term_string"}],"inLanguage":"pt-BR"},{"@type":"Person","@id":"https:\/\/portalmf.com.br\/#\/schema\/person\/9ec101baf56233e53520c26de5d6f6f0","name":"Reda\u00e7\u00e3o Portal MF","image":{"@type":"ImageObject","inLanguage":"pt-BR","@id":"https:\/\/portalmf.com.br\/#\/schema\/person\/image\/","url":"https:\/\/secure.gravatar.com\/avatar\/41b9aaeb2100835f7c64362330f74c7f?s=96&d=mm&r=g","contentUrl":"https:\/\/secure.gravatar.com\/avatar\/41b9aaeb2100835f7c64362330f74c7f?s=96&d=mm&r=g","caption":"Reda\u00e7\u00e3o Portal MF"},"description":"Sejam bem-vindos o portal de informa\u00e7\u00f5es de entretenimento de Feira de Santana, desde 2006 realiza coberturas dos principais eventos com entrevistas exclusivas com as principais personalidades mundiais. Fique conectado tamb\u00e9m nas redes sociais.","sameAs":["http:\/\/www.portalmf.com.br\/","https:\/\/www.facebook.com\/portalmfoficial","https:\/\/www.instagram.com\/portalmf\/","https:\/\/x.com\/https:\/\/x.com\/portalmfoficial","https:\/\/www.youtube.com\/@portalmfoficial"],"url":"https:\/\/portalmf.com.br\/index.php\/author\/junior\/"}]}},"_links":{"self":[{"href":"https:\/\/portalmf.com.br\/index.php\/wp-json\/wp\/v2\/posts\/30464"}],"collection":[{"href":"https:\/\/portalmf.com.br\/index.php\/wp-json\/wp\/v2\/posts"}],"about":[{"href":"https:\/\/portalmf.com.br\/index.php\/wp-json\/wp\/v2\/types\/post"}],"author":[{"embeddable":true,"href":"https:\/\/portalmf.com.br\/index.php\/wp-json\/wp\/v2\/users\/3"}],"replies":[{"embeddable":true,"href":"https:\/\/portalmf.com.br\/index.php\/wp-json\/wp\/v2\/comments?post=30464"}],"version-history":[{"count":1,"href":"https:\/\/portalmf.com.br\/index.php\/wp-json\/wp\/v2\/posts\/30464\/revisions"}],"predecessor-version":[{"id":30466,"href":"https:\/\/portalmf.com.br\/index.php\/wp-json\/wp\/v2\/posts\/30464\/revisions\/30466"}],"wp:featuredmedia":[{"embeddable":true,"href":"https:\/\/portalmf.com.br\/index.php\/wp-json\/wp\/v2\/media\/30465"}],"wp:attachment":[{"href":"https:\/\/portalmf.com.br\/index.php\/wp-json\/wp\/v2\/media?parent=30464"}],"wp:term":[{"taxonomy":"category","embeddable":true,"href":"https:\/\/portalmf.com.br\/index.php\/wp-json\/wp\/v2\/categories?post=30464"},{"taxonomy":"post_tag","embeddable":true,"href":"https:\/\/portalmf.com.br\/index.php\/wp-json\/wp\/v2\/tags?post=30464"}],"curies":[{"name":"wp","href":"https:\/\/api.w.org\/{rel}","templated":true}]}}