{"id":3046,"date":"2022-08-15T13:00:00","date_gmt":"2022-08-15T16:00:00","guid":{"rendered":"http:\/\/portalmf.com.br\/?p=3046"},"modified":"2022-08-15T15:49:56","modified_gmt":"2022-08-15T18:49:56","slug":"eleicoes-2022-tse-recebeu-12-registros-de-candidaturas-para-presidente","status":"publish","type":"post","link":"https:\/\/portalmf.com.br\/index.php\/2022\/08\/15\/eleicoes-2022-tse-recebeu-12-registros-de-candidaturas-para-presidente\/","title":{"rendered":"Elei\u00e7\u00f5es 2022: TSE recebeu 12 registros de candidaturas para presidente"},"content":{"rendered":"\n<p>Termina nesta segunda-feira (15) o prazo para partidos pol\u00edticos, federa\u00e7\u00f5es e coliga\u00e7\u00f5es solicitarem o registro de candidatas e candidatos aos cargos em disputa nas Elei\u00e7\u00f5es 2022. At\u00e9 a manh\u00e3 de hoje, o Tribunal Superior Eleitoral (TSE) recebeu 12 pedidos de registro de candidaturas para o cargo de presidente da Rep\u00fablica.<\/p>\n\n\n\n<p>Este ano, al\u00e9m de escolher o chefe do Poder Executivo, as brasileiras e brasileiros votam para governador, senador, deputado federal, deputado estadual ou distrital.<\/p>\n\n\n\n<p>O prazo se encerra \u00e0s 8h para as candidaturas apresentadas pela internet, e \u00e0s 19h, para a entrega de m\u00eddias com a documenta\u00e7\u00e3o necess\u00e1ria diretamente no TSE \u2013 no caso dos candidatos a presidente \u2013 ou nos Tribunais Regionais Eleitorais (TREs) \u2013 nos demais casos. A data est\u00e1 fixada no&nbsp;<a href=\"https:\/\/www.tse.jus.br\/legislacao\/compilada\/res\/2021\/resolucao-no-23-674-de-16-de-dezembro-de-2021\"><strong>calend\u00e1rio eleitoral<\/strong><\/a>&nbsp;de 2022.<\/p>\n\n\n\n<p><strong>Confira as informa\u00e7\u00f5es dos candidatos por ordem alfab\u00e9tica:<\/strong><\/p>\n\n\n\n<p>O Partido Democr\u00e1tico Trabalhista (PDT) encaminhou o registro de&nbsp;<strong>Ciro Gomes<\/strong>, relatado pelo ministro Carlos Horbach. O candidato tem 65 anos, \u00e9 advogado, e foi governador do Cear\u00e1, sendo natural de Pindamonhangaba (SP). Ele ter\u00e1 como vice Ana Paula Matos, de 45 anos, servidora p\u00fablica federal, nascida em Salvador (BA).<\/p>\n\n\n\n<p>O partido Novo apresentou o registro de&nbsp;<strong>Felipe D\u2019Avila<\/strong>, cujo relator \u00e9 o ministro S\u00e9rgio Banhos. Aos 58 anos, ele \u00e9 cientista pol\u00edtico e natural de S\u00e3o Paulo (SP) e ter\u00e1 como vice Tiago Mitraud, de 35 anos, administrador e deputado federal (Novo \u2013 MG), nascido em Bras\u00edlia (DF).<\/p>\n\n\n\n<p>A coliga\u00e7\u00e3o \u2018Pelo Bem do Brasil\u2019 oficializou o registro do presidente da Rep\u00fablica,&nbsp;<strong>Jair Bolsonaro<\/strong>, candidato \u00e0 reelei\u00e7\u00e3o, distribu\u00eddo ao ministro Alexandre de Moraes. A coliga\u00e7\u00e3o \u00e9 formada pelo PP, Republicanos e PL.&nbsp;Natural de Campinas (SP), Bolsonaro, de 67 anos, ter\u00e1 como vice o militar reformado Braga Netto, de 66 anos, nascido em Belo Horizonte (MG).<\/p>\n\n\n\n<p>O partido Democracia Crist\u00e3 (DC) oficializou o registro de&nbsp;<strong>Jos\u00e9 Maria Eymael<\/strong>, que ter\u00e1 como relator o ministro Carlos Horbach. Nascido em Porto Alegre (RS), o candidato tem 82 anos e \u00e9 advogado. O vice na chapa \u00e9 o economista Jo\u00e3o Barbosa Bravo, de 75 anos, natural de S\u00e3o Gon\u00e7alo (RJ).<\/p>\n\n\n\n<p>O partido Unidade Popular (UP) encaminhou o registro de&nbsp;<strong>L\u00e9o P\u00e9ricles<\/strong>, relatado pelo ministro Mauro Campbell Marques. Ele tem 40 anos, \u00e9 t\u00e9cnico de mec\u00e2nica, e ter\u00e1 como vice Samara Martins, odont\u00f3loga de 34 anos. Ambos nasceram em Belo Horizonte (MG).<\/p>\n\n\n\n<p>A coliga\u00e7\u00e3o \u2018Brasil da Esperan\u00e7a\u2019 oficializou o registro de&nbsp;<strong>Luiz In\u00e1cio Lula da Silv<\/strong>a (PT), que tem como relator o ministro Carlos Horbach. A coliga\u00e7\u00e3o \u00e9 composta pela Federa\u00e7\u00e3o Brasil da Esperan\u00e7a \u2013 F\u00e9 Brasil (PT\/PC do B\/PV), Solidariedade, Federa\u00e7\u00e3o PSOL REDE (PSOL\/REDE), PSB, AGIR e AVANTE. Natural de Garanhus (PE), Lula tem 76 anos, foi presidente da Rep\u00fablica de 2003 a 2010. Ele ter\u00e1 como vice Geraldo Alckmin (PSB), de 69 anos, m\u00e9dico e ex-governador de S\u00e3o Paulo, nascido em Pindamonhangaba (SP).<\/p>\n\n\n\n<p>O Partido Republicano da Ordem Social (PROS) oficializou o nome de&nbsp;<strong>Pablo Mar\u00e7al<\/strong>, cujo pedido ter\u00e1 como relator o ministro Alexandre de Moraes. Natural de Goi\u00e2nia (GO), Pablo Mar\u00e7al tem 35 anos, \u00e9 empres\u00e1rio e ter\u00e1 como vice F\u00e1tima P\u00e9rola Neggra, de 54 anos. Ela \u00e9 policial militar e escritora, nascida em Ipor\u00e3 (PR).<\/p>\n\n\n\n<p>O Partido Trabalhista Brasileiro (PTB) apresentou o registro de&nbsp;<strong>Roberto Jefferson<\/strong>, cujo relator ser\u00e1 tamb\u00e9m o ministro Carlos Horbach. O candidato, de 69 anos, \u00e9 advogado e natural de Petr\u00f3polis (RJ). O vice na chapa \u00e9 Kelmon da Silva Souza, de 45 anos, sacerdote, nascido em Acajutiba (BA).<\/p>\n\n\n\n<p>A coliga\u00e7\u00e3o Brasil para Todos apresentou o registro de&nbsp;<strong>Simone Tebet<\/strong>&nbsp;(MDB), distribu\u00eddo ao ministro Ricardo Lewandowski. A coliga\u00e7\u00e3o \u00e9 integrada pelo MDB, Federa\u00e7\u00e3o PSDB Cidadania (PSDB\/CIDADANIA) e PODE. A candidata Simone Tebet, de 52 anos, advogada e senadora pelo Mato Grosso do Sul, \u00e9 natural de Tr\u00eas Lagoas (MS). Ela ter\u00e1 como vice Mara Gabrilli (PSDB), de 54 anos, publicit\u00e1ria e senadora por S\u00e3o Paulo, nascida em S\u00e3o Paulo (SP).<\/p>\n\n\n\n<p>O Partido Comunista Brasileiro (PCB) encaminhou o registro de&nbsp;<strong>Sofia Manzano<\/strong>, que ter\u00e1 o pedido relatado pelo ministro Ricardo Lewandowski. A candidata Sofia Manzano tem 51 anos, \u00e9 professora universit\u00e1ria e natural de S\u00e3o Paulo (SP). Ela ter\u00e1 como vice Ant\u00f4nio Alves da Silva Junior, de 43 anos, jornalista, natural de Recife (PE).<\/p>\n\n\n\n<p>O partido Uni\u00e3o Brasil (Uni\u00e3o) protocolou o registro&nbsp;<strong>de Soraya Thronicke<\/strong>, relatado pelo ministro Alexandre de Moraes. A candidata Soraya Thronicke, de 49 anos, \u00e9 senadora pelo Mato Grosso do Sul e nasceu em Dourados (MS). Ela ter\u00e1 como vice Marcos Cintra, de 76 anos, professor universit\u00e1rio, natural de S\u00e3o Paulo (SP).<\/p>\n\n\n\n<p>O Partido Socialista dos Trabalhadores Unificado (PSTU) oficializou o registro de&nbsp;<strong>Vera L\u00facia Salgado<\/strong>, cujo relator tamb\u00e9m \u00e9 o ministro Ricardo Lewandowski. Nascida em Inaj\u00e1 (PE), Vera L\u00facia, de 54 anos, ter\u00e1 como vice Raquel Trememb\u00e9, de 39 anos, ind\u00edgena e professora de ensino fundamental, natural de Vargem Grande (MA).<\/p>\n\n\n\n<p>Os registros ocorreram ap\u00f3s a homologa\u00e7\u00e3o dos respectivos nomes nas conven\u00e7\u00f5es partid\u00e1rias realizadas pelas legendas. Os dados s\u00e3o enviados via CANDex, sistema desenvolvido pela Justi\u00e7a Eleitoral exclusivamente para o registro de atas de conven\u00e7\u00f5es partid\u00e1rias e de pedidos de registro de candidaturas.<\/p>\n\n\n\n<p><strong>Informa\u00e7\u00f5es p\u00fablicas<\/strong><\/p>\n\n\n\n<p>Eleitoras e eleitores podem acompanhar o andamento dos registros pelo sistema&nbsp;<a href=\"https:\/\/divulgacandcontas.tse.jus.br\/divulga\/#\/\"><strong>DivulgaCandContas<\/strong><\/a>, na p\u00e1gina de cada candidato ou candidata. Desenvolvida pelo TSE, a ferramenta apresenta informa\u00e7\u00f5es detalhadas sobre cada um deles, tais como certid\u00f5es criminais e declara\u00e7\u00e3o de bens.<\/p>\n\n\n\n<p>O sistema tamb\u00e9m permite consultar a presta\u00e7\u00e3o de contas com a arrecada\u00e7\u00e3o e gastos durante a campanha. Qualquer pessoa pode acessar o sistema pela aba&nbsp;<strong>Eleitor e Elei\u00e7\u00f5es<\/strong>, localizada na barra superior do Portal do TSE, clicando, em seguida, em&nbsp;<strong>Elei\u00e7\u00f5es 2022<\/strong>&nbsp;e&nbsp;<strong>DivulgaCandConta<\/strong>s.&nbsp;&nbsp;<\/p>\n\n\n\n<p><strong>Processo de registro<\/strong><\/p>\n\n\n\n<p>Os registros de candidaturas a presidente devem ser solicitados ao TSE e os registros para demais cargos em disputa devem ser feitos nos TREs. As regras est\u00e3o previstas na&nbsp;<a href=\"https:\/\/www.tse.jus.br\/legislacao\/compilada\/res\/2019\/resolucao-no-23-609-de-18-de-dezembro-de-2019\"><strong>Resolu\u00e7\u00e3o TSE n\u00ba 23.609\/2019<\/strong><\/a>. O pedido passa a tramitar no Processo Judicial Eletr\u00f4nico (PJe), sob a classe Registro de Candidatura (RCand).<\/p>\n\n\n\n<p>Segundo o calend\u00e1rio, 12 de setembro, 20 dias antes da data do primeiro turno, \u00e9 a data-limite para que todos os pedidos de registro de candidatura \u2013 e eventuais recursos decorrentes do processo \u2013 tenham sido devidamente processados, examinados e julgados pelos respectivos tribunais eleitorais.<\/p>\n\n\n\n<p>Com informa\u00e7\u00f5es do Ascom do TSE<\/p>\n","protected":false},"excerpt":{"rendered":"<p>Termina nesta segunda-feira (15) o prazo para partidos pol\u00edticos, federa\u00e7\u00f5es e coliga\u00e7\u00f5es solicitarem o registro de candidatas e candidatos aos cargos em disputa nas Elei\u00e7\u00f5es 2022. At\u00e9 a manh\u00e3 de hoje, o Tribunal Superior Eleitoral (TSE) recebeu 12 pedidos de registro de candidaturas para o cargo de presidente da Rep\u00fablica. Este ano, al\u00e9m de escolher [&hellip;]<\/p>\n","protected":false},"author":2,"featured_media":3047,"comment_status":"open","ping_status":"open","sticky":false,"template":"","format":"standard","meta":{"_monsterinsights_skip_tracking":false,"_monsterinsights_sitenote_active":false,"_monsterinsights_sitenote_note":"","_monsterinsights_sitenote_category":0,"footnotes":""},"categories":[34],"tags":[],"yoast_head":"<!-- This site is optimized with the Yoast SEO plugin v22.9 - https:\/\/yoast.com\/wordpress\/plugins\/seo\/ -->\n<title>Elei\u00e7\u00f5es 2022: TSE recebeu 12 registros de candidaturas para presidente - Portal MF<\/title>\n<meta name=\"robots\" content=\"index, follow, max-snippet:-1, max-image-preview:large, max-video-preview:-1\" \/>\n<link rel=\"canonical\" href=\"https:\/\/portalmf.com.br\/index.php\/2022\/08\/15\/eleicoes-2022-tse-recebeu-12-registros-de-candidaturas-para-presidente\/\" \/>\n<meta property=\"og:locale\" content=\"pt_BR\" \/>\n<meta property=\"og:type\" content=\"article\" \/>\n<meta property=\"og:title\" content=\"Elei\u00e7\u00f5es 2022: TSE recebeu 12 registros de candidaturas para presidente - Portal MF\" \/>\n<meta property=\"og:description\" content=\"Termina nesta segunda-feira (15) o prazo para partidos pol\u00edticos, federa\u00e7\u00f5es e coliga\u00e7\u00f5es solicitarem o registro de candidatas e candidatos aos cargos em disputa nas Elei\u00e7\u00f5es 2022. At\u00e9 a manh\u00e3 de hoje, o Tribunal Superior Eleitoral (TSE) recebeu 12 pedidos de registro de candidaturas para o cargo de presidente da Rep\u00fablica. Este ano, al\u00e9m de escolher [&hellip;]\" \/>\n<meta property=\"og:url\" content=\"https:\/\/portalmf.com.br\/index.php\/2022\/08\/15\/eleicoes-2022-tse-recebeu-12-registros-de-candidaturas-para-presidente\/\" \/>\n<meta property=\"og:site_name\" content=\"Portal MF\" \/>\n<meta property=\"article:author\" content=\"reginaldojrfsa\" \/>\n<meta property=\"article:published_time\" content=\"2022-08-15T16:00:00+00:00\" \/>\n<meta property=\"article:modified_time\" content=\"2022-08-15T18:49:56+00:00\" \/>\n<meta property=\"og:image\" content=\"https:\/\/portalmf.com.br\/wp-content\/uploads\/2022\/08\/4427ef2d-a603-4ca2-b0ed-e8d3e5729d85.jpeg\" \/>\n\t<meta property=\"og:image:width\" content=\"620\" \/>\n\t<meta property=\"og:image:height\" content=\"300\" \/>\n\t<meta property=\"og:image:type\" content=\"image\/jpeg\" \/>\n<meta name=\"author\" content=\"Reginaldo J\u00fanior\" \/>\n<meta name=\"twitter:card\" content=\"summary_large_image\" \/>\n<meta name=\"twitter:creator\" content=\"@reginaldojrmf\" \/>\n<meta name=\"twitter:label1\" content=\"Escrito por\" \/>\n\t<meta name=\"twitter:data1\" content=\"Reginaldo J\u00fanior\" \/>\n\t<meta name=\"twitter:label2\" content=\"Est. tempo de leitura\" \/>\n\t<meta name=\"twitter:data2\" content=\"6 minutos\" \/>\n<script type=\"application\/ld+json\" class=\"yoast-schema-graph\">{\"@context\":\"https:\/\/schema.org\",\"@graph\":[{\"@type\":\"WebPage\",\"@id\":\"https:\/\/portalmf.com.br\/index.php\/2022\/08\/15\/eleicoes-2022-tse-recebeu-12-registros-de-candidaturas-para-presidente\/\",\"url\":\"https:\/\/portalmf.com.br\/index.php\/2022\/08\/15\/eleicoes-2022-tse-recebeu-12-registros-de-candidaturas-para-presidente\/\",\"name\":\"Elei\u00e7\u00f5es 2022: TSE recebeu 12 registros de candidaturas para presidente - Portal MF\",\"isPartOf\":{\"@id\":\"https:\/\/portalmf.com.br\/#website\"},\"primaryImageOfPage\":{\"@id\":\"https:\/\/portalmf.com.br\/index.php\/2022\/08\/15\/eleicoes-2022-tse-recebeu-12-registros-de-candidaturas-para-presidente\/#primaryimage\"},\"image\":{\"@id\":\"https:\/\/portalmf.com.br\/index.php\/2022\/08\/15\/eleicoes-2022-tse-recebeu-12-registros-de-candidaturas-para-presidente\/#primaryimage\"},\"thumbnailUrl\":\"https:\/\/portalmf.com.br\/wp-content\/uploads\/2022\/08\/4427ef2d-a603-4ca2-b0ed-e8d3e5729d85.jpeg\",\"datePublished\":\"2022-08-15T16:00:00+00:00\",\"dateModified\":\"2022-08-15T18:49:56+00:00\",\"author\":{\"@id\":\"https:\/\/portalmf.com.br\/#\/schema\/person\/11c82086fe8abc05a19147e964587285\"},\"breadcrumb\":{\"@id\":\"https:\/\/portalmf.com.br\/index.php\/2022\/08\/15\/eleicoes-2022-tse-recebeu-12-registros-de-candidaturas-para-presidente\/#breadcrumb\"},\"inLanguage\":\"pt-BR\",\"potentialAction\":[{\"@type\":\"ReadAction\",\"target\":[\"https:\/\/portalmf.com.br\/index.php\/2022\/08\/15\/eleicoes-2022-tse-recebeu-12-registros-de-candidaturas-para-presidente\/\"]}]},{\"@type\":\"ImageObject\",\"inLanguage\":\"pt-BR\",\"@id\":\"https:\/\/portalmf.com.br\/index.php\/2022\/08\/15\/eleicoes-2022-tse-recebeu-12-registros-de-candidaturas-para-presidente\/#primaryimage\",\"url\":\"https:\/\/portalmf.com.br\/wp-content\/uploads\/2022\/08\/4427ef2d-a603-4ca2-b0ed-e8d3e5729d85.jpeg\",\"contentUrl\":\"https:\/\/portalmf.com.br\/wp-content\/uploads\/2022\/08\/4427ef2d-a603-4ca2-b0ed-e8d3e5729d85.jpeg\",\"width\":620,\"height\":300},{\"@type\":\"BreadcrumbList\",\"@id\":\"https:\/\/portalmf.com.br\/index.php\/2022\/08\/15\/eleicoes-2022-tse-recebeu-12-registros-de-candidaturas-para-presidente\/#breadcrumb\",\"itemListElement\":[{\"@type\":\"ListItem\",\"position\":1,\"name\":\"In\u00edcio\",\"item\":\"https:\/\/portalmf.com.br\/\"},{\"@type\":\"ListItem\",\"position\":2,\"name\":\"Elei\u00e7\u00f5es 2022: TSE recebeu 12 registros de candidaturas para presidente\"}]},{\"@type\":\"WebSite\",\"@id\":\"https:\/\/portalmf.com.br\/#website\",\"url\":\"https:\/\/portalmf.com.br\/\",\"name\":\"Portal MF\",\"description\":\"Voc\u00ea conectado com a informa\u00e7\u00e3o\",\"potentialAction\":[{\"@type\":\"SearchAction\",\"target\":{\"@type\":\"EntryPoint\",\"urlTemplate\":\"https:\/\/portalmf.com.br\/?s={search_term_string}\"},\"query-input\":\"required name=search_term_string\"}],\"inLanguage\":\"pt-BR\"},{\"@type\":\"Person\",\"@id\":\"https:\/\/portalmf.com.br\/#\/schema\/person\/11c82086fe8abc05a19147e964587285\",\"name\":\"Reginaldo J\u00fanior\",\"image\":{\"@type\":\"ImageObject\",\"inLanguage\":\"pt-BR\",\"@id\":\"https:\/\/portalmf.com.br\/#\/schema\/person\/image\/\",\"url\":\"https:\/\/secure.gravatar.com\/avatar\/32a3c797cd0ac47cc53b8644c62776f9?s=96&d=mm&r=g\",\"contentUrl\":\"https:\/\/secure.gravatar.com\/avatar\/32a3c797cd0ac47cc53b8644c62776f9?s=96&d=mm&r=g\",\"caption\":\"Reginaldo J\u00fanior\"},\"description\":\"Jornalista e idealizador Portal MF\",\"sameAs\":[\"https:\/\/portalmf.com.br\/index.php\/author\/reginaldojr\/\",\"reginaldojrfsa\",\"reginaldojuniormf\",\"https:\/\/x.com\/reginaldojrmf\"],\"url\":\"https:\/\/portalmf.com.br\/index.php\/author\/reginaldojr\/\"}]}<\/script>\n<!-- \/ Yoast SEO plugin. -->","yoast_head_json":{"title":"Elei\u00e7\u00f5es 2022: TSE recebeu 12 registros de candidaturas para presidente - Portal MF","robots":{"index":"index","follow":"follow","max-snippet":"max-snippet:-1","max-image-preview":"max-image-preview:large","max-video-preview":"max-video-preview:-1"},"canonical":"https:\/\/portalmf.com.br\/index.php\/2022\/08\/15\/eleicoes-2022-tse-recebeu-12-registros-de-candidaturas-para-presidente\/","og_locale":"pt_BR","og_type":"article","og_title":"Elei\u00e7\u00f5es 2022: TSE recebeu 12 registros de candidaturas para presidente - Portal MF","og_description":"Termina nesta segunda-feira (15) o prazo para partidos pol\u00edticos, federa\u00e7\u00f5es e coliga\u00e7\u00f5es solicitarem o registro de candidatas e candidatos aos cargos em disputa nas Elei\u00e7\u00f5es 2022. At\u00e9 a manh\u00e3 de hoje, o Tribunal Superior Eleitoral (TSE) recebeu 12 pedidos de registro de candidaturas para o cargo de presidente da Rep\u00fablica. Este ano, al\u00e9m de escolher [&hellip;]","og_url":"https:\/\/portalmf.com.br\/index.php\/2022\/08\/15\/eleicoes-2022-tse-recebeu-12-registros-de-candidaturas-para-presidente\/","og_site_name":"Portal MF","article_author":"reginaldojrfsa","article_published_time":"2022-08-15T16:00:00+00:00","article_modified_time":"2022-08-15T18:49:56+00:00","og_image":[{"width":620,"height":300,"url":"https:\/\/portalmf.com.br\/wp-content\/uploads\/2022\/08\/4427ef2d-a603-4ca2-b0ed-e8d3e5729d85.jpeg","type":"image\/jpeg"}],"author":"Reginaldo J\u00fanior","twitter_card":"summary_large_image","twitter_creator":"@reginaldojrmf","twitter_misc":{"Escrito por":"Reginaldo J\u00fanior","Est. tempo de leitura":"6 minutos"},"schema":{"@context":"https:\/\/schema.org","@graph":[{"@type":"WebPage","@id":"https:\/\/portalmf.com.br\/index.php\/2022\/08\/15\/eleicoes-2022-tse-recebeu-12-registros-de-candidaturas-para-presidente\/","url":"https:\/\/portalmf.com.br\/index.php\/2022\/08\/15\/eleicoes-2022-tse-recebeu-12-registros-de-candidaturas-para-presidente\/","name":"Elei\u00e7\u00f5es 2022: TSE recebeu 12 registros de candidaturas para presidente - Portal MF","isPartOf":{"@id":"https:\/\/portalmf.com.br\/#website"},"primaryImageOfPage":{"@id":"https:\/\/portalmf.com.br\/index.php\/2022\/08\/15\/eleicoes-2022-tse-recebeu-12-registros-de-candidaturas-para-presidente\/#primaryimage"},"image":{"@id":"https:\/\/portalmf.com.br\/index.php\/2022\/08\/15\/eleicoes-2022-tse-recebeu-12-registros-de-candidaturas-para-presidente\/#primaryimage"},"thumbnailUrl":"https:\/\/portalmf.com.br\/wp-content\/uploads\/2022\/08\/4427ef2d-a603-4ca2-b0ed-e8d3e5729d85.jpeg","datePublished":"2022-08-15T16:00:00+00:00","dateModified":"2022-08-15T18:49:56+00:00","author":{"@id":"https:\/\/portalmf.com.br\/#\/schema\/person\/11c82086fe8abc05a19147e964587285"},"breadcrumb":{"@id":"https:\/\/portalmf.com.br\/index.php\/2022\/08\/15\/eleicoes-2022-tse-recebeu-12-registros-de-candidaturas-para-presidente\/#breadcrumb"},"inLanguage":"pt-BR","potentialAction":[{"@type":"ReadAction","target":["https:\/\/portalmf.com.br\/index.php\/2022\/08\/15\/eleicoes-2022-tse-recebeu-12-registros-de-candidaturas-para-presidente\/"]}]},{"@type":"ImageObject","inLanguage":"pt-BR","@id":"https:\/\/portalmf.com.br\/index.php\/2022\/08\/15\/eleicoes-2022-tse-recebeu-12-registros-de-candidaturas-para-presidente\/#primaryimage","url":"https:\/\/portalmf.com.br\/wp-content\/uploads\/2022\/08\/4427ef2d-a603-4ca2-b0ed-e8d3e5729d85.jpeg","contentUrl":"https:\/\/portalmf.com.br\/wp-content\/uploads\/2022\/08\/4427ef2d-a603-4ca2-b0ed-e8d3e5729d85.jpeg","width":620,"height":300},{"@type":"BreadcrumbList","@id":"https:\/\/portalmf.com.br\/index.php\/2022\/08\/15\/eleicoes-2022-tse-recebeu-12-registros-de-candidaturas-para-presidente\/#breadcrumb","itemListElement":[{"@type":"ListItem","position":1,"name":"In\u00edcio","item":"https:\/\/portalmf.com.br\/"},{"@type":"ListItem","position":2,"name":"Elei\u00e7\u00f5es 2022: TSE recebeu 12 registros de candidaturas para presidente"}]},{"@type":"WebSite","@id":"https:\/\/portalmf.com.br\/#website","url":"https:\/\/portalmf.com.br\/","name":"Portal MF","description":"Voc\u00ea conectado com a informa\u00e7\u00e3o","potentialAction":[{"@type":"SearchAction","target":{"@type":"EntryPoint","urlTemplate":"https:\/\/portalmf.com.br\/?s={search_term_string}"},"query-input":"required name=search_term_string"}],"inLanguage":"pt-BR"},{"@type":"Person","@id":"https:\/\/portalmf.com.br\/#\/schema\/person\/11c82086fe8abc05a19147e964587285","name":"Reginaldo J\u00fanior","image":{"@type":"ImageObject","inLanguage":"pt-BR","@id":"https:\/\/portalmf.com.br\/#\/schema\/person\/image\/","url":"https:\/\/secure.gravatar.com\/avatar\/32a3c797cd0ac47cc53b8644c62776f9?s=96&d=mm&r=g","contentUrl":"https:\/\/secure.gravatar.com\/avatar\/32a3c797cd0ac47cc53b8644c62776f9?s=96&d=mm&r=g","caption":"Reginaldo J\u00fanior"},"description":"Jornalista e idealizador Portal MF","sameAs":["https:\/\/portalmf.com.br\/index.php\/author\/reginaldojr\/","reginaldojrfsa","reginaldojuniormf","https:\/\/x.com\/reginaldojrmf"],"url":"https:\/\/portalmf.com.br\/index.php\/author\/reginaldojr\/"}]}},"_links":{"self":[{"href":"https:\/\/portalmf.com.br\/index.php\/wp-json\/wp\/v2\/posts\/3046"}],"collection":[{"href":"https:\/\/portalmf.com.br\/index.php\/wp-json\/wp\/v2\/posts"}],"about":[{"href":"https:\/\/portalmf.com.br\/index.php\/wp-json\/wp\/v2\/types\/post"}],"author":[{"embeddable":true,"href":"https:\/\/portalmf.com.br\/index.php\/wp-json\/wp\/v2\/users\/2"}],"replies":[{"embeddable":true,"href":"https:\/\/portalmf.com.br\/index.php\/wp-json\/wp\/v2\/comments?post=3046"}],"version-history":[{"count":1,"href":"https:\/\/portalmf.com.br\/index.php\/wp-json\/wp\/v2\/posts\/3046\/revisions"}],"predecessor-version":[{"id":3048,"href":"https:\/\/portalmf.com.br\/index.php\/wp-json\/wp\/v2\/posts\/3046\/revisions\/3048"}],"wp:featuredmedia":[{"embeddable":true,"href":"https:\/\/portalmf.com.br\/index.php\/wp-json\/wp\/v2\/media\/3047"}],"wp:attachment":[{"href":"https:\/\/portalmf.com.br\/index.php\/wp-json\/wp\/v2\/media?parent=3046"}],"wp:term":[{"taxonomy":"category","embeddable":true,"href":"https:\/\/portalmf.com.br\/index.php\/wp-json\/wp\/v2\/categories?post=3046"},{"taxonomy":"post_tag","embeddable":true,"href":"https:\/\/portalmf.com.br\/index.php\/wp-json\/wp\/v2\/tags?post=3046"}],"curies":[{"name":"wp","href":"https:\/\/api.w.org\/{rel}","templated":true}]}}