{"id":30458,"date":"2024-10-05T12:57:42","date_gmt":"2024-10-05T15:57:42","guid":{"rendered":"https:\/\/portalmf.com.br\/?p=30458"},"modified":"2024-10-05T12:57:43","modified_gmt":"2024-10-05T15:57:43","slug":"transporte-gratuito-e-50-onibus-extras-reforcam-mobilidade-neste-domingo-de-eleicao","status":"publish","type":"post","link":"https:\/\/portalmf.com.br\/index.php\/2024\/10\/05\/transporte-gratuito-e-50-onibus-extras-reforcam-mobilidade-neste-domingo-de-eleicao\/","title":{"rendered":"Transporte gratuito e 50 \u00f4nibus extras refor\u00e7am mobilidade neste domingo de elei\u00e7\u00e3o"},"content":{"rendered":"\n<p>O transporte p\u00fablico em Feira de Santana ser\u00e1 refor\u00e7ado por 50 \u00f4nibus extras em 36 linhas, neste domingo (6), para garantir a mobilidade de passageiros nas Elei\u00e7\u00f5es 2024.&nbsp;&nbsp;<\/p>\n\n\n\n<p>O Governo Municipal tamb\u00e9m vai garantir a gratuidade tarif\u00e1ria exclusivamente ao usu\u00e1rio que possui cart\u00e3o Via Feira. O prefeito Colbert Martins Filho ainda determinou a amplia\u00e7\u00e3o do hor\u00e1rio de funcionamento dos terminais de transbordo Central, Norte, Sul, Pampalona e N\u00f3ide para at\u00e9 21h30.&nbsp;<\/p>\n\n\n\n<p>A opera\u00e7\u00e3o especial no segundo maior col\u00e9gio eleitoral da Bahia contar\u00e1 com uma frota total de 100 \u00f4nibus, incluindo os modais FeiraMOB, Bus Rapid Transit (BRT1 e BRT2), al\u00e9m de 42 vans do Sistema de Transporte Alternativo e Complementar (STPAC) que atender\u00e3o os oito distritos da zona rural.&nbsp;<\/p>\n\n\n\n<p>&#8220;\u00c9 o dia em que o cidad\u00e3o exerce a sua cidadania. Por isso garantiremos o deslocamento com o benef\u00edcio da gratuidade tarif\u00e1ria ao usu\u00e1rio que possui o cart\u00e3o Via Feira&#8221;, explica S\u00e9rgio Carneiro, titular da Secretaria de Mobilidade Urbana (Semob).<\/p>\n\n\n\n<p>O gestor observa que o eleitor vota, na sua grande maioria, perto de casa. &#8220;Portanto, os \u00f4nibus visam garantir aquelas pessoas que, eventualmente, n\u00e3o tenham feito essa mudan\u00e7a em seus t\u00edtulos&#8221;, acrescenta S\u00e9rgio Carneiro.<\/p>\n\n\n\n<p>Fiscais da Semob v\u00e3o prestar orienta\u00e7\u00f5es aos usu\u00e1rios em pontos de embarque e desembarque do munic\u00edpio.<\/p>\n\n\n\n<p><strong>CITTAMOBI<\/strong><\/p>\n\n\n\n<p>O passageiro pode utilizar o Cittamobi, maior aplicativo de mobilidade urbana do Brasil, para acompanhar informa\u00e7\u00f5es sobre hor\u00e1rios de \u00f4nibus, rotas alternativas e alertas sobre desvios e interrup\u00e7\u00f5es.&nbsp;<\/p>\n\n\n\n<p>Al\u00e9m do aplicativo de navega\u00e7\u00e3o padr\u00e3o, o app oferece o Cittamobi Acessibilidade, ferramenta inovadora que oferta seguran\u00e7a e autonomia dos usu\u00e1rios com defici\u00eancia visual.<\/p>\n\n\n\n<p><strong>APP KIM<\/strong><\/p>\n\n\n\n<p>Por meio do aplicativo KIM, o usu\u00e1rio escolhe a melhor forma de pagar a tarifa ou realizar recargas por QR Code, PIX, cart\u00e3o de cr\u00e9dito ou d\u00e9bito, boleto ou transfer\u00eancia banc\u00e1ria.<\/p>\n\n\n\n<p>Atrav\u00e9s do app \u00e9 poss\u00edvel acompanhar de forma 100% digital previs\u00f5es de parada e hor\u00e1rio dos \u00f4nibus de prefer\u00eancia, local de embarque mais pr\u00f3ximo ou &#8220;favoritar&#8221; linhas.<\/p>\n\n\n\n<p>Com informa\u00e7\u00f5es da Secom<\/p>\n","protected":false},"excerpt":{"rendered":"<p>O transporte p\u00fablico em Feira de Santana ser\u00e1 refor\u00e7ado por 50 \u00f4nibus extras em 36 linhas, neste domingo (6), para garantir a mobilidade de passageiros nas Elei\u00e7\u00f5es 2024.&nbsp;&nbsp; O Governo Municipal tamb\u00e9m vai garantir a gratuidade tarif\u00e1ria exclusivamente ao usu\u00e1rio que possui cart\u00e3o Via Feira. O prefeito Colbert Martins Filho ainda determinou a amplia\u00e7\u00e3o do [&hellip;]<\/p>\n","protected":false},"author":3,"featured_media":13270,"comment_status":"open","ping_status":"open","sticky":false,"template":"","format":"standard","meta":{"_monsterinsights_skip_tracking":false,"_monsterinsights_sitenote_active":false,"_monsterinsights_sitenote_note":"","_monsterinsights_sitenote_category":0,"footnotes":""},"categories":[47,301,34],"tags":[],"yoast_head":"<!-- This site is optimized with the Yoast SEO plugin v22.9 - https:\/\/yoast.com\/wordpress\/plugins\/seo\/ -->\n<title>Transporte gratuito e 50 \u00f4nibus extras refor\u00e7am mobilidade neste domingo de elei\u00e7\u00e3o - Portal MF<\/title>\n<meta name=\"robots\" content=\"index, follow, max-snippet:-1, max-image-preview:large, max-video-preview:-1\" \/>\n<link rel=\"canonical\" href=\"https:\/\/portalmf.com.br\/index.php\/2024\/10\/05\/transporte-gratuito-e-50-onibus-extras-reforcam-mobilidade-neste-domingo-de-eleicao\/\" \/>\n<meta property=\"og:locale\" content=\"pt_BR\" \/>\n<meta property=\"og:type\" content=\"article\" \/>\n<meta property=\"og:title\" content=\"Transporte gratuito e 50 \u00f4nibus extras refor\u00e7am mobilidade neste domingo de elei\u00e7\u00e3o - Portal MF\" \/>\n<meta property=\"og:description\" content=\"O transporte p\u00fablico em Feira de Santana ser\u00e1 refor\u00e7ado por 50 \u00f4nibus extras em 36 linhas, neste domingo (6), para garantir a mobilidade de passageiros nas Elei\u00e7\u00f5es 2024.&nbsp;&nbsp; O Governo Municipal tamb\u00e9m vai garantir a gratuidade tarif\u00e1ria exclusivamente ao usu\u00e1rio que possui cart\u00e3o Via Feira. O prefeito Colbert Martins Filho ainda determinou a amplia\u00e7\u00e3o do [&hellip;]\" \/>\n<meta property=\"og:url\" content=\"https:\/\/portalmf.com.br\/index.php\/2024\/10\/05\/transporte-gratuito-e-50-onibus-extras-reforcam-mobilidade-neste-domingo-de-eleicao\/\" \/>\n<meta property=\"og:site_name\" content=\"Portal MF\" \/>\n<meta property=\"article:author\" content=\"https:\/\/www.facebook.com\/portalmfoficial\" \/>\n<meta property=\"article:published_time\" content=\"2024-10-05T15:57:42+00:00\" \/>\n<meta property=\"article:modified_time\" content=\"2024-10-05T15:57:43+00:00\" \/>\n<meta property=\"og:image\" content=\"https:\/\/portalmf.com.br\/wp-content\/uploads\/2023\/06\/onibus_feiradesantana_foto_reginaldojunior_portalmf.jpg\" \/>\n\t<meta property=\"og:image:width\" content=\"1200\" \/>\n\t<meta property=\"og:image:height\" content=\"540\" \/>\n\t<meta property=\"og:image:type\" content=\"image\/jpeg\" \/>\n<meta name=\"author\" content=\"Reda\u00e7\u00e3o Portal MF\" \/>\n<meta name=\"twitter:card\" content=\"summary_large_image\" \/>\n<meta name=\"twitter:creator\" content=\"@https:\/\/x.com\/portalmfoficial\" \/>\n<meta name=\"twitter:label1\" content=\"Escrito por\" \/>\n\t<meta name=\"twitter:data1\" content=\"Reda\u00e7\u00e3o Portal MF\" \/>\n\t<meta name=\"twitter:label2\" content=\"Est. tempo de leitura\" \/>\n\t<meta name=\"twitter:data2\" content=\"3 minutos\" \/>\n<script type=\"application\/ld+json\" class=\"yoast-schema-graph\">{\"@context\":\"https:\/\/schema.org\",\"@graph\":[{\"@type\":\"WebPage\",\"@id\":\"https:\/\/portalmf.com.br\/index.php\/2024\/10\/05\/transporte-gratuito-e-50-onibus-extras-reforcam-mobilidade-neste-domingo-de-eleicao\/\",\"url\":\"https:\/\/portalmf.com.br\/index.php\/2024\/10\/05\/transporte-gratuito-e-50-onibus-extras-reforcam-mobilidade-neste-domingo-de-eleicao\/\",\"name\":\"Transporte gratuito e 50 \u00f4nibus extras refor\u00e7am mobilidade neste domingo de elei\u00e7\u00e3o - Portal MF\",\"isPartOf\":{\"@id\":\"https:\/\/portalmf.com.br\/#website\"},\"primaryImageOfPage\":{\"@id\":\"https:\/\/portalmf.com.br\/index.php\/2024\/10\/05\/transporte-gratuito-e-50-onibus-extras-reforcam-mobilidade-neste-domingo-de-eleicao\/#primaryimage\"},\"image\":{\"@id\":\"https:\/\/portalmf.com.br\/index.php\/2024\/10\/05\/transporte-gratuito-e-50-onibus-extras-reforcam-mobilidade-neste-domingo-de-eleicao\/#primaryimage\"},\"thumbnailUrl\":\"https:\/\/portalmf.com.br\/wp-content\/uploads\/2023\/06\/onibus_feiradesantana_foto_reginaldojunior_portalmf.jpg\",\"datePublished\":\"2024-10-05T15:57:42+00:00\",\"dateModified\":\"2024-10-05T15:57:43+00:00\",\"author\":{\"@id\":\"https:\/\/portalmf.com.br\/#\/schema\/person\/9ec101baf56233e53520c26de5d6f6f0\"},\"breadcrumb\":{\"@id\":\"https:\/\/portalmf.com.br\/index.php\/2024\/10\/05\/transporte-gratuito-e-50-onibus-extras-reforcam-mobilidade-neste-domingo-de-eleicao\/#breadcrumb\"},\"inLanguage\":\"pt-BR\",\"potentialAction\":[{\"@type\":\"ReadAction\",\"target\":[\"https:\/\/portalmf.com.br\/index.php\/2024\/10\/05\/transporte-gratuito-e-50-onibus-extras-reforcam-mobilidade-neste-domingo-de-eleicao\/\"]}]},{\"@type\":\"ImageObject\",\"inLanguage\":\"pt-BR\",\"@id\":\"https:\/\/portalmf.com.br\/index.php\/2024\/10\/05\/transporte-gratuito-e-50-onibus-extras-reforcam-mobilidade-neste-domingo-de-eleicao\/#primaryimage\",\"url\":\"https:\/\/portalmf.com.br\/wp-content\/uploads\/2023\/06\/onibus_feiradesantana_foto_reginaldojunior_portalmf.jpg\",\"contentUrl\":\"https:\/\/portalmf.com.br\/wp-content\/uploads\/2023\/06\/onibus_feiradesantana_foto_reginaldojunior_portalmf.jpg\",\"width\":1200,\"height\":540,\"caption\":\"Foto: Reginaldo J\u00fanior \/ Portal MF\"},{\"@type\":\"BreadcrumbList\",\"@id\":\"https:\/\/portalmf.com.br\/index.php\/2024\/10\/05\/transporte-gratuito-e-50-onibus-extras-reforcam-mobilidade-neste-domingo-de-eleicao\/#breadcrumb\",\"itemListElement\":[{\"@type\":\"ListItem\",\"position\":1,\"name\":\"In\u00edcio\",\"item\":\"https:\/\/portalmf.com.br\/\"},{\"@type\":\"ListItem\",\"position\":2,\"name\":\"Transporte gratuito e 50 \u00f4nibus extras refor\u00e7am mobilidade neste domingo de elei\u00e7\u00e3o\"}]},{\"@type\":\"WebSite\",\"@id\":\"https:\/\/portalmf.com.br\/#website\",\"url\":\"https:\/\/portalmf.com.br\/\",\"name\":\"Portal MF\",\"description\":\"Voc\u00ea conectado com a informa\u00e7\u00e3o\",\"potentialAction\":[{\"@type\":\"SearchAction\",\"target\":{\"@type\":\"EntryPoint\",\"urlTemplate\":\"https:\/\/portalmf.com.br\/?s={search_term_string}\"},\"query-input\":\"required name=search_term_string\"}],\"inLanguage\":\"pt-BR\"},{\"@type\":\"Person\",\"@id\":\"https:\/\/portalmf.com.br\/#\/schema\/person\/9ec101baf56233e53520c26de5d6f6f0\",\"name\":\"Reda\u00e7\u00e3o Portal MF\",\"image\":{\"@type\":\"ImageObject\",\"inLanguage\":\"pt-BR\",\"@id\":\"https:\/\/portalmf.com.br\/#\/schema\/person\/image\/\",\"url\":\"https:\/\/secure.gravatar.com\/avatar\/41b9aaeb2100835f7c64362330f74c7f?s=96&d=mm&r=g\",\"contentUrl\":\"https:\/\/secure.gravatar.com\/avatar\/41b9aaeb2100835f7c64362330f74c7f?s=96&d=mm&r=g\",\"caption\":\"Reda\u00e7\u00e3o Portal MF\"},\"description\":\"Sejam bem-vindos o portal de informa\u00e7\u00f5es de entretenimento de Feira de Santana, desde 2006 realiza coberturas dos principais eventos com entrevistas exclusivas com as principais personalidades mundiais. Fique conectado tamb\u00e9m nas redes sociais.\",\"sameAs\":[\"http:\/\/www.portalmf.com.br\/\",\"https:\/\/www.facebook.com\/portalmfoficial\",\"https:\/\/www.instagram.com\/portalmf\/\",\"https:\/\/x.com\/https:\/\/x.com\/portalmfoficial\",\"https:\/\/www.youtube.com\/@portalmfoficial\"],\"url\":\"https:\/\/portalmf.com.br\/index.php\/author\/junior\/\"}]}<\/script>\n<!-- \/ Yoast SEO plugin. -->","yoast_head_json":{"title":"Transporte gratuito e 50 \u00f4nibus extras refor\u00e7am mobilidade neste domingo de elei\u00e7\u00e3o - Portal MF","robots":{"index":"index","follow":"follow","max-snippet":"max-snippet:-1","max-image-preview":"max-image-preview:large","max-video-preview":"max-video-preview:-1"},"canonical":"https:\/\/portalmf.com.br\/index.php\/2024\/10\/05\/transporte-gratuito-e-50-onibus-extras-reforcam-mobilidade-neste-domingo-de-eleicao\/","og_locale":"pt_BR","og_type":"article","og_title":"Transporte gratuito e 50 \u00f4nibus extras refor\u00e7am mobilidade neste domingo de elei\u00e7\u00e3o - Portal MF","og_description":"O transporte p\u00fablico em Feira de Santana ser\u00e1 refor\u00e7ado por 50 \u00f4nibus extras em 36 linhas, neste domingo (6), para garantir a mobilidade de passageiros nas Elei\u00e7\u00f5es 2024.&nbsp;&nbsp; O Governo Municipal tamb\u00e9m vai garantir a gratuidade tarif\u00e1ria exclusivamente ao usu\u00e1rio que possui cart\u00e3o Via Feira. O prefeito Colbert Martins Filho ainda determinou a amplia\u00e7\u00e3o do [&hellip;]","og_url":"https:\/\/portalmf.com.br\/index.php\/2024\/10\/05\/transporte-gratuito-e-50-onibus-extras-reforcam-mobilidade-neste-domingo-de-eleicao\/","og_site_name":"Portal MF","article_author":"https:\/\/www.facebook.com\/portalmfoficial","article_published_time":"2024-10-05T15:57:42+00:00","article_modified_time":"2024-10-05T15:57:43+00:00","og_image":[{"width":1200,"height":540,"url":"https:\/\/portalmf.com.br\/wp-content\/uploads\/2023\/06\/onibus_feiradesantana_foto_reginaldojunior_portalmf.jpg","type":"image\/jpeg"}],"author":"Reda\u00e7\u00e3o Portal MF","twitter_card":"summary_large_image","twitter_creator":"@https:\/\/x.com\/portalmfoficial","twitter_misc":{"Escrito por":"Reda\u00e7\u00e3o Portal MF","Est. tempo de leitura":"3 minutos"},"schema":{"@context":"https:\/\/schema.org","@graph":[{"@type":"WebPage","@id":"https:\/\/portalmf.com.br\/index.php\/2024\/10\/05\/transporte-gratuito-e-50-onibus-extras-reforcam-mobilidade-neste-domingo-de-eleicao\/","url":"https:\/\/portalmf.com.br\/index.php\/2024\/10\/05\/transporte-gratuito-e-50-onibus-extras-reforcam-mobilidade-neste-domingo-de-eleicao\/","name":"Transporte gratuito e 50 \u00f4nibus extras refor\u00e7am mobilidade neste domingo de elei\u00e7\u00e3o - Portal MF","isPartOf":{"@id":"https:\/\/portalmf.com.br\/#website"},"primaryImageOfPage":{"@id":"https:\/\/portalmf.com.br\/index.php\/2024\/10\/05\/transporte-gratuito-e-50-onibus-extras-reforcam-mobilidade-neste-domingo-de-eleicao\/#primaryimage"},"image":{"@id":"https:\/\/portalmf.com.br\/index.php\/2024\/10\/05\/transporte-gratuito-e-50-onibus-extras-reforcam-mobilidade-neste-domingo-de-eleicao\/#primaryimage"},"thumbnailUrl":"https:\/\/portalmf.com.br\/wp-content\/uploads\/2023\/06\/onibus_feiradesantana_foto_reginaldojunior_portalmf.jpg","datePublished":"2024-10-05T15:57:42+00:00","dateModified":"2024-10-05T15:57:43+00:00","author":{"@id":"https:\/\/portalmf.com.br\/#\/schema\/person\/9ec101baf56233e53520c26de5d6f6f0"},"breadcrumb":{"@id":"https:\/\/portalmf.com.br\/index.php\/2024\/10\/05\/transporte-gratuito-e-50-onibus-extras-reforcam-mobilidade-neste-domingo-de-eleicao\/#breadcrumb"},"inLanguage":"pt-BR","potentialAction":[{"@type":"ReadAction","target":["https:\/\/portalmf.com.br\/index.php\/2024\/10\/05\/transporte-gratuito-e-50-onibus-extras-reforcam-mobilidade-neste-domingo-de-eleicao\/"]}]},{"@type":"ImageObject","inLanguage":"pt-BR","@id":"https:\/\/portalmf.com.br\/index.php\/2024\/10\/05\/transporte-gratuito-e-50-onibus-extras-reforcam-mobilidade-neste-domingo-de-eleicao\/#primaryimage","url":"https:\/\/portalmf.com.br\/wp-content\/uploads\/2023\/06\/onibus_feiradesantana_foto_reginaldojunior_portalmf.jpg","contentUrl":"https:\/\/portalmf.com.br\/wp-content\/uploads\/2023\/06\/onibus_feiradesantana_foto_reginaldojunior_portalmf.jpg","width":1200,"height":540,"caption":"Foto: Reginaldo J\u00fanior \/ Portal MF"},{"@type":"BreadcrumbList","@id":"https:\/\/portalmf.com.br\/index.php\/2024\/10\/05\/transporte-gratuito-e-50-onibus-extras-reforcam-mobilidade-neste-domingo-de-eleicao\/#breadcrumb","itemListElement":[{"@type":"ListItem","position":1,"name":"In\u00edcio","item":"https:\/\/portalmf.com.br\/"},{"@type":"ListItem","position":2,"name":"Transporte gratuito e 50 \u00f4nibus extras refor\u00e7am mobilidade neste domingo de elei\u00e7\u00e3o"}]},{"@type":"WebSite","@id":"https:\/\/portalmf.com.br\/#website","url":"https:\/\/portalmf.com.br\/","name":"Portal MF","description":"Voc\u00ea conectado com a informa\u00e7\u00e3o","potentialAction":[{"@type":"SearchAction","target":{"@type":"EntryPoint","urlTemplate":"https:\/\/portalmf.com.br\/?s={search_term_string}"},"query-input":"required name=search_term_string"}],"inLanguage":"pt-BR"},{"@type":"Person","@id":"https:\/\/portalmf.com.br\/#\/schema\/person\/9ec101baf56233e53520c26de5d6f6f0","name":"Reda\u00e7\u00e3o Portal MF","image":{"@type":"ImageObject","inLanguage":"pt-BR","@id":"https:\/\/portalmf.com.br\/#\/schema\/person\/image\/","url":"https:\/\/secure.gravatar.com\/avatar\/41b9aaeb2100835f7c64362330f74c7f?s=96&d=mm&r=g","contentUrl":"https:\/\/secure.gravatar.com\/avatar\/41b9aaeb2100835f7c64362330f74c7f?s=96&d=mm&r=g","caption":"Reda\u00e7\u00e3o Portal MF"},"description":"Sejam bem-vindos o portal de informa\u00e7\u00f5es de entretenimento de Feira de Santana, desde 2006 realiza coberturas dos principais eventos com entrevistas exclusivas com as principais personalidades mundiais. Fique conectado tamb\u00e9m nas redes sociais.","sameAs":["http:\/\/www.portalmf.com.br\/","https:\/\/www.facebook.com\/portalmfoficial","https:\/\/www.instagram.com\/portalmf\/","https:\/\/x.com\/https:\/\/x.com\/portalmfoficial","https:\/\/www.youtube.com\/@portalmfoficial"],"url":"https:\/\/portalmf.com.br\/index.php\/author\/junior\/"}]}},"_links":{"self":[{"href":"https:\/\/portalmf.com.br\/index.php\/wp-json\/wp\/v2\/posts\/30458"}],"collection":[{"href":"https:\/\/portalmf.com.br\/index.php\/wp-json\/wp\/v2\/posts"}],"about":[{"href":"https:\/\/portalmf.com.br\/index.php\/wp-json\/wp\/v2\/types\/post"}],"author":[{"embeddable":true,"href":"https:\/\/portalmf.com.br\/index.php\/wp-json\/wp\/v2\/users\/3"}],"replies":[{"embeddable":true,"href":"https:\/\/portalmf.com.br\/index.php\/wp-json\/wp\/v2\/comments?post=30458"}],"version-history":[{"count":1,"href":"https:\/\/portalmf.com.br\/index.php\/wp-json\/wp\/v2\/posts\/30458\/revisions"}],"predecessor-version":[{"id":30460,"href":"https:\/\/portalmf.com.br\/index.php\/wp-json\/wp\/v2\/posts\/30458\/revisions\/30460"}],"wp:featuredmedia":[{"embeddable":true,"href":"https:\/\/portalmf.com.br\/index.php\/wp-json\/wp\/v2\/media\/13270"}],"wp:attachment":[{"href":"https:\/\/portalmf.com.br\/index.php\/wp-json\/wp\/v2\/media?parent=30458"}],"wp:term":[{"taxonomy":"category","embeddable":true,"href":"https:\/\/portalmf.com.br\/index.php\/wp-json\/wp\/v2\/categories?post=30458"},{"taxonomy":"post_tag","embeddable":true,"href":"https:\/\/portalmf.com.br\/index.php\/wp-json\/wp\/v2\/tags?post=30458"}],"curies":[{"name":"wp","href":"https:\/\/api.w.org\/{rel}","templated":true}]}}