{"id":30453,"date":"2024-10-05T12:36:11","date_gmt":"2024-10-05T15:36:11","guid":{"rendered":"https:\/\/portalmf.com.br\/?p=30453"},"modified":"2024-10-05T12:36:12","modified_gmt":"2024-10-05T15:36:12","slug":"ze-neto-passa-a-frente-e-feira-devera-ter-2o-turno-diz-atlasintel-a-tarde","status":"publish","type":"post","link":"https:\/\/portalmf.com.br\/index.php\/2024\/10\/05\/ze-neto-passa-a-frente-e-feira-devera-ter-2o-turno-diz-atlasintel-a-tarde\/","title":{"rendered":"Z\u00e9 Neto passa \u00e0 frente e Feira dever\u00e1 ter 2\u00ba turno, diz AtlasIntel\/A TARDE"},"content":{"rendered":"\n<p>Num intervalo de 10 dias uma elei\u00e7\u00e3o que parecia decidida se tornou indefinida. Com uma varia\u00e7\u00e3o de pouco mais de um ponto percentual, Z\u00e9 Neto (PT) assumiu a lideran\u00e7a da corrida em Feira de Santana pela primeira vez, numa elei\u00e7\u00e3o que caminha para o segundo turno, segundo a pesquisa&nbsp;<strong>AtlasIntel\/A TARDE.<\/strong><\/p>\n\n\n\n<p>Apesar disso, n\u00e3o \u00e9 poss\u00edvel cravar um favorito. O ex-prefeito Jos\u00e9 Ronaldo (Uni\u00e3o Brasil) recuou 5,6 pontos percentuais num eleitorado que tem menos de 1% de indecisos. O fiel da balan\u00e7a \u00e9 Carlos Medeiros, do Novo, que cresceu 5,2pp.<\/p>\n\n\n\n<p>Quando apresentados aos nomes dos candidatos, 46,2% dos eleitores pesquisados declaram inten\u00e7\u00e3o de votar em Z\u00e9 Neto, 45,1% em Jos\u00e9 Ronaldo e 6,8% em Carlos Medeiros. Em votos v\u00e1lidos, Z\u00e9 Neto tem 47,1%, Jos\u00e9 Ronaldo 45,9% e Medeiros 6,9%.<\/p>\n\n\n\n<p>Na pesquisa divulgada em 24 de setembro, Jos\u00e9 Ronaldo tinha 50,7%, Z\u00e9 Neto 45% e Medeiros 1,6%. Esse cen\u00e1rio apontava para uma defini\u00e7\u00e3o em 1\u00ba turno, j\u00e1 que, segundo avalia\u00e7\u00e3o de Yuri Sanches, analista de risco pol\u00edtico da AtlasIntel, os votos pareciam consolidados.<\/p>\n\n\n\n<p>\u201cO crescimento de Z\u00e9 Neto \u00e9 de um ponto, foi Jos\u00e9 Ronaldo que caiu, perdeu votos para o Carlos Medeiros\u201d, constata Yuri. Para ele, o maior desafio do ex-prefeito ainda \u00e9 se descolar da imagem de Colbert Martins (MDB), seu ex-vice, que tem uma reprova\u00e7\u00e3o de 82%.<\/p>\n\n\n\n<p>Apesar da mudan\u00e7a de quadro, a disputa permanece indefinida. Num cen\u00e1rio de 2\u00ba turno, Z\u00e9 Neto teria 46,8% contra 46,1% de Jos\u00e9 Ronaldo, uma diferen\u00e7a decimal e que demonstra quase nenhuma migra\u00e7\u00e3o dos votos do candidato do Novo.<\/p>\n\n\n\n<p>\u201cIsso significa que a cabe\u00e7a do eleitor n\u00e3o est\u00e1 totalmente resolvida. A corrida est\u00e1 extremamente aberta, n\u00e3o \u00e9 o mesmo cen\u00e1rio da pesquisa anterior\u201d, avalia Sanches, que n\u00e3o descarta a defini\u00e7\u00e3o em 1\u00ba turno.<\/p>\n\n\n\n<p>\u201cO voto \u00fatil pode acontecer at\u00e9 o \u00faltimo momento, com o eleitor retornando para o Jos\u00e9 Ronaldo no 1\u00ba ou no 2\u00ba turno\u201d, diz o analista. Para ele, o eleitorado que migrou para Carlos Medeiros n\u00e3o parece consolidado.<\/p>\n\n\n\n<p>\u201cA pesquisa captou um voto de protesto de um eleitorado ainda ressentido pelo fato de Jos\u00e9 Ronaldo ter deixado a prefeitura para concorrer ao governo e permitido a posse de Colbert\u201d, explica Sanches. No entanto, a possibilidade de uma vit\u00f3ria in\u00e9dita do PT na cidade pode reagrupar esses eleitores, movidos pelo anti-petismo.<\/p>\n\n\n\n<p>Com informa\u00e7\u00f5e do A Tarde<\/p>\n","protected":false},"excerpt":{"rendered":"<p>Num intervalo de 10 dias uma elei\u00e7\u00e3o que parecia decidida se tornou indefinida. Com uma varia\u00e7\u00e3o de pouco mais de um ponto percentual, Z\u00e9 Neto (PT) assumiu a lideran\u00e7a da corrida em Feira de Santana pela primeira vez, numa elei\u00e7\u00e3o que caminha para o segundo turno, segundo a pesquisa&nbsp;AtlasIntel\/A TARDE. Apesar disso, n\u00e3o \u00e9 poss\u00edvel [&hellip;]<\/p>\n","protected":false},"author":3,"featured_media":30367,"comment_status":"open","ping_status":"open","sticky":false,"template":"","format":"standard","meta":{"_monsterinsights_skip_tracking":false,"_monsterinsights_sitenote_active":false,"_monsterinsights_sitenote_note":"","_monsterinsights_sitenote_category":0,"footnotes":""},"categories":[301,34],"tags":[],"yoast_head":"<!-- This site is optimized with the Yoast SEO plugin v22.9 - https:\/\/yoast.com\/wordpress\/plugins\/seo\/ -->\n<title>Z\u00e9 Neto passa \u00e0 frente e Feira dever\u00e1 ter 2\u00ba turno, diz AtlasIntel\/A TARDE - Portal MF<\/title>\n<meta name=\"robots\" content=\"index, follow, max-snippet:-1, max-image-preview:large, max-video-preview:-1\" \/>\n<link rel=\"canonical\" href=\"https:\/\/portalmf.com.br\/index.php\/2024\/10\/05\/ze-neto-passa-a-frente-e-feira-devera-ter-2o-turno-diz-atlasintel-a-tarde\/\" \/>\n<meta property=\"og:locale\" content=\"pt_BR\" \/>\n<meta property=\"og:type\" content=\"article\" \/>\n<meta property=\"og:title\" content=\"Z\u00e9 Neto passa \u00e0 frente e Feira dever\u00e1 ter 2\u00ba turno, diz AtlasIntel\/A TARDE - Portal MF\" \/>\n<meta property=\"og:description\" content=\"Num intervalo de 10 dias uma elei\u00e7\u00e3o que parecia decidida se tornou indefinida. Com uma varia\u00e7\u00e3o de pouco mais de um ponto percentual, Z\u00e9 Neto (PT) assumiu a lideran\u00e7a da corrida em Feira de Santana pela primeira vez, numa elei\u00e7\u00e3o que caminha para o segundo turno, segundo a pesquisa&nbsp;AtlasIntel\/A TARDE. Apesar disso, n\u00e3o \u00e9 poss\u00edvel [&hellip;]\" \/>\n<meta property=\"og:url\" content=\"https:\/\/portalmf.com.br\/index.php\/2024\/10\/05\/ze-neto-passa-a-frente-e-feira-devera-ter-2o-turno-diz-atlasintel-a-tarde\/\" \/>\n<meta property=\"og:site_name\" content=\"Portal MF\" \/>\n<meta property=\"article:author\" content=\"https:\/\/www.facebook.com\/portalmfoficial\" \/>\n<meta property=\"article:published_time\" content=\"2024-10-05T15:36:11+00:00\" \/>\n<meta property=\"article:modified_time\" content=\"2024-10-05T15:36:12+00:00\" \/>\n<meta property=\"og:image\" content=\"https:\/\/portalmf.com.br\/wp-content\/uploads\/2024\/10\/Ze-Neto.jpg\" \/>\n\t<meta property=\"og:image:width\" content=\"800\" \/>\n\t<meta property=\"og:image:height\" content=\"695\" \/>\n\t<meta property=\"og:image:type\" content=\"image\/jpeg\" \/>\n<meta name=\"author\" content=\"Reda\u00e7\u00e3o Portal MF\" \/>\n<meta name=\"twitter:card\" content=\"summary_large_image\" \/>\n<meta name=\"twitter:creator\" content=\"@https:\/\/x.com\/portalmfoficial\" \/>\n<meta name=\"twitter:label1\" content=\"Escrito por\" \/>\n\t<meta name=\"twitter:data1\" content=\"Reda\u00e7\u00e3o Portal MF\" \/>\n\t<meta name=\"twitter:label2\" content=\"Est. tempo de leitura\" \/>\n\t<meta name=\"twitter:data2\" content=\"3 minutos\" \/>\n<script type=\"application\/ld+json\" class=\"yoast-schema-graph\">{\"@context\":\"https:\/\/schema.org\",\"@graph\":[{\"@type\":\"WebPage\",\"@id\":\"https:\/\/portalmf.com.br\/index.php\/2024\/10\/05\/ze-neto-passa-a-frente-e-feira-devera-ter-2o-turno-diz-atlasintel-a-tarde\/\",\"url\":\"https:\/\/portalmf.com.br\/index.php\/2024\/10\/05\/ze-neto-passa-a-frente-e-feira-devera-ter-2o-turno-diz-atlasintel-a-tarde\/\",\"name\":\"Z\u00e9 Neto passa \u00e0 frente e Feira dever\u00e1 ter 2\u00ba turno, diz AtlasIntel\/A TARDE - Portal MF\",\"isPartOf\":{\"@id\":\"https:\/\/portalmf.com.br\/#website\"},\"primaryImageOfPage\":{\"@id\":\"https:\/\/portalmf.com.br\/index.php\/2024\/10\/05\/ze-neto-passa-a-frente-e-feira-devera-ter-2o-turno-diz-atlasintel-a-tarde\/#primaryimage\"},\"image\":{\"@id\":\"https:\/\/portalmf.com.br\/index.php\/2024\/10\/05\/ze-neto-passa-a-frente-e-feira-devera-ter-2o-turno-diz-atlasintel-a-tarde\/#primaryimage\"},\"thumbnailUrl\":\"https:\/\/portalmf.com.br\/wp-content\/uploads\/2024\/10\/Ze-Neto.jpg\",\"datePublished\":\"2024-10-05T15:36:11+00:00\",\"dateModified\":\"2024-10-05T15:36:12+00:00\",\"author\":{\"@id\":\"https:\/\/portalmf.com.br\/#\/schema\/person\/9ec101baf56233e53520c26de5d6f6f0\"},\"breadcrumb\":{\"@id\":\"https:\/\/portalmf.com.br\/index.php\/2024\/10\/05\/ze-neto-passa-a-frente-e-feira-devera-ter-2o-turno-diz-atlasintel-a-tarde\/#breadcrumb\"},\"inLanguage\":\"pt-BR\",\"potentialAction\":[{\"@type\":\"ReadAction\",\"target\":[\"https:\/\/portalmf.com.br\/index.php\/2024\/10\/05\/ze-neto-passa-a-frente-e-feira-devera-ter-2o-turno-diz-atlasintel-a-tarde\/\"]}]},{\"@type\":\"ImageObject\",\"inLanguage\":\"pt-BR\",\"@id\":\"https:\/\/portalmf.com.br\/index.php\/2024\/10\/05\/ze-neto-passa-a-frente-e-feira-devera-ter-2o-turno-diz-atlasintel-a-tarde\/#primaryimage\",\"url\":\"https:\/\/portalmf.com.br\/wp-content\/uploads\/2024\/10\/Ze-Neto.jpg\",\"contentUrl\":\"https:\/\/portalmf.com.br\/wp-content\/uploads\/2024\/10\/Ze-Neto.jpg\",\"width\":800,\"height\":695},{\"@type\":\"BreadcrumbList\",\"@id\":\"https:\/\/portalmf.com.br\/index.php\/2024\/10\/05\/ze-neto-passa-a-frente-e-feira-devera-ter-2o-turno-diz-atlasintel-a-tarde\/#breadcrumb\",\"itemListElement\":[{\"@type\":\"ListItem\",\"position\":1,\"name\":\"In\u00edcio\",\"item\":\"https:\/\/portalmf.com.br\/\"},{\"@type\":\"ListItem\",\"position\":2,\"name\":\"Z\u00e9 Neto passa \u00e0 frente e Feira dever\u00e1 ter 2\u00ba turno, diz AtlasIntel\/A TARDE\"}]},{\"@type\":\"WebSite\",\"@id\":\"https:\/\/portalmf.com.br\/#website\",\"url\":\"https:\/\/portalmf.com.br\/\",\"name\":\"Portal MF\",\"description\":\"Voc\u00ea conectado com a informa\u00e7\u00e3o\",\"potentialAction\":[{\"@type\":\"SearchAction\",\"target\":{\"@type\":\"EntryPoint\",\"urlTemplate\":\"https:\/\/portalmf.com.br\/?s={search_term_string}\"},\"query-input\":\"required name=search_term_string\"}],\"inLanguage\":\"pt-BR\"},{\"@type\":\"Person\",\"@id\":\"https:\/\/portalmf.com.br\/#\/schema\/person\/9ec101baf56233e53520c26de5d6f6f0\",\"name\":\"Reda\u00e7\u00e3o Portal MF\",\"image\":{\"@type\":\"ImageObject\",\"inLanguage\":\"pt-BR\",\"@id\":\"https:\/\/portalmf.com.br\/#\/schema\/person\/image\/\",\"url\":\"https:\/\/secure.gravatar.com\/avatar\/41b9aaeb2100835f7c64362330f74c7f?s=96&d=mm&r=g\",\"contentUrl\":\"https:\/\/secure.gravatar.com\/avatar\/41b9aaeb2100835f7c64362330f74c7f?s=96&d=mm&r=g\",\"caption\":\"Reda\u00e7\u00e3o Portal MF\"},\"description\":\"Sejam bem-vindos o portal de informa\u00e7\u00f5es de entretenimento de Feira de Santana, desde 2006 realiza coberturas dos principais eventos com entrevistas exclusivas com as principais personalidades mundiais. Fique conectado tamb\u00e9m nas redes sociais.\",\"sameAs\":[\"http:\/\/www.portalmf.com.br\/\",\"https:\/\/www.facebook.com\/portalmfoficial\",\"https:\/\/www.instagram.com\/portalmf\/\",\"https:\/\/x.com\/https:\/\/x.com\/portalmfoficial\",\"https:\/\/www.youtube.com\/@portalmfoficial\"],\"url\":\"https:\/\/portalmf.com.br\/index.php\/author\/junior\/\"}]}<\/script>\n<!-- \/ Yoast SEO plugin. -->","yoast_head_json":{"title":"Z\u00e9 Neto passa \u00e0 frente e Feira dever\u00e1 ter 2\u00ba turno, diz AtlasIntel\/A TARDE - Portal MF","robots":{"index":"index","follow":"follow","max-snippet":"max-snippet:-1","max-image-preview":"max-image-preview:large","max-video-preview":"max-video-preview:-1"},"canonical":"https:\/\/portalmf.com.br\/index.php\/2024\/10\/05\/ze-neto-passa-a-frente-e-feira-devera-ter-2o-turno-diz-atlasintel-a-tarde\/","og_locale":"pt_BR","og_type":"article","og_title":"Z\u00e9 Neto passa \u00e0 frente e Feira dever\u00e1 ter 2\u00ba turno, diz AtlasIntel\/A TARDE - Portal MF","og_description":"Num intervalo de 10 dias uma elei\u00e7\u00e3o que parecia decidida se tornou indefinida. Com uma varia\u00e7\u00e3o de pouco mais de um ponto percentual, Z\u00e9 Neto (PT) assumiu a lideran\u00e7a da corrida em Feira de Santana pela primeira vez, numa elei\u00e7\u00e3o que caminha para o segundo turno, segundo a pesquisa&nbsp;AtlasIntel\/A TARDE. Apesar disso, n\u00e3o \u00e9 poss\u00edvel [&hellip;]","og_url":"https:\/\/portalmf.com.br\/index.php\/2024\/10\/05\/ze-neto-passa-a-frente-e-feira-devera-ter-2o-turno-diz-atlasintel-a-tarde\/","og_site_name":"Portal MF","article_author":"https:\/\/www.facebook.com\/portalmfoficial","article_published_time":"2024-10-05T15:36:11+00:00","article_modified_time":"2024-10-05T15:36:12+00:00","og_image":[{"width":800,"height":695,"url":"https:\/\/portalmf.com.br\/wp-content\/uploads\/2024\/10\/Ze-Neto.jpg","type":"image\/jpeg"}],"author":"Reda\u00e7\u00e3o Portal MF","twitter_card":"summary_large_image","twitter_creator":"@https:\/\/x.com\/portalmfoficial","twitter_misc":{"Escrito por":"Reda\u00e7\u00e3o Portal MF","Est. tempo de leitura":"3 minutos"},"schema":{"@context":"https:\/\/schema.org","@graph":[{"@type":"WebPage","@id":"https:\/\/portalmf.com.br\/index.php\/2024\/10\/05\/ze-neto-passa-a-frente-e-feira-devera-ter-2o-turno-diz-atlasintel-a-tarde\/","url":"https:\/\/portalmf.com.br\/index.php\/2024\/10\/05\/ze-neto-passa-a-frente-e-feira-devera-ter-2o-turno-diz-atlasintel-a-tarde\/","name":"Z\u00e9 Neto passa \u00e0 frente e Feira dever\u00e1 ter 2\u00ba turno, diz AtlasIntel\/A TARDE - Portal MF","isPartOf":{"@id":"https:\/\/portalmf.com.br\/#website"},"primaryImageOfPage":{"@id":"https:\/\/portalmf.com.br\/index.php\/2024\/10\/05\/ze-neto-passa-a-frente-e-feira-devera-ter-2o-turno-diz-atlasintel-a-tarde\/#primaryimage"},"image":{"@id":"https:\/\/portalmf.com.br\/index.php\/2024\/10\/05\/ze-neto-passa-a-frente-e-feira-devera-ter-2o-turno-diz-atlasintel-a-tarde\/#primaryimage"},"thumbnailUrl":"https:\/\/portalmf.com.br\/wp-content\/uploads\/2024\/10\/Ze-Neto.jpg","datePublished":"2024-10-05T15:36:11+00:00","dateModified":"2024-10-05T15:36:12+00:00","author":{"@id":"https:\/\/portalmf.com.br\/#\/schema\/person\/9ec101baf56233e53520c26de5d6f6f0"},"breadcrumb":{"@id":"https:\/\/portalmf.com.br\/index.php\/2024\/10\/05\/ze-neto-passa-a-frente-e-feira-devera-ter-2o-turno-diz-atlasintel-a-tarde\/#breadcrumb"},"inLanguage":"pt-BR","potentialAction":[{"@type":"ReadAction","target":["https:\/\/portalmf.com.br\/index.php\/2024\/10\/05\/ze-neto-passa-a-frente-e-feira-devera-ter-2o-turno-diz-atlasintel-a-tarde\/"]}]},{"@type":"ImageObject","inLanguage":"pt-BR","@id":"https:\/\/portalmf.com.br\/index.php\/2024\/10\/05\/ze-neto-passa-a-frente-e-feira-devera-ter-2o-turno-diz-atlasintel-a-tarde\/#primaryimage","url":"https:\/\/portalmf.com.br\/wp-content\/uploads\/2024\/10\/Ze-Neto.jpg","contentUrl":"https:\/\/portalmf.com.br\/wp-content\/uploads\/2024\/10\/Ze-Neto.jpg","width":800,"height":695},{"@type":"BreadcrumbList","@id":"https:\/\/portalmf.com.br\/index.php\/2024\/10\/05\/ze-neto-passa-a-frente-e-feira-devera-ter-2o-turno-diz-atlasintel-a-tarde\/#breadcrumb","itemListElement":[{"@type":"ListItem","position":1,"name":"In\u00edcio","item":"https:\/\/portalmf.com.br\/"},{"@type":"ListItem","position":2,"name":"Z\u00e9 Neto passa \u00e0 frente e Feira dever\u00e1 ter 2\u00ba turno, diz AtlasIntel\/A TARDE"}]},{"@type":"WebSite","@id":"https:\/\/portalmf.com.br\/#website","url":"https:\/\/portalmf.com.br\/","name":"Portal MF","description":"Voc\u00ea conectado com a informa\u00e7\u00e3o","potentialAction":[{"@type":"SearchAction","target":{"@type":"EntryPoint","urlTemplate":"https:\/\/portalmf.com.br\/?s={search_term_string}"},"query-input":"required name=search_term_string"}],"inLanguage":"pt-BR"},{"@type":"Person","@id":"https:\/\/portalmf.com.br\/#\/schema\/person\/9ec101baf56233e53520c26de5d6f6f0","name":"Reda\u00e7\u00e3o Portal MF","image":{"@type":"ImageObject","inLanguage":"pt-BR","@id":"https:\/\/portalmf.com.br\/#\/schema\/person\/image\/","url":"https:\/\/secure.gravatar.com\/avatar\/41b9aaeb2100835f7c64362330f74c7f?s=96&d=mm&r=g","contentUrl":"https:\/\/secure.gravatar.com\/avatar\/41b9aaeb2100835f7c64362330f74c7f?s=96&d=mm&r=g","caption":"Reda\u00e7\u00e3o Portal MF"},"description":"Sejam bem-vindos o portal de informa\u00e7\u00f5es de entretenimento de Feira de Santana, desde 2006 realiza coberturas dos principais eventos com entrevistas exclusivas com as principais personalidades mundiais. Fique conectado tamb\u00e9m nas redes sociais.","sameAs":["http:\/\/www.portalmf.com.br\/","https:\/\/www.facebook.com\/portalmfoficial","https:\/\/www.instagram.com\/portalmf\/","https:\/\/x.com\/https:\/\/x.com\/portalmfoficial","https:\/\/www.youtube.com\/@portalmfoficial"],"url":"https:\/\/portalmf.com.br\/index.php\/author\/junior\/"}]}},"_links":{"self":[{"href":"https:\/\/portalmf.com.br\/index.php\/wp-json\/wp\/v2\/posts\/30453"}],"collection":[{"href":"https:\/\/portalmf.com.br\/index.php\/wp-json\/wp\/v2\/posts"}],"about":[{"href":"https:\/\/portalmf.com.br\/index.php\/wp-json\/wp\/v2\/types\/post"}],"author":[{"embeddable":true,"href":"https:\/\/portalmf.com.br\/index.php\/wp-json\/wp\/v2\/users\/3"}],"replies":[{"embeddable":true,"href":"https:\/\/portalmf.com.br\/index.php\/wp-json\/wp\/v2\/comments?post=30453"}],"version-history":[{"count":1,"href":"https:\/\/portalmf.com.br\/index.php\/wp-json\/wp\/v2\/posts\/30453\/revisions"}],"predecessor-version":[{"id":30454,"href":"https:\/\/portalmf.com.br\/index.php\/wp-json\/wp\/v2\/posts\/30453\/revisions\/30454"}],"wp:featuredmedia":[{"embeddable":true,"href":"https:\/\/portalmf.com.br\/index.php\/wp-json\/wp\/v2\/media\/30367"}],"wp:attachment":[{"href":"https:\/\/portalmf.com.br\/index.php\/wp-json\/wp\/v2\/media?parent=30453"}],"wp:term":[{"taxonomy":"category","embeddable":true,"href":"https:\/\/portalmf.com.br\/index.php\/wp-json\/wp\/v2\/categories?post=30453"},{"taxonomy":"post_tag","embeddable":true,"href":"https:\/\/portalmf.com.br\/index.php\/wp-json\/wp\/v2\/tags?post=30453"}],"curies":[{"name":"wp","href":"https:\/\/api.w.org\/{rel}","templated":true}]}}