{"id":30448,"date":"2024-10-04T11:26:00","date_gmt":"2024-10-04T14:26:00","guid":{"rendered":"https:\/\/portalmf.com.br\/?p=30448"},"modified":"2024-10-04T17:30:30","modified_gmt":"2024-10-04T20:30:30","slug":"jose-ronaldo-se-destaca-em-debate-na-tv-e-rebate-fake-news-de-ze-neto","status":"publish","type":"post","link":"https:\/\/portalmf.com.br\/index.php\/2024\/10\/04\/jose-ronaldo-se-destaca-em-debate-na-tv-e-rebate-fake-news-de-ze-neto\/","title":{"rendered":"Jos\u00e9 Ronaldo se destaca em debate na TV e rebate fake news de Z\u00e9 Neto"},"content":{"rendered":"\n<p>O candidato a prefeito de Feira de Santana pela coliga\u00e7\u00e3o \u201cO Amor Sempre Vence\u201d, Jos\u00e9 Ronaldo (Uni\u00e3o Brasil), demonstrou firmeza e seguran\u00e7a durante o debate promovido pela TV Suba\u00e9, na noite de ontem (3), enfrentando seu principal advers\u00e1rio, Z\u00e9 Neto (PT). Ao longo do debate, o ex-prefeito de Feira desmentiu uma s\u00e9rie de fake news divulgadas pela campanha de Z\u00e9 Neto, reafirmando sua experi\u00eancia e compromisso com o munic\u00edpio.<\/p>\n\n\n\n<p>Um dos momentos mais dram\u00e1ticos da noite aconteceu quando Z\u00e9 Neto afirmou que Jos\u00e9 Ronaldo teria participado de um encontro com secret\u00e1rios municipais no dia anterior ao debate, durante o evento Mobiliza Feira, realizado no \u00c1ria Hall. Jos\u00e9 Ronaldo, visivelmente emocionado, revelou que estava ausente por motivo de luto, devido ao falecimento de seu irm\u00e3o, Ant\u00f4nio Reginaldo de Carvalho, ocorrido no mesmo dia. A resposta evidenciou o tom sens\u00edvel do debate, enquanto Z\u00e9 Neto mostrou o seu estilo impiedoso ao desconsiderar a situa\u00e7\u00e3o pessoal de seu oponente.<\/p>\n\n\n\n<p>Fake news &#8211; O debate foi estruturado em quatro blocos, nos quais Jos\u00e9 Ronaldo aproveitou cada oportunidade para desmentir as fake news divulgadas por Z\u00e9 Neto. Desde o primeiro bloco, o ex-prefeito atacou de forma contundente, questionando a postura de Z\u00e9 Neto em rela\u00e7\u00e3o \u00e0 ViaBahia e \u00e0 manuten\u00e7\u00e3o da BR-324. Ronaldo lembrou que seu advers\u00e1rio se recusou a assinar uma CPI para investigar a concession\u00e1ria, levantando d\u00favidas sobre as promessas de rompimento de contrato feitas pelo governo do PT.<\/p>\n\n\n\n<p>Ronaldo tamb\u00e9m rebateu outra fake news ao ser acusado de querer acabar com os aplicativos de transporte. Ele foi firme ao dizer: \u201cEle me acusou que eu disse que ia acabar os aplicativos, isso \u00e9 um absurdo, \u00e9 um crime isso. Eu nunca disse isso, muito pelo contr\u00e1rio, eu sempre disse que vou apoiar e sempre apoiei o aplicativo\u201d, reafirmando seu apoio \u00e0 categoria e lembrando que o sindicato at\u00e9 gravou um v\u00eddeo e divulgou nas redes sociais confirmando seu posicionamento.<\/p>\n\n\n\n<p>Gest\u00f5es e investimentos &#8211; Z\u00e9 Neto tentou criticar as gest\u00f5es de Jos\u00e9 Ronaldo, alegando que a cidade havia ficado estagnada durante seu mandato. No entanto, ao garantir que \u00e9 sempre 100% Feira de Santana, o ex-prefeito rebateu, apresentando um balan\u00e7o de suas realiza\u00e7\u00f5es, como a expans\u00e3o da rede de sa\u00fade de 18 para mais de 160 unidades. Ele tamb\u00e9m aproveitou para criticar Z\u00e9 Neto, afirmando que o deputado federal destinou apenas 1% de suas emendas parlamentares para Feira de Santana. \u201cO senhor, 1% do or\u00e7amento, onde \u00e9 que est\u00e3o essas emendas do senhor que ningu\u00e9m v\u00ea?\u201d, questionou Ronaldo, destacando a falta de investimento do advers\u00e1rio e orientando os telespectadores a verificarem a informa\u00e7\u00e3o diretamente no Portal da Transpar\u00eancia. Ele ainda ironizou a depend\u00eancia de Z\u00e9 Neto da publicidade: \u201cN\u00e3o est\u00e1 em nenhum google publicado pelo assessor dele, n\u00e3o, que fica colcoando mat\u00e9rias pagas e mandando ler no google\u201d.<\/p>\n\n\n\n<p>Ronaldo tamb\u00e9m criticou os altos gastos do governo estadual com propaganda, afirmando que \u201co governo do Estado da Bahia, de julho para c\u00e1, gastou em Feira de Santana mais de R$ 70 milh\u00f5es em propaganda, que poderiam ter sido aplicados em benef\u00edcio do povo\u201d.<\/p>\n\n\n\n<p>Seguran\u00e7a p\u00fablica e BRT &#8211; Jos\u00e9 Ronaldo tamb\u00e9m questionou sobre os dados estat\u00edsticos que colocam Feira de Santana em destaque como a cidade mais violenta do pa\u00eds, assim como o estado da Bahia, na gest\u00e3o do PT. Ele criticou o que chamou de falta de comprometimento de Z\u00e9 Neto com a cidade, afirmando que o deputado federal \u201ctira o bra\u00e7o da seringa\u201d ao n\u00e3o se responsabilizar pelas falhas da administra\u00e7\u00e3o estadual, como a precariedade das viaturas policiais. Ronaldo refor\u00e7ou que o n\u00famero de policiais mal remunerados \u00e9 um problema cr\u00f4nico e que as viaturas que v\u00eam para Feira, festejadas por Z\u00e9 Neto, s\u00e3o apenas substitui\u00e7\u00f5es de ve\u00edculos que j\u00e1 est\u00e3o quebrados. \u201cO senhor fica dizendo que colocou 10 viaturas para substituir aquelas que j\u00e1 estavam quebradas, n\u00e3o aumentou o n\u00famero de viaturas, n\u00e3o\u201d, afirmou Ronaldo, completando que isso \u201c\u00e9 conversa de candidato\u201d.<\/p>\n\n\n\n<p>Outro ponto de confronto foi o projeto do BRT (Bus Rapid Transit), que Z\u00e9 Neto criticou por supostos gastos exorbitantes. Ronaldo defendeu o projeto, detalhando que os recursos tamb\u00e9m foram destinados \u00e0 constru\u00e7\u00e3o de t\u00faneis e melhorias na infraestrutura vi\u00e1ria da cidade, nos cruzamentos entre as avenidas Maria Quit\u00e9ria-Get\u00falio Vargas e Jo\u00e3o Durval-Presidente Dutra, al\u00e9m da rede de drenagem e pavimenta\u00e7\u00e3o de corredores de tr\u00e1fego, investimentos que evitam congestionamento no centro da cidade.<\/p>\n\n\n\n<p>Fila da regula\u00e7\u00e3o e sa\u00fade p\u00fablica &#8211; O \u00faltimo tema abordado foi a sa\u00fade p\u00fablica, com Jos\u00e9 Ronaldo trazendo \u00e0 tona a cr\u00edtica \u00e0 chamada fila da regula\u00e7\u00e3o, mantida pelo governo estadual. Segundo ele, essa fila, conhecida como \u2018fila da morte\u2019, resulta em cerca de 300 \u00f3bitos anuais em Feira de Santana, devido \u00e0 demora na obten\u00e7\u00e3o de vagas em hospitais da rede p\u00fablica estadual. Ele criticou Z\u00e9 Neto por comemorar um anexo no Hospital Geral Cl\u00e9riston Andrade no valor de R$ 48 milh\u00f5es, enquanto o governo do estado investiu R$ 300 milh\u00f5es em Lauro de Freitas e milh\u00f5es em outras cidades como Ilh\u00e9us.<\/p>\n\n\n\n<p>\u201cO senhor comemorou R$ 48 milh\u00f5es, um anexo\u201d, disse Ronaldo, questionando as prioridades de Z\u00e9 Neto. Ele ressaltou ainda que a amplia\u00e7\u00e3o do Hospital da Crian\u00e7a, que foi de 70 para 170 leitos, n\u00e3o resolve os problemas da regula\u00e7\u00e3o na cidade. \u201cS\u00e3o mais de 300 mortes que est\u00e3o acontecendo nessa cidade por falta de leito nos hospitais do estado, que \u00e9 obriga\u00e7\u00e3o do Estado resolver\u201d, afirmou Ronaldo, deixando claro que essa responsabilidade \u00e9 do governo estadual, n\u00e3o da prefeitura.<\/p>\n\n\n\n<p>Nas considera\u00e7\u00f5es finais, Jos\u00e9 Ronaldo refor\u00e7ou seu compromisso com a cidade e destacou sua experi\u00eancia como trunfo para resolver os problemas que afligem Feira de Santana. Declarou-se ainda mais preparado para administrar a cidade e pediu o apoio dos eleitores no pleito de 6 de outubro. <em>\u201cO prefeito vai ser Jos\u00e9 Ronaldo, porque o povo conhece Jos\u00e9 Ronaldo e sabe que quando a gente assume uma palavra a gente cumpre\u201d,<\/em> finalizou o candidato.<\/p>\n\n\n\n<p>Com informa\u00e7\u00f5es da Ascom\/Jos\u00e9 Ronaldo<\/p>\n","protected":false},"excerpt":{"rendered":"<p>O candidato a prefeito de Feira de Santana pela coliga\u00e7\u00e3o \u201cO Amor Sempre Vence\u201d, Jos\u00e9 Ronaldo (Uni\u00e3o Brasil), demonstrou firmeza e seguran\u00e7a durante o debate promovido pela TV Suba\u00e9, na noite de ontem (3), enfrentando seu principal advers\u00e1rio, Z\u00e9 Neto (PT). Ao longo do debate, o ex-prefeito de Feira desmentiu uma s\u00e9rie de fake news [&hellip;]<\/p>\n","protected":false},"author":3,"featured_media":30449,"comment_status":"open","ping_status":"open","sticky":false,"template":"","format":"standard","meta":{"_monsterinsights_skip_tracking":false,"_monsterinsights_sitenote_active":false,"_monsterinsights_sitenote_note":"","_monsterinsights_sitenote_category":0,"footnotes":""},"categories":[301,34],"tags":[],"yoast_head":"<!-- This site is optimized with the Yoast SEO plugin v22.9 - https:\/\/yoast.com\/wordpress\/plugins\/seo\/ -->\n<title>Jos\u00e9 Ronaldo se destaca em debate na TV e rebate fake news de Z\u00e9 Neto - Portal MF<\/title>\n<meta name=\"robots\" content=\"index, follow, max-snippet:-1, max-image-preview:large, max-video-preview:-1\" \/>\n<link rel=\"canonical\" href=\"https:\/\/portalmf.com.br\/index.php\/2024\/10\/04\/jose-ronaldo-se-destaca-em-debate-na-tv-e-rebate-fake-news-de-ze-neto\/\" \/>\n<meta property=\"og:locale\" content=\"pt_BR\" \/>\n<meta property=\"og:type\" content=\"article\" \/>\n<meta property=\"og:title\" content=\"Jos\u00e9 Ronaldo se destaca em debate na TV e rebate fake news de Z\u00e9 Neto - Portal MF\" \/>\n<meta property=\"og:description\" content=\"O candidato a prefeito de Feira de Santana pela coliga\u00e7\u00e3o \u201cO Amor Sempre Vence\u201d, Jos\u00e9 Ronaldo (Uni\u00e3o Brasil), demonstrou firmeza e seguran\u00e7a durante o debate promovido pela TV Suba\u00e9, na noite de ontem (3), enfrentando seu principal advers\u00e1rio, Z\u00e9 Neto (PT). Ao longo do debate, o ex-prefeito de Feira desmentiu uma s\u00e9rie de fake news [&hellip;]\" \/>\n<meta property=\"og:url\" content=\"https:\/\/portalmf.com.br\/index.php\/2024\/10\/04\/jose-ronaldo-se-destaca-em-debate-na-tv-e-rebate-fake-news-de-ze-neto\/\" \/>\n<meta property=\"og:site_name\" content=\"Portal MF\" \/>\n<meta property=\"article:author\" content=\"https:\/\/www.facebook.com\/portalmfoficial\" \/>\n<meta property=\"article:published_time\" content=\"2024-10-04T14:26:00+00:00\" \/>\n<meta property=\"article:modified_time\" content=\"2024-10-04T20:30:30+00:00\" \/>\n<meta property=\"og:image\" content=\"https:\/\/portalmf.com.br\/wp-content\/uploads\/2024\/10\/Jose-Ronaldo-se-destaca-em-debate-na-TV-e-rebate-fake-news-de-Ze-Neto.jpg\" \/>\n\t<meta property=\"og:image:width\" content=\"834\" \/>\n\t<meta property=\"og:image:height\" content=\"529\" \/>\n\t<meta property=\"og:image:type\" content=\"image\/jpeg\" \/>\n<meta name=\"author\" content=\"Reda\u00e7\u00e3o Portal MF\" \/>\n<meta name=\"twitter:card\" content=\"summary_large_image\" \/>\n<meta name=\"twitter:creator\" content=\"@https:\/\/x.com\/portalmfoficial\" \/>\n<meta name=\"twitter:label1\" content=\"Escrito por\" \/>\n\t<meta name=\"twitter:data1\" content=\"Reda\u00e7\u00e3o Portal MF\" \/>\n\t<meta name=\"twitter:label2\" content=\"Est. tempo de leitura\" \/>\n\t<meta name=\"twitter:data2\" content=\"6 minutos\" \/>\n<script type=\"application\/ld+json\" class=\"yoast-schema-graph\">{\"@context\":\"https:\/\/schema.org\",\"@graph\":[{\"@type\":\"WebPage\",\"@id\":\"https:\/\/portalmf.com.br\/index.php\/2024\/10\/04\/jose-ronaldo-se-destaca-em-debate-na-tv-e-rebate-fake-news-de-ze-neto\/\",\"url\":\"https:\/\/portalmf.com.br\/index.php\/2024\/10\/04\/jose-ronaldo-se-destaca-em-debate-na-tv-e-rebate-fake-news-de-ze-neto\/\",\"name\":\"Jos\u00e9 Ronaldo se destaca em debate na TV e rebate fake news de Z\u00e9 Neto - Portal MF\",\"isPartOf\":{\"@id\":\"https:\/\/portalmf.com.br\/#website\"},\"primaryImageOfPage\":{\"@id\":\"https:\/\/portalmf.com.br\/index.php\/2024\/10\/04\/jose-ronaldo-se-destaca-em-debate-na-tv-e-rebate-fake-news-de-ze-neto\/#primaryimage\"},\"image\":{\"@id\":\"https:\/\/portalmf.com.br\/index.php\/2024\/10\/04\/jose-ronaldo-se-destaca-em-debate-na-tv-e-rebate-fake-news-de-ze-neto\/#primaryimage\"},\"thumbnailUrl\":\"https:\/\/portalmf.com.br\/wp-content\/uploads\/2024\/10\/Jose-Ronaldo-se-destaca-em-debate-na-TV-e-rebate-fake-news-de-Ze-Neto.jpg\",\"datePublished\":\"2024-10-04T14:26:00+00:00\",\"dateModified\":\"2024-10-04T20:30:30+00:00\",\"author\":{\"@id\":\"https:\/\/portalmf.com.br\/#\/schema\/person\/9ec101baf56233e53520c26de5d6f6f0\"},\"breadcrumb\":{\"@id\":\"https:\/\/portalmf.com.br\/index.php\/2024\/10\/04\/jose-ronaldo-se-destaca-em-debate-na-tv-e-rebate-fake-news-de-ze-neto\/#breadcrumb\"},\"inLanguage\":\"pt-BR\",\"potentialAction\":[{\"@type\":\"ReadAction\",\"target\":[\"https:\/\/portalmf.com.br\/index.php\/2024\/10\/04\/jose-ronaldo-se-destaca-em-debate-na-tv-e-rebate-fake-news-de-ze-neto\/\"]}]},{\"@type\":\"ImageObject\",\"inLanguage\":\"pt-BR\",\"@id\":\"https:\/\/portalmf.com.br\/index.php\/2024\/10\/04\/jose-ronaldo-se-destaca-em-debate-na-tv-e-rebate-fake-news-de-ze-neto\/#primaryimage\",\"url\":\"https:\/\/portalmf.com.br\/wp-content\/uploads\/2024\/10\/Jose-Ronaldo-se-destaca-em-debate-na-TV-e-rebate-fake-news-de-Ze-Neto.jpg\",\"contentUrl\":\"https:\/\/portalmf.com.br\/wp-content\/uploads\/2024\/10\/Jose-Ronaldo-se-destaca-em-debate-na-TV-e-rebate-fake-news-de-Ze-Neto.jpg\",\"width\":834,\"height\":529},{\"@type\":\"BreadcrumbList\",\"@id\":\"https:\/\/portalmf.com.br\/index.php\/2024\/10\/04\/jose-ronaldo-se-destaca-em-debate-na-tv-e-rebate-fake-news-de-ze-neto\/#breadcrumb\",\"itemListElement\":[{\"@type\":\"ListItem\",\"position\":1,\"name\":\"In\u00edcio\",\"item\":\"https:\/\/portalmf.com.br\/\"},{\"@type\":\"ListItem\",\"position\":2,\"name\":\"Jos\u00e9 Ronaldo se destaca em debate na TV e rebate fake news de Z\u00e9 Neto\"}]},{\"@type\":\"WebSite\",\"@id\":\"https:\/\/portalmf.com.br\/#website\",\"url\":\"https:\/\/portalmf.com.br\/\",\"name\":\"Portal MF\",\"description\":\"Voc\u00ea conectado com a informa\u00e7\u00e3o\",\"potentialAction\":[{\"@type\":\"SearchAction\",\"target\":{\"@type\":\"EntryPoint\",\"urlTemplate\":\"https:\/\/portalmf.com.br\/?s={search_term_string}\"},\"query-input\":\"required name=search_term_string\"}],\"inLanguage\":\"pt-BR\"},{\"@type\":\"Person\",\"@id\":\"https:\/\/portalmf.com.br\/#\/schema\/person\/9ec101baf56233e53520c26de5d6f6f0\",\"name\":\"Reda\u00e7\u00e3o Portal MF\",\"image\":{\"@type\":\"ImageObject\",\"inLanguage\":\"pt-BR\",\"@id\":\"https:\/\/portalmf.com.br\/#\/schema\/person\/image\/\",\"url\":\"https:\/\/secure.gravatar.com\/avatar\/41b9aaeb2100835f7c64362330f74c7f?s=96&d=mm&r=g\",\"contentUrl\":\"https:\/\/secure.gravatar.com\/avatar\/41b9aaeb2100835f7c64362330f74c7f?s=96&d=mm&r=g\",\"caption\":\"Reda\u00e7\u00e3o Portal MF\"},\"description\":\"Sejam bem-vindos o portal de informa\u00e7\u00f5es de entretenimento de Feira de Santana, desde 2006 realiza coberturas dos principais eventos com entrevistas exclusivas com as principais personalidades mundiais. Fique conectado tamb\u00e9m nas redes sociais.\",\"sameAs\":[\"http:\/\/www.portalmf.com.br\/\",\"https:\/\/www.facebook.com\/portalmfoficial\",\"https:\/\/www.instagram.com\/portalmf\/\",\"https:\/\/x.com\/https:\/\/x.com\/portalmfoficial\",\"https:\/\/www.youtube.com\/@portalmfoficial\"],\"url\":\"https:\/\/portalmf.com.br\/index.php\/author\/junior\/\"}]}<\/script>\n<!-- \/ Yoast SEO plugin. -->","yoast_head_json":{"title":"Jos\u00e9 Ronaldo se destaca em debate na TV e rebate fake news de Z\u00e9 Neto - Portal MF","robots":{"index":"index","follow":"follow","max-snippet":"max-snippet:-1","max-image-preview":"max-image-preview:large","max-video-preview":"max-video-preview:-1"},"canonical":"https:\/\/portalmf.com.br\/index.php\/2024\/10\/04\/jose-ronaldo-se-destaca-em-debate-na-tv-e-rebate-fake-news-de-ze-neto\/","og_locale":"pt_BR","og_type":"article","og_title":"Jos\u00e9 Ronaldo se destaca em debate na TV e rebate fake news de Z\u00e9 Neto - Portal MF","og_description":"O candidato a prefeito de Feira de Santana pela coliga\u00e7\u00e3o \u201cO Amor Sempre Vence\u201d, Jos\u00e9 Ronaldo (Uni\u00e3o Brasil), demonstrou firmeza e seguran\u00e7a durante o debate promovido pela TV Suba\u00e9, na noite de ontem (3), enfrentando seu principal advers\u00e1rio, Z\u00e9 Neto (PT). Ao longo do debate, o ex-prefeito de Feira desmentiu uma s\u00e9rie de fake news [&hellip;]","og_url":"https:\/\/portalmf.com.br\/index.php\/2024\/10\/04\/jose-ronaldo-se-destaca-em-debate-na-tv-e-rebate-fake-news-de-ze-neto\/","og_site_name":"Portal MF","article_author":"https:\/\/www.facebook.com\/portalmfoficial","article_published_time":"2024-10-04T14:26:00+00:00","article_modified_time":"2024-10-04T20:30:30+00:00","og_image":[{"width":834,"height":529,"url":"https:\/\/portalmf.com.br\/wp-content\/uploads\/2024\/10\/Jose-Ronaldo-se-destaca-em-debate-na-TV-e-rebate-fake-news-de-Ze-Neto.jpg","type":"image\/jpeg"}],"author":"Reda\u00e7\u00e3o Portal MF","twitter_card":"summary_large_image","twitter_creator":"@https:\/\/x.com\/portalmfoficial","twitter_misc":{"Escrito por":"Reda\u00e7\u00e3o Portal MF","Est. tempo de leitura":"6 minutos"},"schema":{"@context":"https:\/\/schema.org","@graph":[{"@type":"WebPage","@id":"https:\/\/portalmf.com.br\/index.php\/2024\/10\/04\/jose-ronaldo-se-destaca-em-debate-na-tv-e-rebate-fake-news-de-ze-neto\/","url":"https:\/\/portalmf.com.br\/index.php\/2024\/10\/04\/jose-ronaldo-se-destaca-em-debate-na-tv-e-rebate-fake-news-de-ze-neto\/","name":"Jos\u00e9 Ronaldo se destaca em debate na TV e rebate fake news de Z\u00e9 Neto - Portal MF","isPartOf":{"@id":"https:\/\/portalmf.com.br\/#website"},"primaryImageOfPage":{"@id":"https:\/\/portalmf.com.br\/index.php\/2024\/10\/04\/jose-ronaldo-se-destaca-em-debate-na-tv-e-rebate-fake-news-de-ze-neto\/#primaryimage"},"image":{"@id":"https:\/\/portalmf.com.br\/index.php\/2024\/10\/04\/jose-ronaldo-se-destaca-em-debate-na-tv-e-rebate-fake-news-de-ze-neto\/#primaryimage"},"thumbnailUrl":"https:\/\/portalmf.com.br\/wp-content\/uploads\/2024\/10\/Jose-Ronaldo-se-destaca-em-debate-na-TV-e-rebate-fake-news-de-Ze-Neto.jpg","datePublished":"2024-10-04T14:26:00+00:00","dateModified":"2024-10-04T20:30:30+00:00","author":{"@id":"https:\/\/portalmf.com.br\/#\/schema\/person\/9ec101baf56233e53520c26de5d6f6f0"},"breadcrumb":{"@id":"https:\/\/portalmf.com.br\/index.php\/2024\/10\/04\/jose-ronaldo-se-destaca-em-debate-na-tv-e-rebate-fake-news-de-ze-neto\/#breadcrumb"},"inLanguage":"pt-BR","potentialAction":[{"@type":"ReadAction","target":["https:\/\/portalmf.com.br\/index.php\/2024\/10\/04\/jose-ronaldo-se-destaca-em-debate-na-tv-e-rebate-fake-news-de-ze-neto\/"]}]},{"@type":"ImageObject","inLanguage":"pt-BR","@id":"https:\/\/portalmf.com.br\/index.php\/2024\/10\/04\/jose-ronaldo-se-destaca-em-debate-na-tv-e-rebate-fake-news-de-ze-neto\/#primaryimage","url":"https:\/\/portalmf.com.br\/wp-content\/uploads\/2024\/10\/Jose-Ronaldo-se-destaca-em-debate-na-TV-e-rebate-fake-news-de-Ze-Neto.jpg","contentUrl":"https:\/\/portalmf.com.br\/wp-content\/uploads\/2024\/10\/Jose-Ronaldo-se-destaca-em-debate-na-TV-e-rebate-fake-news-de-Ze-Neto.jpg","width":834,"height":529},{"@type":"BreadcrumbList","@id":"https:\/\/portalmf.com.br\/index.php\/2024\/10\/04\/jose-ronaldo-se-destaca-em-debate-na-tv-e-rebate-fake-news-de-ze-neto\/#breadcrumb","itemListElement":[{"@type":"ListItem","position":1,"name":"In\u00edcio","item":"https:\/\/portalmf.com.br\/"},{"@type":"ListItem","position":2,"name":"Jos\u00e9 Ronaldo se destaca em debate na TV e rebate fake news de Z\u00e9 Neto"}]},{"@type":"WebSite","@id":"https:\/\/portalmf.com.br\/#website","url":"https:\/\/portalmf.com.br\/","name":"Portal MF","description":"Voc\u00ea conectado com a informa\u00e7\u00e3o","potentialAction":[{"@type":"SearchAction","target":{"@type":"EntryPoint","urlTemplate":"https:\/\/portalmf.com.br\/?s={search_term_string}"},"query-input":"required name=search_term_string"}],"inLanguage":"pt-BR"},{"@type":"Person","@id":"https:\/\/portalmf.com.br\/#\/schema\/person\/9ec101baf56233e53520c26de5d6f6f0","name":"Reda\u00e7\u00e3o Portal MF","image":{"@type":"ImageObject","inLanguage":"pt-BR","@id":"https:\/\/portalmf.com.br\/#\/schema\/person\/image\/","url":"https:\/\/secure.gravatar.com\/avatar\/41b9aaeb2100835f7c64362330f74c7f?s=96&d=mm&r=g","contentUrl":"https:\/\/secure.gravatar.com\/avatar\/41b9aaeb2100835f7c64362330f74c7f?s=96&d=mm&r=g","caption":"Reda\u00e7\u00e3o Portal MF"},"description":"Sejam bem-vindos o portal de informa\u00e7\u00f5es de entretenimento de Feira de Santana, desde 2006 realiza coberturas dos principais eventos com entrevistas exclusivas com as principais personalidades mundiais. Fique conectado tamb\u00e9m nas redes sociais.","sameAs":["http:\/\/www.portalmf.com.br\/","https:\/\/www.facebook.com\/portalmfoficial","https:\/\/www.instagram.com\/portalmf\/","https:\/\/x.com\/https:\/\/x.com\/portalmfoficial","https:\/\/www.youtube.com\/@portalmfoficial"],"url":"https:\/\/portalmf.com.br\/index.php\/author\/junior\/"}]}},"_links":{"self":[{"href":"https:\/\/portalmf.com.br\/index.php\/wp-json\/wp\/v2\/posts\/30448"}],"collection":[{"href":"https:\/\/portalmf.com.br\/index.php\/wp-json\/wp\/v2\/posts"}],"about":[{"href":"https:\/\/portalmf.com.br\/index.php\/wp-json\/wp\/v2\/types\/post"}],"author":[{"embeddable":true,"href":"https:\/\/portalmf.com.br\/index.php\/wp-json\/wp\/v2\/users\/3"}],"replies":[{"embeddable":true,"href":"https:\/\/portalmf.com.br\/index.php\/wp-json\/wp\/v2\/comments?post=30448"}],"version-history":[{"count":1,"href":"https:\/\/portalmf.com.br\/index.php\/wp-json\/wp\/v2\/posts\/30448\/revisions"}],"predecessor-version":[{"id":30450,"href":"https:\/\/portalmf.com.br\/index.php\/wp-json\/wp\/v2\/posts\/30448\/revisions\/30450"}],"wp:featuredmedia":[{"embeddable":true,"href":"https:\/\/portalmf.com.br\/index.php\/wp-json\/wp\/v2\/media\/30449"}],"wp:attachment":[{"href":"https:\/\/portalmf.com.br\/index.php\/wp-json\/wp\/v2\/media?parent=30448"}],"wp:term":[{"taxonomy":"category","embeddable":true,"href":"https:\/\/portalmf.com.br\/index.php\/wp-json\/wp\/v2\/categories?post=30448"},{"taxonomy":"post_tag","embeddable":true,"href":"https:\/\/portalmf.com.br\/index.php\/wp-json\/wp\/v2\/tags?post=30448"}],"curies":[{"name":"wp","href":"https:\/\/api.w.org\/{rel}","templated":true}]}}