{"id":30443,"date":"2024-10-04T10:21:00","date_gmt":"2024-10-04T13:21:00","guid":{"rendered":"https:\/\/portalmf.com.br\/?p=30443"},"modified":"2024-10-04T17:24:02","modified_gmt":"2024-10-04T20:24:02","slug":"ze-neto-chama-ze-ronaldo-de-lero-lero-e-associa-ex-prefeito-a-colbert","status":"publish","type":"post","link":"https:\/\/portalmf.com.br\/index.php\/2024\/10\/04\/ze-neto-chama-ze-ronaldo-de-lero-lero-e-associa-ex-prefeito-a-colbert\/","title":{"rendered":"Z\u00e9 Neto chama Z\u00e9 Ronaldo de &#8220;lero-lero&#8221; e associa ex-prefeito a Colbert"},"content":{"rendered":"\n<p>No debate promovido pela TV Suba\u00e9, mediado pela jornalista Camila Marinho, na noite de quinta-feira (3), o candidato do PT \u00e0 prefeitura de Feira de Santana, Z\u00e9 Neto, chamou o seu advers\u00e1rio, Z\u00e9 Ronaldo, candidato do Uni\u00e3o Brasil, de &#8220;lero-lero&#8221; e disse que o ex-prefeito, aliado do prefeito Colbert Martins, \u00e9 correspons\u00e1vel pelos problemas existentes na cidade, como na \u00e1rea de sa\u00fade. Na discuss\u00e3o, Z\u00e9 Ronaldo, por sua vez, tentou desvincular sua imagem da de Colbert Martins, cuja gest\u00e3o \u00e9 reprovada por mais de 78% dos feirense. O grupo pol\u00edtico liderado por Z\u00e9 Ronaldo e Colbert Martins administra Feira h\u00e1 24 anos, sendo que o ex-prefeito, eleito em quatro oportunidades, governou a cidade por pouco mais de 13 anos.<\/p>\n\n\n\n<p><em>&#8220;A sa\u00fade b\u00e1sica de Feira \u00e9 o grande problema da sa\u00fade em nosso munic\u00edpio&#8221;<\/em>, afirmou Z\u00e9 Neto.<\/p>\n\n\n\n<p><em>&#8220;O senhor n\u00e3o trata bem os agentes comunit\u00e1rios de endemias, at\u00e9 o piso salarial o senhor n\u00e3o quis pagar. O senhor n\u00e3o cuida da aten\u00e7\u00e3o b\u00e1sica, n\u00e3o cuida da preven\u00e7\u00e3o da cidade, o senhor n\u00e3o tem que dizer que n\u00e3o est\u00e1 ligado ao atual prefeito. O atual prefeito foi eleito pelo senhor, \u00e9 o seu grupo e 95% de quem trabalha na prefeitura \u00e9 comandado pelos senhor. O senhor sabe do que estou dizendo n\u00e3o se fa\u00e7a de enganado&#8221;<\/em>, disparou Z\u00e9 Neto, j\u00e1 no primeiro bloco do debate.<\/p>\n\n\n\n<p><em>&#8220;Vamos tratar voc\u00eas (telespectadores) sem lero-lero e sem essa hist\u00f3ria de passar 24 anos (comandando o poder municipal) e agora ficar culpando o outro, sendo que quem comanda o munic\u00edpio todo mundo sabe \u00e9 ele (Z\u00e9 Ronaldo)&#8221;,<\/em> apontou Z\u00e9 Neto.<\/p>\n\n\n\n<p>Com informa\u00e7\u00f5es do ASCOM \/ Z\u00e9 Neto<\/p>\n","protected":false},"excerpt":{"rendered":"<p>No debate promovido pela TV Suba\u00e9, mediado pela jornalista Camila Marinho, na noite de quinta-feira (3), o candidato do PT \u00e0 prefeitura de Feira de Santana, Z\u00e9 Neto, chamou o seu advers\u00e1rio, Z\u00e9 Ronaldo, candidato do Uni\u00e3o Brasil, de &#8220;lero-lero&#8221; e disse que o ex-prefeito, aliado do prefeito Colbert Martins, \u00e9 correspons\u00e1vel pelos problemas existentes [&hellip;]<\/p>\n","protected":false},"author":3,"featured_media":30444,"comment_status":"open","ping_status":"open","sticky":false,"template":"","format":"standard","meta":{"_monsterinsights_skip_tracking":false,"_monsterinsights_sitenote_active":false,"_monsterinsights_sitenote_note":"","_monsterinsights_sitenote_category":0,"footnotes":""},"categories":[301,34],"tags":[],"yoast_head":"<!-- This site is optimized with the Yoast SEO plugin v22.9 - https:\/\/yoast.com\/wordpress\/plugins\/seo\/ -->\n<title>Z\u00e9 Neto chama Z\u00e9 Ronaldo de &quot;lero-lero&quot; e associa ex-prefeito a Colbert - Portal MF<\/title>\n<meta name=\"robots\" content=\"index, follow, max-snippet:-1, max-image-preview:large, max-video-preview:-1\" \/>\n<link rel=\"canonical\" href=\"https:\/\/portalmf.com.br\/index.php\/2024\/10\/04\/ze-neto-chama-ze-ronaldo-de-lero-lero-e-associa-ex-prefeito-a-colbert\/\" \/>\n<meta property=\"og:locale\" content=\"pt_BR\" \/>\n<meta property=\"og:type\" content=\"article\" \/>\n<meta property=\"og:title\" content=\"Z\u00e9 Neto chama Z\u00e9 Ronaldo de &quot;lero-lero&quot; e associa ex-prefeito a Colbert - Portal MF\" \/>\n<meta property=\"og:description\" content=\"No debate promovido pela TV Suba\u00e9, mediado pela jornalista Camila Marinho, na noite de quinta-feira (3), o candidato do PT \u00e0 prefeitura de Feira de Santana, Z\u00e9 Neto, chamou o seu advers\u00e1rio, Z\u00e9 Ronaldo, candidato do Uni\u00e3o Brasil, de &#8220;lero-lero&#8221; e disse que o ex-prefeito, aliado do prefeito Colbert Martins, \u00e9 correspons\u00e1vel pelos problemas existentes [&hellip;]\" \/>\n<meta property=\"og:url\" content=\"https:\/\/portalmf.com.br\/index.php\/2024\/10\/04\/ze-neto-chama-ze-ronaldo-de-lero-lero-e-associa-ex-prefeito-a-colbert\/\" \/>\n<meta property=\"og:site_name\" content=\"Portal MF\" \/>\n<meta property=\"article:author\" content=\"https:\/\/www.facebook.com\/portalmfoficial\" \/>\n<meta property=\"article:published_time\" content=\"2024-10-04T13:21:00+00:00\" \/>\n<meta property=\"article:modified_time\" content=\"2024-10-04T20:24:02+00:00\" \/>\n<meta property=\"og:image\" content=\"https:\/\/portalmf.com.br\/wp-content\/uploads\/2024\/10\/Ze-Neto-chama-Ze-Ronaldo-de-lero-lero-e-associa-ex-prefeito-a-Colbert.jpg\" \/>\n\t<meta property=\"og:image:width\" content=\"1280\" \/>\n\t<meta property=\"og:image:height\" content=\"704\" \/>\n\t<meta property=\"og:image:type\" content=\"image\/jpeg\" \/>\n<meta name=\"author\" content=\"Reda\u00e7\u00e3o Portal MF\" \/>\n<meta name=\"twitter:card\" content=\"summary_large_image\" \/>\n<meta name=\"twitter:creator\" content=\"@https:\/\/x.com\/portalmfoficial\" \/>\n<meta name=\"twitter:label1\" content=\"Escrito por\" \/>\n\t<meta name=\"twitter:data1\" content=\"Reda\u00e7\u00e3o Portal MF\" \/>\n\t<meta name=\"twitter:label2\" content=\"Est. tempo de leitura\" \/>\n\t<meta name=\"twitter:data2\" content=\"2 minutos\" \/>\n<script type=\"application\/ld+json\" class=\"yoast-schema-graph\">{\"@context\":\"https:\/\/schema.org\",\"@graph\":[{\"@type\":\"WebPage\",\"@id\":\"https:\/\/portalmf.com.br\/index.php\/2024\/10\/04\/ze-neto-chama-ze-ronaldo-de-lero-lero-e-associa-ex-prefeito-a-colbert\/\",\"url\":\"https:\/\/portalmf.com.br\/index.php\/2024\/10\/04\/ze-neto-chama-ze-ronaldo-de-lero-lero-e-associa-ex-prefeito-a-colbert\/\",\"name\":\"Z\u00e9 Neto chama Z\u00e9 Ronaldo de \\\"lero-lero\\\" e associa ex-prefeito a Colbert - Portal MF\",\"isPartOf\":{\"@id\":\"https:\/\/portalmf.com.br\/#website\"},\"primaryImageOfPage\":{\"@id\":\"https:\/\/portalmf.com.br\/index.php\/2024\/10\/04\/ze-neto-chama-ze-ronaldo-de-lero-lero-e-associa-ex-prefeito-a-colbert\/#primaryimage\"},\"image\":{\"@id\":\"https:\/\/portalmf.com.br\/index.php\/2024\/10\/04\/ze-neto-chama-ze-ronaldo-de-lero-lero-e-associa-ex-prefeito-a-colbert\/#primaryimage\"},\"thumbnailUrl\":\"https:\/\/portalmf.com.br\/wp-content\/uploads\/2024\/10\/Ze-Neto-chama-Ze-Ronaldo-de-lero-lero-e-associa-ex-prefeito-a-Colbert.jpg\",\"datePublished\":\"2024-10-04T13:21:00+00:00\",\"dateModified\":\"2024-10-04T20:24:02+00:00\",\"author\":{\"@id\":\"https:\/\/portalmf.com.br\/#\/schema\/person\/9ec101baf56233e53520c26de5d6f6f0\"},\"breadcrumb\":{\"@id\":\"https:\/\/portalmf.com.br\/index.php\/2024\/10\/04\/ze-neto-chama-ze-ronaldo-de-lero-lero-e-associa-ex-prefeito-a-colbert\/#breadcrumb\"},\"inLanguage\":\"pt-BR\",\"potentialAction\":[{\"@type\":\"ReadAction\",\"target\":[\"https:\/\/portalmf.com.br\/index.php\/2024\/10\/04\/ze-neto-chama-ze-ronaldo-de-lero-lero-e-associa-ex-prefeito-a-colbert\/\"]}]},{\"@type\":\"ImageObject\",\"inLanguage\":\"pt-BR\",\"@id\":\"https:\/\/portalmf.com.br\/index.php\/2024\/10\/04\/ze-neto-chama-ze-ronaldo-de-lero-lero-e-associa-ex-prefeito-a-colbert\/#primaryimage\",\"url\":\"https:\/\/portalmf.com.br\/wp-content\/uploads\/2024\/10\/Ze-Neto-chama-Ze-Ronaldo-de-lero-lero-e-associa-ex-prefeito-a-Colbert.jpg\",\"contentUrl\":\"https:\/\/portalmf.com.br\/wp-content\/uploads\/2024\/10\/Ze-Neto-chama-Ze-Ronaldo-de-lero-lero-e-associa-ex-prefeito-a-Colbert.jpg\",\"width\":1280,\"height\":704},{\"@type\":\"BreadcrumbList\",\"@id\":\"https:\/\/portalmf.com.br\/index.php\/2024\/10\/04\/ze-neto-chama-ze-ronaldo-de-lero-lero-e-associa-ex-prefeito-a-colbert\/#breadcrumb\",\"itemListElement\":[{\"@type\":\"ListItem\",\"position\":1,\"name\":\"In\u00edcio\",\"item\":\"https:\/\/portalmf.com.br\/\"},{\"@type\":\"ListItem\",\"position\":2,\"name\":\"Z\u00e9 Neto chama Z\u00e9 Ronaldo de &#8220;lero-lero&#8221; e associa ex-prefeito a Colbert\"}]},{\"@type\":\"WebSite\",\"@id\":\"https:\/\/portalmf.com.br\/#website\",\"url\":\"https:\/\/portalmf.com.br\/\",\"name\":\"Portal MF\",\"description\":\"Voc\u00ea conectado com a informa\u00e7\u00e3o\",\"potentialAction\":[{\"@type\":\"SearchAction\",\"target\":{\"@type\":\"EntryPoint\",\"urlTemplate\":\"https:\/\/portalmf.com.br\/?s={search_term_string}\"},\"query-input\":\"required name=search_term_string\"}],\"inLanguage\":\"pt-BR\"},{\"@type\":\"Person\",\"@id\":\"https:\/\/portalmf.com.br\/#\/schema\/person\/9ec101baf56233e53520c26de5d6f6f0\",\"name\":\"Reda\u00e7\u00e3o Portal MF\",\"image\":{\"@type\":\"ImageObject\",\"inLanguage\":\"pt-BR\",\"@id\":\"https:\/\/portalmf.com.br\/#\/schema\/person\/image\/\",\"url\":\"https:\/\/secure.gravatar.com\/avatar\/41b9aaeb2100835f7c64362330f74c7f?s=96&d=mm&r=g\",\"contentUrl\":\"https:\/\/secure.gravatar.com\/avatar\/41b9aaeb2100835f7c64362330f74c7f?s=96&d=mm&r=g\",\"caption\":\"Reda\u00e7\u00e3o Portal MF\"},\"description\":\"Sejam bem-vindos o portal de informa\u00e7\u00f5es de entretenimento de Feira de Santana, desde 2006 realiza coberturas dos principais eventos com entrevistas exclusivas com as principais personalidades mundiais. Fique conectado tamb\u00e9m nas redes sociais.\",\"sameAs\":[\"http:\/\/www.portalmf.com.br\/\",\"https:\/\/www.facebook.com\/portalmfoficial\",\"https:\/\/www.instagram.com\/portalmf\/\",\"https:\/\/x.com\/https:\/\/x.com\/portalmfoficial\",\"https:\/\/www.youtube.com\/@portalmfoficial\"],\"url\":\"https:\/\/portalmf.com.br\/index.php\/author\/junior\/\"}]}<\/script>\n<!-- \/ Yoast SEO plugin. -->","yoast_head_json":{"title":"Z\u00e9 Neto chama Z\u00e9 Ronaldo de \"lero-lero\" e associa ex-prefeito a Colbert - Portal MF","robots":{"index":"index","follow":"follow","max-snippet":"max-snippet:-1","max-image-preview":"max-image-preview:large","max-video-preview":"max-video-preview:-1"},"canonical":"https:\/\/portalmf.com.br\/index.php\/2024\/10\/04\/ze-neto-chama-ze-ronaldo-de-lero-lero-e-associa-ex-prefeito-a-colbert\/","og_locale":"pt_BR","og_type":"article","og_title":"Z\u00e9 Neto chama Z\u00e9 Ronaldo de \"lero-lero\" e associa ex-prefeito a Colbert - Portal MF","og_description":"No debate promovido pela TV Suba\u00e9, mediado pela jornalista Camila Marinho, na noite de quinta-feira (3), o candidato do PT \u00e0 prefeitura de Feira de Santana, Z\u00e9 Neto, chamou o seu advers\u00e1rio, Z\u00e9 Ronaldo, candidato do Uni\u00e3o Brasil, de &#8220;lero-lero&#8221; e disse que o ex-prefeito, aliado do prefeito Colbert Martins, \u00e9 correspons\u00e1vel pelos problemas existentes [&hellip;]","og_url":"https:\/\/portalmf.com.br\/index.php\/2024\/10\/04\/ze-neto-chama-ze-ronaldo-de-lero-lero-e-associa-ex-prefeito-a-colbert\/","og_site_name":"Portal MF","article_author":"https:\/\/www.facebook.com\/portalmfoficial","article_published_time":"2024-10-04T13:21:00+00:00","article_modified_time":"2024-10-04T20:24:02+00:00","og_image":[{"width":1280,"height":704,"url":"https:\/\/portalmf.com.br\/wp-content\/uploads\/2024\/10\/Ze-Neto-chama-Ze-Ronaldo-de-lero-lero-e-associa-ex-prefeito-a-Colbert.jpg","type":"image\/jpeg"}],"author":"Reda\u00e7\u00e3o Portal MF","twitter_card":"summary_large_image","twitter_creator":"@https:\/\/x.com\/portalmfoficial","twitter_misc":{"Escrito por":"Reda\u00e7\u00e3o Portal MF","Est. tempo de leitura":"2 minutos"},"schema":{"@context":"https:\/\/schema.org","@graph":[{"@type":"WebPage","@id":"https:\/\/portalmf.com.br\/index.php\/2024\/10\/04\/ze-neto-chama-ze-ronaldo-de-lero-lero-e-associa-ex-prefeito-a-colbert\/","url":"https:\/\/portalmf.com.br\/index.php\/2024\/10\/04\/ze-neto-chama-ze-ronaldo-de-lero-lero-e-associa-ex-prefeito-a-colbert\/","name":"Z\u00e9 Neto chama Z\u00e9 Ronaldo de \"lero-lero\" e associa ex-prefeito a Colbert - Portal MF","isPartOf":{"@id":"https:\/\/portalmf.com.br\/#website"},"primaryImageOfPage":{"@id":"https:\/\/portalmf.com.br\/index.php\/2024\/10\/04\/ze-neto-chama-ze-ronaldo-de-lero-lero-e-associa-ex-prefeito-a-colbert\/#primaryimage"},"image":{"@id":"https:\/\/portalmf.com.br\/index.php\/2024\/10\/04\/ze-neto-chama-ze-ronaldo-de-lero-lero-e-associa-ex-prefeito-a-colbert\/#primaryimage"},"thumbnailUrl":"https:\/\/portalmf.com.br\/wp-content\/uploads\/2024\/10\/Ze-Neto-chama-Ze-Ronaldo-de-lero-lero-e-associa-ex-prefeito-a-Colbert.jpg","datePublished":"2024-10-04T13:21:00+00:00","dateModified":"2024-10-04T20:24:02+00:00","author":{"@id":"https:\/\/portalmf.com.br\/#\/schema\/person\/9ec101baf56233e53520c26de5d6f6f0"},"breadcrumb":{"@id":"https:\/\/portalmf.com.br\/index.php\/2024\/10\/04\/ze-neto-chama-ze-ronaldo-de-lero-lero-e-associa-ex-prefeito-a-colbert\/#breadcrumb"},"inLanguage":"pt-BR","potentialAction":[{"@type":"ReadAction","target":["https:\/\/portalmf.com.br\/index.php\/2024\/10\/04\/ze-neto-chama-ze-ronaldo-de-lero-lero-e-associa-ex-prefeito-a-colbert\/"]}]},{"@type":"ImageObject","inLanguage":"pt-BR","@id":"https:\/\/portalmf.com.br\/index.php\/2024\/10\/04\/ze-neto-chama-ze-ronaldo-de-lero-lero-e-associa-ex-prefeito-a-colbert\/#primaryimage","url":"https:\/\/portalmf.com.br\/wp-content\/uploads\/2024\/10\/Ze-Neto-chama-Ze-Ronaldo-de-lero-lero-e-associa-ex-prefeito-a-Colbert.jpg","contentUrl":"https:\/\/portalmf.com.br\/wp-content\/uploads\/2024\/10\/Ze-Neto-chama-Ze-Ronaldo-de-lero-lero-e-associa-ex-prefeito-a-Colbert.jpg","width":1280,"height":704},{"@type":"BreadcrumbList","@id":"https:\/\/portalmf.com.br\/index.php\/2024\/10\/04\/ze-neto-chama-ze-ronaldo-de-lero-lero-e-associa-ex-prefeito-a-colbert\/#breadcrumb","itemListElement":[{"@type":"ListItem","position":1,"name":"In\u00edcio","item":"https:\/\/portalmf.com.br\/"},{"@type":"ListItem","position":2,"name":"Z\u00e9 Neto chama Z\u00e9 Ronaldo de &#8220;lero-lero&#8221; e associa ex-prefeito a Colbert"}]},{"@type":"WebSite","@id":"https:\/\/portalmf.com.br\/#website","url":"https:\/\/portalmf.com.br\/","name":"Portal MF","description":"Voc\u00ea conectado com a informa\u00e7\u00e3o","potentialAction":[{"@type":"SearchAction","target":{"@type":"EntryPoint","urlTemplate":"https:\/\/portalmf.com.br\/?s={search_term_string}"},"query-input":"required name=search_term_string"}],"inLanguage":"pt-BR"},{"@type":"Person","@id":"https:\/\/portalmf.com.br\/#\/schema\/person\/9ec101baf56233e53520c26de5d6f6f0","name":"Reda\u00e7\u00e3o Portal MF","image":{"@type":"ImageObject","inLanguage":"pt-BR","@id":"https:\/\/portalmf.com.br\/#\/schema\/person\/image\/","url":"https:\/\/secure.gravatar.com\/avatar\/41b9aaeb2100835f7c64362330f74c7f?s=96&d=mm&r=g","contentUrl":"https:\/\/secure.gravatar.com\/avatar\/41b9aaeb2100835f7c64362330f74c7f?s=96&d=mm&r=g","caption":"Reda\u00e7\u00e3o Portal MF"},"description":"Sejam bem-vindos o portal de informa\u00e7\u00f5es de entretenimento de Feira de Santana, desde 2006 realiza coberturas dos principais eventos com entrevistas exclusivas com as principais personalidades mundiais. Fique conectado tamb\u00e9m nas redes sociais.","sameAs":["http:\/\/www.portalmf.com.br\/","https:\/\/www.facebook.com\/portalmfoficial","https:\/\/www.instagram.com\/portalmf\/","https:\/\/x.com\/https:\/\/x.com\/portalmfoficial","https:\/\/www.youtube.com\/@portalmfoficial"],"url":"https:\/\/portalmf.com.br\/index.php\/author\/junior\/"}]}},"_links":{"self":[{"href":"https:\/\/portalmf.com.br\/index.php\/wp-json\/wp\/v2\/posts\/30443"}],"collection":[{"href":"https:\/\/portalmf.com.br\/index.php\/wp-json\/wp\/v2\/posts"}],"about":[{"href":"https:\/\/portalmf.com.br\/index.php\/wp-json\/wp\/v2\/types\/post"}],"author":[{"embeddable":true,"href":"https:\/\/portalmf.com.br\/index.php\/wp-json\/wp\/v2\/users\/3"}],"replies":[{"embeddable":true,"href":"https:\/\/portalmf.com.br\/index.php\/wp-json\/wp\/v2\/comments?post=30443"}],"version-history":[{"count":1,"href":"https:\/\/portalmf.com.br\/index.php\/wp-json\/wp\/v2\/posts\/30443\/revisions"}],"predecessor-version":[{"id":30445,"href":"https:\/\/portalmf.com.br\/index.php\/wp-json\/wp\/v2\/posts\/30443\/revisions\/30445"}],"wp:featuredmedia":[{"embeddable":true,"href":"https:\/\/portalmf.com.br\/index.php\/wp-json\/wp\/v2\/media\/30444"}],"wp:attachment":[{"href":"https:\/\/portalmf.com.br\/index.php\/wp-json\/wp\/v2\/media?parent=30443"}],"wp:term":[{"taxonomy":"category","embeddable":true,"href":"https:\/\/portalmf.com.br\/index.php\/wp-json\/wp\/v2\/categories?post=30443"},{"taxonomy":"post_tag","embeddable":true,"href":"https:\/\/portalmf.com.br\/index.php\/wp-json\/wp\/v2\/tags?post=30443"}],"curies":[{"name":"wp","href":"https:\/\/api.w.org\/{rel}","templated":true}]}}