{"id":30441,"date":"2024-10-04T16:18:54","date_gmt":"2024-10-04T19:18:54","guid":{"rendered":"https:\/\/portalmf.com.br\/?p=30441"},"modified":"2024-10-04T16:18:55","modified_gmt":"2024-10-04T19:18:55","slug":"pesquisa-do-instituto-economic-aponta-lideranca-de-jose-ronaldo","status":"publish","type":"post","link":"https:\/\/portalmf.com.br\/index.php\/2024\/10\/04\/pesquisa-do-instituto-economic-aponta-lideranca-de-jose-ronaldo\/","title":{"rendered":"Pesquisa do Instituto Economic aponta lideran\u00e7a de Jos\u00e9 Ronaldo"},"content":{"rendered":"\n<p>O  divulgou na tarde desta sexta-feira (04) pesquisa de opini\u00e3o contratada pelo Programa Rotativo News e radialista Joilton Freitas da r\u00e1dio Sociedade News FM, e que ouviu 1.000 pessoas entre os dias 30 de setembro e 03 de outubro.<\/p>\n\n\n\n<p>Na estimulada Jos\u00e9 Ronaldo (Uni\u00e3o Brasil) tem 41,4%, Z\u00e9 Neto (PT) tem 35,2% e Carlos Medeiros (Novo) 5,5%. Foram 38 bairros e 05 distritos visitados. Branco e Nulo s\u00e3o 9,4% e n\u00e3o opinaram 8,5%.<\/p>\n\n\n\n<p>Para 45,8% dos entrevistados Jos\u00e9 Ronaldo ganha a elei\u00e7\u00e3o. 36,1% acham que \u00e9 Z\u00e9 Neto e Carlos Medeiros com 8,5%.<\/p>\n\n\n\n<p>J\u00e1 no crit\u00e9rio rejei\u00e7\u00e3o Z\u00e9 Neto tem 33,5%, Jos\u00e9 Ronaldo tem 32,3% e Carlos Medeiros 6,9%.&nbsp;<\/p>\n\n\n\n<p>A margem de erro \u00e9 de 3,9% para mais ou para menos, grau de confian\u00e7a de 95% e foi registrada sob o n\u00ba BA \u2013 07226\/2024.<\/p>\n\n\n\n<p>Com informa\u00e7\u00f5es do Bahia na Politica<\/p>\n","protected":false},"excerpt":{"rendered":"<p>O divulgou na tarde desta sexta-feira (04) pesquisa de opini\u00e3o contratada pelo Programa Rotativo News e radialista Joilton Freitas da r\u00e1dio Sociedade News FM, e que ouviu 1.000 pessoas entre os dias 30 de setembro e 03 de outubro. Na estimulada Jos\u00e9 Ronaldo (Uni\u00e3o Brasil) tem 41,4%, Z\u00e9 Neto (PT) tem 35,2% e Carlos Medeiros [&hellip;]<\/p>\n","protected":false},"author":3,"featured_media":30147,"comment_status":"open","ping_status":"open","sticky":false,"template":"","format":"standard","meta":{"_monsterinsights_skip_tracking":false,"_monsterinsights_sitenote_active":false,"_monsterinsights_sitenote_note":"","_monsterinsights_sitenote_category":0,"footnotes":""},"categories":[301,34],"tags":[],"yoast_head":"<!-- This site is optimized with the Yoast SEO plugin v22.9 - https:\/\/yoast.com\/wordpress\/plugins\/seo\/ -->\n<title>Pesquisa do Instituto Economic aponta lideran\u00e7a de Jos\u00e9 Ronaldo - Portal MF<\/title>\n<meta name=\"robots\" content=\"index, follow, max-snippet:-1, max-image-preview:large, max-video-preview:-1\" \/>\n<link rel=\"canonical\" href=\"https:\/\/portalmf.com.br\/index.php\/2024\/10\/04\/pesquisa-do-instituto-economic-aponta-lideranca-de-jose-ronaldo\/\" \/>\n<meta property=\"og:locale\" content=\"pt_BR\" \/>\n<meta property=\"og:type\" content=\"article\" \/>\n<meta property=\"og:title\" content=\"Pesquisa do Instituto Economic aponta lideran\u00e7a de Jos\u00e9 Ronaldo - Portal MF\" \/>\n<meta property=\"og:description\" content=\"O divulgou na tarde desta sexta-feira (04) pesquisa de opini\u00e3o contratada pelo Programa Rotativo News e radialista Joilton Freitas da r\u00e1dio Sociedade News FM, e que ouviu 1.000 pessoas entre os dias 30 de setembro e 03 de outubro. Na estimulada Jos\u00e9 Ronaldo (Uni\u00e3o Brasil) tem 41,4%, Z\u00e9 Neto (PT) tem 35,2% e Carlos Medeiros [&hellip;]\" \/>\n<meta property=\"og:url\" content=\"https:\/\/portalmf.com.br\/index.php\/2024\/10\/04\/pesquisa-do-instituto-economic-aponta-lideranca-de-jose-ronaldo\/\" \/>\n<meta property=\"og:site_name\" content=\"Portal MF\" \/>\n<meta property=\"article:author\" content=\"https:\/\/www.facebook.com\/portalmfoficial\" \/>\n<meta property=\"article:published_time\" content=\"2024-10-04T19:18:54+00:00\" \/>\n<meta property=\"article:modified_time\" content=\"2024-10-04T19:18:55+00:00\" \/>\n<meta property=\"og:image\" content=\"https:\/\/portalmf.com.br\/wp-content\/uploads\/2024\/09\/Jose-Ronaldo.jpg\" \/>\n\t<meta property=\"og:image:width\" content=\"800\" \/>\n\t<meta property=\"og:image:height\" content=\"533\" \/>\n\t<meta property=\"og:image:type\" content=\"image\/jpeg\" \/>\n<meta name=\"author\" content=\"Reda\u00e7\u00e3o Portal MF\" \/>\n<meta name=\"twitter:card\" content=\"summary_large_image\" \/>\n<meta name=\"twitter:creator\" content=\"@https:\/\/x.com\/portalmfoficial\" \/>\n<meta name=\"twitter:label1\" content=\"Escrito por\" \/>\n\t<meta name=\"twitter:data1\" content=\"Reda\u00e7\u00e3o Portal MF\" \/>\n\t<meta name=\"twitter:label2\" content=\"Est. tempo de leitura\" \/>\n\t<meta name=\"twitter:data2\" content=\"1 minuto\" \/>\n<script type=\"application\/ld+json\" class=\"yoast-schema-graph\">{\"@context\":\"https:\/\/schema.org\",\"@graph\":[{\"@type\":\"WebPage\",\"@id\":\"https:\/\/portalmf.com.br\/index.php\/2024\/10\/04\/pesquisa-do-instituto-economic-aponta-lideranca-de-jose-ronaldo\/\",\"url\":\"https:\/\/portalmf.com.br\/index.php\/2024\/10\/04\/pesquisa-do-instituto-economic-aponta-lideranca-de-jose-ronaldo\/\",\"name\":\"Pesquisa do Instituto Economic aponta lideran\u00e7a de Jos\u00e9 Ronaldo - Portal MF\",\"isPartOf\":{\"@id\":\"https:\/\/portalmf.com.br\/#website\"},\"primaryImageOfPage\":{\"@id\":\"https:\/\/portalmf.com.br\/index.php\/2024\/10\/04\/pesquisa-do-instituto-economic-aponta-lideranca-de-jose-ronaldo\/#primaryimage\"},\"image\":{\"@id\":\"https:\/\/portalmf.com.br\/index.php\/2024\/10\/04\/pesquisa-do-instituto-economic-aponta-lideranca-de-jose-ronaldo\/#primaryimage\"},\"thumbnailUrl\":\"https:\/\/portalmf.com.br\/wp-content\/uploads\/2024\/09\/Jose-Ronaldo.jpg\",\"datePublished\":\"2024-10-04T19:18:54+00:00\",\"dateModified\":\"2024-10-04T19:18:55+00:00\",\"author\":{\"@id\":\"https:\/\/portalmf.com.br\/#\/schema\/person\/9ec101baf56233e53520c26de5d6f6f0\"},\"breadcrumb\":{\"@id\":\"https:\/\/portalmf.com.br\/index.php\/2024\/10\/04\/pesquisa-do-instituto-economic-aponta-lideranca-de-jose-ronaldo\/#breadcrumb\"},\"inLanguage\":\"pt-BR\",\"potentialAction\":[{\"@type\":\"ReadAction\",\"target\":[\"https:\/\/portalmf.com.br\/index.php\/2024\/10\/04\/pesquisa-do-instituto-economic-aponta-lideranca-de-jose-ronaldo\/\"]}]},{\"@type\":\"ImageObject\",\"inLanguage\":\"pt-BR\",\"@id\":\"https:\/\/portalmf.com.br\/index.php\/2024\/10\/04\/pesquisa-do-instituto-economic-aponta-lideranca-de-jose-ronaldo\/#primaryimage\",\"url\":\"https:\/\/portalmf.com.br\/wp-content\/uploads\/2024\/09\/Jose-Ronaldo.jpg\",\"contentUrl\":\"https:\/\/portalmf.com.br\/wp-content\/uploads\/2024\/09\/Jose-Ronaldo.jpg\",\"width\":800,\"height\":533},{\"@type\":\"BreadcrumbList\",\"@id\":\"https:\/\/portalmf.com.br\/index.php\/2024\/10\/04\/pesquisa-do-instituto-economic-aponta-lideranca-de-jose-ronaldo\/#breadcrumb\",\"itemListElement\":[{\"@type\":\"ListItem\",\"position\":1,\"name\":\"In\u00edcio\",\"item\":\"https:\/\/portalmf.com.br\/\"},{\"@type\":\"ListItem\",\"position\":2,\"name\":\"Pesquisa do Instituto Economic aponta lideran\u00e7a de Jos\u00e9 Ronaldo\"}]},{\"@type\":\"WebSite\",\"@id\":\"https:\/\/portalmf.com.br\/#website\",\"url\":\"https:\/\/portalmf.com.br\/\",\"name\":\"Portal MF\",\"description\":\"Voc\u00ea conectado com a informa\u00e7\u00e3o\",\"potentialAction\":[{\"@type\":\"SearchAction\",\"target\":{\"@type\":\"EntryPoint\",\"urlTemplate\":\"https:\/\/portalmf.com.br\/?s={search_term_string}\"},\"query-input\":\"required name=search_term_string\"}],\"inLanguage\":\"pt-BR\"},{\"@type\":\"Person\",\"@id\":\"https:\/\/portalmf.com.br\/#\/schema\/person\/9ec101baf56233e53520c26de5d6f6f0\",\"name\":\"Reda\u00e7\u00e3o Portal MF\",\"image\":{\"@type\":\"ImageObject\",\"inLanguage\":\"pt-BR\",\"@id\":\"https:\/\/portalmf.com.br\/#\/schema\/person\/image\/\",\"url\":\"https:\/\/secure.gravatar.com\/avatar\/41b9aaeb2100835f7c64362330f74c7f?s=96&d=mm&r=g\",\"contentUrl\":\"https:\/\/secure.gravatar.com\/avatar\/41b9aaeb2100835f7c64362330f74c7f?s=96&d=mm&r=g\",\"caption\":\"Reda\u00e7\u00e3o Portal MF\"},\"description\":\"Sejam bem-vindos o portal de informa\u00e7\u00f5es de entretenimento de Feira de Santana, desde 2006 realiza coberturas dos principais eventos com entrevistas exclusivas com as principais personalidades mundiais. Fique conectado tamb\u00e9m nas redes sociais.\",\"sameAs\":[\"http:\/\/www.portalmf.com.br\/\",\"https:\/\/www.facebook.com\/portalmfoficial\",\"https:\/\/www.instagram.com\/portalmf\/\",\"https:\/\/x.com\/https:\/\/x.com\/portalmfoficial\",\"https:\/\/www.youtube.com\/@portalmfoficial\"],\"url\":\"https:\/\/portalmf.com.br\/index.php\/author\/junior\/\"}]}<\/script>\n<!-- \/ Yoast SEO plugin. -->","yoast_head_json":{"title":"Pesquisa do Instituto Economic aponta lideran\u00e7a de Jos\u00e9 Ronaldo - Portal MF","robots":{"index":"index","follow":"follow","max-snippet":"max-snippet:-1","max-image-preview":"max-image-preview:large","max-video-preview":"max-video-preview:-1"},"canonical":"https:\/\/portalmf.com.br\/index.php\/2024\/10\/04\/pesquisa-do-instituto-economic-aponta-lideranca-de-jose-ronaldo\/","og_locale":"pt_BR","og_type":"article","og_title":"Pesquisa do Instituto Economic aponta lideran\u00e7a de Jos\u00e9 Ronaldo - Portal MF","og_description":"O divulgou na tarde desta sexta-feira (04) pesquisa de opini\u00e3o contratada pelo Programa Rotativo News e radialista Joilton Freitas da r\u00e1dio Sociedade News FM, e que ouviu 1.000 pessoas entre os dias 30 de setembro e 03 de outubro. Na estimulada Jos\u00e9 Ronaldo (Uni\u00e3o Brasil) tem 41,4%, Z\u00e9 Neto (PT) tem 35,2% e Carlos Medeiros [&hellip;]","og_url":"https:\/\/portalmf.com.br\/index.php\/2024\/10\/04\/pesquisa-do-instituto-economic-aponta-lideranca-de-jose-ronaldo\/","og_site_name":"Portal MF","article_author":"https:\/\/www.facebook.com\/portalmfoficial","article_published_time":"2024-10-04T19:18:54+00:00","article_modified_time":"2024-10-04T19:18:55+00:00","og_image":[{"width":800,"height":533,"url":"https:\/\/portalmf.com.br\/wp-content\/uploads\/2024\/09\/Jose-Ronaldo.jpg","type":"image\/jpeg"}],"author":"Reda\u00e7\u00e3o Portal MF","twitter_card":"summary_large_image","twitter_creator":"@https:\/\/x.com\/portalmfoficial","twitter_misc":{"Escrito por":"Reda\u00e7\u00e3o Portal MF","Est. tempo de leitura":"1 minuto"},"schema":{"@context":"https:\/\/schema.org","@graph":[{"@type":"WebPage","@id":"https:\/\/portalmf.com.br\/index.php\/2024\/10\/04\/pesquisa-do-instituto-economic-aponta-lideranca-de-jose-ronaldo\/","url":"https:\/\/portalmf.com.br\/index.php\/2024\/10\/04\/pesquisa-do-instituto-economic-aponta-lideranca-de-jose-ronaldo\/","name":"Pesquisa do Instituto Economic aponta lideran\u00e7a de Jos\u00e9 Ronaldo - Portal MF","isPartOf":{"@id":"https:\/\/portalmf.com.br\/#website"},"primaryImageOfPage":{"@id":"https:\/\/portalmf.com.br\/index.php\/2024\/10\/04\/pesquisa-do-instituto-economic-aponta-lideranca-de-jose-ronaldo\/#primaryimage"},"image":{"@id":"https:\/\/portalmf.com.br\/index.php\/2024\/10\/04\/pesquisa-do-instituto-economic-aponta-lideranca-de-jose-ronaldo\/#primaryimage"},"thumbnailUrl":"https:\/\/portalmf.com.br\/wp-content\/uploads\/2024\/09\/Jose-Ronaldo.jpg","datePublished":"2024-10-04T19:18:54+00:00","dateModified":"2024-10-04T19:18:55+00:00","author":{"@id":"https:\/\/portalmf.com.br\/#\/schema\/person\/9ec101baf56233e53520c26de5d6f6f0"},"breadcrumb":{"@id":"https:\/\/portalmf.com.br\/index.php\/2024\/10\/04\/pesquisa-do-instituto-economic-aponta-lideranca-de-jose-ronaldo\/#breadcrumb"},"inLanguage":"pt-BR","potentialAction":[{"@type":"ReadAction","target":["https:\/\/portalmf.com.br\/index.php\/2024\/10\/04\/pesquisa-do-instituto-economic-aponta-lideranca-de-jose-ronaldo\/"]}]},{"@type":"ImageObject","inLanguage":"pt-BR","@id":"https:\/\/portalmf.com.br\/index.php\/2024\/10\/04\/pesquisa-do-instituto-economic-aponta-lideranca-de-jose-ronaldo\/#primaryimage","url":"https:\/\/portalmf.com.br\/wp-content\/uploads\/2024\/09\/Jose-Ronaldo.jpg","contentUrl":"https:\/\/portalmf.com.br\/wp-content\/uploads\/2024\/09\/Jose-Ronaldo.jpg","width":800,"height":533},{"@type":"BreadcrumbList","@id":"https:\/\/portalmf.com.br\/index.php\/2024\/10\/04\/pesquisa-do-instituto-economic-aponta-lideranca-de-jose-ronaldo\/#breadcrumb","itemListElement":[{"@type":"ListItem","position":1,"name":"In\u00edcio","item":"https:\/\/portalmf.com.br\/"},{"@type":"ListItem","position":2,"name":"Pesquisa do Instituto Economic aponta lideran\u00e7a de Jos\u00e9 Ronaldo"}]},{"@type":"WebSite","@id":"https:\/\/portalmf.com.br\/#website","url":"https:\/\/portalmf.com.br\/","name":"Portal MF","description":"Voc\u00ea conectado com a informa\u00e7\u00e3o","potentialAction":[{"@type":"SearchAction","target":{"@type":"EntryPoint","urlTemplate":"https:\/\/portalmf.com.br\/?s={search_term_string}"},"query-input":"required name=search_term_string"}],"inLanguage":"pt-BR"},{"@type":"Person","@id":"https:\/\/portalmf.com.br\/#\/schema\/person\/9ec101baf56233e53520c26de5d6f6f0","name":"Reda\u00e7\u00e3o Portal MF","image":{"@type":"ImageObject","inLanguage":"pt-BR","@id":"https:\/\/portalmf.com.br\/#\/schema\/person\/image\/","url":"https:\/\/secure.gravatar.com\/avatar\/41b9aaeb2100835f7c64362330f74c7f?s=96&d=mm&r=g","contentUrl":"https:\/\/secure.gravatar.com\/avatar\/41b9aaeb2100835f7c64362330f74c7f?s=96&d=mm&r=g","caption":"Reda\u00e7\u00e3o Portal MF"},"description":"Sejam bem-vindos o portal de informa\u00e7\u00f5es de entretenimento de Feira de Santana, desde 2006 realiza coberturas dos principais eventos com entrevistas exclusivas com as principais personalidades mundiais. Fique conectado tamb\u00e9m nas redes sociais.","sameAs":["http:\/\/www.portalmf.com.br\/","https:\/\/www.facebook.com\/portalmfoficial","https:\/\/www.instagram.com\/portalmf\/","https:\/\/x.com\/https:\/\/x.com\/portalmfoficial","https:\/\/www.youtube.com\/@portalmfoficial"],"url":"https:\/\/portalmf.com.br\/index.php\/author\/junior\/"}]}},"_links":{"self":[{"href":"https:\/\/portalmf.com.br\/index.php\/wp-json\/wp\/v2\/posts\/30441"}],"collection":[{"href":"https:\/\/portalmf.com.br\/index.php\/wp-json\/wp\/v2\/posts"}],"about":[{"href":"https:\/\/portalmf.com.br\/index.php\/wp-json\/wp\/v2\/types\/post"}],"author":[{"embeddable":true,"href":"https:\/\/portalmf.com.br\/index.php\/wp-json\/wp\/v2\/users\/3"}],"replies":[{"embeddable":true,"href":"https:\/\/portalmf.com.br\/index.php\/wp-json\/wp\/v2\/comments?post=30441"}],"version-history":[{"count":1,"href":"https:\/\/portalmf.com.br\/index.php\/wp-json\/wp\/v2\/posts\/30441\/revisions"}],"predecessor-version":[{"id":30442,"href":"https:\/\/portalmf.com.br\/index.php\/wp-json\/wp\/v2\/posts\/30441\/revisions\/30442"}],"wp:featuredmedia":[{"embeddable":true,"href":"https:\/\/portalmf.com.br\/index.php\/wp-json\/wp\/v2\/media\/30147"}],"wp:attachment":[{"href":"https:\/\/portalmf.com.br\/index.php\/wp-json\/wp\/v2\/media?parent=30441"}],"wp:term":[{"taxonomy":"category","embeddable":true,"href":"https:\/\/portalmf.com.br\/index.php\/wp-json\/wp\/v2\/categories?post=30441"},{"taxonomy":"post_tag","embeddable":true,"href":"https:\/\/portalmf.com.br\/index.php\/wp-json\/wp\/v2\/tags?post=30441"}],"curies":[{"name":"wp","href":"https:\/\/api.w.org\/{rel}","templated":true}]}}