{"id":30435,"date":"2024-10-04T15:49:02","date_gmt":"2024-10-04T18:49:02","guid":{"rendered":"https:\/\/portalmf.com.br\/?p=30435"},"modified":"2024-10-04T15:55:02","modified_gmt":"2024-10-04T18:55:02","slug":"pesquisa-aponta-vitoria-de-ze-neto-em-feira-de-santana","status":"publish","type":"post","link":"https:\/\/portalmf.com.br\/index.php\/2024\/10\/04\/pesquisa-aponta-vitoria-de-ze-neto-em-feira-de-santana\/","title":{"rendered":"Pesquisa aponta vit\u00f3ria de Z\u00e9 Neto em Feira de Santana"},"content":{"rendered":"\n<p>O candidato \u00e0 prefeitura de Feira de Santana, Z\u00e9 Neto (PT), desponta como o favorito, com 52,42% dos votos v\u00e1lidos, segundo pesquisa divulgada nesta sexta-feira (4), pelo instituto Fernandes Consultoria, contratada pela R\u00e1dio Piat\u00e3 FM. Com este cen\u00e1rio, Z\u00e9 Neto pode vencer j\u00e1 no primeiro turno. O segundo colocado na disputa, Z\u00e9 Ronaldo, do Uni\u00e3o Brasil, aparece com 43,68% dos votos v\u00e1lidos, enquanto Carlos Medeiros, do partido Novo, soma 3,90%.<\/p>\n\n\n\n<p>Al\u00e9m disso, a pesquisa destaca o favoritismo de Z\u00e9 Neto entre os eleitores, principalmente devido ao apoio do presidente Lula e do governador Jer\u00f4nimo Rodrigues. Nos votos totais, que incluem os eleitores indecisos e os que pretendem votar nulo, Z\u00e9 Neto segue \u00e0 frente, registrando 45,18% das inten\u00e7\u00f5es, enquanto Z\u00e9 Ronaldo alcan\u00e7a 38,40%. O candidato Carlos Medeiros apresenta apenas 0,75%.<\/p>\n\n\n\n<p>Os indecisos somam 8,89% do eleitorado, enquanto 1,05% dos entrevistados afirmaram que pretendem votar em branco ou nulo, e 5,73% n\u00e3o souberam responder.<\/p>\n\n\n\n<p>No cen\u00e1rio estimulado, Z\u00e9 Neto tamb\u00e9m lidera com 42,47% das inten\u00e7\u00f5es de voto, seguido por Z\u00e9 Ronaldo com 35,39% e Carlos Medeiros com 3,16%. Nesse contexto, 8,13% dos eleitores ainda est\u00e3o indecisos, 9,34% preferem votos brancos ou nulos, e 1,51% n\u00e3o souberam responder.<\/p>\n\n\n\n<p>A pesquisa entrevistou 600 eleitores entre os dias 01 e 02 de outubro e possui uma margem de erro de 4%, com n\u00edvel de confian\u00e7a de 95%. O estudo foi registrado no Tribunal Superior Eleitoral (TSE) sob o n\u00famero 05016\/2024.<\/p>\n\n\n\n<p>Com informa\u00e7\u00f5es da R\u00e1dio Piat\u00e3 e P Noticias<\/p>\n","protected":false},"excerpt":{"rendered":"<p>O candidato \u00e0 prefeitura de Feira de Santana, Z\u00e9 Neto (PT), desponta como o favorito, com 52,42% dos votos v\u00e1lidos, segundo pesquisa divulgada nesta sexta-feira (4), pelo instituto Fernandes Consultoria, contratada pela R\u00e1dio Piat\u00e3 FM. Com este cen\u00e1rio, Z\u00e9 Neto pode vencer j\u00e1 no primeiro turno. O segundo colocado na disputa, Z\u00e9 Ronaldo, do Uni\u00e3o [&hellip;]<\/p>\n","protected":false},"author":3,"featured_media":29239,"comment_status":"open","ping_status":"open","sticky":false,"template":"","format":"standard","meta":{"_monsterinsights_skip_tracking":false,"_monsterinsights_sitenote_active":false,"_monsterinsights_sitenote_note":"","_monsterinsights_sitenote_category":0,"footnotes":""},"categories":[301,34],"tags":[],"yoast_head":"<!-- This site is optimized with the Yoast SEO plugin v22.9 - https:\/\/yoast.com\/wordpress\/plugins\/seo\/ -->\n<title>Pesquisa aponta vit\u00f3ria de Z\u00e9 Neto em Feira de Santana - Portal MF<\/title>\n<meta name=\"robots\" content=\"index, follow, max-snippet:-1, max-image-preview:large, max-video-preview:-1\" \/>\n<link rel=\"canonical\" href=\"https:\/\/portalmf.com.br\/index.php\/2024\/10\/04\/pesquisa-aponta-vitoria-de-ze-neto-em-feira-de-santana\/\" \/>\n<meta property=\"og:locale\" content=\"pt_BR\" \/>\n<meta property=\"og:type\" content=\"article\" \/>\n<meta property=\"og:title\" content=\"Pesquisa aponta vit\u00f3ria de Z\u00e9 Neto em Feira de Santana - Portal MF\" \/>\n<meta property=\"og:description\" content=\"O candidato \u00e0 prefeitura de Feira de Santana, Z\u00e9 Neto (PT), desponta como o favorito, com 52,42% dos votos v\u00e1lidos, segundo pesquisa divulgada nesta sexta-feira (4), pelo instituto Fernandes Consultoria, contratada pela R\u00e1dio Piat\u00e3 FM. Com este cen\u00e1rio, Z\u00e9 Neto pode vencer j\u00e1 no primeiro turno. O segundo colocado na disputa, Z\u00e9 Ronaldo, do Uni\u00e3o [&hellip;]\" \/>\n<meta property=\"og:url\" content=\"https:\/\/portalmf.com.br\/index.php\/2024\/10\/04\/pesquisa-aponta-vitoria-de-ze-neto-em-feira-de-santana\/\" \/>\n<meta property=\"og:site_name\" content=\"Portal MF\" \/>\n<meta property=\"article:author\" content=\"https:\/\/www.facebook.com\/portalmfoficial\" \/>\n<meta property=\"article:published_time\" content=\"2024-10-04T18:49:02+00:00\" \/>\n<meta property=\"article:modified_time\" content=\"2024-10-04T18:55:02+00:00\" \/>\n<meta property=\"og:image\" content=\"https:\/\/portalmf.com.br\/wp-content\/uploads\/2024\/08\/Ze-Neto-quer-criar-arenas-esportivas-em-Feira.jpg\" \/>\n\t<meta property=\"og:image:width\" content=\"853\" \/>\n\t<meta property=\"og:image:height\" content=\"746\" \/>\n\t<meta property=\"og:image:type\" content=\"image\/jpeg\" \/>\n<meta name=\"author\" content=\"Reda\u00e7\u00e3o Portal MF\" \/>\n<meta name=\"twitter:card\" content=\"summary_large_image\" \/>\n<meta name=\"twitter:creator\" content=\"@https:\/\/x.com\/portalmfoficial\" \/>\n<meta name=\"twitter:label1\" content=\"Escrito por\" \/>\n\t<meta name=\"twitter:data1\" content=\"Reda\u00e7\u00e3o Portal MF\" \/>\n\t<meta name=\"twitter:label2\" content=\"Est. tempo de leitura\" \/>\n\t<meta name=\"twitter:data2\" content=\"2 minutos\" \/>\n<script type=\"application\/ld+json\" class=\"yoast-schema-graph\">{\"@context\":\"https:\/\/schema.org\",\"@graph\":[{\"@type\":\"WebPage\",\"@id\":\"https:\/\/portalmf.com.br\/index.php\/2024\/10\/04\/pesquisa-aponta-vitoria-de-ze-neto-em-feira-de-santana\/\",\"url\":\"https:\/\/portalmf.com.br\/index.php\/2024\/10\/04\/pesquisa-aponta-vitoria-de-ze-neto-em-feira-de-santana\/\",\"name\":\"Pesquisa aponta vit\u00f3ria de Z\u00e9 Neto em Feira de Santana - Portal MF\",\"isPartOf\":{\"@id\":\"https:\/\/portalmf.com.br\/#website\"},\"primaryImageOfPage\":{\"@id\":\"https:\/\/portalmf.com.br\/index.php\/2024\/10\/04\/pesquisa-aponta-vitoria-de-ze-neto-em-feira-de-santana\/#primaryimage\"},\"image\":{\"@id\":\"https:\/\/portalmf.com.br\/index.php\/2024\/10\/04\/pesquisa-aponta-vitoria-de-ze-neto-em-feira-de-santana\/#primaryimage\"},\"thumbnailUrl\":\"https:\/\/portalmf.com.br\/wp-content\/uploads\/2024\/08\/Ze-Neto-quer-criar-arenas-esportivas-em-Feira.jpg\",\"datePublished\":\"2024-10-04T18:49:02+00:00\",\"dateModified\":\"2024-10-04T18:55:02+00:00\",\"author\":{\"@id\":\"https:\/\/portalmf.com.br\/#\/schema\/person\/9ec101baf56233e53520c26de5d6f6f0\"},\"breadcrumb\":{\"@id\":\"https:\/\/portalmf.com.br\/index.php\/2024\/10\/04\/pesquisa-aponta-vitoria-de-ze-neto-em-feira-de-santana\/#breadcrumb\"},\"inLanguage\":\"pt-BR\",\"potentialAction\":[{\"@type\":\"ReadAction\",\"target\":[\"https:\/\/portalmf.com.br\/index.php\/2024\/10\/04\/pesquisa-aponta-vitoria-de-ze-neto-em-feira-de-santana\/\"]}]},{\"@type\":\"ImageObject\",\"inLanguage\":\"pt-BR\",\"@id\":\"https:\/\/portalmf.com.br\/index.php\/2024\/10\/04\/pesquisa-aponta-vitoria-de-ze-neto-em-feira-de-santana\/#primaryimage\",\"url\":\"https:\/\/portalmf.com.br\/wp-content\/uploads\/2024\/08\/Ze-Neto-quer-criar-arenas-esportivas-em-Feira.jpg\",\"contentUrl\":\"https:\/\/portalmf.com.br\/wp-content\/uploads\/2024\/08\/Ze-Neto-quer-criar-arenas-esportivas-em-Feira.jpg\",\"width\":853,\"height\":746},{\"@type\":\"BreadcrumbList\",\"@id\":\"https:\/\/portalmf.com.br\/index.php\/2024\/10\/04\/pesquisa-aponta-vitoria-de-ze-neto-em-feira-de-santana\/#breadcrumb\",\"itemListElement\":[{\"@type\":\"ListItem\",\"position\":1,\"name\":\"In\u00edcio\",\"item\":\"https:\/\/portalmf.com.br\/\"},{\"@type\":\"ListItem\",\"position\":2,\"name\":\"Pesquisa aponta vit\u00f3ria de Z\u00e9 Neto em Feira de Santana\"}]},{\"@type\":\"WebSite\",\"@id\":\"https:\/\/portalmf.com.br\/#website\",\"url\":\"https:\/\/portalmf.com.br\/\",\"name\":\"Portal MF\",\"description\":\"Voc\u00ea conectado com a informa\u00e7\u00e3o\",\"potentialAction\":[{\"@type\":\"SearchAction\",\"target\":{\"@type\":\"EntryPoint\",\"urlTemplate\":\"https:\/\/portalmf.com.br\/?s={search_term_string}\"},\"query-input\":\"required name=search_term_string\"}],\"inLanguage\":\"pt-BR\"},{\"@type\":\"Person\",\"@id\":\"https:\/\/portalmf.com.br\/#\/schema\/person\/9ec101baf56233e53520c26de5d6f6f0\",\"name\":\"Reda\u00e7\u00e3o Portal MF\",\"image\":{\"@type\":\"ImageObject\",\"inLanguage\":\"pt-BR\",\"@id\":\"https:\/\/portalmf.com.br\/#\/schema\/person\/image\/\",\"url\":\"https:\/\/secure.gravatar.com\/avatar\/41b9aaeb2100835f7c64362330f74c7f?s=96&d=mm&r=g\",\"contentUrl\":\"https:\/\/secure.gravatar.com\/avatar\/41b9aaeb2100835f7c64362330f74c7f?s=96&d=mm&r=g\",\"caption\":\"Reda\u00e7\u00e3o Portal MF\"},\"description\":\"Sejam bem-vindos o portal de informa\u00e7\u00f5es de entretenimento de Feira de Santana, desde 2006 realiza coberturas dos principais eventos com entrevistas exclusivas com as principais personalidades mundiais. Fique conectado tamb\u00e9m nas redes sociais.\",\"sameAs\":[\"http:\/\/www.portalmf.com.br\/\",\"https:\/\/www.facebook.com\/portalmfoficial\",\"https:\/\/www.instagram.com\/portalmf\/\",\"https:\/\/x.com\/https:\/\/x.com\/portalmfoficial\",\"https:\/\/www.youtube.com\/@portalmfoficial\"],\"url\":\"https:\/\/portalmf.com.br\/index.php\/author\/junior\/\"}]}<\/script>\n<!-- \/ Yoast SEO plugin. -->","yoast_head_json":{"title":"Pesquisa aponta vit\u00f3ria de Z\u00e9 Neto em Feira de Santana - Portal MF","robots":{"index":"index","follow":"follow","max-snippet":"max-snippet:-1","max-image-preview":"max-image-preview:large","max-video-preview":"max-video-preview:-1"},"canonical":"https:\/\/portalmf.com.br\/index.php\/2024\/10\/04\/pesquisa-aponta-vitoria-de-ze-neto-em-feira-de-santana\/","og_locale":"pt_BR","og_type":"article","og_title":"Pesquisa aponta vit\u00f3ria de Z\u00e9 Neto em Feira de Santana - Portal MF","og_description":"O candidato \u00e0 prefeitura de Feira de Santana, Z\u00e9 Neto (PT), desponta como o favorito, com 52,42% dos votos v\u00e1lidos, segundo pesquisa divulgada nesta sexta-feira (4), pelo instituto Fernandes Consultoria, contratada pela R\u00e1dio Piat\u00e3 FM. Com este cen\u00e1rio, Z\u00e9 Neto pode vencer j\u00e1 no primeiro turno. O segundo colocado na disputa, Z\u00e9 Ronaldo, do Uni\u00e3o [&hellip;]","og_url":"https:\/\/portalmf.com.br\/index.php\/2024\/10\/04\/pesquisa-aponta-vitoria-de-ze-neto-em-feira-de-santana\/","og_site_name":"Portal MF","article_author":"https:\/\/www.facebook.com\/portalmfoficial","article_published_time":"2024-10-04T18:49:02+00:00","article_modified_time":"2024-10-04T18:55:02+00:00","og_image":[{"width":853,"height":746,"url":"https:\/\/portalmf.com.br\/wp-content\/uploads\/2024\/08\/Ze-Neto-quer-criar-arenas-esportivas-em-Feira.jpg","type":"image\/jpeg"}],"author":"Reda\u00e7\u00e3o Portal MF","twitter_card":"summary_large_image","twitter_creator":"@https:\/\/x.com\/portalmfoficial","twitter_misc":{"Escrito por":"Reda\u00e7\u00e3o Portal MF","Est. tempo de leitura":"2 minutos"},"schema":{"@context":"https:\/\/schema.org","@graph":[{"@type":"WebPage","@id":"https:\/\/portalmf.com.br\/index.php\/2024\/10\/04\/pesquisa-aponta-vitoria-de-ze-neto-em-feira-de-santana\/","url":"https:\/\/portalmf.com.br\/index.php\/2024\/10\/04\/pesquisa-aponta-vitoria-de-ze-neto-em-feira-de-santana\/","name":"Pesquisa aponta vit\u00f3ria de Z\u00e9 Neto em Feira de Santana - Portal MF","isPartOf":{"@id":"https:\/\/portalmf.com.br\/#website"},"primaryImageOfPage":{"@id":"https:\/\/portalmf.com.br\/index.php\/2024\/10\/04\/pesquisa-aponta-vitoria-de-ze-neto-em-feira-de-santana\/#primaryimage"},"image":{"@id":"https:\/\/portalmf.com.br\/index.php\/2024\/10\/04\/pesquisa-aponta-vitoria-de-ze-neto-em-feira-de-santana\/#primaryimage"},"thumbnailUrl":"https:\/\/portalmf.com.br\/wp-content\/uploads\/2024\/08\/Ze-Neto-quer-criar-arenas-esportivas-em-Feira.jpg","datePublished":"2024-10-04T18:49:02+00:00","dateModified":"2024-10-04T18:55:02+00:00","author":{"@id":"https:\/\/portalmf.com.br\/#\/schema\/person\/9ec101baf56233e53520c26de5d6f6f0"},"breadcrumb":{"@id":"https:\/\/portalmf.com.br\/index.php\/2024\/10\/04\/pesquisa-aponta-vitoria-de-ze-neto-em-feira-de-santana\/#breadcrumb"},"inLanguage":"pt-BR","potentialAction":[{"@type":"ReadAction","target":["https:\/\/portalmf.com.br\/index.php\/2024\/10\/04\/pesquisa-aponta-vitoria-de-ze-neto-em-feira-de-santana\/"]}]},{"@type":"ImageObject","inLanguage":"pt-BR","@id":"https:\/\/portalmf.com.br\/index.php\/2024\/10\/04\/pesquisa-aponta-vitoria-de-ze-neto-em-feira-de-santana\/#primaryimage","url":"https:\/\/portalmf.com.br\/wp-content\/uploads\/2024\/08\/Ze-Neto-quer-criar-arenas-esportivas-em-Feira.jpg","contentUrl":"https:\/\/portalmf.com.br\/wp-content\/uploads\/2024\/08\/Ze-Neto-quer-criar-arenas-esportivas-em-Feira.jpg","width":853,"height":746},{"@type":"BreadcrumbList","@id":"https:\/\/portalmf.com.br\/index.php\/2024\/10\/04\/pesquisa-aponta-vitoria-de-ze-neto-em-feira-de-santana\/#breadcrumb","itemListElement":[{"@type":"ListItem","position":1,"name":"In\u00edcio","item":"https:\/\/portalmf.com.br\/"},{"@type":"ListItem","position":2,"name":"Pesquisa aponta vit\u00f3ria de Z\u00e9 Neto em Feira de Santana"}]},{"@type":"WebSite","@id":"https:\/\/portalmf.com.br\/#website","url":"https:\/\/portalmf.com.br\/","name":"Portal MF","description":"Voc\u00ea conectado com a informa\u00e7\u00e3o","potentialAction":[{"@type":"SearchAction","target":{"@type":"EntryPoint","urlTemplate":"https:\/\/portalmf.com.br\/?s={search_term_string}"},"query-input":"required name=search_term_string"}],"inLanguage":"pt-BR"},{"@type":"Person","@id":"https:\/\/portalmf.com.br\/#\/schema\/person\/9ec101baf56233e53520c26de5d6f6f0","name":"Reda\u00e7\u00e3o Portal MF","image":{"@type":"ImageObject","inLanguage":"pt-BR","@id":"https:\/\/portalmf.com.br\/#\/schema\/person\/image\/","url":"https:\/\/secure.gravatar.com\/avatar\/41b9aaeb2100835f7c64362330f74c7f?s=96&d=mm&r=g","contentUrl":"https:\/\/secure.gravatar.com\/avatar\/41b9aaeb2100835f7c64362330f74c7f?s=96&d=mm&r=g","caption":"Reda\u00e7\u00e3o Portal MF"},"description":"Sejam bem-vindos o portal de informa\u00e7\u00f5es de entretenimento de Feira de Santana, desde 2006 realiza coberturas dos principais eventos com entrevistas exclusivas com as principais personalidades mundiais. Fique conectado tamb\u00e9m nas redes sociais.","sameAs":["http:\/\/www.portalmf.com.br\/","https:\/\/www.facebook.com\/portalmfoficial","https:\/\/www.instagram.com\/portalmf\/","https:\/\/x.com\/https:\/\/x.com\/portalmfoficial","https:\/\/www.youtube.com\/@portalmfoficial"],"url":"https:\/\/portalmf.com.br\/index.php\/author\/junior\/"}]}},"_links":{"self":[{"href":"https:\/\/portalmf.com.br\/index.php\/wp-json\/wp\/v2\/posts\/30435"}],"collection":[{"href":"https:\/\/portalmf.com.br\/index.php\/wp-json\/wp\/v2\/posts"}],"about":[{"href":"https:\/\/portalmf.com.br\/index.php\/wp-json\/wp\/v2\/types\/post"}],"author":[{"embeddable":true,"href":"https:\/\/portalmf.com.br\/index.php\/wp-json\/wp\/v2\/users\/3"}],"replies":[{"embeddable":true,"href":"https:\/\/portalmf.com.br\/index.php\/wp-json\/wp\/v2\/comments?post=30435"}],"version-history":[{"count":2,"href":"https:\/\/portalmf.com.br\/index.php\/wp-json\/wp\/v2\/posts\/30435\/revisions"}],"predecessor-version":[{"id":30440,"href":"https:\/\/portalmf.com.br\/index.php\/wp-json\/wp\/v2\/posts\/30435\/revisions\/30440"}],"wp:featuredmedia":[{"embeddable":true,"href":"https:\/\/portalmf.com.br\/index.php\/wp-json\/wp\/v2\/media\/29239"}],"wp:attachment":[{"href":"https:\/\/portalmf.com.br\/index.php\/wp-json\/wp\/v2\/media?parent=30435"}],"wp:term":[{"taxonomy":"category","embeddable":true,"href":"https:\/\/portalmf.com.br\/index.php\/wp-json\/wp\/v2\/categories?post=30435"},{"taxonomy":"post_tag","embeddable":true,"href":"https:\/\/portalmf.com.br\/index.php\/wp-json\/wp\/v2\/tags?post=30435"}],"curies":[{"name":"wp","href":"https:\/\/api.w.org\/{rel}","templated":true}]}}