{"id":3043,"date":"2022-08-15T10:41:00","date_gmt":"2022-08-15T13:41:00","guid":{"rendered":"http:\/\/portalmf.com.br\/?p=3043"},"modified":"2022-08-15T15:45:51","modified_gmt":"2022-08-15T18:45:51","slug":"termina-nesta-segunda-15-prazo-para-registro-de-candidaturas","status":"publish","type":"post","link":"https:\/\/portalmf.com.br\/index.php\/2022\/08\/15\/termina-nesta-segunda-15-prazo-para-registro-de-candidaturas\/","title":{"rendered":"Termina nesta segunda (15) prazo para registro de candidaturas"},"content":{"rendered":"\n<p>Termina nesta segunda-feira (15) o prazo para partidos pol\u00edticos, federa\u00e7\u00f5es e coliga\u00e7\u00f5es solicitarem o registro de candidatas e candidatos aos cargos em disputa nas Elei\u00e7\u00f5es 2022.<\/p>\n\n\n\n<p>Os cargos s\u00e3o os seguintes: presidente e vice-presidente da Rep\u00fablica, governador e vice-governador, senador e respectivos suplentes, deputado federal e deputado estadual ou distrital (figura que s\u00f3 existe no Distrito Federal, equivale ao cargo de deputado estadual).<\/p>\n\n\n\n<p>O prazo se encerra \u00e0s 8h, para as candidaturas apresentadas pela internet, e \u00e0s 19h, para a entrega de m\u00eddias com a documenta\u00e7\u00e3o necess\u00e1ria diretamente no TSE \u2013 no caso dos candidatos a presidente \u2013 ou nos Tribunais Regionais Eleitorais (TREs) \u2013 nos demais casos. A data est\u00e1 fixada no&nbsp;<a href=\"https:\/\/www.tse.jus.br\/legislacao\/compilada\/res\/2021\/resolucao-no-23-674-de-16-de-dezembro-de-2021\"><strong>calend\u00e1rio eleitoral<\/strong><\/a>&nbsp;de 2022.<\/p>\n\n\n\n<p>Todas as regras sobre essa data limite podem ser conferidas na&nbsp;<a href=\"https:\/\/www.tse.jus.br\/legislacao\/codigo-eleitoral\/lei-das-eleicoes\/lei-das-eleicoes-lei-nb0-9.504-de-30-de-setembro-de-1997\"><strong>Lei n\u00ba 9.504\/1997<\/strong><\/a>&nbsp;e na&nbsp;<a href=\"https:\/\/www.tse.jus.br\/legislacao\/compilada\/res\/2019\/resolucao-no-23-609-de-18-de-dezembro-de-2019\"><strong>Resolu\u00e7\u00e3o TSE n\u00ba 23.609\/2019<\/strong><\/a>.<\/p>\n\n\n\n<p><strong>Processo de registro<\/strong><\/p>\n\n\n\n<p>Os registros de candidaturas a presidente devem ser solicitados ao TSE e os registros para demais cargos em disputa devem ser feitos nos TREs. O pedido passa a tramitar no Processo Judicial Eletr\u00f4nico (PJe), sob a classe Registro de Candidatura (RCand).<\/p>\n\n\n\n<p>Vale ressaltar que os registros s\u00f3 ocorrem ap\u00f3s a homologa\u00e7\u00e3o dos respectivos nomes nas conven\u00e7\u00f5es partid\u00e1rias realizadas pelas legendas. Os dados s\u00e3o enviados via CANDex, sistema desenvolvido pela Justi\u00e7a Eleitoral exclusivamente para o registro de atas de conven\u00e7\u00f5es partid\u00e1rias e de pedidos de registro de candidaturas.<\/p>\n\n\n\n<p>Segundo o calend\u00e1rio, 12 de setembro, 20 dias antes da data do primeiro turno, \u00e9 a data-limite para que todos os pedidos de registro de candidatura \u2013 e eventuais recursos decorrentes do processo \u2013 tenham sido devidamente processados, examinados e julgados pelos respectivos tribunais eleitorais.<\/p>\n\n\n\n<p><strong>Informa\u00e7\u00f5es p\u00fablicas<\/strong><\/p>\n\n\n\n<p>Eleitoras e eleitores podem acompanhar o andamento dos registros pelo sistema&nbsp;<a href=\"https:\/\/divulgacandcontas.tse.jus.br\/divulga\/#\/\"><strong>DivulgaCandContas<\/strong><\/a>, na p\u00e1gina de cada candidato ou candidata. Desenvolvida pelo TSE, a ferramenta apresenta informa\u00e7\u00f5es detalhadas sobre cada um deles, tais como certid\u00f5es criminais e declara\u00e7\u00e3o de bens. Confira o link do sistema&nbsp;<a href=\"https:\/\/divulgacandcontas.tse.jus.br\/divulga\/#\/\"><strong>aqui.<\/strong><\/a><\/p>\n\n\n\n<p><strong>Abertura de contas<\/strong><\/p>\n\n\n\n<p>Segundo a&nbsp;<a href=\"https:\/\/www.tse.jus.br\/legislacao\/compilada\/res\/2019\/resolucao-no-23-609-de-18-de-dezembro-de-2019\"><strong>Resolu\u00e7\u00e3o TSE n\u00ba 23.609\/2019<\/strong><\/a>, hoje tamb\u00e9m \u00e9 o \u00faltimo dia para que os partidos pol\u00edticos e as federa\u00e7\u00f5es de partidos providenciem a abertura de conta banc\u00e1ria espec\u00edfica destinada ao recebimento de doa\u00e7\u00f5es de pessoas f\u00edsicas para a campanha eleitoral.<\/p>\n\n\n\n<p>A conta deve ser aberta na Caixa Econ\u00f4mica Federal, no Banco do Brasil ou em outra institui\u00e7\u00e3o financeira com carteira comercial reconhecida pelo Banco Central do Brasil, caso n\u00e3o a tenham.<\/p>\n\n\n\n<p>Finaliza tamb\u00e9m nesta segunda o prazo para os partidos pol\u00edticos encaminharem ao TSE os crit\u00e9rios definidos pelos \u00f3rg\u00e3os de dire\u00e7\u00e3o nacional para utiliza\u00e7\u00e3o, nas campanhas eleitorais, das doa\u00e7\u00f5es recebidas de pessoas f\u00edsicas ou das contribui\u00e7\u00f5es de filiados e filiadas recebidas em anos anteriores ao da elei\u00e7\u00e3o.<\/p>\n\n\n\n<p>Com informa\u00e7\u00f5es da Ascom do TSE<\/p>\n","protected":false},"excerpt":{"rendered":"<p>Termina nesta segunda-feira (15) o prazo para partidos pol\u00edticos, federa\u00e7\u00f5es e coliga\u00e7\u00f5es solicitarem o registro de candidatas e candidatos aos cargos em disputa nas Elei\u00e7\u00f5es 2022. Os cargos s\u00e3o os seguintes: presidente e vice-presidente da Rep\u00fablica, governador e vice-governador, senador e respectivos suplentes, deputado federal e deputado estadual ou distrital (figura que s\u00f3 existe no [&hellip;]<\/p>\n","protected":false},"author":2,"featured_media":3044,"comment_status":"open","ping_status":"open","sticky":false,"template":"","format":"standard","meta":{"_monsterinsights_skip_tracking":false,"_monsterinsights_sitenote_active":false,"_monsterinsights_sitenote_note":"","_monsterinsights_sitenote_category":0,"footnotes":""},"categories":[34],"tags":[],"yoast_head":"<!-- This site is optimized with the Yoast SEO plugin v22.9 - https:\/\/yoast.com\/wordpress\/plugins\/seo\/ -->\n<title>Termina nesta segunda (15) prazo para registro de candidaturas - Portal MF<\/title>\n<meta name=\"robots\" content=\"index, follow, max-snippet:-1, max-image-preview:large, max-video-preview:-1\" \/>\n<link rel=\"canonical\" href=\"https:\/\/portalmf.com.br\/index.php\/2022\/08\/15\/termina-nesta-segunda-15-prazo-para-registro-de-candidaturas\/\" \/>\n<meta property=\"og:locale\" content=\"pt_BR\" \/>\n<meta property=\"og:type\" content=\"article\" \/>\n<meta property=\"og:title\" content=\"Termina nesta segunda (15) prazo para registro de candidaturas - Portal MF\" \/>\n<meta property=\"og:description\" content=\"Termina nesta segunda-feira (15) o prazo para partidos pol\u00edticos, federa\u00e7\u00f5es e coliga\u00e7\u00f5es solicitarem o registro de candidatas e candidatos aos cargos em disputa nas Elei\u00e7\u00f5es 2022. Os cargos s\u00e3o os seguintes: presidente e vice-presidente da Rep\u00fablica, governador e vice-governador, senador e respectivos suplentes, deputado federal e deputado estadual ou distrital (figura que s\u00f3 existe no [&hellip;]\" \/>\n<meta property=\"og:url\" content=\"https:\/\/portalmf.com.br\/index.php\/2022\/08\/15\/termina-nesta-segunda-15-prazo-para-registro-de-candidaturas\/\" \/>\n<meta property=\"og:site_name\" content=\"Portal MF\" \/>\n<meta property=\"article:author\" content=\"reginaldojrfsa\" \/>\n<meta property=\"article:published_time\" content=\"2022-08-15T13:41:00+00:00\" \/>\n<meta property=\"article:modified_time\" content=\"2022-08-15T18:45:51+00:00\" \/>\n<meta property=\"og:image\" content=\"https:\/\/portalmf.com.br\/wp-content\/uploads\/2022\/08\/51744870269_7f6b655a3d_o.jpg\" \/>\n\t<meta property=\"og:image:width\" content=\"1170\" \/>\n\t<meta property=\"og:image:height\" content=\"700\" \/>\n\t<meta property=\"og:image:type\" content=\"image\/jpeg\" \/>\n<meta name=\"author\" content=\"Reginaldo J\u00fanior\" \/>\n<meta name=\"twitter:card\" content=\"summary_large_image\" \/>\n<meta name=\"twitter:creator\" content=\"@reginaldojrmf\" \/>\n<meta name=\"twitter:label1\" content=\"Escrito por\" \/>\n\t<meta name=\"twitter:data1\" content=\"Reginaldo J\u00fanior\" \/>\n\t<meta name=\"twitter:label2\" content=\"Est. tempo de leitura\" \/>\n\t<meta name=\"twitter:data2\" content=\"3 minutos\" \/>\n<script type=\"application\/ld+json\" class=\"yoast-schema-graph\">{\"@context\":\"https:\/\/schema.org\",\"@graph\":[{\"@type\":\"WebPage\",\"@id\":\"https:\/\/portalmf.com.br\/index.php\/2022\/08\/15\/termina-nesta-segunda-15-prazo-para-registro-de-candidaturas\/\",\"url\":\"https:\/\/portalmf.com.br\/index.php\/2022\/08\/15\/termina-nesta-segunda-15-prazo-para-registro-de-candidaturas\/\",\"name\":\"Termina nesta segunda (15) prazo para registro de candidaturas - Portal MF\",\"isPartOf\":{\"@id\":\"https:\/\/portalmf.com.br\/#website\"},\"primaryImageOfPage\":{\"@id\":\"https:\/\/portalmf.com.br\/index.php\/2022\/08\/15\/termina-nesta-segunda-15-prazo-para-registro-de-candidaturas\/#primaryimage\"},\"image\":{\"@id\":\"https:\/\/portalmf.com.br\/index.php\/2022\/08\/15\/termina-nesta-segunda-15-prazo-para-registro-de-candidaturas\/#primaryimage\"},\"thumbnailUrl\":\"https:\/\/portalmf.com.br\/wp-content\/uploads\/2022\/08\/51744870269_7f6b655a3d_o.jpg\",\"datePublished\":\"2022-08-15T13:41:00+00:00\",\"dateModified\":\"2022-08-15T18:45:51+00:00\",\"author\":{\"@id\":\"https:\/\/portalmf.com.br\/#\/schema\/person\/11c82086fe8abc05a19147e964587285\"},\"breadcrumb\":{\"@id\":\"https:\/\/portalmf.com.br\/index.php\/2022\/08\/15\/termina-nesta-segunda-15-prazo-para-registro-de-candidaturas\/#breadcrumb\"},\"inLanguage\":\"pt-BR\",\"potentialAction\":[{\"@type\":\"ReadAction\",\"target\":[\"https:\/\/portalmf.com.br\/index.php\/2022\/08\/15\/termina-nesta-segunda-15-prazo-para-registro-de-candidaturas\/\"]}]},{\"@type\":\"ImageObject\",\"inLanguage\":\"pt-BR\",\"@id\":\"https:\/\/portalmf.com.br\/index.php\/2022\/08\/15\/termina-nesta-segunda-15-prazo-para-registro-de-candidaturas\/#primaryimage\",\"url\":\"https:\/\/portalmf.com.br\/wp-content\/uploads\/2022\/08\/51744870269_7f6b655a3d_o.jpg\",\"contentUrl\":\"https:\/\/portalmf.com.br\/wp-content\/uploads\/2022\/08\/51744870269_7f6b655a3d_o.jpg\",\"width\":1170,\"height\":700},{\"@type\":\"BreadcrumbList\",\"@id\":\"https:\/\/portalmf.com.br\/index.php\/2022\/08\/15\/termina-nesta-segunda-15-prazo-para-registro-de-candidaturas\/#breadcrumb\",\"itemListElement\":[{\"@type\":\"ListItem\",\"position\":1,\"name\":\"In\u00edcio\",\"item\":\"https:\/\/portalmf.com.br\/\"},{\"@type\":\"ListItem\",\"position\":2,\"name\":\"Termina nesta segunda (15) prazo para registro de candidaturas\"}]},{\"@type\":\"WebSite\",\"@id\":\"https:\/\/portalmf.com.br\/#website\",\"url\":\"https:\/\/portalmf.com.br\/\",\"name\":\"Portal MF\",\"description\":\"Voc\u00ea conectado com a informa\u00e7\u00e3o\",\"potentialAction\":[{\"@type\":\"SearchAction\",\"target\":{\"@type\":\"EntryPoint\",\"urlTemplate\":\"https:\/\/portalmf.com.br\/?s={search_term_string}\"},\"query-input\":\"required name=search_term_string\"}],\"inLanguage\":\"pt-BR\"},{\"@type\":\"Person\",\"@id\":\"https:\/\/portalmf.com.br\/#\/schema\/person\/11c82086fe8abc05a19147e964587285\",\"name\":\"Reginaldo J\u00fanior\",\"image\":{\"@type\":\"ImageObject\",\"inLanguage\":\"pt-BR\",\"@id\":\"https:\/\/portalmf.com.br\/#\/schema\/person\/image\/\",\"url\":\"https:\/\/secure.gravatar.com\/avatar\/32a3c797cd0ac47cc53b8644c62776f9?s=96&d=mm&r=g\",\"contentUrl\":\"https:\/\/secure.gravatar.com\/avatar\/32a3c797cd0ac47cc53b8644c62776f9?s=96&d=mm&r=g\",\"caption\":\"Reginaldo J\u00fanior\"},\"description\":\"Jornalista e idealizador Portal MF\",\"sameAs\":[\"https:\/\/portalmf.com.br\/index.php\/author\/reginaldojr\/\",\"reginaldojrfsa\",\"reginaldojuniormf\",\"https:\/\/x.com\/reginaldojrmf\"],\"url\":\"https:\/\/portalmf.com.br\/index.php\/author\/reginaldojr\/\"}]}<\/script>\n<!-- \/ Yoast SEO plugin. -->","yoast_head_json":{"title":"Termina nesta segunda (15) prazo para registro de candidaturas - Portal MF","robots":{"index":"index","follow":"follow","max-snippet":"max-snippet:-1","max-image-preview":"max-image-preview:large","max-video-preview":"max-video-preview:-1"},"canonical":"https:\/\/portalmf.com.br\/index.php\/2022\/08\/15\/termina-nesta-segunda-15-prazo-para-registro-de-candidaturas\/","og_locale":"pt_BR","og_type":"article","og_title":"Termina nesta segunda (15) prazo para registro de candidaturas - Portal MF","og_description":"Termina nesta segunda-feira (15) o prazo para partidos pol\u00edticos, federa\u00e7\u00f5es e coliga\u00e7\u00f5es solicitarem o registro de candidatas e candidatos aos cargos em disputa nas Elei\u00e7\u00f5es 2022. Os cargos s\u00e3o os seguintes: presidente e vice-presidente da Rep\u00fablica, governador e vice-governador, senador e respectivos suplentes, deputado federal e deputado estadual ou distrital (figura que s\u00f3 existe no [&hellip;]","og_url":"https:\/\/portalmf.com.br\/index.php\/2022\/08\/15\/termina-nesta-segunda-15-prazo-para-registro-de-candidaturas\/","og_site_name":"Portal MF","article_author":"reginaldojrfsa","article_published_time":"2022-08-15T13:41:00+00:00","article_modified_time":"2022-08-15T18:45:51+00:00","og_image":[{"width":1170,"height":700,"url":"https:\/\/portalmf.com.br\/wp-content\/uploads\/2022\/08\/51744870269_7f6b655a3d_o.jpg","type":"image\/jpeg"}],"author":"Reginaldo J\u00fanior","twitter_card":"summary_large_image","twitter_creator":"@reginaldojrmf","twitter_misc":{"Escrito por":"Reginaldo J\u00fanior","Est. tempo de leitura":"3 minutos"},"schema":{"@context":"https:\/\/schema.org","@graph":[{"@type":"WebPage","@id":"https:\/\/portalmf.com.br\/index.php\/2022\/08\/15\/termina-nesta-segunda-15-prazo-para-registro-de-candidaturas\/","url":"https:\/\/portalmf.com.br\/index.php\/2022\/08\/15\/termina-nesta-segunda-15-prazo-para-registro-de-candidaturas\/","name":"Termina nesta segunda (15) prazo para registro de candidaturas - Portal MF","isPartOf":{"@id":"https:\/\/portalmf.com.br\/#website"},"primaryImageOfPage":{"@id":"https:\/\/portalmf.com.br\/index.php\/2022\/08\/15\/termina-nesta-segunda-15-prazo-para-registro-de-candidaturas\/#primaryimage"},"image":{"@id":"https:\/\/portalmf.com.br\/index.php\/2022\/08\/15\/termina-nesta-segunda-15-prazo-para-registro-de-candidaturas\/#primaryimage"},"thumbnailUrl":"https:\/\/portalmf.com.br\/wp-content\/uploads\/2022\/08\/51744870269_7f6b655a3d_o.jpg","datePublished":"2022-08-15T13:41:00+00:00","dateModified":"2022-08-15T18:45:51+00:00","author":{"@id":"https:\/\/portalmf.com.br\/#\/schema\/person\/11c82086fe8abc05a19147e964587285"},"breadcrumb":{"@id":"https:\/\/portalmf.com.br\/index.php\/2022\/08\/15\/termina-nesta-segunda-15-prazo-para-registro-de-candidaturas\/#breadcrumb"},"inLanguage":"pt-BR","potentialAction":[{"@type":"ReadAction","target":["https:\/\/portalmf.com.br\/index.php\/2022\/08\/15\/termina-nesta-segunda-15-prazo-para-registro-de-candidaturas\/"]}]},{"@type":"ImageObject","inLanguage":"pt-BR","@id":"https:\/\/portalmf.com.br\/index.php\/2022\/08\/15\/termina-nesta-segunda-15-prazo-para-registro-de-candidaturas\/#primaryimage","url":"https:\/\/portalmf.com.br\/wp-content\/uploads\/2022\/08\/51744870269_7f6b655a3d_o.jpg","contentUrl":"https:\/\/portalmf.com.br\/wp-content\/uploads\/2022\/08\/51744870269_7f6b655a3d_o.jpg","width":1170,"height":700},{"@type":"BreadcrumbList","@id":"https:\/\/portalmf.com.br\/index.php\/2022\/08\/15\/termina-nesta-segunda-15-prazo-para-registro-de-candidaturas\/#breadcrumb","itemListElement":[{"@type":"ListItem","position":1,"name":"In\u00edcio","item":"https:\/\/portalmf.com.br\/"},{"@type":"ListItem","position":2,"name":"Termina nesta segunda (15) prazo para registro de candidaturas"}]},{"@type":"WebSite","@id":"https:\/\/portalmf.com.br\/#website","url":"https:\/\/portalmf.com.br\/","name":"Portal MF","description":"Voc\u00ea conectado com a informa\u00e7\u00e3o","potentialAction":[{"@type":"SearchAction","target":{"@type":"EntryPoint","urlTemplate":"https:\/\/portalmf.com.br\/?s={search_term_string}"},"query-input":"required name=search_term_string"}],"inLanguage":"pt-BR"},{"@type":"Person","@id":"https:\/\/portalmf.com.br\/#\/schema\/person\/11c82086fe8abc05a19147e964587285","name":"Reginaldo J\u00fanior","image":{"@type":"ImageObject","inLanguage":"pt-BR","@id":"https:\/\/portalmf.com.br\/#\/schema\/person\/image\/","url":"https:\/\/secure.gravatar.com\/avatar\/32a3c797cd0ac47cc53b8644c62776f9?s=96&d=mm&r=g","contentUrl":"https:\/\/secure.gravatar.com\/avatar\/32a3c797cd0ac47cc53b8644c62776f9?s=96&d=mm&r=g","caption":"Reginaldo J\u00fanior"},"description":"Jornalista e idealizador Portal MF","sameAs":["https:\/\/portalmf.com.br\/index.php\/author\/reginaldojr\/","reginaldojrfsa","reginaldojuniormf","https:\/\/x.com\/reginaldojrmf"],"url":"https:\/\/portalmf.com.br\/index.php\/author\/reginaldojr\/"}]}},"_links":{"self":[{"href":"https:\/\/portalmf.com.br\/index.php\/wp-json\/wp\/v2\/posts\/3043"}],"collection":[{"href":"https:\/\/portalmf.com.br\/index.php\/wp-json\/wp\/v2\/posts"}],"about":[{"href":"https:\/\/portalmf.com.br\/index.php\/wp-json\/wp\/v2\/types\/post"}],"author":[{"embeddable":true,"href":"https:\/\/portalmf.com.br\/index.php\/wp-json\/wp\/v2\/users\/2"}],"replies":[{"embeddable":true,"href":"https:\/\/portalmf.com.br\/index.php\/wp-json\/wp\/v2\/comments?post=3043"}],"version-history":[{"count":1,"href":"https:\/\/portalmf.com.br\/index.php\/wp-json\/wp\/v2\/posts\/3043\/revisions"}],"predecessor-version":[{"id":3045,"href":"https:\/\/portalmf.com.br\/index.php\/wp-json\/wp\/v2\/posts\/3043\/revisions\/3045"}],"wp:featuredmedia":[{"embeddable":true,"href":"https:\/\/portalmf.com.br\/index.php\/wp-json\/wp\/v2\/media\/3044"}],"wp:attachment":[{"href":"https:\/\/portalmf.com.br\/index.php\/wp-json\/wp\/v2\/media?parent=3043"}],"wp:term":[{"taxonomy":"category","embeddable":true,"href":"https:\/\/portalmf.com.br\/index.php\/wp-json\/wp\/v2\/categories?post=3043"},{"taxonomy":"post_tag","embeddable":true,"href":"https:\/\/portalmf.com.br\/index.php\/wp-json\/wp\/v2\/tags?post=3043"}],"curies":[{"name":"wp","href":"https:\/\/api.w.org\/{rel}","templated":true}]}}