{"id":30421,"date":"2024-10-03T12:01:59","date_gmt":"2024-10-03T15:01:59","guid":{"rendered":"https:\/\/portalmf.com.br\/?p=30421"},"modified":"2024-10-03T12:02:00","modified_gmt":"2024-10-03T15:02:00","slug":"mobiliza-feira-apresenta-projetos-que-impulsionam-a-cidade-para-o-futuro-com-mais-tecnologia-lazer-e-qualidade-de-vida","status":"publish","type":"post","link":"https:\/\/portalmf.com.br\/index.php\/2024\/10\/03\/mobiliza-feira-apresenta-projetos-que-impulsionam-a-cidade-para-o-futuro-com-mais-tecnologia-lazer-e-qualidade-de-vida\/","title":{"rendered":"Mobiliza Feira apresenta projetos que impulsionam a cidade para o futuro com mais tecnologia, lazer e qualidade de vida"},"content":{"rendered":"\n<p>O Mobiliza Feira, realizado ontem (2), no \u00c1ria Hall, apresentou um conjunto de projetos que buscam transformar Feira de Santana em uma cidade mais moderna, inclusiva e com melhor qualidade de vida. <\/p>\n\n\n\n<p>O evento, promovido pela campanha de Jos\u00e9 Ronaldo (Uni\u00e3o Brasil), reuniu apoiadores e lideran\u00e7as pol\u00edticas para discutir as propostas de governo que visam um futuro promissor para a cidade.<\/p>\n\n\n\n<p>Entre os destaques do programa de Jos\u00e9 Ronaldo est\u00e3o investimentos em infraestrutura, como o recapeamento asf\u00e1ltico de toda a cidade e a drenagem de ruas alagadas, al\u00e9m da moderniza\u00e7\u00e3o da rede de sa\u00fade. Projetos inovadores, como a constru\u00e7\u00e3o de um hospital municipal, o programa Fila Zero para exames, a entrega de medicamentos em domic\u00edlio e a cria\u00e7\u00e3o de uma Cl\u00ednica Pet, tamb\u00e9m foram apresentados. <\/p>\n\n\n\n<p>Al\u00e9m disso, iniciativas como a conta de luz gratuita para moradores do Minha Casa, Minha Vida e da zona rural, e a implanta\u00e7\u00e3o da Escola 360 em tempo integral refor\u00e7am o compromisso com a inclus\u00e3o social.<\/p>\n\n\n\n<p>A \u00e1rea de lazer tamb\u00e9m est\u00e1 no foco, com melhorias em \u00e1reas p\u00fablicas e no entorno da Lagoa Grande, proporcionando mais espa\u00e7os de conviv\u00eancia e lazer para a popula\u00e7\u00e3o. Esses projetos visam garantir oportunidades para todos, com aten\u00e7\u00e3o especial \u00e0queles que mais precisam, promovendo um futuro mais justo e com melhor qualidade de vida para os feirenses.<\/p>\n\n\n\n<p>Jos\u00e9 Ronaldo, ausente nesta edi\u00e7\u00e3o do Mobiliza Feira devido ao falecimento de seu irm\u00e3o, enviou uma mensagem de incentivo em v\u00eddeo, destacando a import\u00e2ncia da uni\u00e3o dos apoiadores para a constru\u00e7\u00e3o de uma cidade mais desenvolvida. Na ocasi\u00e3o, o candidato foi representado pelo deputado estadual e candidato a vice-prefeito Pablo Roberto (PSDB), que refor\u00e7ou o compromisso com o desenvolvimento de Feira de Santana e a luta por uma sociedade mais igualit\u00e1ria, e pelo seu filho, o m\u00e9dico F\u00e1bio Carvalho, que pediu o empenho dos apoiadores para continuarem o trabalho intenso e firme em defesa do programa de governo que quer conduzir Feira de Santana a um futuro de progresso.<\/p>\n\n\n\n<p>Com informa\u00e7\u00f5es da Ascom\/Jos\u00e9 Ronaldo<\/p>\n","protected":false},"excerpt":{"rendered":"<p>O Mobiliza Feira, realizado ontem (2), no \u00c1ria Hall, apresentou um conjunto de projetos que buscam transformar Feira de Santana em uma cidade mais moderna, inclusiva e com melhor qualidade de vida. O evento, promovido pela campanha de Jos\u00e9 Ronaldo (Uni\u00e3o Brasil), reuniu apoiadores e lideran\u00e7as pol\u00edticas para discutir as propostas de governo que visam [&hellip;]<\/p>\n","protected":false},"author":3,"featured_media":30422,"comment_status":"open","ping_status":"open","sticky":false,"template":"","format":"standard","meta":{"_monsterinsights_skip_tracking":false,"_monsterinsights_sitenote_active":false,"_monsterinsights_sitenote_note":"","_monsterinsights_sitenote_category":0,"footnotes":""},"categories":[301,34],"tags":[],"yoast_head":"<!-- This site is optimized with the Yoast SEO plugin v22.9 - https:\/\/yoast.com\/wordpress\/plugins\/seo\/ -->\n<title>Mobiliza Feira apresenta projetos que impulsionam a cidade para o futuro com mais tecnologia, lazer e qualidade de vida - Portal MF<\/title>\n<meta name=\"robots\" content=\"index, follow, max-snippet:-1, max-image-preview:large, max-video-preview:-1\" \/>\n<link rel=\"canonical\" href=\"https:\/\/portalmf.com.br\/index.php\/2024\/10\/03\/mobiliza-feira-apresenta-projetos-que-impulsionam-a-cidade-para-o-futuro-com-mais-tecnologia-lazer-e-qualidade-de-vida\/\" \/>\n<meta property=\"og:locale\" content=\"pt_BR\" \/>\n<meta property=\"og:type\" content=\"article\" \/>\n<meta property=\"og:title\" content=\"Mobiliza Feira apresenta projetos que impulsionam a cidade para o futuro com mais tecnologia, lazer e qualidade de vida - Portal MF\" \/>\n<meta property=\"og:description\" content=\"O Mobiliza Feira, realizado ontem (2), no \u00c1ria Hall, apresentou um conjunto de projetos que buscam transformar Feira de Santana em uma cidade mais moderna, inclusiva e com melhor qualidade de vida. O evento, promovido pela campanha de Jos\u00e9 Ronaldo (Uni\u00e3o Brasil), reuniu apoiadores e lideran\u00e7as pol\u00edticas para discutir as propostas de governo que visam [&hellip;]\" \/>\n<meta property=\"og:url\" content=\"https:\/\/portalmf.com.br\/index.php\/2024\/10\/03\/mobiliza-feira-apresenta-projetos-que-impulsionam-a-cidade-para-o-futuro-com-mais-tecnologia-lazer-e-qualidade-de-vida\/\" \/>\n<meta property=\"og:site_name\" content=\"Portal MF\" \/>\n<meta property=\"article:author\" content=\"https:\/\/www.facebook.com\/portalmfoficial\" \/>\n<meta property=\"article:published_time\" content=\"2024-10-03T15:01:59+00:00\" \/>\n<meta property=\"article:modified_time\" content=\"2024-10-03T15:02:00+00:00\" \/>\n<meta property=\"og:image\" content=\"https:\/\/portalmf.com.br\/wp-content\/uploads\/2024\/10\/IMG-20241003-WA0075-scaled.jpg\" \/>\n\t<meta property=\"og:image:width\" content=\"2560\" \/>\n\t<meta property=\"og:image:height\" content=\"1707\" \/>\n\t<meta property=\"og:image:type\" content=\"image\/jpeg\" \/>\n<meta name=\"author\" content=\"Reda\u00e7\u00e3o Portal MF\" \/>\n<meta name=\"twitter:card\" content=\"summary_large_image\" \/>\n<meta name=\"twitter:creator\" content=\"@https:\/\/x.com\/portalmfoficial\" \/>\n<meta name=\"twitter:label1\" content=\"Escrito por\" \/>\n\t<meta name=\"twitter:data1\" content=\"Reda\u00e7\u00e3o Portal MF\" \/>\n\t<meta name=\"twitter:label2\" content=\"Est. tempo de leitura\" \/>\n\t<meta name=\"twitter:data2\" content=\"3 minutos\" \/>\n<script type=\"application\/ld+json\" class=\"yoast-schema-graph\">{\"@context\":\"https:\/\/schema.org\",\"@graph\":[{\"@type\":\"WebPage\",\"@id\":\"https:\/\/portalmf.com.br\/index.php\/2024\/10\/03\/mobiliza-feira-apresenta-projetos-que-impulsionam-a-cidade-para-o-futuro-com-mais-tecnologia-lazer-e-qualidade-de-vida\/\",\"url\":\"https:\/\/portalmf.com.br\/index.php\/2024\/10\/03\/mobiliza-feira-apresenta-projetos-que-impulsionam-a-cidade-para-o-futuro-com-mais-tecnologia-lazer-e-qualidade-de-vida\/\",\"name\":\"Mobiliza Feira apresenta projetos que impulsionam a cidade para o futuro com mais tecnologia, lazer e qualidade de vida - Portal MF\",\"isPartOf\":{\"@id\":\"https:\/\/portalmf.com.br\/#website\"},\"primaryImageOfPage\":{\"@id\":\"https:\/\/portalmf.com.br\/index.php\/2024\/10\/03\/mobiliza-feira-apresenta-projetos-que-impulsionam-a-cidade-para-o-futuro-com-mais-tecnologia-lazer-e-qualidade-de-vida\/#primaryimage\"},\"image\":{\"@id\":\"https:\/\/portalmf.com.br\/index.php\/2024\/10\/03\/mobiliza-feira-apresenta-projetos-que-impulsionam-a-cidade-para-o-futuro-com-mais-tecnologia-lazer-e-qualidade-de-vida\/#primaryimage\"},\"thumbnailUrl\":\"https:\/\/portalmf.com.br\/wp-content\/uploads\/2024\/10\/IMG-20241003-WA0075-scaled.jpg\",\"datePublished\":\"2024-10-03T15:01:59+00:00\",\"dateModified\":\"2024-10-03T15:02:00+00:00\",\"author\":{\"@id\":\"https:\/\/portalmf.com.br\/#\/schema\/person\/9ec101baf56233e53520c26de5d6f6f0\"},\"breadcrumb\":{\"@id\":\"https:\/\/portalmf.com.br\/index.php\/2024\/10\/03\/mobiliza-feira-apresenta-projetos-que-impulsionam-a-cidade-para-o-futuro-com-mais-tecnologia-lazer-e-qualidade-de-vida\/#breadcrumb\"},\"inLanguage\":\"pt-BR\",\"potentialAction\":[{\"@type\":\"ReadAction\",\"target\":[\"https:\/\/portalmf.com.br\/index.php\/2024\/10\/03\/mobiliza-feira-apresenta-projetos-que-impulsionam-a-cidade-para-o-futuro-com-mais-tecnologia-lazer-e-qualidade-de-vida\/\"]}]},{\"@type\":\"ImageObject\",\"inLanguage\":\"pt-BR\",\"@id\":\"https:\/\/portalmf.com.br\/index.php\/2024\/10\/03\/mobiliza-feira-apresenta-projetos-que-impulsionam-a-cidade-para-o-futuro-com-mais-tecnologia-lazer-e-qualidade-de-vida\/#primaryimage\",\"url\":\"https:\/\/portalmf.com.br\/wp-content\/uploads\/2024\/10\/IMG-20241003-WA0075-scaled.jpg\",\"contentUrl\":\"https:\/\/portalmf.com.br\/wp-content\/uploads\/2024\/10\/IMG-20241003-WA0075-scaled.jpg\",\"width\":2560,\"height\":1707},{\"@type\":\"BreadcrumbList\",\"@id\":\"https:\/\/portalmf.com.br\/index.php\/2024\/10\/03\/mobiliza-feira-apresenta-projetos-que-impulsionam-a-cidade-para-o-futuro-com-mais-tecnologia-lazer-e-qualidade-de-vida\/#breadcrumb\",\"itemListElement\":[{\"@type\":\"ListItem\",\"position\":1,\"name\":\"In\u00edcio\",\"item\":\"https:\/\/portalmf.com.br\/\"},{\"@type\":\"ListItem\",\"position\":2,\"name\":\"Mobiliza Feira apresenta projetos que impulsionam a cidade para o futuro com mais tecnologia, lazer e qualidade de vida\"}]},{\"@type\":\"WebSite\",\"@id\":\"https:\/\/portalmf.com.br\/#website\",\"url\":\"https:\/\/portalmf.com.br\/\",\"name\":\"Portal MF\",\"description\":\"Voc\u00ea conectado com a informa\u00e7\u00e3o\",\"potentialAction\":[{\"@type\":\"SearchAction\",\"target\":{\"@type\":\"EntryPoint\",\"urlTemplate\":\"https:\/\/portalmf.com.br\/?s={search_term_string}\"},\"query-input\":\"required name=search_term_string\"}],\"inLanguage\":\"pt-BR\"},{\"@type\":\"Person\",\"@id\":\"https:\/\/portalmf.com.br\/#\/schema\/person\/9ec101baf56233e53520c26de5d6f6f0\",\"name\":\"Reda\u00e7\u00e3o Portal MF\",\"image\":{\"@type\":\"ImageObject\",\"inLanguage\":\"pt-BR\",\"@id\":\"https:\/\/portalmf.com.br\/#\/schema\/person\/image\/\",\"url\":\"https:\/\/secure.gravatar.com\/avatar\/41b9aaeb2100835f7c64362330f74c7f?s=96&d=mm&r=g\",\"contentUrl\":\"https:\/\/secure.gravatar.com\/avatar\/41b9aaeb2100835f7c64362330f74c7f?s=96&d=mm&r=g\",\"caption\":\"Reda\u00e7\u00e3o Portal MF\"},\"description\":\"Sejam bem-vindos o portal de informa\u00e7\u00f5es de entretenimento de Feira de Santana, desde 2006 realiza coberturas dos principais eventos com entrevistas exclusivas com as principais personalidades mundiais. Fique conectado tamb\u00e9m nas redes sociais.\",\"sameAs\":[\"http:\/\/www.portalmf.com.br\/\",\"https:\/\/www.facebook.com\/portalmfoficial\",\"https:\/\/www.instagram.com\/portalmf\/\",\"https:\/\/x.com\/https:\/\/x.com\/portalmfoficial\",\"https:\/\/www.youtube.com\/@portalmfoficial\"],\"url\":\"https:\/\/portalmf.com.br\/index.php\/author\/junior\/\"}]}<\/script>\n<!-- \/ Yoast SEO plugin. -->","yoast_head_json":{"title":"Mobiliza Feira apresenta projetos que impulsionam a cidade para o futuro com mais tecnologia, lazer e qualidade de vida - Portal MF","robots":{"index":"index","follow":"follow","max-snippet":"max-snippet:-1","max-image-preview":"max-image-preview:large","max-video-preview":"max-video-preview:-1"},"canonical":"https:\/\/portalmf.com.br\/index.php\/2024\/10\/03\/mobiliza-feira-apresenta-projetos-que-impulsionam-a-cidade-para-o-futuro-com-mais-tecnologia-lazer-e-qualidade-de-vida\/","og_locale":"pt_BR","og_type":"article","og_title":"Mobiliza Feira apresenta projetos que impulsionam a cidade para o futuro com mais tecnologia, lazer e qualidade de vida - Portal MF","og_description":"O Mobiliza Feira, realizado ontem (2), no \u00c1ria Hall, apresentou um conjunto de projetos que buscam transformar Feira de Santana em uma cidade mais moderna, inclusiva e com melhor qualidade de vida. O evento, promovido pela campanha de Jos\u00e9 Ronaldo (Uni\u00e3o Brasil), reuniu apoiadores e lideran\u00e7as pol\u00edticas para discutir as propostas de governo que visam [&hellip;]","og_url":"https:\/\/portalmf.com.br\/index.php\/2024\/10\/03\/mobiliza-feira-apresenta-projetos-que-impulsionam-a-cidade-para-o-futuro-com-mais-tecnologia-lazer-e-qualidade-de-vida\/","og_site_name":"Portal MF","article_author":"https:\/\/www.facebook.com\/portalmfoficial","article_published_time":"2024-10-03T15:01:59+00:00","article_modified_time":"2024-10-03T15:02:00+00:00","og_image":[{"width":2560,"height":1707,"url":"https:\/\/portalmf.com.br\/wp-content\/uploads\/2024\/10\/IMG-20241003-WA0075-scaled.jpg","type":"image\/jpeg"}],"author":"Reda\u00e7\u00e3o Portal MF","twitter_card":"summary_large_image","twitter_creator":"@https:\/\/x.com\/portalmfoficial","twitter_misc":{"Escrito por":"Reda\u00e7\u00e3o Portal MF","Est. tempo de leitura":"3 minutos"},"schema":{"@context":"https:\/\/schema.org","@graph":[{"@type":"WebPage","@id":"https:\/\/portalmf.com.br\/index.php\/2024\/10\/03\/mobiliza-feira-apresenta-projetos-que-impulsionam-a-cidade-para-o-futuro-com-mais-tecnologia-lazer-e-qualidade-de-vida\/","url":"https:\/\/portalmf.com.br\/index.php\/2024\/10\/03\/mobiliza-feira-apresenta-projetos-que-impulsionam-a-cidade-para-o-futuro-com-mais-tecnologia-lazer-e-qualidade-de-vida\/","name":"Mobiliza Feira apresenta projetos que impulsionam a cidade para o futuro com mais tecnologia, lazer e qualidade de vida - Portal MF","isPartOf":{"@id":"https:\/\/portalmf.com.br\/#website"},"primaryImageOfPage":{"@id":"https:\/\/portalmf.com.br\/index.php\/2024\/10\/03\/mobiliza-feira-apresenta-projetos-que-impulsionam-a-cidade-para-o-futuro-com-mais-tecnologia-lazer-e-qualidade-de-vida\/#primaryimage"},"image":{"@id":"https:\/\/portalmf.com.br\/index.php\/2024\/10\/03\/mobiliza-feira-apresenta-projetos-que-impulsionam-a-cidade-para-o-futuro-com-mais-tecnologia-lazer-e-qualidade-de-vida\/#primaryimage"},"thumbnailUrl":"https:\/\/portalmf.com.br\/wp-content\/uploads\/2024\/10\/IMG-20241003-WA0075-scaled.jpg","datePublished":"2024-10-03T15:01:59+00:00","dateModified":"2024-10-03T15:02:00+00:00","author":{"@id":"https:\/\/portalmf.com.br\/#\/schema\/person\/9ec101baf56233e53520c26de5d6f6f0"},"breadcrumb":{"@id":"https:\/\/portalmf.com.br\/index.php\/2024\/10\/03\/mobiliza-feira-apresenta-projetos-que-impulsionam-a-cidade-para-o-futuro-com-mais-tecnologia-lazer-e-qualidade-de-vida\/#breadcrumb"},"inLanguage":"pt-BR","potentialAction":[{"@type":"ReadAction","target":["https:\/\/portalmf.com.br\/index.php\/2024\/10\/03\/mobiliza-feira-apresenta-projetos-que-impulsionam-a-cidade-para-o-futuro-com-mais-tecnologia-lazer-e-qualidade-de-vida\/"]}]},{"@type":"ImageObject","inLanguage":"pt-BR","@id":"https:\/\/portalmf.com.br\/index.php\/2024\/10\/03\/mobiliza-feira-apresenta-projetos-que-impulsionam-a-cidade-para-o-futuro-com-mais-tecnologia-lazer-e-qualidade-de-vida\/#primaryimage","url":"https:\/\/portalmf.com.br\/wp-content\/uploads\/2024\/10\/IMG-20241003-WA0075-scaled.jpg","contentUrl":"https:\/\/portalmf.com.br\/wp-content\/uploads\/2024\/10\/IMG-20241003-WA0075-scaled.jpg","width":2560,"height":1707},{"@type":"BreadcrumbList","@id":"https:\/\/portalmf.com.br\/index.php\/2024\/10\/03\/mobiliza-feira-apresenta-projetos-que-impulsionam-a-cidade-para-o-futuro-com-mais-tecnologia-lazer-e-qualidade-de-vida\/#breadcrumb","itemListElement":[{"@type":"ListItem","position":1,"name":"In\u00edcio","item":"https:\/\/portalmf.com.br\/"},{"@type":"ListItem","position":2,"name":"Mobiliza Feira apresenta projetos que impulsionam a cidade para o futuro com mais tecnologia, lazer e qualidade de vida"}]},{"@type":"WebSite","@id":"https:\/\/portalmf.com.br\/#website","url":"https:\/\/portalmf.com.br\/","name":"Portal MF","description":"Voc\u00ea conectado com a informa\u00e7\u00e3o","potentialAction":[{"@type":"SearchAction","target":{"@type":"EntryPoint","urlTemplate":"https:\/\/portalmf.com.br\/?s={search_term_string}"},"query-input":"required name=search_term_string"}],"inLanguage":"pt-BR"},{"@type":"Person","@id":"https:\/\/portalmf.com.br\/#\/schema\/person\/9ec101baf56233e53520c26de5d6f6f0","name":"Reda\u00e7\u00e3o Portal MF","image":{"@type":"ImageObject","inLanguage":"pt-BR","@id":"https:\/\/portalmf.com.br\/#\/schema\/person\/image\/","url":"https:\/\/secure.gravatar.com\/avatar\/41b9aaeb2100835f7c64362330f74c7f?s=96&d=mm&r=g","contentUrl":"https:\/\/secure.gravatar.com\/avatar\/41b9aaeb2100835f7c64362330f74c7f?s=96&d=mm&r=g","caption":"Reda\u00e7\u00e3o Portal MF"},"description":"Sejam bem-vindos o portal de informa\u00e7\u00f5es de entretenimento de Feira de Santana, desde 2006 realiza coberturas dos principais eventos com entrevistas exclusivas com as principais personalidades mundiais. Fique conectado tamb\u00e9m nas redes sociais.","sameAs":["http:\/\/www.portalmf.com.br\/","https:\/\/www.facebook.com\/portalmfoficial","https:\/\/www.instagram.com\/portalmf\/","https:\/\/x.com\/https:\/\/x.com\/portalmfoficial","https:\/\/www.youtube.com\/@portalmfoficial"],"url":"https:\/\/portalmf.com.br\/index.php\/author\/junior\/"}]}},"_links":{"self":[{"href":"https:\/\/portalmf.com.br\/index.php\/wp-json\/wp\/v2\/posts\/30421"}],"collection":[{"href":"https:\/\/portalmf.com.br\/index.php\/wp-json\/wp\/v2\/posts"}],"about":[{"href":"https:\/\/portalmf.com.br\/index.php\/wp-json\/wp\/v2\/types\/post"}],"author":[{"embeddable":true,"href":"https:\/\/portalmf.com.br\/index.php\/wp-json\/wp\/v2\/users\/3"}],"replies":[{"embeddable":true,"href":"https:\/\/portalmf.com.br\/index.php\/wp-json\/wp\/v2\/comments?post=30421"}],"version-history":[{"count":1,"href":"https:\/\/portalmf.com.br\/index.php\/wp-json\/wp\/v2\/posts\/30421\/revisions"}],"predecessor-version":[{"id":30423,"href":"https:\/\/portalmf.com.br\/index.php\/wp-json\/wp\/v2\/posts\/30421\/revisions\/30423"}],"wp:featuredmedia":[{"embeddable":true,"href":"https:\/\/portalmf.com.br\/index.php\/wp-json\/wp\/v2\/media\/30422"}],"wp:attachment":[{"href":"https:\/\/portalmf.com.br\/index.php\/wp-json\/wp\/v2\/media?parent=30421"}],"wp:term":[{"taxonomy":"category","embeddable":true,"href":"https:\/\/portalmf.com.br\/index.php\/wp-json\/wp\/v2\/categories?post=30421"},{"taxonomy":"post_tag","embeddable":true,"href":"https:\/\/portalmf.com.br\/index.php\/wp-json\/wp\/v2\/tags?post=30421"}],"curies":[{"name":"wp","href":"https:\/\/api.w.org\/{rel}","templated":true}]}}