{"id":30397,"date":"2024-10-02T15:52:32","date_gmt":"2024-10-02T18:52:32","guid":{"rendered":"https:\/\/portalmf.com.br\/?p=30397"},"modified":"2024-10-02T15:52:33","modified_gmt":"2024-10-02T18:52:33","slug":"jose-ronaldo-assume-compromisso-de-asfaltar-ruas-e-solucionar-alagamentos-no-bairro-baraunas","status":"publish","type":"post","link":"https:\/\/portalmf.com.br\/index.php\/2024\/10\/02\/jose-ronaldo-assume-compromisso-de-asfaltar-ruas-e-solucionar-alagamentos-no-bairro-baraunas\/","title":{"rendered":"Jos\u00e9 Ronaldo assume compromisso de asfaltar ruas e solucionar alagamentos no bairro Bara\u00fanas"},"content":{"rendered":"\n<p>O candidato a prefeito de Feira de Santana pela coliga\u00e7\u00e3o \u201cO amor sempre vence\u201d, Jos\u00e9 Ronaldo (Uni\u00e3o Brasil), reafirmou seu compromisso com a melhoria da infraestrutura urbana durante caminhada no bairro Bara\u00fanas. Durante o evento, realizado ontem (1\u00ba), Ronaldo anunciou que, caso eleito, promover\u00e1 um grande banho de asfalto nas ruas da localidade, al\u00e9m de solucionar os problemas de alagamento que afetam a regi\u00e3o.<\/p>\n\n\n\n<p>Acompanhado do candidato a vice-prefeito Pablo Roberto (PSDB) e de v\u00e1rios postulantes a vereador, Jos\u00e9 Ronaldo foi recebido com entusiasmo pela comunidade de Bara\u00fanas. Em meio \u00e0 festa, o candidato destacou que essa iniciativa faz parte de um plano maior para revitalizar toda a cidade, levando obras de infraestrutura para bairros que sofrem com pavimenta\u00e7\u00e3o prec\u00e1ria e falta de drenagem. Al\u00e9m de Bara\u00fanas, ele afirmou que pretende acabar com os alagamentos em outros seis pontos cr\u00edticos da cidade.<\/p>\n\n\n\n<p>Antes da caminhada no bairro, Jos\u00e9 Ronaldo participou de uma carreata, que percorreu diversos bairros de Feira de Santana, incluindo Alto do Cruzeiro, Rua Nova, Feira IV, Feira IX, Jardim Cruzeiro e Sobradinho.<\/p>\n\n\n\n<p>Durante o evento, Ronaldo agradeceu a calorosa recep\u00e7\u00e3o que tem recebido em todas as regi\u00f5es da cidade e pediu o engajamento da popula\u00e7\u00e3o na reta final da campanha. Ele tamb\u00e9m aproveitou a oportunidade para rebater as fake news espalhadas pela oposi\u00e7\u00e3o, que tem disseminado falsas informa\u00e7\u00f5es sobre a distribui\u00e7\u00e3o de cestas b\u00e1sicas. O candidato condenou essa pr\u00e1tica e refor\u00e7ou seu compromisso com uma campanha limpa e pautada em propostas concretas para o desenvolvimento de Feira de Santana.<\/p>\n\n\n\n<p>Com as elei\u00e7\u00f5es se aproximando, Jos\u00e9 Ronaldo intensifica sua presen\u00e7a nas ruas com o objetivo de conquistar votos e refor\u00e7ar sua vis\u00e3o de uma cidade mais moderna e preparada para enfrentar os desafios da infraestrutura urbana.<\/p>\n\n\n\n<p>Com informa\u00e7\u00f5es da Ascom\/Jos\u00e9 Ronaldo<\/p>\n","protected":false},"excerpt":{"rendered":"<p>O candidato a prefeito de Feira de Santana pela coliga\u00e7\u00e3o \u201cO amor sempre vence\u201d, Jos\u00e9 Ronaldo (Uni\u00e3o Brasil), reafirmou seu compromisso com a melhoria da infraestrutura urbana durante caminhada no bairro Bara\u00fanas. Durante o evento, realizado ontem (1\u00ba), Ronaldo anunciou que, caso eleito, promover\u00e1 um grande banho de asfalto nas ruas da localidade, al\u00e9m de [&hellip;]<\/p>\n","protected":false},"author":3,"featured_media":30398,"comment_status":"open","ping_status":"open","sticky":false,"template":"","format":"standard","meta":{"_monsterinsights_skip_tracking":false,"_monsterinsights_sitenote_active":false,"_monsterinsights_sitenote_note":"","_monsterinsights_sitenote_category":0,"footnotes":""},"categories":[301,34],"tags":[],"yoast_head":"<!-- This site is optimized with the Yoast SEO plugin v22.9 - https:\/\/yoast.com\/wordpress\/plugins\/seo\/ -->\n<title>Jos\u00e9 Ronaldo assume compromisso de asfaltar ruas e solucionar alagamentos no bairro Bara\u00fanas - Portal MF<\/title>\n<meta name=\"robots\" content=\"index, follow, max-snippet:-1, max-image-preview:large, max-video-preview:-1\" \/>\n<link rel=\"canonical\" href=\"https:\/\/portalmf.com.br\/index.php\/2024\/10\/02\/jose-ronaldo-assume-compromisso-de-asfaltar-ruas-e-solucionar-alagamentos-no-bairro-baraunas\/\" \/>\n<meta property=\"og:locale\" content=\"pt_BR\" \/>\n<meta property=\"og:type\" content=\"article\" \/>\n<meta property=\"og:title\" content=\"Jos\u00e9 Ronaldo assume compromisso de asfaltar ruas e solucionar alagamentos no bairro Bara\u00fanas - Portal MF\" \/>\n<meta property=\"og:description\" content=\"O candidato a prefeito de Feira de Santana pela coliga\u00e7\u00e3o \u201cO amor sempre vence\u201d, Jos\u00e9 Ronaldo (Uni\u00e3o Brasil), reafirmou seu compromisso com a melhoria da infraestrutura urbana durante caminhada no bairro Bara\u00fanas. Durante o evento, realizado ontem (1\u00ba), Ronaldo anunciou que, caso eleito, promover\u00e1 um grande banho de asfalto nas ruas da localidade, al\u00e9m de [&hellip;]\" \/>\n<meta property=\"og:url\" content=\"https:\/\/portalmf.com.br\/index.php\/2024\/10\/02\/jose-ronaldo-assume-compromisso-de-asfaltar-ruas-e-solucionar-alagamentos-no-bairro-baraunas\/\" \/>\n<meta property=\"og:site_name\" content=\"Portal MF\" \/>\n<meta property=\"article:author\" content=\"https:\/\/www.facebook.com\/portalmfoficial\" \/>\n<meta property=\"article:published_time\" content=\"2024-10-02T18:52:32+00:00\" \/>\n<meta property=\"article:modified_time\" content=\"2024-10-02T18:52:33+00:00\" \/>\n<meta property=\"og:image\" content=\"https:\/\/portalmf.com.br\/wp-content\/uploads\/2024\/10\/Jose-Ronaldo-assume-compromisso-de-asfaltar-ruas-e-solucionar-alagamentos-no-bairro-Baraunas.jpg\" \/>\n\t<meta property=\"og:image:width\" content=\"1600\" \/>\n\t<meta property=\"og:image:height\" content=\"1066\" \/>\n\t<meta property=\"og:image:type\" content=\"image\/jpeg\" \/>\n<meta name=\"author\" content=\"Reda\u00e7\u00e3o Portal MF\" \/>\n<meta name=\"twitter:card\" content=\"summary_large_image\" \/>\n<meta name=\"twitter:creator\" content=\"@https:\/\/x.com\/portalmfoficial\" \/>\n<meta name=\"twitter:label1\" content=\"Escrito por\" \/>\n\t<meta name=\"twitter:data1\" content=\"Reda\u00e7\u00e3o Portal MF\" \/>\n\t<meta name=\"twitter:label2\" content=\"Est. tempo de leitura\" \/>\n\t<meta name=\"twitter:data2\" content=\"2 minutos\" \/>\n<script type=\"application\/ld+json\" class=\"yoast-schema-graph\">{\"@context\":\"https:\/\/schema.org\",\"@graph\":[{\"@type\":\"WebPage\",\"@id\":\"https:\/\/portalmf.com.br\/index.php\/2024\/10\/02\/jose-ronaldo-assume-compromisso-de-asfaltar-ruas-e-solucionar-alagamentos-no-bairro-baraunas\/\",\"url\":\"https:\/\/portalmf.com.br\/index.php\/2024\/10\/02\/jose-ronaldo-assume-compromisso-de-asfaltar-ruas-e-solucionar-alagamentos-no-bairro-baraunas\/\",\"name\":\"Jos\u00e9 Ronaldo assume compromisso de asfaltar ruas e solucionar alagamentos no bairro Bara\u00fanas - Portal MF\",\"isPartOf\":{\"@id\":\"https:\/\/portalmf.com.br\/#website\"},\"primaryImageOfPage\":{\"@id\":\"https:\/\/portalmf.com.br\/index.php\/2024\/10\/02\/jose-ronaldo-assume-compromisso-de-asfaltar-ruas-e-solucionar-alagamentos-no-bairro-baraunas\/#primaryimage\"},\"image\":{\"@id\":\"https:\/\/portalmf.com.br\/index.php\/2024\/10\/02\/jose-ronaldo-assume-compromisso-de-asfaltar-ruas-e-solucionar-alagamentos-no-bairro-baraunas\/#primaryimage\"},\"thumbnailUrl\":\"https:\/\/portalmf.com.br\/wp-content\/uploads\/2024\/10\/Jose-Ronaldo-assume-compromisso-de-asfaltar-ruas-e-solucionar-alagamentos-no-bairro-Baraunas.jpg\",\"datePublished\":\"2024-10-02T18:52:32+00:00\",\"dateModified\":\"2024-10-02T18:52:33+00:00\",\"author\":{\"@id\":\"https:\/\/portalmf.com.br\/#\/schema\/person\/9ec101baf56233e53520c26de5d6f6f0\"},\"breadcrumb\":{\"@id\":\"https:\/\/portalmf.com.br\/index.php\/2024\/10\/02\/jose-ronaldo-assume-compromisso-de-asfaltar-ruas-e-solucionar-alagamentos-no-bairro-baraunas\/#breadcrumb\"},\"inLanguage\":\"pt-BR\",\"potentialAction\":[{\"@type\":\"ReadAction\",\"target\":[\"https:\/\/portalmf.com.br\/index.php\/2024\/10\/02\/jose-ronaldo-assume-compromisso-de-asfaltar-ruas-e-solucionar-alagamentos-no-bairro-baraunas\/\"]}]},{\"@type\":\"ImageObject\",\"inLanguage\":\"pt-BR\",\"@id\":\"https:\/\/portalmf.com.br\/index.php\/2024\/10\/02\/jose-ronaldo-assume-compromisso-de-asfaltar-ruas-e-solucionar-alagamentos-no-bairro-baraunas\/#primaryimage\",\"url\":\"https:\/\/portalmf.com.br\/wp-content\/uploads\/2024\/10\/Jose-Ronaldo-assume-compromisso-de-asfaltar-ruas-e-solucionar-alagamentos-no-bairro-Baraunas.jpg\",\"contentUrl\":\"https:\/\/portalmf.com.br\/wp-content\/uploads\/2024\/10\/Jose-Ronaldo-assume-compromisso-de-asfaltar-ruas-e-solucionar-alagamentos-no-bairro-Baraunas.jpg\",\"width\":1600,\"height\":1066},{\"@type\":\"BreadcrumbList\",\"@id\":\"https:\/\/portalmf.com.br\/index.php\/2024\/10\/02\/jose-ronaldo-assume-compromisso-de-asfaltar-ruas-e-solucionar-alagamentos-no-bairro-baraunas\/#breadcrumb\",\"itemListElement\":[{\"@type\":\"ListItem\",\"position\":1,\"name\":\"In\u00edcio\",\"item\":\"https:\/\/portalmf.com.br\/\"},{\"@type\":\"ListItem\",\"position\":2,\"name\":\"Jos\u00e9 Ronaldo assume compromisso de asfaltar ruas e solucionar alagamentos no bairro Bara\u00fanas\"}]},{\"@type\":\"WebSite\",\"@id\":\"https:\/\/portalmf.com.br\/#website\",\"url\":\"https:\/\/portalmf.com.br\/\",\"name\":\"Portal MF\",\"description\":\"Voc\u00ea conectado com a informa\u00e7\u00e3o\",\"potentialAction\":[{\"@type\":\"SearchAction\",\"target\":{\"@type\":\"EntryPoint\",\"urlTemplate\":\"https:\/\/portalmf.com.br\/?s={search_term_string}\"},\"query-input\":\"required name=search_term_string\"}],\"inLanguage\":\"pt-BR\"},{\"@type\":\"Person\",\"@id\":\"https:\/\/portalmf.com.br\/#\/schema\/person\/9ec101baf56233e53520c26de5d6f6f0\",\"name\":\"Reda\u00e7\u00e3o Portal MF\",\"image\":{\"@type\":\"ImageObject\",\"inLanguage\":\"pt-BR\",\"@id\":\"https:\/\/portalmf.com.br\/#\/schema\/person\/image\/\",\"url\":\"https:\/\/secure.gravatar.com\/avatar\/41b9aaeb2100835f7c64362330f74c7f?s=96&d=mm&r=g\",\"contentUrl\":\"https:\/\/secure.gravatar.com\/avatar\/41b9aaeb2100835f7c64362330f74c7f?s=96&d=mm&r=g\",\"caption\":\"Reda\u00e7\u00e3o Portal MF\"},\"description\":\"Sejam bem-vindos o portal de informa\u00e7\u00f5es de entretenimento de Feira de Santana, desde 2006 realiza coberturas dos principais eventos com entrevistas exclusivas com as principais personalidades mundiais. Fique conectado tamb\u00e9m nas redes sociais.\",\"sameAs\":[\"http:\/\/www.portalmf.com.br\/\",\"https:\/\/www.facebook.com\/portalmfoficial\",\"https:\/\/www.instagram.com\/portalmf\/\",\"https:\/\/x.com\/https:\/\/x.com\/portalmfoficial\",\"https:\/\/www.youtube.com\/@portalmfoficial\"],\"url\":\"https:\/\/portalmf.com.br\/index.php\/author\/junior\/\"}]}<\/script>\n<!-- \/ Yoast SEO plugin. -->","yoast_head_json":{"title":"Jos\u00e9 Ronaldo assume compromisso de asfaltar ruas e solucionar alagamentos no bairro Bara\u00fanas - Portal MF","robots":{"index":"index","follow":"follow","max-snippet":"max-snippet:-1","max-image-preview":"max-image-preview:large","max-video-preview":"max-video-preview:-1"},"canonical":"https:\/\/portalmf.com.br\/index.php\/2024\/10\/02\/jose-ronaldo-assume-compromisso-de-asfaltar-ruas-e-solucionar-alagamentos-no-bairro-baraunas\/","og_locale":"pt_BR","og_type":"article","og_title":"Jos\u00e9 Ronaldo assume compromisso de asfaltar ruas e solucionar alagamentos no bairro Bara\u00fanas - Portal MF","og_description":"O candidato a prefeito de Feira de Santana pela coliga\u00e7\u00e3o \u201cO amor sempre vence\u201d, Jos\u00e9 Ronaldo (Uni\u00e3o Brasil), reafirmou seu compromisso com a melhoria da infraestrutura urbana durante caminhada no bairro Bara\u00fanas. Durante o evento, realizado ontem (1\u00ba), Ronaldo anunciou que, caso eleito, promover\u00e1 um grande banho de asfalto nas ruas da localidade, al\u00e9m de [&hellip;]","og_url":"https:\/\/portalmf.com.br\/index.php\/2024\/10\/02\/jose-ronaldo-assume-compromisso-de-asfaltar-ruas-e-solucionar-alagamentos-no-bairro-baraunas\/","og_site_name":"Portal MF","article_author":"https:\/\/www.facebook.com\/portalmfoficial","article_published_time":"2024-10-02T18:52:32+00:00","article_modified_time":"2024-10-02T18:52:33+00:00","og_image":[{"width":1600,"height":1066,"url":"https:\/\/portalmf.com.br\/wp-content\/uploads\/2024\/10\/Jose-Ronaldo-assume-compromisso-de-asfaltar-ruas-e-solucionar-alagamentos-no-bairro-Baraunas.jpg","type":"image\/jpeg"}],"author":"Reda\u00e7\u00e3o Portal MF","twitter_card":"summary_large_image","twitter_creator":"@https:\/\/x.com\/portalmfoficial","twitter_misc":{"Escrito por":"Reda\u00e7\u00e3o Portal MF","Est. tempo de leitura":"2 minutos"},"schema":{"@context":"https:\/\/schema.org","@graph":[{"@type":"WebPage","@id":"https:\/\/portalmf.com.br\/index.php\/2024\/10\/02\/jose-ronaldo-assume-compromisso-de-asfaltar-ruas-e-solucionar-alagamentos-no-bairro-baraunas\/","url":"https:\/\/portalmf.com.br\/index.php\/2024\/10\/02\/jose-ronaldo-assume-compromisso-de-asfaltar-ruas-e-solucionar-alagamentos-no-bairro-baraunas\/","name":"Jos\u00e9 Ronaldo assume compromisso de asfaltar ruas e solucionar alagamentos no bairro Bara\u00fanas - Portal MF","isPartOf":{"@id":"https:\/\/portalmf.com.br\/#website"},"primaryImageOfPage":{"@id":"https:\/\/portalmf.com.br\/index.php\/2024\/10\/02\/jose-ronaldo-assume-compromisso-de-asfaltar-ruas-e-solucionar-alagamentos-no-bairro-baraunas\/#primaryimage"},"image":{"@id":"https:\/\/portalmf.com.br\/index.php\/2024\/10\/02\/jose-ronaldo-assume-compromisso-de-asfaltar-ruas-e-solucionar-alagamentos-no-bairro-baraunas\/#primaryimage"},"thumbnailUrl":"https:\/\/portalmf.com.br\/wp-content\/uploads\/2024\/10\/Jose-Ronaldo-assume-compromisso-de-asfaltar-ruas-e-solucionar-alagamentos-no-bairro-Baraunas.jpg","datePublished":"2024-10-02T18:52:32+00:00","dateModified":"2024-10-02T18:52:33+00:00","author":{"@id":"https:\/\/portalmf.com.br\/#\/schema\/person\/9ec101baf56233e53520c26de5d6f6f0"},"breadcrumb":{"@id":"https:\/\/portalmf.com.br\/index.php\/2024\/10\/02\/jose-ronaldo-assume-compromisso-de-asfaltar-ruas-e-solucionar-alagamentos-no-bairro-baraunas\/#breadcrumb"},"inLanguage":"pt-BR","potentialAction":[{"@type":"ReadAction","target":["https:\/\/portalmf.com.br\/index.php\/2024\/10\/02\/jose-ronaldo-assume-compromisso-de-asfaltar-ruas-e-solucionar-alagamentos-no-bairro-baraunas\/"]}]},{"@type":"ImageObject","inLanguage":"pt-BR","@id":"https:\/\/portalmf.com.br\/index.php\/2024\/10\/02\/jose-ronaldo-assume-compromisso-de-asfaltar-ruas-e-solucionar-alagamentos-no-bairro-baraunas\/#primaryimage","url":"https:\/\/portalmf.com.br\/wp-content\/uploads\/2024\/10\/Jose-Ronaldo-assume-compromisso-de-asfaltar-ruas-e-solucionar-alagamentos-no-bairro-Baraunas.jpg","contentUrl":"https:\/\/portalmf.com.br\/wp-content\/uploads\/2024\/10\/Jose-Ronaldo-assume-compromisso-de-asfaltar-ruas-e-solucionar-alagamentos-no-bairro-Baraunas.jpg","width":1600,"height":1066},{"@type":"BreadcrumbList","@id":"https:\/\/portalmf.com.br\/index.php\/2024\/10\/02\/jose-ronaldo-assume-compromisso-de-asfaltar-ruas-e-solucionar-alagamentos-no-bairro-baraunas\/#breadcrumb","itemListElement":[{"@type":"ListItem","position":1,"name":"In\u00edcio","item":"https:\/\/portalmf.com.br\/"},{"@type":"ListItem","position":2,"name":"Jos\u00e9 Ronaldo assume compromisso de asfaltar ruas e solucionar alagamentos no bairro Bara\u00fanas"}]},{"@type":"WebSite","@id":"https:\/\/portalmf.com.br\/#website","url":"https:\/\/portalmf.com.br\/","name":"Portal MF","description":"Voc\u00ea conectado com a informa\u00e7\u00e3o","potentialAction":[{"@type":"SearchAction","target":{"@type":"EntryPoint","urlTemplate":"https:\/\/portalmf.com.br\/?s={search_term_string}"},"query-input":"required name=search_term_string"}],"inLanguage":"pt-BR"},{"@type":"Person","@id":"https:\/\/portalmf.com.br\/#\/schema\/person\/9ec101baf56233e53520c26de5d6f6f0","name":"Reda\u00e7\u00e3o Portal MF","image":{"@type":"ImageObject","inLanguage":"pt-BR","@id":"https:\/\/portalmf.com.br\/#\/schema\/person\/image\/","url":"https:\/\/secure.gravatar.com\/avatar\/41b9aaeb2100835f7c64362330f74c7f?s=96&d=mm&r=g","contentUrl":"https:\/\/secure.gravatar.com\/avatar\/41b9aaeb2100835f7c64362330f74c7f?s=96&d=mm&r=g","caption":"Reda\u00e7\u00e3o Portal MF"},"description":"Sejam bem-vindos o portal de informa\u00e7\u00f5es de entretenimento de Feira de Santana, desde 2006 realiza coberturas dos principais eventos com entrevistas exclusivas com as principais personalidades mundiais. Fique conectado tamb\u00e9m nas redes sociais.","sameAs":["http:\/\/www.portalmf.com.br\/","https:\/\/www.facebook.com\/portalmfoficial","https:\/\/www.instagram.com\/portalmf\/","https:\/\/x.com\/https:\/\/x.com\/portalmfoficial","https:\/\/www.youtube.com\/@portalmfoficial"],"url":"https:\/\/portalmf.com.br\/index.php\/author\/junior\/"}]}},"_links":{"self":[{"href":"https:\/\/portalmf.com.br\/index.php\/wp-json\/wp\/v2\/posts\/30397"}],"collection":[{"href":"https:\/\/portalmf.com.br\/index.php\/wp-json\/wp\/v2\/posts"}],"about":[{"href":"https:\/\/portalmf.com.br\/index.php\/wp-json\/wp\/v2\/types\/post"}],"author":[{"embeddable":true,"href":"https:\/\/portalmf.com.br\/index.php\/wp-json\/wp\/v2\/users\/3"}],"replies":[{"embeddable":true,"href":"https:\/\/portalmf.com.br\/index.php\/wp-json\/wp\/v2\/comments?post=30397"}],"version-history":[{"count":1,"href":"https:\/\/portalmf.com.br\/index.php\/wp-json\/wp\/v2\/posts\/30397\/revisions"}],"predecessor-version":[{"id":30399,"href":"https:\/\/portalmf.com.br\/index.php\/wp-json\/wp\/v2\/posts\/30397\/revisions\/30399"}],"wp:featuredmedia":[{"embeddable":true,"href":"https:\/\/portalmf.com.br\/index.php\/wp-json\/wp\/v2\/media\/30398"}],"wp:attachment":[{"href":"https:\/\/portalmf.com.br\/index.php\/wp-json\/wp\/v2\/media?parent=30397"}],"wp:term":[{"taxonomy":"category","embeddable":true,"href":"https:\/\/portalmf.com.br\/index.php\/wp-json\/wp\/v2\/categories?post=30397"},{"taxonomy":"post_tag","embeddable":true,"href":"https:\/\/portalmf.com.br\/index.php\/wp-json\/wp\/v2\/tags?post=30397"}],"curies":[{"name":"wp","href":"https:\/\/api.w.org\/{rel}","templated":true}]}}