{"id":30385,"date":"2024-10-01T19:30:00","date_gmt":"2024-10-01T22:30:00","guid":{"rendered":"https:\/\/portalmf.com.br\/?p=30385"},"modified":"2024-10-02T12:32:15","modified_gmt":"2024-10-02T15:32:15","slug":"em-feira-wagner-reforca-importancia-de-prefeito-aliado-de-lula-e-avalia-que-ze-neto-disparou-na-hora-certa","status":"publish","type":"post","link":"https:\/\/portalmf.com.br\/index.php\/2024\/10\/01\/em-feira-wagner-reforca-importancia-de-prefeito-aliado-de-lula-e-avalia-que-ze-neto-disparou-na-hora-certa\/","title":{"rendered":"Em Feira, Wagner refor\u00e7a import\u00e2ncia de prefeito aliado de Lula e avalia que Z\u00e9 Neto &#8220;disparou&#8221; na hora certa"},"content":{"rendered":"\n<p>O l\u00edder do governo Lula no Senado, Jaques Wagner (PT), destacou a import\u00e2ncia de eleger um prefeito alinhado ao governo federal, mencionando que a candidatura de Z\u00e9 Neto \u201cdisparou\u201d no momento certo e que ela est\u00e1 se desenvolvendo conforme suas expectativas. A declara\u00e7\u00e3o do ex-governador da Bahia aconteceu durante Encontro com as Mulheres, nesta ter\u00e7a-feira (1), no mesmo dia em que a pesquisa do IPM Brasil\/Salvador FM apontou lideran\u00e7a do candidato da Coliga\u00e7\u00e3o Pra Fazer o Futuro Acontecer, com 51% das inten\u00e7\u00f5es de voto, no estudo que veicula o apoio do presidente Lula.<\/p>\n\n\n\n<p><em>\u201cA melhor vit\u00f3ria \u00e9 essa, quando a gente n\u00e3o sai na frente, mas chega na frente\u201d,<\/em> afirmou Wagner.<\/p>\n\n\n\n<p>\u201cVamos sair na frente atropelando o outro advers\u00e1rio. Agora, tem que dar uma canseira\u201d, brincou, referindo-se \u00e0 necessidade de trabalho intenso e mobiliza\u00e7\u00e3o.<\/p>\n\n\n\n<p> <em>\u201c\u00c9 hora de passar cebo nas canelas e intensificar as a\u00e7\u00f5es de rua\u201d,<\/em> observou.<\/p>\n\n\n\n<p>Antes de participar de um ato de rua no FeiraGuay, o senador tamb\u00e9m defendeu que a harmonia entre os diferentes n\u00edveis de governo facilita a implementa\u00e7\u00e3o de projetos e melhorias para a cidade.<\/p>\n\n\n\n<p><em>\u201cQuando h\u00e1 harmonia e um bom projeto, as coisas rodam muito mais f\u00e1cil\u201d,<\/em> afirmou.<\/p>\n\n\n\n<p><em>\u201cN\u00e3o tenho d\u00favidas de que Feira de Santana tem muito a ganhar com o dinamismo e as novas ideias de Z\u00e9 Neto, al\u00e9m do alinhamento tranquilo que ele ter\u00e1 com o Governo do Estado e o Governo Federal\u201d,<\/em> concluiu o senador Jaques Wagner.<\/p>\n","protected":false},"excerpt":{"rendered":"<p>O l\u00edder do governo Lula no Senado, Jaques Wagner (PT), destacou a import\u00e2ncia de eleger um prefeito alinhado ao governo federal, mencionando que a candidatura de Z\u00e9 Neto \u201cdisparou\u201d no momento certo e que ela est\u00e1 se desenvolvendo conforme suas expectativas. A declara\u00e7\u00e3o do ex-governador da Bahia aconteceu durante Encontro com as Mulheres, nesta ter\u00e7a-feira [&hellip;]<\/p>\n","protected":false},"author":3,"featured_media":30386,"comment_status":"open","ping_status":"open","sticky":false,"template":"","format":"standard","meta":{"_monsterinsights_skip_tracking":false,"_monsterinsights_sitenote_active":false,"_monsterinsights_sitenote_note":"","_monsterinsights_sitenote_category":0,"footnotes":""},"categories":[301,34],"tags":[],"yoast_head":"<!-- This site is optimized with the Yoast SEO plugin v22.9 - https:\/\/yoast.com\/wordpress\/plugins\/seo\/ -->\n<title>Em Feira, Wagner refor\u00e7a import\u00e2ncia de prefeito aliado de Lula e avalia que Z\u00e9 Neto &quot;disparou&quot; na hora certa - Portal MF<\/title>\n<meta name=\"robots\" content=\"index, follow, max-snippet:-1, max-image-preview:large, max-video-preview:-1\" \/>\n<link rel=\"canonical\" href=\"https:\/\/portalmf.com.br\/index.php\/2024\/10\/01\/em-feira-wagner-reforca-importancia-de-prefeito-aliado-de-lula-e-avalia-que-ze-neto-disparou-na-hora-certa\/\" \/>\n<meta property=\"og:locale\" content=\"pt_BR\" \/>\n<meta property=\"og:type\" content=\"article\" \/>\n<meta property=\"og:title\" content=\"Em Feira, Wagner refor\u00e7a import\u00e2ncia de prefeito aliado de Lula e avalia que Z\u00e9 Neto &quot;disparou&quot; na hora certa - Portal MF\" \/>\n<meta property=\"og:description\" content=\"O l\u00edder do governo Lula no Senado, Jaques Wagner (PT), destacou a import\u00e2ncia de eleger um prefeito alinhado ao governo federal, mencionando que a candidatura de Z\u00e9 Neto \u201cdisparou\u201d no momento certo e que ela est\u00e1 se desenvolvendo conforme suas expectativas. A declara\u00e7\u00e3o do ex-governador da Bahia aconteceu durante Encontro com as Mulheres, nesta ter\u00e7a-feira [&hellip;]\" \/>\n<meta property=\"og:url\" content=\"https:\/\/portalmf.com.br\/index.php\/2024\/10\/01\/em-feira-wagner-reforca-importancia-de-prefeito-aliado-de-lula-e-avalia-que-ze-neto-disparou-na-hora-certa\/\" \/>\n<meta property=\"og:site_name\" content=\"Portal MF\" \/>\n<meta property=\"article:author\" content=\"https:\/\/www.facebook.com\/portalmfoficial\" \/>\n<meta property=\"article:published_time\" content=\"2024-10-01T22:30:00+00:00\" \/>\n<meta property=\"article:modified_time\" content=\"2024-10-02T15:32:15+00:00\" \/>\n<meta property=\"og:image\" content=\"https:\/\/portalmf.com.br\/wp-content\/uploads\/2024\/10\/Em-Feira-Wagner-reforca-importancia-de-prefeito-aliado-de-Lula-e-avalia-que-Ze-Neto.jpg\" \/>\n\t<meta property=\"og:image:width\" content=\"800\" \/>\n\t<meta property=\"og:image:height\" content=\"600\" \/>\n\t<meta property=\"og:image:type\" content=\"image\/jpeg\" \/>\n<meta name=\"author\" content=\"Reda\u00e7\u00e3o Portal MF\" \/>\n<meta name=\"twitter:card\" content=\"summary_large_image\" \/>\n<meta name=\"twitter:creator\" content=\"@https:\/\/x.com\/portalmfoficial\" \/>\n<meta name=\"twitter:label1\" content=\"Escrito por\" \/>\n\t<meta name=\"twitter:data1\" content=\"Reda\u00e7\u00e3o Portal MF\" \/>\n\t<meta name=\"twitter:label2\" content=\"Est. tempo de leitura\" \/>\n\t<meta name=\"twitter:data2\" content=\"2 minutos\" \/>\n<script type=\"application\/ld+json\" class=\"yoast-schema-graph\">{\"@context\":\"https:\/\/schema.org\",\"@graph\":[{\"@type\":\"WebPage\",\"@id\":\"https:\/\/portalmf.com.br\/index.php\/2024\/10\/01\/em-feira-wagner-reforca-importancia-de-prefeito-aliado-de-lula-e-avalia-que-ze-neto-disparou-na-hora-certa\/\",\"url\":\"https:\/\/portalmf.com.br\/index.php\/2024\/10\/01\/em-feira-wagner-reforca-importancia-de-prefeito-aliado-de-lula-e-avalia-que-ze-neto-disparou-na-hora-certa\/\",\"name\":\"Em Feira, Wagner refor\u00e7a import\u00e2ncia de prefeito aliado de Lula e avalia que Z\u00e9 Neto \\\"disparou\\\" na hora certa - Portal MF\",\"isPartOf\":{\"@id\":\"https:\/\/portalmf.com.br\/#website\"},\"primaryImageOfPage\":{\"@id\":\"https:\/\/portalmf.com.br\/index.php\/2024\/10\/01\/em-feira-wagner-reforca-importancia-de-prefeito-aliado-de-lula-e-avalia-que-ze-neto-disparou-na-hora-certa\/#primaryimage\"},\"image\":{\"@id\":\"https:\/\/portalmf.com.br\/index.php\/2024\/10\/01\/em-feira-wagner-reforca-importancia-de-prefeito-aliado-de-lula-e-avalia-que-ze-neto-disparou-na-hora-certa\/#primaryimage\"},\"thumbnailUrl\":\"https:\/\/portalmf.com.br\/wp-content\/uploads\/2024\/10\/Em-Feira-Wagner-reforca-importancia-de-prefeito-aliado-de-Lula-e-avalia-que-Ze-Neto.jpg\",\"datePublished\":\"2024-10-01T22:30:00+00:00\",\"dateModified\":\"2024-10-02T15:32:15+00:00\",\"author\":{\"@id\":\"https:\/\/portalmf.com.br\/#\/schema\/person\/9ec101baf56233e53520c26de5d6f6f0\"},\"breadcrumb\":{\"@id\":\"https:\/\/portalmf.com.br\/index.php\/2024\/10\/01\/em-feira-wagner-reforca-importancia-de-prefeito-aliado-de-lula-e-avalia-que-ze-neto-disparou-na-hora-certa\/#breadcrumb\"},\"inLanguage\":\"pt-BR\",\"potentialAction\":[{\"@type\":\"ReadAction\",\"target\":[\"https:\/\/portalmf.com.br\/index.php\/2024\/10\/01\/em-feira-wagner-reforca-importancia-de-prefeito-aliado-de-lula-e-avalia-que-ze-neto-disparou-na-hora-certa\/\"]}]},{\"@type\":\"ImageObject\",\"inLanguage\":\"pt-BR\",\"@id\":\"https:\/\/portalmf.com.br\/index.php\/2024\/10\/01\/em-feira-wagner-reforca-importancia-de-prefeito-aliado-de-lula-e-avalia-que-ze-neto-disparou-na-hora-certa\/#primaryimage\",\"url\":\"https:\/\/portalmf.com.br\/wp-content\/uploads\/2024\/10\/Em-Feira-Wagner-reforca-importancia-de-prefeito-aliado-de-Lula-e-avalia-que-Ze-Neto.jpg\",\"contentUrl\":\"https:\/\/portalmf.com.br\/wp-content\/uploads\/2024\/10\/Em-Feira-Wagner-reforca-importancia-de-prefeito-aliado-de-Lula-e-avalia-que-Ze-Neto.jpg\",\"width\":800,\"height\":600},{\"@type\":\"BreadcrumbList\",\"@id\":\"https:\/\/portalmf.com.br\/index.php\/2024\/10\/01\/em-feira-wagner-reforca-importancia-de-prefeito-aliado-de-lula-e-avalia-que-ze-neto-disparou-na-hora-certa\/#breadcrumb\",\"itemListElement\":[{\"@type\":\"ListItem\",\"position\":1,\"name\":\"In\u00edcio\",\"item\":\"https:\/\/portalmf.com.br\/\"},{\"@type\":\"ListItem\",\"position\":2,\"name\":\"Em Feira, Wagner refor\u00e7a import\u00e2ncia de prefeito aliado de Lula e avalia que Z\u00e9 Neto &#8220;disparou&#8221; na hora certa\"}]},{\"@type\":\"WebSite\",\"@id\":\"https:\/\/portalmf.com.br\/#website\",\"url\":\"https:\/\/portalmf.com.br\/\",\"name\":\"Portal MF\",\"description\":\"Voc\u00ea conectado com a informa\u00e7\u00e3o\",\"potentialAction\":[{\"@type\":\"SearchAction\",\"target\":{\"@type\":\"EntryPoint\",\"urlTemplate\":\"https:\/\/portalmf.com.br\/?s={search_term_string}\"},\"query-input\":\"required name=search_term_string\"}],\"inLanguage\":\"pt-BR\"},{\"@type\":\"Person\",\"@id\":\"https:\/\/portalmf.com.br\/#\/schema\/person\/9ec101baf56233e53520c26de5d6f6f0\",\"name\":\"Reda\u00e7\u00e3o Portal MF\",\"image\":{\"@type\":\"ImageObject\",\"inLanguage\":\"pt-BR\",\"@id\":\"https:\/\/portalmf.com.br\/#\/schema\/person\/image\/\",\"url\":\"https:\/\/secure.gravatar.com\/avatar\/41b9aaeb2100835f7c64362330f74c7f?s=96&d=mm&r=g\",\"contentUrl\":\"https:\/\/secure.gravatar.com\/avatar\/41b9aaeb2100835f7c64362330f74c7f?s=96&d=mm&r=g\",\"caption\":\"Reda\u00e7\u00e3o Portal MF\"},\"description\":\"Sejam bem-vindos o portal de informa\u00e7\u00f5es de entretenimento de Feira de Santana, desde 2006 realiza coberturas dos principais eventos com entrevistas exclusivas com as principais personalidades mundiais. Fique conectado tamb\u00e9m nas redes sociais.\",\"sameAs\":[\"http:\/\/www.portalmf.com.br\/\",\"https:\/\/www.facebook.com\/portalmfoficial\",\"https:\/\/www.instagram.com\/portalmf\/\",\"https:\/\/x.com\/https:\/\/x.com\/portalmfoficial\",\"https:\/\/www.youtube.com\/@portalmfoficial\"],\"url\":\"https:\/\/portalmf.com.br\/index.php\/author\/junior\/\"}]}<\/script>\n<!-- \/ Yoast SEO plugin. -->","yoast_head_json":{"title":"Em Feira, Wagner refor\u00e7a import\u00e2ncia de prefeito aliado de Lula e avalia que Z\u00e9 Neto \"disparou\" na hora certa - Portal MF","robots":{"index":"index","follow":"follow","max-snippet":"max-snippet:-1","max-image-preview":"max-image-preview:large","max-video-preview":"max-video-preview:-1"},"canonical":"https:\/\/portalmf.com.br\/index.php\/2024\/10\/01\/em-feira-wagner-reforca-importancia-de-prefeito-aliado-de-lula-e-avalia-que-ze-neto-disparou-na-hora-certa\/","og_locale":"pt_BR","og_type":"article","og_title":"Em Feira, Wagner refor\u00e7a import\u00e2ncia de prefeito aliado de Lula e avalia que Z\u00e9 Neto \"disparou\" na hora certa - Portal MF","og_description":"O l\u00edder do governo Lula no Senado, Jaques Wagner (PT), destacou a import\u00e2ncia de eleger um prefeito alinhado ao governo federal, mencionando que a candidatura de Z\u00e9 Neto \u201cdisparou\u201d no momento certo e que ela est\u00e1 se desenvolvendo conforme suas expectativas. A declara\u00e7\u00e3o do ex-governador da Bahia aconteceu durante Encontro com as Mulheres, nesta ter\u00e7a-feira [&hellip;]","og_url":"https:\/\/portalmf.com.br\/index.php\/2024\/10\/01\/em-feira-wagner-reforca-importancia-de-prefeito-aliado-de-lula-e-avalia-que-ze-neto-disparou-na-hora-certa\/","og_site_name":"Portal MF","article_author":"https:\/\/www.facebook.com\/portalmfoficial","article_published_time":"2024-10-01T22:30:00+00:00","article_modified_time":"2024-10-02T15:32:15+00:00","og_image":[{"width":800,"height":600,"url":"https:\/\/portalmf.com.br\/wp-content\/uploads\/2024\/10\/Em-Feira-Wagner-reforca-importancia-de-prefeito-aliado-de-Lula-e-avalia-que-Ze-Neto.jpg","type":"image\/jpeg"}],"author":"Reda\u00e7\u00e3o Portal MF","twitter_card":"summary_large_image","twitter_creator":"@https:\/\/x.com\/portalmfoficial","twitter_misc":{"Escrito por":"Reda\u00e7\u00e3o Portal MF","Est. tempo de leitura":"2 minutos"},"schema":{"@context":"https:\/\/schema.org","@graph":[{"@type":"WebPage","@id":"https:\/\/portalmf.com.br\/index.php\/2024\/10\/01\/em-feira-wagner-reforca-importancia-de-prefeito-aliado-de-lula-e-avalia-que-ze-neto-disparou-na-hora-certa\/","url":"https:\/\/portalmf.com.br\/index.php\/2024\/10\/01\/em-feira-wagner-reforca-importancia-de-prefeito-aliado-de-lula-e-avalia-que-ze-neto-disparou-na-hora-certa\/","name":"Em Feira, Wagner refor\u00e7a import\u00e2ncia de prefeito aliado de Lula e avalia que Z\u00e9 Neto \"disparou\" na hora certa - Portal MF","isPartOf":{"@id":"https:\/\/portalmf.com.br\/#website"},"primaryImageOfPage":{"@id":"https:\/\/portalmf.com.br\/index.php\/2024\/10\/01\/em-feira-wagner-reforca-importancia-de-prefeito-aliado-de-lula-e-avalia-que-ze-neto-disparou-na-hora-certa\/#primaryimage"},"image":{"@id":"https:\/\/portalmf.com.br\/index.php\/2024\/10\/01\/em-feira-wagner-reforca-importancia-de-prefeito-aliado-de-lula-e-avalia-que-ze-neto-disparou-na-hora-certa\/#primaryimage"},"thumbnailUrl":"https:\/\/portalmf.com.br\/wp-content\/uploads\/2024\/10\/Em-Feira-Wagner-reforca-importancia-de-prefeito-aliado-de-Lula-e-avalia-que-Ze-Neto.jpg","datePublished":"2024-10-01T22:30:00+00:00","dateModified":"2024-10-02T15:32:15+00:00","author":{"@id":"https:\/\/portalmf.com.br\/#\/schema\/person\/9ec101baf56233e53520c26de5d6f6f0"},"breadcrumb":{"@id":"https:\/\/portalmf.com.br\/index.php\/2024\/10\/01\/em-feira-wagner-reforca-importancia-de-prefeito-aliado-de-lula-e-avalia-que-ze-neto-disparou-na-hora-certa\/#breadcrumb"},"inLanguage":"pt-BR","potentialAction":[{"@type":"ReadAction","target":["https:\/\/portalmf.com.br\/index.php\/2024\/10\/01\/em-feira-wagner-reforca-importancia-de-prefeito-aliado-de-lula-e-avalia-que-ze-neto-disparou-na-hora-certa\/"]}]},{"@type":"ImageObject","inLanguage":"pt-BR","@id":"https:\/\/portalmf.com.br\/index.php\/2024\/10\/01\/em-feira-wagner-reforca-importancia-de-prefeito-aliado-de-lula-e-avalia-que-ze-neto-disparou-na-hora-certa\/#primaryimage","url":"https:\/\/portalmf.com.br\/wp-content\/uploads\/2024\/10\/Em-Feira-Wagner-reforca-importancia-de-prefeito-aliado-de-Lula-e-avalia-que-Ze-Neto.jpg","contentUrl":"https:\/\/portalmf.com.br\/wp-content\/uploads\/2024\/10\/Em-Feira-Wagner-reforca-importancia-de-prefeito-aliado-de-Lula-e-avalia-que-Ze-Neto.jpg","width":800,"height":600},{"@type":"BreadcrumbList","@id":"https:\/\/portalmf.com.br\/index.php\/2024\/10\/01\/em-feira-wagner-reforca-importancia-de-prefeito-aliado-de-lula-e-avalia-que-ze-neto-disparou-na-hora-certa\/#breadcrumb","itemListElement":[{"@type":"ListItem","position":1,"name":"In\u00edcio","item":"https:\/\/portalmf.com.br\/"},{"@type":"ListItem","position":2,"name":"Em Feira, Wagner refor\u00e7a import\u00e2ncia de prefeito aliado de Lula e avalia que Z\u00e9 Neto &#8220;disparou&#8221; na hora certa"}]},{"@type":"WebSite","@id":"https:\/\/portalmf.com.br\/#website","url":"https:\/\/portalmf.com.br\/","name":"Portal MF","description":"Voc\u00ea conectado com a informa\u00e7\u00e3o","potentialAction":[{"@type":"SearchAction","target":{"@type":"EntryPoint","urlTemplate":"https:\/\/portalmf.com.br\/?s={search_term_string}"},"query-input":"required name=search_term_string"}],"inLanguage":"pt-BR"},{"@type":"Person","@id":"https:\/\/portalmf.com.br\/#\/schema\/person\/9ec101baf56233e53520c26de5d6f6f0","name":"Reda\u00e7\u00e3o Portal MF","image":{"@type":"ImageObject","inLanguage":"pt-BR","@id":"https:\/\/portalmf.com.br\/#\/schema\/person\/image\/","url":"https:\/\/secure.gravatar.com\/avatar\/41b9aaeb2100835f7c64362330f74c7f?s=96&d=mm&r=g","contentUrl":"https:\/\/secure.gravatar.com\/avatar\/41b9aaeb2100835f7c64362330f74c7f?s=96&d=mm&r=g","caption":"Reda\u00e7\u00e3o Portal MF"},"description":"Sejam bem-vindos o portal de informa\u00e7\u00f5es de entretenimento de Feira de Santana, desde 2006 realiza coberturas dos principais eventos com entrevistas exclusivas com as principais personalidades mundiais. Fique conectado tamb\u00e9m nas redes sociais.","sameAs":["http:\/\/www.portalmf.com.br\/","https:\/\/www.facebook.com\/portalmfoficial","https:\/\/www.instagram.com\/portalmf\/","https:\/\/x.com\/https:\/\/x.com\/portalmfoficial","https:\/\/www.youtube.com\/@portalmfoficial"],"url":"https:\/\/portalmf.com.br\/index.php\/author\/junior\/"}]}},"_links":{"self":[{"href":"https:\/\/portalmf.com.br\/index.php\/wp-json\/wp\/v2\/posts\/30385"}],"collection":[{"href":"https:\/\/portalmf.com.br\/index.php\/wp-json\/wp\/v2\/posts"}],"about":[{"href":"https:\/\/portalmf.com.br\/index.php\/wp-json\/wp\/v2\/types\/post"}],"author":[{"embeddable":true,"href":"https:\/\/portalmf.com.br\/index.php\/wp-json\/wp\/v2\/users\/3"}],"replies":[{"embeddable":true,"href":"https:\/\/portalmf.com.br\/index.php\/wp-json\/wp\/v2\/comments?post=30385"}],"version-history":[{"count":1,"href":"https:\/\/portalmf.com.br\/index.php\/wp-json\/wp\/v2\/posts\/30385\/revisions"}],"predecessor-version":[{"id":30387,"href":"https:\/\/portalmf.com.br\/index.php\/wp-json\/wp\/v2\/posts\/30385\/revisions\/30387"}],"wp:featuredmedia":[{"embeddable":true,"href":"https:\/\/portalmf.com.br\/index.php\/wp-json\/wp\/v2\/media\/30386"}],"wp:attachment":[{"href":"https:\/\/portalmf.com.br\/index.php\/wp-json\/wp\/v2\/media?parent=30385"}],"wp:term":[{"taxonomy":"category","embeddable":true,"href":"https:\/\/portalmf.com.br\/index.php\/wp-json\/wp\/v2\/categories?post=30385"},{"taxonomy":"post_tag","embeddable":true,"href":"https:\/\/portalmf.com.br\/index.php\/wp-json\/wp\/v2\/tags?post=30385"}],"curies":[{"name":"wp","href":"https:\/\/api.w.org\/{rel}","templated":true}]}}