{"id":30382,"date":"2024-10-01T18:27:00","date_gmt":"2024-10-01T21:27:00","guid":{"rendered":"https:\/\/portalmf.com.br\/?p=30382"},"modified":"2024-10-02T12:29:44","modified_gmt":"2024-10-02T15:29:44","slug":"gleisi-afirma-que-eleicao-de-ze-neto-e-prioridade-de-lula-e-do-pt-nacional","status":"publish","type":"post","link":"https:\/\/portalmf.com.br\/index.php\/2024\/10\/01\/gleisi-afirma-que-eleicao-de-ze-neto-e-prioridade-de-lula-e-do-pt-nacional\/","title":{"rendered":"Gleisi afirma que elei\u00e7\u00e3o de Z\u00e9 Neto \u00e9 prioridade de Lula e do PT nacional"},"content":{"rendered":"\n<p>A presidente nacional do PT, Gleisi Hoffmann, reafirmou, em Encontro com as Mulheres, nesta ter\u00e7a-feira (1), em Feira de Santana, que a elei\u00e7\u00e3o de Z\u00e9 Neto \u00e0 prefeitura da cidade \u00e9 uma prioridade para o presidente Lula e do partido em n\u00edvel nacional. Na atividade, em que tamb\u00e9m esteve presente o l\u00edder do governo federal no senado, Jaques Wagner, Gleisi destacou a import\u00e2ncia de Z\u00e9 Neto para a cidade e enfatizou o compromisso do PT em apoi\u00e1-lo a vencer as elei\u00e7\u00f5es no pr\u00f3ximo domingo (6).<\/p>\n\n\n\n<p><em>\u201cEstou muito feliz de estar aqui e saiba que desde o in\u00edcio sua candidatura foi uma prioridade para n\u00f3s\u201d,<\/em> declarou Gleisi, ressaltando a necessidade de uma gest\u00e3o que represente os interesses de Feira de Santana.<\/p>\n\n\n\n<p>Ela tamb\u00e9m mencionou a import\u00e2ncia da colabora\u00e7\u00e3o entre o munic\u00edpio, o governo federal e o governo da Bahia, liderado pelo governador Jer\u00f4nimo Rodrigues.<\/p>\n\n\n\n<p><em>\u201cAchamos que est\u00e1 na hora de Feira de Santana ser governada pelo PT e receber o tratamento adequado que merece, aproveitando a parceria com Lula e Jer\u00f4nimo\u201d,<\/em> enfatizou.<\/p>\n\n\n\n<p>Antes de participar de uma caminhada no FeiraGuay, Gleisi fez um apelo \u00e0 milit\u00e2ncia, enfatizando que o momento exige estrat\u00e9gia e uni\u00e3o.<\/p>\n\n\n\n<p>\u201cA gente precisa ter estrat\u00e9gia, t\u00e1tica e, nesses \u00faltimos dias, \u00e9 a batalha, \u00e9 quando vamos conquistar a vit\u00f3ria\u201d, concluiu.<\/p>\n\n\n\n<p>Com informa\u00e7\u00f5es da Ascom \/ Z\u00e9 Neto<\/p>\n","protected":false},"excerpt":{"rendered":"<p>A presidente nacional do PT, Gleisi Hoffmann, reafirmou, em Encontro com as Mulheres, nesta ter\u00e7a-feira (1), em Feira de Santana, que a elei\u00e7\u00e3o de Z\u00e9 Neto \u00e0 prefeitura da cidade \u00e9 uma prioridade para o presidente Lula e do partido em n\u00edvel nacional. Na atividade, em que tamb\u00e9m esteve presente o l\u00edder do governo federal [&hellip;]<\/p>\n","protected":false},"author":3,"featured_media":30383,"comment_status":"open","ping_status":"open","sticky":false,"template":"","format":"standard","meta":{"_monsterinsights_skip_tracking":false,"_monsterinsights_sitenote_active":false,"_monsterinsights_sitenote_note":"","_monsterinsights_sitenote_category":0,"footnotes":""},"categories":[301,34],"tags":[],"yoast_head":"<!-- This site is optimized with the Yoast SEO plugin v22.9 - https:\/\/yoast.com\/wordpress\/plugins\/seo\/ -->\n<title>Gleisi afirma que elei\u00e7\u00e3o de Z\u00e9 Neto \u00e9 prioridade de Lula e do PT nacional - Portal MF<\/title>\n<meta name=\"robots\" content=\"index, follow, max-snippet:-1, max-image-preview:large, max-video-preview:-1\" \/>\n<link rel=\"canonical\" href=\"https:\/\/portalmf.com.br\/index.php\/2024\/10\/01\/gleisi-afirma-que-eleicao-de-ze-neto-e-prioridade-de-lula-e-do-pt-nacional\/\" \/>\n<meta property=\"og:locale\" content=\"pt_BR\" \/>\n<meta property=\"og:type\" content=\"article\" \/>\n<meta property=\"og:title\" content=\"Gleisi afirma que elei\u00e7\u00e3o de Z\u00e9 Neto \u00e9 prioridade de Lula e do PT nacional - Portal MF\" \/>\n<meta property=\"og:description\" content=\"A presidente nacional do PT, Gleisi Hoffmann, reafirmou, em Encontro com as Mulheres, nesta ter\u00e7a-feira (1), em Feira de Santana, que a elei\u00e7\u00e3o de Z\u00e9 Neto \u00e0 prefeitura da cidade \u00e9 uma prioridade para o presidente Lula e do partido em n\u00edvel nacional. Na atividade, em que tamb\u00e9m esteve presente o l\u00edder do governo federal [&hellip;]\" \/>\n<meta property=\"og:url\" content=\"https:\/\/portalmf.com.br\/index.php\/2024\/10\/01\/gleisi-afirma-que-eleicao-de-ze-neto-e-prioridade-de-lula-e-do-pt-nacional\/\" \/>\n<meta property=\"og:site_name\" content=\"Portal MF\" \/>\n<meta property=\"article:author\" content=\"https:\/\/www.facebook.com\/portalmfoficial\" \/>\n<meta property=\"article:published_time\" content=\"2024-10-01T21:27:00+00:00\" \/>\n<meta property=\"article:modified_time\" content=\"2024-10-02T15:29:44+00:00\" \/>\n<meta property=\"og:image\" content=\"https:\/\/portalmf.com.br\/wp-content\/uploads\/2024\/10\/Gleisi-afirma-que-eleicao-de-Ze-Neto-e-prioridade-de-Lula-e-do-PT-nacional.jpg\" \/>\n\t<meta property=\"og:image:width\" content=\"800\" \/>\n\t<meta property=\"og:image:height\" content=\"562\" \/>\n\t<meta property=\"og:image:type\" content=\"image\/jpeg\" \/>\n<meta name=\"author\" content=\"Reda\u00e7\u00e3o Portal MF\" \/>\n<meta name=\"twitter:card\" content=\"summary_large_image\" \/>\n<meta name=\"twitter:creator\" content=\"@https:\/\/x.com\/portalmfoficial\" \/>\n<meta name=\"twitter:label1\" content=\"Escrito por\" \/>\n\t<meta name=\"twitter:data1\" content=\"Reda\u00e7\u00e3o Portal MF\" \/>\n\t<meta name=\"twitter:label2\" content=\"Est. tempo de leitura\" \/>\n\t<meta name=\"twitter:data2\" content=\"2 minutos\" \/>\n<script type=\"application\/ld+json\" class=\"yoast-schema-graph\">{\"@context\":\"https:\/\/schema.org\",\"@graph\":[{\"@type\":\"WebPage\",\"@id\":\"https:\/\/portalmf.com.br\/index.php\/2024\/10\/01\/gleisi-afirma-que-eleicao-de-ze-neto-e-prioridade-de-lula-e-do-pt-nacional\/\",\"url\":\"https:\/\/portalmf.com.br\/index.php\/2024\/10\/01\/gleisi-afirma-que-eleicao-de-ze-neto-e-prioridade-de-lula-e-do-pt-nacional\/\",\"name\":\"Gleisi afirma que elei\u00e7\u00e3o de Z\u00e9 Neto \u00e9 prioridade de Lula e do PT nacional - Portal MF\",\"isPartOf\":{\"@id\":\"https:\/\/portalmf.com.br\/#website\"},\"primaryImageOfPage\":{\"@id\":\"https:\/\/portalmf.com.br\/index.php\/2024\/10\/01\/gleisi-afirma-que-eleicao-de-ze-neto-e-prioridade-de-lula-e-do-pt-nacional\/#primaryimage\"},\"image\":{\"@id\":\"https:\/\/portalmf.com.br\/index.php\/2024\/10\/01\/gleisi-afirma-que-eleicao-de-ze-neto-e-prioridade-de-lula-e-do-pt-nacional\/#primaryimage\"},\"thumbnailUrl\":\"https:\/\/portalmf.com.br\/wp-content\/uploads\/2024\/10\/Gleisi-afirma-que-eleicao-de-Ze-Neto-e-prioridade-de-Lula-e-do-PT-nacional.jpg\",\"datePublished\":\"2024-10-01T21:27:00+00:00\",\"dateModified\":\"2024-10-02T15:29:44+00:00\",\"author\":{\"@id\":\"https:\/\/portalmf.com.br\/#\/schema\/person\/9ec101baf56233e53520c26de5d6f6f0\"},\"breadcrumb\":{\"@id\":\"https:\/\/portalmf.com.br\/index.php\/2024\/10\/01\/gleisi-afirma-que-eleicao-de-ze-neto-e-prioridade-de-lula-e-do-pt-nacional\/#breadcrumb\"},\"inLanguage\":\"pt-BR\",\"potentialAction\":[{\"@type\":\"ReadAction\",\"target\":[\"https:\/\/portalmf.com.br\/index.php\/2024\/10\/01\/gleisi-afirma-que-eleicao-de-ze-neto-e-prioridade-de-lula-e-do-pt-nacional\/\"]}]},{\"@type\":\"ImageObject\",\"inLanguage\":\"pt-BR\",\"@id\":\"https:\/\/portalmf.com.br\/index.php\/2024\/10\/01\/gleisi-afirma-que-eleicao-de-ze-neto-e-prioridade-de-lula-e-do-pt-nacional\/#primaryimage\",\"url\":\"https:\/\/portalmf.com.br\/wp-content\/uploads\/2024\/10\/Gleisi-afirma-que-eleicao-de-Ze-Neto-e-prioridade-de-Lula-e-do-PT-nacional.jpg\",\"contentUrl\":\"https:\/\/portalmf.com.br\/wp-content\/uploads\/2024\/10\/Gleisi-afirma-que-eleicao-de-Ze-Neto-e-prioridade-de-Lula-e-do-PT-nacional.jpg\",\"width\":800,\"height\":562},{\"@type\":\"BreadcrumbList\",\"@id\":\"https:\/\/portalmf.com.br\/index.php\/2024\/10\/01\/gleisi-afirma-que-eleicao-de-ze-neto-e-prioridade-de-lula-e-do-pt-nacional\/#breadcrumb\",\"itemListElement\":[{\"@type\":\"ListItem\",\"position\":1,\"name\":\"In\u00edcio\",\"item\":\"https:\/\/portalmf.com.br\/\"},{\"@type\":\"ListItem\",\"position\":2,\"name\":\"Gleisi afirma que elei\u00e7\u00e3o de Z\u00e9 Neto \u00e9 prioridade de Lula e do PT nacional\"}]},{\"@type\":\"WebSite\",\"@id\":\"https:\/\/portalmf.com.br\/#website\",\"url\":\"https:\/\/portalmf.com.br\/\",\"name\":\"Portal MF\",\"description\":\"Voc\u00ea conectado com a informa\u00e7\u00e3o\",\"potentialAction\":[{\"@type\":\"SearchAction\",\"target\":{\"@type\":\"EntryPoint\",\"urlTemplate\":\"https:\/\/portalmf.com.br\/?s={search_term_string}\"},\"query-input\":\"required name=search_term_string\"}],\"inLanguage\":\"pt-BR\"},{\"@type\":\"Person\",\"@id\":\"https:\/\/portalmf.com.br\/#\/schema\/person\/9ec101baf56233e53520c26de5d6f6f0\",\"name\":\"Reda\u00e7\u00e3o Portal MF\",\"image\":{\"@type\":\"ImageObject\",\"inLanguage\":\"pt-BR\",\"@id\":\"https:\/\/portalmf.com.br\/#\/schema\/person\/image\/\",\"url\":\"https:\/\/secure.gravatar.com\/avatar\/41b9aaeb2100835f7c64362330f74c7f?s=96&d=mm&r=g\",\"contentUrl\":\"https:\/\/secure.gravatar.com\/avatar\/41b9aaeb2100835f7c64362330f74c7f?s=96&d=mm&r=g\",\"caption\":\"Reda\u00e7\u00e3o Portal MF\"},\"description\":\"Sejam bem-vindos o portal de informa\u00e7\u00f5es de entretenimento de Feira de Santana, desde 2006 realiza coberturas dos principais eventos com entrevistas exclusivas com as principais personalidades mundiais. Fique conectado tamb\u00e9m nas redes sociais.\",\"sameAs\":[\"http:\/\/www.portalmf.com.br\/\",\"https:\/\/www.facebook.com\/portalmfoficial\",\"https:\/\/www.instagram.com\/portalmf\/\",\"https:\/\/x.com\/https:\/\/x.com\/portalmfoficial\",\"https:\/\/www.youtube.com\/@portalmfoficial\"],\"url\":\"https:\/\/portalmf.com.br\/index.php\/author\/junior\/\"}]}<\/script>\n<!-- \/ Yoast SEO plugin. -->","yoast_head_json":{"title":"Gleisi afirma que elei\u00e7\u00e3o de Z\u00e9 Neto \u00e9 prioridade de Lula e do PT nacional - Portal MF","robots":{"index":"index","follow":"follow","max-snippet":"max-snippet:-1","max-image-preview":"max-image-preview:large","max-video-preview":"max-video-preview:-1"},"canonical":"https:\/\/portalmf.com.br\/index.php\/2024\/10\/01\/gleisi-afirma-que-eleicao-de-ze-neto-e-prioridade-de-lula-e-do-pt-nacional\/","og_locale":"pt_BR","og_type":"article","og_title":"Gleisi afirma que elei\u00e7\u00e3o de Z\u00e9 Neto \u00e9 prioridade de Lula e do PT nacional - Portal MF","og_description":"A presidente nacional do PT, Gleisi Hoffmann, reafirmou, em Encontro com as Mulheres, nesta ter\u00e7a-feira (1), em Feira de Santana, que a elei\u00e7\u00e3o de Z\u00e9 Neto \u00e0 prefeitura da cidade \u00e9 uma prioridade para o presidente Lula e do partido em n\u00edvel nacional. Na atividade, em que tamb\u00e9m esteve presente o l\u00edder do governo federal [&hellip;]","og_url":"https:\/\/portalmf.com.br\/index.php\/2024\/10\/01\/gleisi-afirma-que-eleicao-de-ze-neto-e-prioridade-de-lula-e-do-pt-nacional\/","og_site_name":"Portal MF","article_author":"https:\/\/www.facebook.com\/portalmfoficial","article_published_time":"2024-10-01T21:27:00+00:00","article_modified_time":"2024-10-02T15:29:44+00:00","og_image":[{"width":800,"height":562,"url":"https:\/\/portalmf.com.br\/wp-content\/uploads\/2024\/10\/Gleisi-afirma-que-eleicao-de-Ze-Neto-e-prioridade-de-Lula-e-do-PT-nacional.jpg","type":"image\/jpeg"}],"author":"Reda\u00e7\u00e3o Portal MF","twitter_card":"summary_large_image","twitter_creator":"@https:\/\/x.com\/portalmfoficial","twitter_misc":{"Escrito por":"Reda\u00e7\u00e3o Portal MF","Est. tempo de leitura":"2 minutos"},"schema":{"@context":"https:\/\/schema.org","@graph":[{"@type":"WebPage","@id":"https:\/\/portalmf.com.br\/index.php\/2024\/10\/01\/gleisi-afirma-que-eleicao-de-ze-neto-e-prioridade-de-lula-e-do-pt-nacional\/","url":"https:\/\/portalmf.com.br\/index.php\/2024\/10\/01\/gleisi-afirma-que-eleicao-de-ze-neto-e-prioridade-de-lula-e-do-pt-nacional\/","name":"Gleisi afirma que elei\u00e7\u00e3o de Z\u00e9 Neto \u00e9 prioridade de Lula e do PT nacional - Portal MF","isPartOf":{"@id":"https:\/\/portalmf.com.br\/#website"},"primaryImageOfPage":{"@id":"https:\/\/portalmf.com.br\/index.php\/2024\/10\/01\/gleisi-afirma-que-eleicao-de-ze-neto-e-prioridade-de-lula-e-do-pt-nacional\/#primaryimage"},"image":{"@id":"https:\/\/portalmf.com.br\/index.php\/2024\/10\/01\/gleisi-afirma-que-eleicao-de-ze-neto-e-prioridade-de-lula-e-do-pt-nacional\/#primaryimage"},"thumbnailUrl":"https:\/\/portalmf.com.br\/wp-content\/uploads\/2024\/10\/Gleisi-afirma-que-eleicao-de-Ze-Neto-e-prioridade-de-Lula-e-do-PT-nacional.jpg","datePublished":"2024-10-01T21:27:00+00:00","dateModified":"2024-10-02T15:29:44+00:00","author":{"@id":"https:\/\/portalmf.com.br\/#\/schema\/person\/9ec101baf56233e53520c26de5d6f6f0"},"breadcrumb":{"@id":"https:\/\/portalmf.com.br\/index.php\/2024\/10\/01\/gleisi-afirma-que-eleicao-de-ze-neto-e-prioridade-de-lula-e-do-pt-nacional\/#breadcrumb"},"inLanguage":"pt-BR","potentialAction":[{"@type":"ReadAction","target":["https:\/\/portalmf.com.br\/index.php\/2024\/10\/01\/gleisi-afirma-que-eleicao-de-ze-neto-e-prioridade-de-lula-e-do-pt-nacional\/"]}]},{"@type":"ImageObject","inLanguage":"pt-BR","@id":"https:\/\/portalmf.com.br\/index.php\/2024\/10\/01\/gleisi-afirma-que-eleicao-de-ze-neto-e-prioridade-de-lula-e-do-pt-nacional\/#primaryimage","url":"https:\/\/portalmf.com.br\/wp-content\/uploads\/2024\/10\/Gleisi-afirma-que-eleicao-de-Ze-Neto-e-prioridade-de-Lula-e-do-PT-nacional.jpg","contentUrl":"https:\/\/portalmf.com.br\/wp-content\/uploads\/2024\/10\/Gleisi-afirma-que-eleicao-de-Ze-Neto-e-prioridade-de-Lula-e-do-PT-nacional.jpg","width":800,"height":562},{"@type":"BreadcrumbList","@id":"https:\/\/portalmf.com.br\/index.php\/2024\/10\/01\/gleisi-afirma-que-eleicao-de-ze-neto-e-prioridade-de-lula-e-do-pt-nacional\/#breadcrumb","itemListElement":[{"@type":"ListItem","position":1,"name":"In\u00edcio","item":"https:\/\/portalmf.com.br\/"},{"@type":"ListItem","position":2,"name":"Gleisi afirma que elei\u00e7\u00e3o de Z\u00e9 Neto \u00e9 prioridade de Lula e do PT nacional"}]},{"@type":"WebSite","@id":"https:\/\/portalmf.com.br\/#website","url":"https:\/\/portalmf.com.br\/","name":"Portal MF","description":"Voc\u00ea conectado com a informa\u00e7\u00e3o","potentialAction":[{"@type":"SearchAction","target":{"@type":"EntryPoint","urlTemplate":"https:\/\/portalmf.com.br\/?s={search_term_string}"},"query-input":"required name=search_term_string"}],"inLanguage":"pt-BR"},{"@type":"Person","@id":"https:\/\/portalmf.com.br\/#\/schema\/person\/9ec101baf56233e53520c26de5d6f6f0","name":"Reda\u00e7\u00e3o Portal MF","image":{"@type":"ImageObject","inLanguage":"pt-BR","@id":"https:\/\/portalmf.com.br\/#\/schema\/person\/image\/","url":"https:\/\/secure.gravatar.com\/avatar\/41b9aaeb2100835f7c64362330f74c7f?s=96&d=mm&r=g","contentUrl":"https:\/\/secure.gravatar.com\/avatar\/41b9aaeb2100835f7c64362330f74c7f?s=96&d=mm&r=g","caption":"Reda\u00e7\u00e3o Portal MF"},"description":"Sejam bem-vindos o portal de informa\u00e7\u00f5es de entretenimento de Feira de Santana, desde 2006 realiza coberturas dos principais eventos com entrevistas exclusivas com as principais personalidades mundiais. Fique conectado tamb\u00e9m nas redes sociais.","sameAs":["http:\/\/www.portalmf.com.br\/","https:\/\/www.facebook.com\/portalmfoficial","https:\/\/www.instagram.com\/portalmf\/","https:\/\/x.com\/https:\/\/x.com\/portalmfoficial","https:\/\/www.youtube.com\/@portalmfoficial"],"url":"https:\/\/portalmf.com.br\/index.php\/author\/junior\/"}]}},"_links":{"self":[{"href":"https:\/\/portalmf.com.br\/index.php\/wp-json\/wp\/v2\/posts\/30382"}],"collection":[{"href":"https:\/\/portalmf.com.br\/index.php\/wp-json\/wp\/v2\/posts"}],"about":[{"href":"https:\/\/portalmf.com.br\/index.php\/wp-json\/wp\/v2\/types\/post"}],"author":[{"embeddable":true,"href":"https:\/\/portalmf.com.br\/index.php\/wp-json\/wp\/v2\/users\/3"}],"replies":[{"embeddable":true,"href":"https:\/\/portalmf.com.br\/index.php\/wp-json\/wp\/v2\/comments?post=30382"}],"version-history":[{"count":1,"href":"https:\/\/portalmf.com.br\/index.php\/wp-json\/wp\/v2\/posts\/30382\/revisions"}],"predecessor-version":[{"id":30384,"href":"https:\/\/portalmf.com.br\/index.php\/wp-json\/wp\/v2\/posts\/30382\/revisions\/30384"}],"wp:featuredmedia":[{"embeddable":true,"href":"https:\/\/portalmf.com.br\/index.php\/wp-json\/wp\/v2\/media\/30383"}],"wp:attachment":[{"href":"https:\/\/portalmf.com.br\/index.php\/wp-json\/wp\/v2\/media?parent=30382"}],"wp:term":[{"taxonomy":"category","embeddable":true,"href":"https:\/\/portalmf.com.br\/index.php\/wp-json\/wp\/v2\/categories?post=30382"},{"taxonomy":"post_tag","embeddable":true,"href":"https:\/\/portalmf.com.br\/index.php\/wp-json\/wp\/v2\/tags?post=30382"}],"curies":[{"name":"wp","href":"https:\/\/api.w.org\/{rel}","templated":true}]}}