{"id":30370,"date":"2024-10-02T12:10:44","date_gmt":"2024-10-02T15:10:44","guid":{"rendered":"https:\/\/portalmf.com.br\/?p=30370"},"modified":"2024-10-02T12:10:44","modified_gmt":"2024-10-02T15:10:44","slug":"carlos-medeiros-realiza-panfletagem-na-getulio-vargas-e-convida-populacao-a-votar-no-novo","status":"publish","type":"post","link":"https:\/\/portalmf.com.br\/index.php\/2024\/10\/02\/carlos-medeiros-realiza-panfletagem-na-getulio-vargas-e-convida-populacao-a-votar-no-novo\/","title":{"rendered":"Carlos Medeiros realiza panfletagem na Get\u00falio Vargas e convida popula\u00e7\u00e3o a votar no novo"},"content":{"rendered":"\n<p>O candidato \u00e0 prefeitura de Feira de Santana, Carlos Medeiros (Novo), realizou uma panfletagem na noite desta segunda-feira (30) na Avenida Get\u00falio Vargas e convidou a tosos os eleitores que acreditam que \u00e9 poss\u00edvel a mudan\u00e7a acontecer a votarem 30 no pr\u00f3ximo dia 6.<\/p>\n\n\n\n<p><em>\u201cA gente precisa mostrar para Feira de Santana que a \u00e9 poss\u00edvel ir contra esse sistema, que d\u00e1 pra fazer pol\u00edtica decente. Estamos aqui, em plena Get\u00falio Vargas, fazendo panfletagem com volunt\u00e1rios, com gente boa, querendo mudar a cidade de verdade. Esse neg\u00f3cio de que \u00e9 imposs\u00edvel, de que n\u00e3o muda nada \u00e9 s\u00f3 para a cabe\u00e7a que \u00e9 limitada, n\u00e3o muda para aquela pessoa que hoje vive da velha pol\u00edtica\u201d<\/em>.<\/p>\n\n\n\n<p>Carlos afirmou n\u00e3o ter d\u00favida de que \u00e9 poss\u00edvel fazer um trabalho diferente dentro da pol\u00edtica com foco nas necessidades do povo, de forma justa e honesta. Ele afirmou que durante os dias de campanha encontrou muitas pessoas boas que querem e acreditam, que Feira de Santana precisa de uma nova pol\u00edtica para evoluir e crescer.<\/p>\n\n\n\n<p><em>\u201cA gente est\u00e1 aqui para ir contra esse sistema e n\u00f3s vamos chegar l\u00e1, n\u00e3o tenho a menor d\u00favida. Esse \u00e9 o caminho para quem acredita e quem faz acontecer. E \u00e9 assim que eu convido a popula\u00e7\u00e3o de Feira de Santana, todo mundo, para a gente mudar de verdade. S\u00e3o 30 anos que a gente \u00e9 escravo desses pol\u00edticos e a gente precisa se libertar. E para se libertar, s\u00f3 tem um caminho, \u00e9 votar 30, \u00e9 vir comigo, vamos fazer a mudan\u00e7a que Feira precisa\u201d<\/em>, afirmou.<\/p>\n\n\n\n<p>Com informa\u00e7\u00f5es da Ascom \/ Novo<\/p>\n","protected":false},"excerpt":{"rendered":"<p>O candidato \u00e0 prefeitura de Feira de Santana, Carlos Medeiros (Novo), realizou uma panfletagem na noite desta segunda-feira (30) na Avenida Get\u00falio Vargas e convidou a tosos os eleitores que acreditam que \u00e9 poss\u00edvel a mudan\u00e7a acontecer a votarem 30 no pr\u00f3ximo dia 6. \u201cA gente precisa mostrar para Feira de Santana que a \u00e9 [&hellip;]<\/p>\n","protected":false},"author":3,"featured_media":30371,"comment_status":"open","ping_status":"open","sticky":false,"template":"","format":"standard","meta":{"_monsterinsights_skip_tracking":false,"_monsterinsights_sitenote_active":false,"_monsterinsights_sitenote_note":"","_monsterinsights_sitenote_category":0,"footnotes":""},"categories":[301,34],"tags":[],"yoast_head":"<!-- This site is optimized with the Yoast SEO plugin v22.9 - https:\/\/yoast.com\/wordpress\/plugins\/seo\/ -->\n<title>Carlos Medeiros realiza panfletagem na Get\u00falio Vargas e convida popula\u00e7\u00e3o a votar no novo - Portal MF<\/title>\n<meta name=\"robots\" content=\"index, follow, max-snippet:-1, max-image-preview:large, max-video-preview:-1\" \/>\n<link rel=\"canonical\" href=\"https:\/\/portalmf.com.br\/index.php\/2024\/10\/02\/carlos-medeiros-realiza-panfletagem-na-getulio-vargas-e-convida-populacao-a-votar-no-novo\/\" \/>\n<meta property=\"og:locale\" content=\"pt_BR\" \/>\n<meta property=\"og:type\" content=\"article\" \/>\n<meta property=\"og:title\" content=\"Carlos Medeiros realiza panfletagem na Get\u00falio Vargas e convida popula\u00e7\u00e3o a votar no novo - Portal MF\" \/>\n<meta property=\"og:description\" content=\"O candidato \u00e0 prefeitura de Feira de Santana, Carlos Medeiros (Novo), realizou uma panfletagem na noite desta segunda-feira (30) na Avenida Get\u00falio Vargas e convidou a tosos os eleitores que acreditam que \u00e9 poss\u00edvel a mudan\u00e7a acontecer a votarem 30 no pr\u00f3ximo dia 6. \u201cA gente precisa mostrar para Feira de Santana que a \u00e9 [&hellip;]\" \/>\n<meta property=\"og:url\" content=\"https:\/\/portalmf.com.br\/index.php\/2024\/10\/02\/carlos-medeiros-realiza-panfletagem-na-getulio-vargas-e-convida-populacao-a-votar-no-novo\/\" \/>\n<meta property=\"og:site_name\" content=\"Portal MF\" \/>\n<meta property=\"article:author\" content=\"https:\/\/www.facebook.com\/portalmfoficial\" \/>\n<meta property=\"article:published_time\" content=\"2024-10-02T15:10:44+00:00\" \/>\n<meta property=\"og:image\" content=\"https:\/\/portalmf.com.br\/wp-content\/uploads\/2024\/10\/Carlos-Medeiros-realiza-panfletagem-na-Getulio-Vargas-e-convida-populacao-a-votar-no-novo.jpg\" \/>\n\t<meta property=\"og:image:width\" content=\"800\" \/>\n\t<meta property=\"og:image:height\" content=\"631\" \/>\n\t<meta property=\"og:image:type\" content=\"image\/jpeg\" \/>\n<meta name=\"author\" content=\"Reda\u00e7\u00e3o Portal MF\" \/>\n<meta name=\"twitter:card\" content=\"summary_large_image\" \/>\n<meta name=\"twitter:creator\" content=\"@https:\/\/x.com\/portalmfoficial\" \/>\n<meta name=\"twitter:label1\" content=\"Escrito por\" \/>\n\t<meta name=\"twitter:data1\" content=\"Reda\u00e7\u00e3o Portal MF\" \/>\n\t<meta name=\"twitter:label2\" content=\"Est. tempo de leitura\" \/>\n\t<meta name=\"twitter:data2\" content=\"2 minutos\" \/>\n<script type=\"application\/ld+json\" class=\"yoast-schema-graph\">{\"@context\":\"https:\/\/schema.org\",\"@graph\":[{\"@type\":\"WebPage\",\"@id\":\"https:\/\/portalmf.com.br\/index.php\/2024\/10\/02\/carlos-medeiros-realiza-panfletagem-na-getulio-vargas-e-convida-populacao-a-votar-no-novo\/\",\"url\":\"https:\/\/portalmf.com.br\/index.php\/2024\/10\/02\/carlos-medeiros-realiza-panfletagem-na-getulio-vargas-e-convida-populacao-a-votar-no-novo\/\",\"name\":\"Carlos Medeiros realiza panfletagem na Get\u00falio Vargas e convida popula\u00e7\u00e3o a votar no novo - Portal MF\",\"isPartOf\":{\"@id\":\"https:\/\/portalmf.com.br\/#website\"},\"primaryImageOfPage\":{\"@id\":\"https:\/\/portalmf.com.br\/index.php\/2024\/10\/02\/carlos-medeiros-realiza-panfletagem-na-getulio-vargas-e-convida-populacao-a-votar-no-novo\/#primaryimage\"},\"image\":{\"@id\":\"https:\/\/portalmf.com.br\/index.php\/2024\/10\/02\/carlos-medeiros-realiza-panfletagem-na-getulio-vargas-e-convida-populacao-a-votar-no-novo\/#primaryimage\"},\"thumbnailUrl\":\"https:\/\/portalmf.com.br\/wp-content\/uploads\/2024\/10\/Carlos-Medeiros-realiza-panfletagem-na-Getulio-Vargas-e-convida-populacao-a-votar-no-novo.jpg\",\"datePublished\":\"2024-10-02T15:10:44+00:00\",\"dateModified\":\"2024-10-02T15:10:44+00:00\",\"author\":{\"@id\":\"https:\/\/portalmf.com.br\/#\/schema\/person\/9ec101baf56233e53520c26de5d6f6f0\"},\"breadcrumb\":{\"@id\":\"https:\/\/portalmf.com.br\/index.php\/2024\/10\/02\/carlos-medeiros-realiza-panfletagem-na-getulio-vargas-e-convida-populacao-a-votar-no-novo\/#breadcrumb\"},\"inLanguage\":\"pt-BR\",\"potentialAction\":[{\"@type\":\"ReadAction\",\"target\":[\"https:\/\/portalmf.com.br\/index.php\/2024\/10\/02\/carlos-medeiros-realiza-panfletagem-na-getulio-vargas-e-convida-populacao-a-votar-no-novo\/\"]}]},{\"@type\":\"ImageObject\",\"inLanguage\":\"pt-BR\",\"@id\":\"https:\/\/portalmf.com.br\/index.php\/2024\/10\/02\/carlos-medeiros-realiza-panfletagem-na-getulio-vargas-e-convida-populacao-a-votar-no-novo\/#primaryimage\",\"url\":\"https:\/\/portalmf.com.br\/wp-content\/uploads\/2024\/10\/Carlos-Medeiros-realiza-panfletagem-na-Getulio-Vargas-e-convida-populacao-a-votar-no-novo.jpg\",\"contentUrl\":\"https:\/\/portalmf.com.br\/wp-content\/uploads\/2024\/10\/Carlos-Medeiros-realiza-panfletagem-na-Getulio-Vargas-e-convida-populacao-a-votar-no-novo.jpg\",\"width\":800,\"height\":631},{\"@type\":\"BreadcrumbList\",\"@id\":\"https:\/\/portalmf.com.br\/index.php\/2024\/10\/02\/carlos-medeiros-realiza-panfletagem-na-getulio-vargas-e-convida-populacao-a-votar-no-novo\/#breadcrumb\",\"itemListElement\":[{\"@type\":\"ListItem\",\"position\":1,\"name\":\"In\u00edcio\",\"item\":\"https:\/\/portalmf.com.br\/\"},{\"@type\":\"ListItem\",\"position\":2,\"name\":\"Carlos Medeiros realiza panfletagem na Get\u00falio Vargas e convida popula\u00e7\u00e3o a votar no novo\"}]},{\"@type\":\"WebSite\",\"@id\":\"https:\/\/portalmf.com.br\/#website\",\"url\":\"https:\/\/portalmf.com.br\/\",\"name\":\"Portal MF\",\"description\":\"Voc\u00ea conectado com a informa\u00e7\u00e3o\",\"potentialAction\":[{\"@type\":\"SearchAction\",\"target\":{\"@type\":\"EntryPoint\",\"urlTemplate\":\"https:\/\/portalmf.com.br\/?s={search_term_string}\"},\"query-input\":\"required name=search_term_string\"}],\"inLanguage\":\"pt-BR\"},{\"@type\":\"Person\",\"@id\":\"https:\/\/portalmf.com.br\/#\/schema\/person\/9ec101baf56233e53520c26de5d6f6f0\",\"name\":\"Reda\u00e7\u00e3o Portal MF\",\"image\":{\"@type\":\"ImageObject\",\"inLanguage\":\"pt-BR\",\"@id\":\"https:\/\/portalmf.com.br\/#\/schema\/person\/image\/\",\"url\":\"https:\/\/secure.gravatar.com\/avatar\/41b9aaeb2100835f7c64362330f74c7f?s=96&d=mm&r=g\",\"contentUrl\":\"https:\/\/secure.gravatar.com\/avatar\/41b9aaeb2100835f7c64362330f74c7f?s=96&d=mm&r=g\",\"caption\":\"Reda\u00e7\u00e3o Portal MF\"},\"description\":\"Sejam bem-vindos o portal de informa\u00e7\u00f5es de entretenimento de Feira de Santana, desde 2006 realiza coberturas dos principais eventos com entrevistas exclusivas com as principais personalidades mundiais. Fique conectado tamb\u00e9m nas redes sociais.\",\"sameAs\":[\"http:\/\/www.portalmf.com.br\/\",\"https:\/\/www.facebook.com\/portalmfoficial\",\"https:\/\/www.instagram.com\/portalmf\/\",\"https:\/\/x.com\/https:\/\/x.com\/portalmfoficial\",\"https:\/\/www.youtube.com\/@portalmfoficial\"],\"url\":\"https:\/\/portalmf.com.br\/index.php\/author\/junior\/\"}]}<\/script>\n<!-- \/ Yoast SEO plugin. -->","yoast_head_json":{"title":"Carlos Medeiros realiza panfletagem na Get\u00falio Vargas e convida popula\u00e7\u00e3o a votar no novo - Portal MF","robots":{"index":"index","follow":"follow","max-snippet":"max-snippet:-1","max-image-preview":"max-image-preview:large","max-video-preview":"max-video-preview:-1"},"canonical":"https:\/\/portalmf.com.br\/index.php\/2024\/10\/02\/carlos-medeiros-realiza-panfletagem-na-getulio-vargas-e-convida-populacao-a-votar-no-novo\/","og_locale":"pt_BR","og_type":"article","og_title":"Carlos Medeiros realiza panfletagem na Get\u00falio Vargas e convida popula\u00e7\u00e3o a votar no novo - Portal MF","og_description":"O candidato \u00e0 prefeitura de Feira de Santana, Carlos Medeiros (Novo), realizou uma panfletagem na noite desta segunda-feira (30) na Avenida Get\u00falio Vargas e convidou a tosos os eleitores que acreditam que \u00e9 poss\u00edvel a mudan\u00e7a acontecer a votarem 30 no pr\u00f3ximo dia 6. \u201cA gente precisa mostrar para Feira de Santana que a \u00e9 [&hellip;]","og_url":"https:\/\/portalmf.com.br\/index.php\/2024\/10\/02\/carlos-medeiros-realiza-panfletagem-na-getulio-vargas-e-convida-populacao-a-votar-no-novo\/","og_site_name":"Portal MF","article_author":"https:\/\/www.facebook.com\/portalmfoficial","article_published_time":"2024-10-02T15:10:44+00:00","og_image":[{"width":800,"height":631,"url":"https:\/\/portalmf.com.br\/wp-content\/uploads\/2024\/10\/Carlos-Medeiros-realiza-panfletagem-na-Getulio-Vargas-e-convida-populacao-a-votar-no-novo.jpg","type":"image\/jpeg"}],"author":"Reda\u00e7\u00e3o Portal MF","twitter_card":"summary_large_image","twitter_creator":"@https:\/\/x.com\/portalmfoficial","twitter_misc":{"Escrito por":"Reda\u00e7\u00e3o Portal MF","Est. tempo de leitura":"2 minutos"},"schema":{"@context":"https:\/\/schema.org","@graph":[{"@type":"WebPage","@id":"https:\/\/portalmf.com.br\/index.php\/2024\/10\/02\/carlos-medeiros-realiza-panfletagem-na-getulio-vargas-e-convida-populacao-a-votar-no-novo\/","url":"https:\/\/portalmf.com.br\/index.php\/2024\/10\/02\/carlos-medeiros-realiza-panfletagem-na-getulio-vargas-e-convida-populacao-a-votar-no-novo\/","name":"Carlos Medeiros realiza panfletagem na Get\u00falio Vargas e convida popula\u00e7\u00e3o a votar no novo - Portal MF","isPartOf":{"@id":"https:\/\/portalmf.com.br\/#website"},"primaryImageOfPage":{"@id":"https:\/\/portalmf.com.br\/index.php\/2024\/10\/02\/carlos-medeiros-realiza-panfletagem-na-getulio-vargas-e-convida-populacao-a-votar-no-novo\/#primaryimage"},"image":{"@id":"https:\/\/portalmf.com.br\/index.php\/2024\/10\/02\/carlos-medeiros-realiza-panfletagem-na-getulio-vargas-e-convida-populacao-a-votar-no-novo\/#primaryimage"},"thumbnailUrl":"https:\/\/portalmf.com.br\/wp-content\/uploads\/2024\/10\/Carlos-Medeiros-realiza-panfletagem-na-Getulio-Vargas-e-convida-populacao-a-votar-no-novo.jpg","datePublished":"2024-10-02T15:10:44+00:00","dateModified":"2024-10-02T15:10:44+00:00","author":{"@id":"https:\/\/portalmf.com.br\/#\/schema\/person\/9ec101baf56233e53520c26de5d6f6f0"},"breadcrumb":{"@id":"https:\/\/portalmf.com.br\/index.php\/2024\/10\/02\/carlos-medeiros-realiza-panfletagem-na-getulio-vargas-e-convida-populacao-a-votar-no-novo\/#breadcrumb"},"inLanguage":"pt-BR","potentialAction":[{"@type":"ReadAction","target":["https:\/\/portalmf.com.br\/index.php\/2024\/10\/02\/carlos-medeiros-realiza-panfletagem-na-getulio-vargas-e-convida-populacao-a-votar-no-novo\/"]}]},{"@type":"ImageObject","inLanguage":"pt-BR","@id":"https:\/\/portalmf.com.br\/index.php\/2024\/10\/02\/carlos-medeiros-realiza-panfletagem-na-getulio-vargas-e-convida-populacao-a-votar-no-novo\/#primaryimage","url":"https:\/\/portalmf.com.br\/wp-content\/uploads\/2024\/10\/Carlos-Medeiros-realiza-panfletagem-na-Getulio-Vargas-e-convida-populacao-a-votar-no-novo.jpg","contentUrl":"https:\/\/portalmf.com.br\/wp-content\/uploads\/2024\/10\/Carlos-Medeiros-realiza-panfletagem-na-Getulio-Vargas-e-convida-populacao-a-votar-no-novo.jpg","width":800,"height":631},{"@type":"BreadcrumbList","@id":"https:\/\/portalmf.com.br\/index.php\/2024\/10\/02\/carlos-medeiros-realiza-panfletagem-na-getulio-vargas-e-convida-populacao-a-votar-no-novo\/#breadcrumb","itemListElement":[{"@type":"ListItem","position":1,"name":"In\u00edcio","item":"https:\/\/portalmf.com.br\/"},{"@type":"ListItem","position":2,"name":"Carlos Medeiros realiza panfletagem na Get\u00falio Vargas e convida popula\u00e7\u00e3o a votar no novo"}]},{"@type":"WebSite","@id":"https:\/\/portalmf.com.br\/#website","url":"https:\/\/portalmf.com.br\/","name":"Portal MF","description":"Voc\u00ea conectado com a informa\u00e7\u00e3o","potentialAction":[{"@type":"SearchAction","target":{"@type":"EntryPoint","urlTemplate":"https:\/\/portalmf.com.br\/?s={search_term_string}"},"query-input":"required name=search_term_string"}],"inLanguage":"pt-BR"},{"@type":"Person","@id":"https:\/\/portalmf.com.br\/#\/schema\/person\/9ec101baf56233e53520c26de5d6f6f0","name":"Reda\u00e7\u00e3o Portal MF","image":{"@type":"ImageObject","inLanguage":"pt-BR","@id":"https:\/\/portalmf.com.br\/#\/schema\/person\/image\/","url":"https:\/\/secure.gravatar.com\/avatar\/41b9aaeb2100835f7c64362330f74c7f?s=96&d=mm&r=g","contentUrl":"https:\/\/secure.gravatar.com\/avatar\/41b9aaeb2100835f7c64362330f74c7f?s=96&d=mm&r=g","caption":"Reda\u00e7\u00e3o Portal MF"},"description":"Sejam bem-vindos o portal de informa\u00e7\u00f5es de entretenimento de Feira de Santana, desde 2006 realiza coberturas dos principais eventos com entrevistas exclusivas com as principais personalidades mundiais. Fique conectado tamb\u00e9m nas redes sociais.","sameAs":["http:\/\/www.portalmf.com.br\/","https:\/\/www.facebook.com\/portalmfoficial","https:\/\/www.instagram.com\/portalmf\/","https:\/\/x.com\/https:\/\/x.com\/portalmfoficial","https:\/\/www.youtube.com\/@portalmfoficial"],"url":"https:\/\/portalmf.com.br\/index.php\/author\/junior\/"}]}},"_links":{"self":[{"href":"https:\/\/portalmf.com.br\/index.php\/wp-json\/wp\/v2\/posts\/30370"}],"collection":[{"href":"https:\/\/portalmf.com.br\/index.php\/wp-json\/wp\/v2\/posts"}],"about":[{"href":"https:\/\/portalmf.com.br\/index.php\/wp-json\/wp\/v2\/types\/post"}],"author":[{"embeddable":true,"href":"https:\/\/portalmf.com.br\/index.php\/wp-json\/wp\/v2\/users\/3"}],"replies":[{"embeddable":true,"href":"https:\/\/portalmf.com.br\/index.php\/wp-json\/wp\/v2\/comments?post=30370"}],"version-history":[{"count":1,"href":"https:\/\/portalmf.com.br\/index.php\/wp-json\/wp\/v2\/posts\/30370\/revisions"}],"predecessor-version":[{"id":30372,"href":"https:\/\/portalmf.com.br\/index.php\/wp-json\/wp\/v2\/posts\/30370\/revisions\/30372"}],"wp:featuredmedia":[{"embeddable":true,"href":"https:\/\/portalmf.com.br\/index.php\/wp-json\/wp\/v2\/media\/30371"}],"wp:attachment":[{"href":"https:\/\/portalmf.com.br\/index.php\/wp-json\/wp\/v2\/media?parent=30370"}],"wp:term":[{"taxonomy":"category","embeddable":true,"href":"https:\/\/portalmf.com.br\/index.php\/wp-json\/wp\/v2\/categories?post=30370"},{"taxonomy":"post_tag","embeddable":true,"href":"https:\/\/portalmf.com.br\/index.php\/wp-json\/wp\/v2\/tags?post=30370"}],"curies":[{"name":"wp","href":"https:\/\/api.w.org\/{rel}","templated":true}]}}