{"id":30358,"date":"2024-10-01T17:56:21","date_gmt":"2024-10-01T20:56:21","guid":{"rendered":"https:\/\/portalmf.com.br\/?p=30358"},"modified":"2024-10-01T17:56:21","modified_gmt":"2024-10-01T20:56:21","slug":"gleisi-afirma-que-eleicoes-de-waldenor-e-ze-neto-sao-prioridades-do-pt","status":"publish","type":"post","link":"https:\/\/portalmf.com.br\/index.php\/2024\/10\/01\/gleisi-afirma-que-eleicoes-de-waldenor-e-ze-neto-sao-prioridades-do-pt\/","title":{"rendered":"Gleisi afirma que elei\u00e7\u00f5es de Waldenor e Z\u00e9 Neto s\u00e3o prioridades do PT"},"content":{"rendered":"\n<p>A presidente nacional e deputada federal, Gleisi Hoffmann, reafirmou a import\u00e2ncia da elei\u00e7\u00e3o de Z\u00e9 Neto, em Feira de Santana, e de Waldenor Pereira, em Vit\u00f3ria da Conquista, segundo e terceiro maiores col\u00e9gios eleitorais do estado, respectivamente. Gleisi esteve nos dois munic\u00edpios baianos nesta ter\u00e7a-feira (1\u00b0) para alavancar as candidaturas do PT, e nesta quarta-feira (02), a dirigente nacional participar\u00e1 dos atos de campanha de Caetano, em Cama\u00e7ari, e de Rosalvo, em Lauro de Freitas.<\/p>\n\n\n\n<p>Em Conquista e Feira, Gleisi convocou a milit\u00e2ncia para se mobilizar ainda mais na reta final da campanha e destacou que as articula\u00e7\u00f5es na forma\u00e7\u00e3o das coliga\u00e7\u00f5es, que contam com um grande n\u00famero de partidos, tamb\u00e9m fortalece as chances de vit\u00f3ria. &#8220;A gente precisa ter estrat\u00e9gia, t\u00e1tica e nesses \u00faltimos dias \u00e9 a batalha, \u00e9 quando vamos conquistar a vit\u00f3ria&#8221;.&nbsp;<\/p>\n\n\n\n<p>A presidente do PT elogiou os candidatos petistas em Conquista e em Feira, de quem s\u00e3o companheiros no Congresso Nacional e os quais considera como quadros muito qualificados do partido<em>.&nbsp; &#8220;\u00c9 uma alegria estar aqui, eu conhe\u00e7o o Waldenor, meu colega, meu companheiro de bancada da C\u00e2mara Federal. Ali\u00e1s, o deputado, com muitas qualidades, de muita seriedade e compet\u00eancia, que a gente tem uma grande refer\u00eancia. Voc\u00ea vai fazer falta l\u00e1, viu? Voc\u00ea vai ficar aqui como bom prefeito a fazer falta l\u00e1, de verdade&#8221;.<\/em><\/p>\n\n\n\n<p>Sobre Z\u00e9 Neto, Gleisi disse que tamb\u00e9m sentir\u00e1 falta do deputado federal licenciado da C\u00e2mara, em Bras\u00edlia, que acredita ser o pr\u00f3ximo prefeito de Feira de Santana.<\/p>\n\n\n\n<p><em>&#8220;Voc\u00ea faz muita falta, mas l\u00e1 a gente d\u00e1 um jeito de te substituir, aqui voc\u00ea \u00e9 insubstitu\u00edvel, aqui voc\u00ea tem que ser o prefeito. Ent\u00e3o fico muito feliz de estar aqui. Saiba que voc\u00ea foi desde o in\u00edcio voc\u00ea uma candidatura priorit\u00e1ria nossa. A gente bolou fazer todas as coisas poss\u00edveis para estar com voc\u00ea, para te ajudar e apostamos muito nisso. E achamos que est\u00e1 na hora de Feira de Santana ser governada pelo PT e receber o tratamento adequado que merece, aproveitando a parceria com Lula e Jer\u00f4nimo&#8221;.<\/em><\/p>\n\n\n\n<p>No primeiro dia de visita \u00e0 Bahia, Gleisi explicou que o presidente Lula n\u00e3o p\u00f4de estar presente nas campanhas devido \u00e0 intensa agenda da Presid\u00eancia.<\/p>\n\n\n\n<p><em>&#8220;Mas eu n\u00e3o poderia deixar de vir aqui e trazer um abra\u00e7o grande e forte de toda a dire\u00e7\u00e3o nacional do PT e tamb\u00e9m do presidente Lula. Ele gostaria de ter tido tempo, gostaria de ter se dedicado a\u00ed pelas campanhas, mas a agenda da presid\u00eancia, voc\u00eas est\u00e3o vendo que est\u00e1 muito pesada, muita coisa acontecendo no Brasil, muita coisa pra cuidar&#8221;,<\/em> disse.<\/p>\n\n\n\n<p>Com informa\u00e7\u00f5es da Ascom do PT Bahia<\/p>\n","protected":false},"excerpt":{"rendered":"<p>A presidente nacional e deputada federal, Gleisi Hoffmann, reafirmou a import\u00e2ncia da elei\u00e7\u00e3o de Z\u00e9 Neto, em Feira de Santana, e de Waldenor Pereira, em Vit\u00f3ria da Conquista, segundo e terceiro maiores col\u00e9gios eleitorais do estado, respectivamente. Gleisi esteve nos dois munic\u00edpios baianos nesta ter\u00e7a-feira (1\u00b0) para alavancar as candidaturas do PT, e nesta quarta-feira [&hellip;]<\/p>\n","protected":false},"author":3,"featured_media":30359,"comment_status":"open","ping_status":"open","sticky":false,"template":"","format":"standard","meta":{"_monsterinsights_skip_tracking":false,"_monsterinsights_sitenote_active":false,"_monsterinsights_sitenote_note":"","_monsterinsights_sitenote_category":0,"footnotes":""},"categories":[301,34],"tags":[],"yoast_head":"<!-- This site is optimized with the Yoast SEO plugin v22.9 - https:\/\/yoast.com\/wordpress\/plugins\/seo\/ -->\n<title>Gleisi afirma que elei\u00e7\u00f5es de Waldenor e Z\u00e9 Neto s\u00e3o prioridades do PT - Portal MF<\/title>\n<meta name=\"robots\" content=\"index, follow, max-snippet:-1, max-image-preview:large, max-video-preview:-1\" \/>\n<link rel=\"canonical\" href=\"https:\/\/portalmf.com.br\/index.php\/2024\/10\/01\/gleisi-afirma-que-eleicoes-de-waldenor-e-ze-neto-sao-prioridades-do-pt\/\" \/>\n<meta property=\"og:locale\" content=\"pt_BR\" \/>\n<meta property=\"og:type\" content=\"article\" \/>\n<meta property=\"og:title\" content=\"Gleisi afirma que elei\u00e7\u00f5es de Waldenor e Z\u00e9 Neto s\u00e3o prioridades do PT - Portal MF\" \/>\n<meta property=\"og:description\" content=\"A presidente nacional e deputada federal, Gleisi Hoffmann, reafirmou a import\u00e2ncia da elei\u00e7\u00e3o de Z\u00e9 Neto, em Feira de Santana, e de Waldenor Pereira, em Vit\u00f3ria da Conquista, segundo e terceiro maiores col\u00e9gios eleitorais do estado, respectivamente. Gleisi esteve nos dois munic\u00edpios baianos nesta ter\u00e7a-feira (1\u00b0) para alavancar as candidaturas do PT, e nesta quarta-feira [&hellip;]\" \/>\n<meta property=\"og:url\" content=\"https:\/\/portalmf.com.br\/index.php\/2024\/10\/01\/gleisi-afirma-que-eleicoes-de-waldenor-e-ze-neto-sao-prioridades-do-pt\/\" \/>\n<meta property=\"og:site_name\" content=\"Portal MF\" \/>\n<meta property=\"article:author\" content=\"https:\/\/www.facebook.com\/portalmfoficial\" \/>\n<meta property=\"article:published_time\" content=\"2024-10-01T20:56:21+00:00\" \/>\n<meta property=\"og:image\" content=\"https:\/\/portalmf.com.br\/wp-content\/uploads\/2024\/10\/Gleisi-afirma-que-eleicoes-de-Waldenor-e-Ze-Neto-sao-prioridades-do-PT.jpg\" \/>\n\t<meta property=\"og:image:width\" content=\"1600\" \/>\n\t<meta property=\"og:image:height\" content=\"1200\" \/>\n\t<meta property=\"og:image:type\" content=\"image\/jpeg\" \/>\n<meta name=\"author\" content=\"Reda\u00e7\u00e3o Portal MF\" \/>\n<meta name=\"twitter:card\" content=\"summary_large_image\" \/>\n<meta name=\"twitter:creator\" content=\"@https:\/\/x.com\/portalmfoficial\" \/>\n<meta name=\"twitter:label1\" content=\"Escrito por\" \/>\n\t<meta name=\"twitter:data1\" content=\"Reda\u00e7\u00e3o Portal MF\" \/>\n\t<meta name=\"twitter:label2\" content=\"Est. tempo de leitura\" \/>\n\t<meta name=\"twitter:data2\" content=\"3 minutos\" \/>\n<script type=\"application\/ld+json\" class=\"yoast-schema-graph\">{\"@context\":\"https:\/\/schema.org\",\"@graph\":[{\"@type\":\"WebPage\",\"@id\":\"https:\/\/portalmf.com.br\/index.php\/2024\/10\/01\/gleisi-afirma-que-eleicoes-de-waldenor-e-ze-neto-sao-prioridades-do-pt\/\",\"url\":\"https:\/\/portalmf.com.br\/index.php\/2024\/10\/01\/gleisi-afirma-que-eleicoes-de-waldenor-e-ze-neto-sao-prioridades-do-pt\/\",\"name\":\"Gleisi afirma que elei\u00e7\u00f5es de Waldenor e Z\u00e9 Neto s\u00e3o prioridades do PT - Portal MF\",\"isPartOf\":{\"@id\":\"https:\/\/portalmf.com.br\/#website\"},\"primaryImageOfPage\":{\"@id\":\"https:\/\/portalmf.com.br\/index.php\/2024\/10\/01\/gleisi-afirma-que-eleicoes-de-waldenor-e-ze-neto-sao-prioridades-do-pt\/#primaryimage\"},\"image\":{\"@id\":\"https:\/\/portalmf.com.br\/index.php\/2024\/10\/01\/gleisi-afirma-que-eleicoes-de-waldenor-e-ze-neto-sao-prioridades-do-pt\/#primaryimage\"},\"thumbnailUrl\":\"https:\/\/portalmf.com.br\/wp-content\/uploads\/2024\/10\/Gleisi-afirma-que-eleicoes-de-Waldenor-e-Ze-Neto-sao-prioridades-do-PT.jpg\",\"datePublished\":\"2024-10-01T20:56:21+00:00\",\"dateModified\":\"2024-10-01T20:56:21+00:00\",\"author\":{\"@id\":\"https:\/\/portalmf.com.br\/#\/schema\/person\/9ec101baf56233e53520c26de5d6f6f0\"},\"breadcrumb\":{\"@id\":\"https:\/\/portalmf.com.br\/index.php\/2024\/10\/01\/gleisi-afirma-que-eleicoes-de-waldenor-e-ze-neto-sao-prioridades-do-pt\/#breadcrumb\"},\"inLanguage\":\"pt-BR\",\"potentialAction\":[{\"@type\":\"ReadAction\",\"target\":[\"https:\/\/portalmf.com.br\/index.php\/2024\/10\/01\/gleisi-afirma-que-eleicoes-de-waldenor-e-ze-neto-sao-prioridades-do-pt\/\"]}]},{\"@type\":\"ImageObject\",\"inLanguage\":\"pt-BR\",\"@id\":\"https:\/\/portalmf.com.br\/index.php\/2024\/10\/01\/gleisi-afirma-que-eleicoes-de-waldenor-e-ze-neto-sao-prioridades-do-pt\/#primaryimage\",\"url\":\"https:\/\/portalmf.com.br\/wp-content\/uploads\/2024\/10\/Gleisi-afirma-que-eleicoes-de-Waldenor-e-Ze-Neto-sao-prioridades-do-PT.jpg\",\"contentUrl\":\"https:\/\/portalmf.com.br\/wp-content\/uploads\/2024\/10\/Gleisi-afirma-que-eleicoes-de-Waldenor-e-Ze-Neto-sao-prioridades-do-PT.jpg\",\"width\":1600,\"height\":1200},{\"@type\":\"BreadcrumbList\",\"@id\":\"https:\/\/portalmf.com.br\/index.php\/2024\/10\/01\/gleisi-afirma-que-eleicoes-de-waldenor-e-ze-neto-sao-prioridades-do-pt\/#breadcrumb\",\"itemListElement\":[{\"@type\":\"ListItem\",\"position\":1,\"name\":\"In\u00edcio\",\"item\":\"https:\/\/portalmf.com.br\/\"},{\"@type\":\"ListItem\",\"position\":2,\"name\":\"Gleisi afirma que elei\u00e7\u00f5es de Waldenor e Z\u00e9 Neto s\u00e3o prioridades do PT\"}]},{\"@type\":\"WebSite\",\"@id\":\"https:\/\/portalmf.com.br\/#website\",\"url\":\"https:\/\/portalmf.com.br\/\",\"name\":\"Portal MF\",\"description\":\"Voc\u00ea conectado com a informa\u00e7\u00e3o\",\"potentialAction\":[{\"@type\":\"SearchAction\",\"target\":{\"@type\":\"EntryPoint\",\"urlTemplate\":\"https:\/\/portalmf.com.br\/?s={search_term_string}\"},\"query-input\":\"required name=search_term_string\"}],\"inLanguage\":\"pt-BR\"},{\"@type\":\"Person\",\"@id\":\"https:\/\/portalmf.com.br\/#\/schema\/person\/9ec101baf56233e53520c26de5d6f6f0\",\"name\":\"Reda\u00e7\u00e3o Portal MF\",\"image\":{\"@type\":\"ImageObject\",\"inLanguage\":\"pt-BR\",\"@id\":\"https:\/\/portalmf.com.br\/#\/schema\/person\/image\/\",\"url\":\"https:\/\/secure.gravatar.com\/avatar\/41b9aaeb2100835f7c64362330f74c7f?s=96&d=mm&r=g\",\"contentUrl\":\"https:\/\/secure.gravatar.com\/avatar\/41b9aaeb2100835f7c64362330f74c7f?s=96&d=mm&r=g\",\"caption\":\"Reda\u00e7\u00e3o Portal MF\"},\"description\":\"Sejam bem-vindos o portal de informa\u00e7\u00f5es de entretenimento de Feira de Santana, desde 2006 realiza coberturas dos principais eventos com entrevistas exclusivas com as principais personalidades mundiais. Fique conectado tamb\u00e9m nas redes sociais.\",\"sameAs\":[\"http:\/\/www.portalmf.com.br\/\",\"https:\/\/www.facebook.com\/portalmfoficial\",\"https:\/\/www.instagram.com\/portalmf\/\",\"https:\/\/x.com\/https:\/\/x.com\/portalmfoficial\",\"https:\/\/www.youtube.com\/@portalmfoficial\"],\"url\":\"https:\/\/portalmf.com.br\/index.php\/author\/junior\/\"}]}<\/script>\n<!-- \/ Yoast SEO plugin. -->","yoast_head_json":{"title":"Gleisi afirma que elei\u00e7\u00f5es de Waldenor e Z\u00e9 Neto s\u00e3o prioridades do PT - Portal MF","robots":{"index":"index","follow":"follow","max-snippet":"max-snippet:-1","max-image-preview":"max-image-preview:large","max-video-preview":"max-video-preview:-1"},"canonical":"https:\/\/portalmf.com.br\/index.php\/2024\/10\/01\/gleisi-afirma-que-eleicoes-de-waldenor-e-ze-neto-sao-prioridades-do-pt\/","og_locale":"pt_BR","og_type":"article","og_title":"Gleisi afirma que elei\u00e7\u00f5es de Waldenor e Z\u00e9 Neto s\u00e3o prioridades do PT - Portal MF","og_description":"A presidente nacional e deputada federal, Gleisi Hoffmann, reafirmou a import\u00e2ncia da elei\u00e7\u00e3o de Z\u00e9 Neto, em Feira de Santana, e de Waldenor Pereira, em Vit\u00f3ria da Conquista, segundo e terceiro maiores col\u00e9gios eleitorais do estado, respectivamente. Gleisi esteve nos dois munic\u00edpios baianos nesta ter\u00e7a-feira (1\u00b0) para alavancar as candidaturas do PT, e nesta quarta-feira [&hellip;]","og_url":"https:\/\/portalmf.com.br\/index.php\/2024\/10\/01\/gleisi-afirma-que-eleicoes-de-waldenor-e-ze-neto-sao-prioridades-do-pt\/","og_site_name":"Portal MF","article_author":"https:\/\/www.facebook.com\/portalmfoficial","article_published_time":"2024-10-01T20:56:21+00:00","og_image":[{"width":1600,"height":1200,"url":"https:\/\/portalmf.com.br\/wp-content\/uploads\/2024\/10\/Gleisi-afirma-que-eleicoes-de-Waldenor-e-Ze-Neto-sao-prioridades-do-PT.jpg","type":"image\/jpeg"}],"author":"Reda\u00e7\u00e3o Portal MF","twitter_card":"summary_large_image","twitter_creator":"@https:\/\/x.com\/portalmfoficial","twitter_misc":{"Escrito por":"Reda\u00e7\u00e3o Portal MF","Est. tempo de leitura":"3 minutos"},"schema":{"@context":"https:\/\/schema.org","@graph":[{"@type":"WebPage","@id":"https:\/\/portalmf.com.br\/index.php\/2024\/10\/01\/gleisi-afirma-que-eleicoes-de-waldenor-e-ze-neto-sao-prioridades-do-pt\/","url":"https:\/\/portalmf.com.br\/index.php\/2024\/10\/01\/gleisi-afirma-que-eleicoes-de-waldenor-e-ze-neto-sao-prioridades-do-pt\/","name":"Gleisi afirma que elei\u00e7\u00f5es de Waldenor e Z\u00e9 Neto s\u00e3o prioridades do PT - Portal MF","isPartOf":{"@id":"https:\/\/portalmf.com.br\/#website"},"primaryImageOfPage":{"@id":"https:\/\/portalmf.com.br\/index.php\/2024\/10\/01\/gleisi-afirma-que-eleicoes-de-waldenor-e-ze-neto-sao-prioridades-do-pt\/#primaryimage"},"image":{"@id":"https:\/\/portalmf.com.br\/index.php\/2024\/10\/01\/gleisi-afirma-que-eleicoes-de-waldenor-e-ze-neto-sao-prioridades-do-pt\/#primaryimage"},"thumbnailUrl":"https:\/\/portalmf.com.br\/wp-content\/uploads\/2024\/10\/Gleisi-afirma-que-eleicoes-de-Waldenor-e-Ze-Neto-sao-prioridades-do-PT.jpg","datePublished":"2024-10-01T20:56:21+00:00","dateModified":"2024-10-01T20:56:21+00:00","author":{"@id":"https:\/\/portalmf.com.br\/#\/schema\/person\/9ec101baf56233e53520c26de5d6f6f0"},"breadcrumb":{"@id":"https:\/\/portalmf.com.br\/index.php\/2024\/10\/01\/gleisi-afirma-que-eleicoes-de-waldenor-e-ze-neto-sao-prioridades-do-pt\/#breadcrumb"},"inLanguage":"pt-BR","potentialAction":[{"@type":"ReadAction","target":["https:\/\/portalmf.com.br\/index.php\/2024\/10\/01\/gleisi-afirma-que-eleicoes-de-waldenor-e-ze-neto-sao-prioridades-do-pt\/"]}]},{"@type":"ImageObject","inLanguage":"pt-BR","@id":"https:\/\/portalmf.com.br\/index.php\/2024\/10\/01\/gleisi-afirma-que-eleicoes-de-waldenor-e-ze-neto-sao-prioridades-do-pt\/#primaryimage","url":"https:\/\/portalmf.com.br\/wp-content\/uploads\/2024\/10\/Gleisi-afirma-que-eleicoes-de-Waldenor-e-Ze-Neto-sao-prioridades-do-PT.jpg","contentUrl":"https:\/\/portalmf.com.br\/wp-content\/uploads\/2024\/10\/Gleisi-afirma-que-eleicoes-de-Waldenor-e-Ze-Neto-sao-prioridades-do-PT.jpg","width":1600,"height":1200},{"@type":"BreadcrumbList","@id":"https:\/\/portalmf.com.br\/index.php\/2024\/10\/01\/gleisi-afirma-que-eleicoes-de-waldenor-e-ze-neto-sao-prioridades-do-pt\/#breadcrumb","itemListElement":[{"@type":"ListItem","position":1,"name":"In\u00edcio","item":"https:\/\/portalmf.com.br\/"},{"@type":"ListItem","position":2,"name":"Gleisi afirma que elei\u00e7\u00f5es de Waldenor e Z\u00e9 Neto s\u00e3o prioridades do PT"}]},{"@type":"WebSite","@id":"https:\/\/portalmf.com.br\/#website","url":"https:\/\/portalmf.com.br\/","name":"Portal MF","description":"Voc\u00ea conectado com a informa\u00e7\u00e3o","potentialAction":[{"@type":"SearchAction","target":{"@type":"EntryPoint","urlTemplate":"https:\/\/portalmf.com.br\/?s={search_term_string}"},"query-input":"required name=search_term_string"}],"inLanguage":"pt-BR"},{"@type":"Person","@id":"https:\/\/portalmf.com.br\/#\/schema\/person\/9ec101baf56233e53520c26de5d6f6f0","name":"Reda\u00e7\u00e3o Portal MF","image":{"@type":"ImageObject","inLanguage":"pt-BR","@id":"https:\/\/portalmf.com.br\/#\/schema\/person\/image\/","url":"https:\/\/secure.gravatar.com\/avatar\/41b9aaeb2100835f7c64362330f74c7f?s=96&d=mm&r=g","contentUrl":"https:\/\/secure.gravatar.com\/avatar\/41b9aaeb2100835f7c64362330f74c7f?s=96&d=mm&r=g","caption":"Reda\u00e7\u00e3o Portal MF"},"description":"Sejam bem-vindos o portal de informa\u00e7\u00f5es de entretenimento de Feira de Santana, desde 2006 realiza coberturas dos principais eventos com entrevistas exclusivas com as principais personalidades mundiais. Fique conectado tamb\u00e9m nas redes sociais.","sameAs":["http:\/\/www.portalmf.com.br\/","https:\/\/www.facebook.com\/portalmfoficial","https:\/\/www.instagram.com\/portalmf\/","https:\/\/x.com\/https:\/\/x.com\/portalmfoficial","https:\/\/www.youtube.com\/@portalmfoficial"],"url":"https:\/\/portalmf.com.br\/index.php\/author\/junior\/"}]}},"_links":{"self":[{"href":"https:\/\/portalmf.com.br\/index.php\/wp-json\/wp\/v2\/posts\/30358"}],"collection":[{"href":"https:\/\/portalmf.com.br\/index.php\/wp-json\/wp\/v2\/posts"}],"about":[{"href":"https:\/\/portalmf.com.br\/index.php\/wp-json\/wp\/v2\/types\/post"}],"author":[{"embeddable":true,"href":"https:\/\/portalmf.com.br\/index.php\/wp-json\/wp\/v2\/users\/3"}],"replies":[{"embeddable":true,"href":"https:\/\/portalmf.com.br\/index.php\/wp-json\/wp\/v2\/comments?post=30358"}],"version-history":[{"count":1,"href":"https:\/\/portalmf.com.br\/index.php\/wp-json\/wp\/v2\/posts\/30358\/revisions"}],"predecessor-version":[{"id":30360,"href":"https:\/\/portalmf.com.br\/index.php\/wp-json\/wp\/v2\/posts\/30358\/revisions\/30360"}],"wp:featuredmedia":[{"embeddable":true,"href":"https:\/\/portalmf.com.br\/index.php\/wp-json\/wp\/v2\/media\/30359"}],"wp:attachment":[{"href":"https:\/\/portalmf.com.br\/index.php\/wp-json\/wp\/v2\/media?parent=30358"}],"wp:term":[{"taxonomy":"category","embeddable":true,"href":"https:\/\/portalmf.com.br\/index.php\/wp-json\/wp\/v2\/categories?post=30358"},{"taxonomy":"post_tag","embeddable":true,"href":"https:\/\/portalmf.com.br\/index.php\/wp-json\/wp\/v2\/tags?post=30358"}],"curies":[{"name":"wp","href":"https:\/\/api.w.org\/{rel}","templated":true}]}}