{"id":30355,"date":"2024-10-01T17:50:40","date_gmt":"2024-10-01T20:50:40","guid":{"rendered":"https:\/\/portalmf.com.br\/?p=30355"},"modified":"2024-10-01T17:50:42","modified_gmt":"2024-10-01T20:50:42","slug":"jose-ronaldo-se-compromete-a-implantar-creche-na-rocinha-e-realizar-obras-de-infraestrutura","status":"publish","type":"post","link":"https:\/\/portalmf.com.br\/index.php\/2024\/10\/01\/jose-ronaldo-se-compromete-a-implantar-creche-na-rocinha-e-realizar-obras-de-infraestrutura\/","title":{"rendered":"Jos\u00e9 Ronaldo se compromete a implantar creche na Rocinha e realizar obras de infraestrutura"},"content":{"rendered":"\n<p>Os moradores do bairro Rocinha, localizado no entorno da Lagoa Grande, em Feira de Santana, podem se preparar para receber uma creche da rede p\u00fablica municipal a partir do pr\u00f3ximo ano. O compromisso foi firmado pelo candidato a prefeito da coliga\u00e7\u00e3o \u201cO amor sempre vence\u201d, Jos\u00e9 Ronaldo (Uni\u00e3o Brasil), durante uma caminhada pela comunidade na tarde de ontem (30). Al\u00e9m da creche, Jos\u00e9 Ronaldo prometeu pavimentar mais ruas da localidade e solucionar o problema de alagamento que afeta uma das principais vias do bairro.<\/p>\n\n\n\n<p>Durante a caminhada, o candidato tamb\u00e9m afirmou que vai exigir da Embasa, vinculada ao governo do estado, a implanta\u00e7\u00e3o de uma rede de esgotamento sanit\u00e1rio no bairro. Segundo ele, se o \u00f3rg\u00e3o estadual n\u00e3o realizar a obra, a pr\u00f3pria prefeitura assumir\u00e1 a responsabilidade durante sua gest\u00e3o.<\/p>\n\n\n\n<p>Ap\u00f3s o evento na Rocinha, Jos\u00e9 Ronaldo participou de uma carreata por diversos bairros da cidade, como Parque Get\u00falio Vargas, Capuchinhos, Irm\u00e3 Dulce, Bras\u00edlia, e Suba\u00e9. Em cada localidade, foi recebido com entusiasmo pelos moradores, que demonstraram apoio ao candidato. Retribuindo as sauda\u00e7\u00f5es, Jos\u00e9 Ronaldo renovou seu compromisso de trabalhar para melhorar a qualidade de vida dos feirenses, com a\u00e7\u00f5es como a pavimenta\u00e7\u00e3o das vias p\u00fablicas, amplia\u00e7\u00e3o dos servi\u00e7os de sa\u00fade e a constru\u00e7\u00e3o de novas creches.<\/p>\n\n\n\n<p>Com informa\u00e7\u00f5es da Ascom\/Jos\u00e9 Ronaldo<\/p>\n","protected":false},"excerpt":{"rendered":"<p>Os moradores do bairro Rocinha, localizado no entorno da Lagoa Grande, em Feira de Santana, podem se preparar para receber uma creche da rede p\u00fablica municipal a partir do pr\u00f3ximo ano. O compromisso foi firmado pelo candidato a prefeito da coliga\u00e7\u00e3o \u201cO amor sempre vence\u201d, Jos\u00e9 Ronaldo (Uni\u00e3o Brasil), durante uma caminhada pela comunidade na [&hellip;]<\/p>\n","protected":false},"author":3,"featured_media":30356,"comment_status":"open","ping_status":"open","sticky":false,"template":"","format":"standard","meta":{"_monsterinsights_skip_tracking":false,"_monsterinsights_sitenote_active":false,"_monsterinsights_sitenote_note":"","_monsterinsights_sitenote_category":0,"footnotes":""},"categories":[301,34],"tags":[],"yoast_head":"<!-- This site is optimized with the Yoast SEO plugin v22.9 - https:\/\/yoast.com\/wordpress\/plugins\/seo\/ -->\n<title>Jos\u00e9 Ronaldo se compromete a implantar creche na Rocinha e realizar obras de infraestrutura - Portal MF<\/title>\n<meta name=\"robots\" content=\"index, follow, max-snippet:-1, max-image-preview:large, max-video-preview:-1\" \/>\n<link rel=\"canonical\" href=\"https:\/\/portalmf.com.br\/index.php\/2024\/10\/01\/jose-ronaldo-se-compromete-a-implantar-creche-na-rocinha-e-realizar-obras-de-infraestrutura\/\" \/>\n<meta property=\"og:locale\" content=\"pt_BR\" \/>\n<meta property=\"og:type\" content=\"article\" \/>\n<meta property=\"og:title\" content=\"Jos\u00e9 Ronaldo se compromete a implantar creche na Rocinha e realizar obras de infraestrutura - Portal MF\" \/>\n<meta property=\"og:description\" content=\"Os moradores do bairro Rocinha, localizado no entorno da Lagoa Grande, em Feira de Santana, podem se preparar para receber uma creche da rede p\u00fablica municipal a partir do pr\u00f3ximo ano. O compromisso foi firmado pelo candidato a prefeito da coliga\u00e7\u00e3o \u201cO amor sempre vence\u201d, Jos\u00e9 Ronaldo (Uni\u00e3o Brasil), durante uma caminhada pela comunidade na [&hellip;]\" \/>\n<meta property=\"og:url\" content=\"https:\/\/portalmf.com.br\/index.php\/2024\/10\/01\/jose-ronaldo-se-compromete-a-implantar-creche-na-rocinha-e-realizar-obras-de-infraestrutura\/\" \/>\n<meta property=\"og:site_name\" content=\"Portal MF\" \/>\n<meta property=\"article:author\" content=\"https:\/\/www.facebook.com\/portalmfoficial\" \/>\n<meta property=\"article:published_time\" content=\"2024-10-01T20:50:40+00:00\" \/>\n<meta property=\"article:modified_time\" content=\"2024-10-01T20:50:42+00:00\" \/>\n<meta property=\"og:image\" content=\"https:\/\/portalmf.com.br\/wp-content\/uploads\/2024\/10\/Jose-Ronaldo-se-compromete-a-implantar-creche-na-Rocinha-e-realizar-obras-de-infraestrutura.jpg\" \/>\n\t<meta property=\"og:image:width\" content=\"800\" \/>\n\t<meta property=\"og:image:height\" content=\"451\" \/>\n\t<meta property=\"og:image:type\" content=\"image\/jpeg\" \/>\n<meta name=\"author\" content=\"Reda\u00e7\u00e3o Portal MF\" \/>\n<meta name=\"twitter:card\" content=\"summary_large_image\" \/>\n<meta name=\"twitter:creator\" content=\"@https:\/\/x.com\/portalmfoficial\" \/>\n<meta name=\"twitter:label1\" content=\"Escrito por\" \/>\n\t<meta name=\"twitter:data1\" content=\"Reda\u00e7\u00e3o Portal MF\" \/>\n\t<meta name=\"twitter:label2\" content=\"Est. tempo de leitura\" \/>\n\t<meta name=\"twitter:data2\" content=\"2 minutos\" \/>\n<script type=\"application\/ld+json\" class=\"yoast-schema-graph\">{\"@context\":\"https:\/\/schema.org\",\"@graph\":[{\"@type\":\"WebPage\",\"@id\":\"https:\/\/portalmf.com.br\/index.php\/2024\/10\/01\/jose-ronaldo-se-compromete-a-implantar-creche-na-rocinha-e-realizar-obras-de-infraestrutura\/\",\"url\":\"https:\/\/portalmf.com.br\/index.php\/2024\/10\/01\/jose-ronaldo-se-compromete-a-implantar-creche-na-rocinha-e-realizar-obras-de-infraestrutura\/\",\"name\":\"Jos\u00e9 Ronaldo se compromete a implantar creche na Rocinha e realizar obras de infraestrutura - Portal MF\",\"isPartOf\":{\"@id\":\"https:\/\/portalmf.com.br\/#website\"},\"primaryImageOfPage\":{\"@id\":\"https:\/\/portalmf.com.br\/index.php\/2024\/10\/01\/jose-ronaldo-se-compromete-a-implantar-creche-na-rocinha-e-realizar-obras-de-infraestrutura\/#primaryimage\"},\"image\":{\"@id\":\"https:\/\/portalmf.com.br\/index.php\/2024\/10\/01\/jose-ronaldo-se-compromete-a-implantar-creche-na-rocinha-e-realizar-obras-de-infraestrutura\/#primaryimage\"},\"thumbnailUrl\":\"https:\/\/portalmf.com.br\/wp-content\/uploads\/2024\/10\/Jose-Ronaldo-se-compromete-a-implantar-creche-na-Rocinha-e-realizar-obras-de-infraestrutura.jpg\",\"datePublished\":\"2024-10-01T20:50:40+00:00\",\"dateModified\":\"2024-10-01T20:50:42+00:00\",\"author\":{\"@id\":\"https:\/\/portalmf.com.br\/#\/schema\/person\/9ec101baf56233e53520c26de5d6f6f0\"},\"breadcrumb\":{\"@id\":\"https:\/\/portalmf.com.br\/index.php\/2024\/10\/01\/jose-ronaldo-se-compromete-a-implantar-creche-na-rocinha-e-realizar-obras-de-infraestrutura\/#breadcrumb\"},\"inLanguage\":\"pt-BR\",\"potentialAction\":[{\"@type\":\"ReadAction\",\"target\":[\"https:\/\/portalmf.com.br\/index.php\/2024\/10\/01\/jose-ronaldo-se-compromete-a-implantar-creche-na-rocinha-e-realizar-obras-de-infraestrutura\/\"]}]},{\"@type\":\"ImageObject\",\"inLanguage\":\"pt-BR\",\"@id\":\"https:\/\/portalmf.com.br\/index.php\/2024\/10\/01\/jose-ronaldo-se-compromete-a-implantar-creche-na-rocinha-e-realizar-obras-de-infraestrutura\/#primaryimage\",\"url\":\"https:\/\/portalmf.com.br\/wp-content\/uploads\/2024\/10\/Jose-Ronaldo-se-compromete-a-implantar-creche-na-Rocinha-e-realizar-obras-de-infraestrutura.jpg\",\"contentUrl\":\"https:\/\/portalmf.com.br\/wp-content\/uploads\/2024\/10\/Jose-Ronaldo-se-compromete-a-implantar-creche-na-Rocinha-e-realizar-obras-de-infraestrutura.jpg\",\"width\":800,\"height\":451},{\"@type\":\"BreadcrumbList\",\"@id\":\"https:\/\/portalmf.com.br\/index.php\/2024\/10\/01\/jose-ronaldo-se-compromete-a-implantar-creche-na-rocinha-e-realizar-obras-de-infraestrutura\/#breadcrumb\",\"itemListElement\":[{\"@type\":\"ListItem\",\"position\":1,\"name\":\"In\u00edcio\",\"item\":\"https:\/\/portalmf.com.br\/\"},{\"@type\":\"ListItem\",\"position\":2,\"name\":\"Jos\u00e9 Ronaldo se compromete a implantar creche na Rocinha e realizar obras de infraestrutura\"}]},{\"@type\":\"WebSite\",\"@id\":\"https:\/\/portalmf.com.br\/#website\",\"url\":\"https:\/\/portalmf.com.br\/\",\"name\":\"Portal MF\",\"description\":\"Voc\u00ea conectado com a informa\u00e7\u00e3o\",\"potentialAction\":[{\"@type\":\"SearchAction\",\"target\":{\"@type\":\"EntryPoint\",\"urlTemplate\":\"https:\/\/portalmf.com.br\/?s={search_term_string}\"},\"query-input\":\"required name=search_term_string\"}],\"inLanguage\":\"pt-BR\"},{\"@type\":\"Person\",\"@id\":\"https:\/\/portalmf.com.br\/#\/schema\/person\/9ec101baf56233e53520c26de5d6f6f0\",\"name\":\"Reda\u00e7\u00e3o Portal MF\",\"image\":{\"@type\":\"ImageObject\",\"inLanguage\":\"pt-BR\",\"@id\":\"https:\/\/portalmf.com.br\/#\/schema\/person\/image\/\",\"url\":\"https:\/\/secure.gravatar.com\/avatar\/41b9aaeb2100835f7c64362330f74c7f?s=96&d=mm&r=g\",\"contentUrl\":\"https:\/\/secure.gravatar.com\/avatar\/41b9aaeb2100835f7c64362330f74c7f?s=96&d=mm&r=g\",\"caption\":\"Reda\u00e7\u00e3o Portal MF\"},\"description\":\"Sejam bem-vindos o portal de informa\u00e7\u00f5es de entretenimento de Feira de Santana, desde 2006 realiza coberturas dos principais eventos com entrevistas exclusivas com as principais personalidades mundiais. Fique conectado tamb\u00e9m nas redes sociais.\",\"sameAs\":[\"http:\/\/www.portalmf.com.br\/\",\"https:\/\/www.facebook.com\/portalmfoficial\",\"https:\/\/www.instagram.com\/portalmf\/\",\"https:\/\/x.com\/https:\/\/x.com\/portalmfoficial\",\"https:\/\/www.youtube.com\/@portalmfoficial\"],\"url\":\"https:\/\/portalmf.com.br\/index.php\/author\/junior\/\"}]}<\/script>\n<!-- \/ Yoast SEO plugin. -->","yoast_head_json":{"title":"Jos\u00e9 Ronaldo se compromete a implantar creche na Rocinha e realizar obras de infraestrutura - Portal MF","robots":{"index":"index","follow":"follow","max-snippet":"max-snippet:-1","max-image-preview":"max-image-preview:large","max-video-preview":"max-video-preview:-1"},"canonical":"https:\/\/portalmf.com.br\/index.php\/2024\/10\/01\/jose-ronaldo-se-compromete-a-implantar-creche-na-rocinha-e-realizar-obras-de-infraestrutura\/","og_locale":"pt_BR","og_type":"article","og_title":"Jos\u00e9 Ronaldo se compromete a implantar creche na Rocinha e realizar obras de infraestrutura - Portal MF","og_description":"Os moradores do bairro Rocinha, localizado no entorno da Lagoa Grande, em Feira de Santana, podem se preparar para receber uma creche da rede p\u00fablica municipal a partir do pr\u00f3ximo ano. O compromisso foi firmado pelo candidato a prefeito da coliga\u00e7\u00e3o \u201cO amor sempre vence\u201d, Jos\u00e9 Ronaldo (Uni\u00e3o Brasil), durante uma caminhada pela comunidade na [&hellip;]","og_url":"https:\/\/portalmf.com.br\/index.php\/2024\/10\/01\/jose-ronaldo-se-compromete-a-implantar-creche-na-rocinha-e-realizar-obras-de-infraestrutura\/","og_site_name":"Portal MF","article_author":"https:\/\/www.facebook.com\/portalmfoficial","article_published_time":"2024-10-01T20:50:40+00:00","article_modified_time":"2024-10-01T20:50:42+00:00","og_image":[{"width":800,"height":451,"url":"https:\/\/portalmf.com.br\/wp-content\/uploads\/2024\/10\/Jose-Ronaldo-se-compromete-a-implantar-creche-na-Rocinha-e-realizar-obras-de-infraestrutura.jpg","type":"image\/jpeg"}],"author":"Reda\u00e7\u00e3o Portal MF","twitter_card":"summary_large_image","twitter_creator":"@https:\/\/x.com\/portalmfoficial","twitter_misc":{"Escrito por":"Reda\u00e7\u00e3o Portal MF","Est. tempo de leitura":"2 minutos"},"schema":{"@context":"https:\/\/schema.org","@graph":[{"@type":"WebPage","@id":"https:\/\/portalmf.com.br\/index.php\/2024\/10\/01\/jose-ronaldo-se-compromete-a-implantar-creche-na-rocinha-e-realizar-obras-de-infraestrutura\/","url":"https:\/\/portalmf.com.br\/index.php\/2024\/10\/01\/jose-ronaldo-se-compromete-a-implantar-creche-na-rocinha-e-realizar-obras-de-infraestrutura\/","name":"Jos\u00e9 Ronaldo se compromete a implantar creche na Rocinha e realizar obras de infraestrutura - Portal MF","isPartOf":{"@id":"https:\/\/portalmf.com.br\/#website"},"primaryImageOfPage":{"@id":"https:\/\/portalmf.com.br\/index.php\/2024\/10\/01\/jose-ronaldo-se-compromete-a-implantar-creche-na-rocinha-e-realizar-obras-de-infraestrutura\/#primaryimage"},"image":{"@id":"https:\/\/portalmf.com.br\/index.php\/2024\/10\/01\/jose-ronaldo-se-compromete-a-implantar-creche-na-rocinha-e-realizar-obras-de-infraestrutura\/#primaryimage"},"thumbnailUrl":"https:\/\/portalmf.com.br\/wp-content\/uploads\/2024\/10\/Jose-Ronaldo-se-compromete-a-implantar-creche-na-Rocinha-e-realizar-obras-de-infraestrutura.jpg","datePublished":"2024-10-01T20:50:40+00:00","dateModified":"2024-10-01T20:50:42+00:00","author":{"@id":"https:\/\/portalmf.com.br\/#\/schema\/person\/9ec101baf56233e53520c26de5d6f6f0"},"breadcrumb":{"@id":"https:\/\/portalmf.com.br\/index.php\/2024\/10\/01\/jose-ronaldo-se-compromete-a-implantar-creche-na-rocinha-e-realizar-obras-de-infraestrutura\/#breadcrumb"},"inLanguage":"pt-BR","potentialAction":[{"@type":"ReadAction","target":["https:\/\/portalmf.com.br\/index.php\/2024\/10\/01\/jose-ronaldo-se-compromete-a-implantar-creche-na-rocinha-e-realizar-obras-de-infraestrutura\/"]}]},{"@type":"ImageObject","inLanguage":"pt-BR","@id":"https:\/\/portalmf.com.br\/index.php\/2024\/10\/01\/jose-ronaldo-se-compromete-a-implantar-creche-na-rocinha-e-realizar-obras-de-infraestrutura\/#primaryimage","url":"https:\/\/portalmf.com.br\/wp-content\/uploads\/2024\/10\/Jose-Ronaldo-se-compromete-a-implantar-creche-na-Rocinha-e-realizar-obras-de-infraestrutura.jpg","contentUrl":"https:\/\/portalmf.com.br\/wp-content\/uploads\/2024\/10\/Jose-Ronaldo-se-compromete-a-implantar-creche-na-Rocinha-e-realizar-obras-de-infraestrutura.jpg","width":800,"height":451},{"@type":"BreadcrumbList","@id":"https:\/\/portalmf.com.br\/index.php\/2024\/10\/01\/jose-ronaldo-se-compromete-a-implantar-creche-na-rocinha-e-realizar-obras-de-infraestrutura\/#breadcrumb","itemListElement":[{"@type":"ListItem","position":1,"name":"In\u00edcio","item":"https:\/\/portalmf.com.br\/"},{"@type":"ListItem","position":2,"name":"Jos\u00e9 Ronaldo se compromete a implantar creche na Rocinha e realizar obras de infraestrutura"}]},{"@type":"WebSite","@id":"https:\/\/portalmf.com.br\/#website","url":"https:\/\/portalmf.com.br\/","name":"Portal MF","description":"Voc\u00ea conectado com a informa\u00e7\u00e3o","potentialAction":[{"@type":"SearchAction","target":{"@type":"EntryPoint","urlTemplate":"https:\/\/portalmf.com.br\/?s={search_term_string}"},"query-input":"required name=search_term_string"}],"inLanguage":"pt-BR"},{"@type":"Person","@id":"https:\/\/portalmf.com.br\/#\/schema\/person\/9ec101baf56233e53520c26de5d6f6f0","name":"Reda\u00e7\u00e3o Portal MF","image":{"@type":"ImageObject","inLanguage":"pt-BR","@id":"https:\/\/portalmf.com.br\/#\/schema\/person\/image\/","url":"https:\/\/secure.gravatar.com\/avatar\/41b9aaeb2100835f7c64362330f74c7f?s=96&d=mm&r=g","contentUrl":"https:\/\/secure.gravatar.com\/avatar\/41b9aaeb2100835f7c64362330f74c7f?s=96&d=mm&r=g","caption":"Reda\u00e7\u00e3o Portal MF"},"description":"Sejam bem-vindos o portal de informa\u00e7\u00f5es de entretenimento de Feira de Santana, desde 2006 realiza coberturas dos principais eventos com entrevistas exclusivas com as principais personalidades mundiais. Fique conectado tamb\u00e9m nas redes sociais.","sameAs":["http:\/\/www.portalmf.com.br\/","https:\/\/www.facebook.com\/portalmfoficial","https:\/\/www.instagram.com\/portalmf\/","https:\/\/x.com\/https:\/\/x.com\/portalmfoficial","https:\/\/www.youtube.com\/@portalmfoficial"],"url":"https:\/\/portalmf.com.br\/index.php\/author\/junior\/"}]}},"_links":{"self":[{"href":"https:\/\/portalmf.com.br\/index.php\/wp-json\/wp\/v2\/posts\/30355"}],"collection":[{"href":"https:\/\/portalmf.com.br\/index.php\/wp-json\/wp\/v2\/posts"}],"about":[{"href":"https:\/\/portalmf.com.br\/index.php\/wp-json\/wp\/v2\/types\/post"}],"author":[{"embeddable":true,"href":"https:\/\/portalmf.com.br\/index.php\/wp-json\/wp\/v2\/users\/3"}],"replies":[{"embeddable":true,"href":"https:\/\/portalmf.com.br\/index.php\/wp-json\/wp\/v2\/comments?post=30355"}],"version-history":[{"count":1,"href":"https:\/\/portalmf.com.br\/index.php\/wp-json\/wp\/v2\/posts\/30355\/revisions"}],"predecessor-version":[{"id":30357,"href":"https:\/\/portalmf.com.br\/index.php\/wp-json\/wp\/v2\/posts\/30355\/revisions\/30357"}],"wp:featuredmedia":[{"embeddable":true,"href":"https:\/\/portalmf.com.br\/index.php\/wp-json\/wp\/v2\/media\/30356"}],"wp:attachment":[{"href":"https:\/\/portalmf.com.br\/index.php\/wp-json\/wp\/v2\/media?parent=30355"}],"wp:term":[{"taxonomy":"category","embeddable":true,"href":"https:\/\/portalmf.com.br\/index.php\/wp-json\/wp\/v2\/categories?post=30355"},{"taxonomy":"post_tag","embeddable":true,"href":"https:\/\/portalmf.com.br\/index.php\/wp-json\/wp\/v2\/tags?post=30355"}],"curies":[{"name":"wp","href":"https:\/\/api.w.org\/{rel}","templated":true}]}}