{"id":30338,"date":"2024-10-01T11:41:16","date_gmt":"2024-10-01T14:41:16","guid":{"rendered":"https:\/\/portalmf.com.br\/?p=30338"},"modified":"2024-10-01T11:41:17","modified_gmt":"2024-10-01T14:41:17","slug":"rafael-cordeiro-conversa-com-feirense-no-centro-da-cidade","status":"publish","type":"post","link":"https:\/\/portalmf.com.br\/index.php\/2024\/10\/01\/rafael-cordeiro-conversa-com-feirense-no-centro-da-cidade\/","title":{"rendered":"Rafael Cordeiro conversa com feirense no centro da cidade"},"content":{"rendered":"\n<p>Na ultima sexta-feira (27), o candidato pelo vereador Avante Rafael Cordeiro, esteve panfletando no centro da cidade, mostrando as suas propostas para os feirenses.<\/p>\n\n\n\n<p><em>\u201cNossa cidade passa por um momento hist\u00f3rico e necessita de uma representatividade melhor na C\u00e2mara de vereadores, a Feira de Santana precisa voltar a ser princesa. Juntos com os colegas vamos trabalhar com o prefeito eleito para melhorar vida dos feirenses em todas as \u00e1reas\u201d,<\/em> disse Rafael, que j\u00e1 foi secretario municipal e chefe do Procon e quer levar essa experi\u00eancia para o legislativo municipal.<\/p>\n\n\n\n<p><em>\u201cNo momento precisamos a voltar a fazer o b\u00e1sico com excel\u00eancia, como o acesso a sa\u00fade e educa\u00e7\u00e3o, para depois pensamos em projetos maiores\u201d,<\/em> falou o candidato.<\/p>\n","protected":false},"excerpt":{"rendered":"<p>Na ultima sexta-feira (27), o candidato pelo vereador Avante Rafael Cordeiro, esteve panfletando no centro da cidade, mostrando as suas propostas para os feirenses. \u201cNossa cidade passa por um momento hist\u00f3rico e necessita de uma representatividade melhor na C\u00e2mara de vereadores, a Feira de Santana precisa voltar a ser princesa. Juntos com os colegas vamos [&hellip;]<\/p>\n","protected":false},"author":3,"featured_media":30339,"comment_status":"open","ping_status":"open","sticky":false,"template":"","format":"standard","meta":{"_monsterinsights_skip_tracking":false,"_monsterinsights_sitenote_active":false,"_monsterinsights_sitenote_note":"","_monsterinsights_sitenote_category":0,"footnotes":""},"categories":[301,34],"tags":[],"yoast_head":"<!-- This site is optimized with the Yoast SEO plugin v22.9 - https:\/\/yoast.com\/wordpress\/plugins\/seo\/ -->\n<title>Rafael Cordeiro conversa com feirense no centro da cidade - Portal MF<\/title>\n<meta name=\"robots\" content=\"index, follow, max-snippet:-1, max-image-preview:large, max-video-preview:-1\" \/>\n<link rel=\"canonical\" href=\"https:\/\/portalmf.com.br\/index.php\/2024\/10\/01\/rafael-cordeiro-conversa-com-feirense-no-centro-da-cidade\/\" \/>\n<meta property=\"og:locale\" content=\"pt_BR\" \/>\n<meta property=\"og:type\" content=\"article\" \/>\n<meta property=\"og:title\" content=\"Rafael Cordeiro conversa com feirense no centro da cidade - Portal MF\" \/>\n<meta property=\"og:description\" content=\"Na ultima sexta-feira (27), o candidato pelo vereador Avante Rafael Cordeiro, esteve panfletando no centro da cidade, mostrando as suas propostas para os feirenses. \u201cNossa cidade passa por um momento hist\u00f3rico e necessita de uma representatividade melhor na C\u00e2mara de vereadores, a Feira de Santana precisa voltar a ser princesa. Juntos com os colegas vamos [&hellip;]\" \/>\n<meta property=\"og:url\" content=\"https:\/\/portalmf.com.br\/index.php\/2024\/10\/01\/rafael-cordeiro-conversa-com-feirense-no-centro-da-cidade\/\" \/>\n<meta property=\"og:site_name\" content=\"Portal MF\" \/>\n<meta property=\"article:author\" content=\"https:\/\/www.facebook.com\/portalmfoficial\" \/>\n<meta property=\"article:published_time\" content=\"2024-10-01T14:41:16+00:00\" \/>\n<meta property=\"article:modified_time\" content=\"2024-10-01T14:41:17+00:00\" \/>\n<meta property=\"og:image\" content=\"https:\/\/portalmf.com.br\/wp-content\/uploads\/2024\/10\/rafael_cordeiro_eleicoes_2024.jpg\" \/>\n\t<meta property=\"og:image:width\" content=\"800\" \/>\n\t<meta property=\"og:image:height\" content=\"600\" \/>\n\t<meta property=\"og:image:type\" content=\"image\/jpeg\" \/>\n<meta name=\"author\" content=\"Reda\u00e7\u00e3o Portal MF\" \/>\n<meta name=\"twitter:card\" content=\"summary_large_image\" \/>\n<meta name=\"twitter:creator\" content=\"@https:\/\/x.com\/portalmfoficial\" \/>\n<meta name=\"twitter:label1\" content=\"Escrito por\" \/>\n\t<meta name=\"twitter:data1\" content=\"Reda\u00e7\u00e3o Portal MF\" \/>\n\t<meta name=\"twitter:label2\" content=\"Est. tempo de leitura\" \/>\n\t<meta name=\"twitter:data2\" content=\"1 minuto\" \/>\n<script type=\"application\/ld+json\" class=\"yoast-schema-graph\">{\"@context\":\"https:\/\/schema.org\",\"@graph\":[{\"@type\":\"WebPage\",\"@id\":\"https:\/\/portalmf.com.br\/index.php\/2024\/10\/01\/rafael-cordeiro-conversa-com-feirense-no-centro-da-cidade\/\",\"url\":\"https:\/\/portalmf.com.br\/index.php\/2024\/10\/01\/rafael-cordeiro-conversa-com-feirense-no-centro-da-cidade\/\",\"name\":\"Rafael Cordeiro conversa com feirense no centro da cidade - Portal MF\",\"isPartOf\":{\"@id\":\"https:\/\/portalmf.com.br\/#website\"},\"primaryImageOfPage\":{\"@id\":\"https:\/\/portalmf.com.br\/index.php\/2024\/10\/01\/rafael-cordeiro-conversa-com-feirense-no-centro-da-cidade\/#primaryimage\"},\"image\":{\"@id\":\"https:\/\/portalmf.com.br\/index.php\/2024\/10\/01\/rafael-cordeiro-conversa-com-feirense-no-centro-da-cidade\/#primaryimage\"},\"thumbnailUrl\":\"https:\/\/portalmf.com.br\/wp-content\/uploads\/2024\/10\/rafael_cordeiro_eleicoes_2024.jpg\",\"datePublished\":\"2024-10-01T14:41:16+00:00\",\"dateModified\":\"2024-10-01T14:41:17+00:00\",\"author\":{\"@id\":\"https:\/\/portalmf.com.br\/#\/schema\/person\/9ec101baf56233e53520c26de5d6f6f0\"},\"breadcrumb\":{\"@id\":\"https:\/\/portalmf.com.br\/index.php\/2024\/10\/01\/rafael-cordeiro-conversa-com-feirense-no-centro-da-cidade\/#breadcrumb\"},\"inLanguage\":\"pt-BR\",\"potentialAction\":[{\"@type\":\"ReadAction\",\"target\":[\"https:\/\/portalmf.com.br\/index.php\/2024\/10\/01\/rafael-cordeiro-conversa-com-feirense-no-centro-da-cidade\/\"]}]},{\"@type\":\"ImageObject\",\"inLanguage\":\"pt-BR\",\"@id\":\"https:\/\/portalmf.com.br\/index.php\/2024\/10\/01\/rafael-cordeiro-conversa-com-feirense-no-centro-da-cidade\/#primaryimage\",\"url\":\"https:\/\/portalmf.com.br\/wp-content\/uploads\/2024\/10\/rafael_cordeiro_eleicoes_2024.jpg\",\"contentUrl\":\"https:\/\/portalmf.com.br\/wp-content\/uploads\/2024\/10\/rafael_cordeiro_eleicoes_2024.jpg\",\"width\":800,\"height\":600},{\"@type\":\"BreadcrumbList\",\"@id\":\"https:\/\/portalmf.com.br\/index.php\/2024\/10\/01\/rafael-cordeiro-conversa-com-feirense-no-centro-da-cidade\/#breadcrumb\",\"itemListElement\":[{\"@type\":\"ListItem\",\"position\":1,\"name\":\"In\u00edcio\",\"item\":\"https:\/\/portalmf.com.br\/\"},{\"@type\":\"ListItem\",\"position\":2,\"name\":\"Rafael Cordeiro conversa com feirense no centro da cidade\"}]},{\"@type\":\"WebSite\",\"@id\":\"https:\/\/portalmf.com.br\/#website\",\"url\":\"https:\/\/portalmf.com.br\/\",\"name\":\"Portal MF\",\"description\":\"Voc\u00ea conectado com a informa\u00e7\u00e3o\",\"potentialAction\":[{\"@type\":\"SearchAction\",\"target\":{\"@type\":\"EntryPoint\",\"urlTemplate\":\"https:\/\/portalmf.com.br\/?s={search_term_string}\"},\"query-input\":\"required name=search_term_string\"}],\"inLanguage\":\"pt-BR\"},{\"@type\":\"Person\",\"@id\":\"https:\/\/portalmf.com.br\/#\/schema\/person\/9ec101baf56233e53520c26de5d6f6f0\",\"name\":\"Reda\u00e7\u00e3o Portal MF\",\"image\":{\"@type\":\"ImageObject\",\"inLanguage\":\"pt-BR\",\"@id\":\"https:\/\/portalmf.com.br\/#\/schema\/person\/image\/\",\"url\":\"https:\/\/secure.gravatar.com\/avatar\/41b9aaeb2100835f7c64362330f74c7f?s=96&d=mm&r=g\",\"contentUrl\":\"https:\/\/secure.gravatar.com\/avatar\/41b9aaeb2100835f7c64362330f74c7f?s=96&d=mm&r=g\",\"caption\":\"Reda\u00e7\u00e3o Portal MF\"},\"description\":\"Sejam bem-vindos o portal de informa\u00e7\u00f5es de entretenimento de Feira de Santana, desde 2006 realiza coberturas dos principais eventos com entrevistas exclusivas com as principais personalidades mundiais. Fique conectado tamb\u00e9m nas redes sociais.\",\"sameAs\":[\"http:\/\/www.portalmf.com.br\/\",\"https:\/\/www.facebook.com\/portalmfoficial\",\"https:\/\/www.instagram.com\/portalmf\/\",\"https:\/\/x.com\/https:\/\/x.com\/portalmfoficial\",\"https:\/\/www.youtube.com\/@portalmfoficial\"],\"url\":\"https:\/\/portalmf.com.br\/index.php\/author\/junior\/\"}]}<\/script>\n<!-- \/ Yoast SEO plugin. -->","yoast_head_json":{"title":"Rafael Cordeiro conversa com feirense no centro da cidade - Portal MF","robots":{"index":"index","follow":"follow","max-snippet":"max-snippet:-1","max-image-preview":"max-image-preview:large","max-video-preview":"max-video-preview:-1"},"canonical":"https:\/\/portalmf.com.br\/index.php\/2024\/10\/01\/rafael-cordeiro-conversa-com-feirense-no-centro-da-cidade\/","og_locale":"pt_BR","og_type":"article","og_title":"Rafael Cordeiro conversa com feirense no centro da cidade - Portal MF","og_description":"Na ultima sexta-feira (27), o candidato pelo vereador Avante Rafael Cordeiro, esteve panfletando no centro da cidade, mostrando as suas propostas para os feirenses. \u201cNossa cidade passa por um momento hist\u00f3rico e necessita de uma representatividade melhor na C\u00e2mara de vereadores, a Feira de Santana precisa voltar a ser princesa. Juntos com os colegas vamos [&hellip;]","og_url":"https:\/\/portalmf.com.br\/index.php\/2024\/10\/01\/rafael-cordeiro-conversa-com-feirense-no-centro-da-cidade\/","og_site_name":"Portal MF","article_author":"https:\/\/www.facebook.com\/portalmfoficial","article_published_time":"2024-10-01T14:41:16+00:00","article_modified_time":"2024-10-01T14:41:17+00:00","og_image":[{"width":800,"height":600,"url":"https:\/\/portalmf.com.br\/wp-content\/uploads\/2024\/10\/rafael_cordeiro_eleicoes_2024.jpg","type":"image\/jpeg"}],"author":"Reda\u00e7\u00e3o Portal MF","twitter_card":"summary_large_image","twitter_creator":"@https:\/\/x.com\/portalmfoficial","twitter_misc":{"Escrito por":"Reda\u00e7\u00e3o Portal MF","Est. tempo de leitura":"1 minuto"},"schema":{"@context":"https:\/\/schema.org","@graph":[{"@type":"WebPage","@id":"https:\/\/portalmf.com.br\/index.php\/2024\/10\/01\/rafael-cordeiro-conversa-com-feirense-no-centro-da-cidade\/","url":"https:\/\/portalmf.com.br\/index.php\/2024\/10\/01\/rafael-cordeiro-conversa-com-feirense-no-centro-da-cidade\/","name":"Rafael Cordeiro conversa com feirense no centro da cidade - Portal MF","isPartOf":{"@id":"https:\/\/portalmf.com.br\/#website"},"primaryImageOfPage":{"@id":"https:\/\/portalmf.com.br\/index.php\/2024\/10\/01\/rafael-cordeiro-conversa-com-feirense-no-centro-da-cidade\/#primaryimage"},"image":{"@id":"https:\/\/portalmf.com.br\/index.php\/2024\/10\/01\/rafael-cordeiro-conversa-com-feirense-no-centro-da-cidade\/#primaryimage"},"thumbnailUrl":"https:\/\/portalmf.com.br\/wp-content\/uploads\/2024\/10\/rafael_cordeiro_eleicoes_2024.jpg","datePublished":"2024-10-01T14:41:16+00:00","dateModified":"2024-10-01T14:41:17+00:00","author":{"@id":"https:\/\/portalmf.com.br\/#\/schema\/person\/9ec101baf56233e53520c26de5d6f6f0"},"breadcrumb":{"@id":"https:\/\/portalmf.com.br\/index.php\/2024\/10\/01\/rafael-cordeiro-conversa-com-feirense-no-centro-da-cidade\/#breadcrumb"},"inLanguage":"pt-BR","potentialAction":[{"@type":"ReadAction","target":["https:\/\/portalmf.com.br\/index.php\/2024\/10\/01\/rafael-cordeiro-conversa-com-feirense-no-centro-da-cidade\/"]}]},{"@type":"ImageObject","inLanguage":"pt-BR","@id":"https:\/\/portalmf.com.br\/index.php\/2024\/10\/01\/rafael-cordeiro-conversa-com-feirense-no-centro-da-cidade\/#primaryimage","url":"https:\/\/portalmf.com.br\/wp-content\/uploads\/2024\/10\/rafael_cordeiro_eleicoes_2024.jpg","contentUrl":"https:\/\/portalmf.com.br\/wp-content\/uploads\/2024\/10\/rafael_cordeiro_eleicoes_2024.jpg","width":800,"height":600},{"@type":"BreadcrumbList","@id":"https:\/\/portalmf.com.br\/index.php\/2024\/10\/01\/rafael-cordeiro-conversa-com-feirense-no-centro-da-cidade\/#breadcrumb","itemListElement":[{"@type":"ListItem","position":1,"name":"In\u00edcio","item":"https:\/\/portalmf.com.br\/"},{"@type":"ListItem","position":2,"name":"Rafael Cordeiro conversa com feirense no centro da cidade"}]},{"@type":"WebSite","@id":"https:\/\/portalmf.com.br\/#website","url":"https:\/\/portalmf.com.br\/","name":"Portal MF","description":"Voc\u00ea conectado com a informa\u00e7\u00e3o","potentialAction":[{"@type":"SearchAction","target":{"@type":"EntryPoint","urlTemplate":"https:\/\/portalmf.com.br\/?s={search_term_string}"},"query-input":"required name=search_term_string"}],"inLanguage":"pt-BR"},{"@type":"Person","@id":"https:\/\/portalmf.com.br\/#\/schema\/person\/9ec101baf56233e53520c26de5d6f6f0","name":"Reda\u00e7\u00e3o Portal MF","image":{"@type":"ImageObject","inLanguage":"pt-BR","@id":"https:\/\/portalmf.com.br\/#\/schema\/person\/image\/","url":"https:\/\/secure.gravatar.com\/avatar\/41b9aaeb2100835f7c64362330f74c7f?s=96&d=mm&r=g","contentUrl":"https:\/\/secure.gravatar.com\/avatar\/41b9aaeb2100835f7c64362330f74c7f?s=96&d=mm&r=g","caption":"Reda\u00e7\u00e3o Portal MF"},"description":"Sejam bem-vindos o portal de informa\u00e7\u00f5es de entretenimento de Feira de Santana, desde 2006 realiza coberturas dos principais eventos com entrevistas exclusivas com as principais personalidades mundiais. Fique conectado tamb\u00e9m nas redes sociais.","sameAs":["http:\/\/www.portalmf.com.br\/","https:\/\/www.facebook.com\/portalmfoficial","https:\/\/www.instagram.com\/portalmf\/","https:\/\/x.com\/https:\/\/x.com\/portalmfoficial","https:\/\/www.youtube.com\/@portalmfoficial"],"url":"https:\/\/portalmf.com.br\/index.php\/author\/junior\/"}]}},"_links":{"self":[{"href":"https:\/\/portalmf.com.br\/index.php\/wp-json\/wp\/v2\/posts\/30338"}],"collection":[{"href":"https:\/\/portalmf.com.br\/index.php\/wp-json\/wp\/v2\/posts"}],"about":[{"href":"https:\/\/portalmf.com.br\/index.php\/wp-json\/wp\/v2\/types\/post"}],"author":[{"embeddable":true,"href":"https:\/\/portalmf.com.br\/index.php\/wp-json\/wp\/v2\/users\/3"}],"replies":[{"embeddable":true,"href":"https:\/\/portalmf.com.br\/index.php\/wp-json\/wp\/v2\/comments?post=30338"}],"version-history":[{"count":1,"href":"https:\/\/portalmf.com.br\/index.php\/wp-json\/wp\/v2\/posts\/30338\/revisions"}],"predecessor-version":[{"id":30340,"href":"https:\/\/portalmf.com.br\/index.php\/wp-json\/wp\/v2\/posts\/30338\/revisions\/30340"}],"wp:featuredmedia":[{"embeddable":true,"href":"https:\/\/portalmf.com.br\/index.php\/wp-json\/wp\/v2\/media\/30339"}],"wp:attachment":[{"href":"https:\/\/portalmf.com.br\/index.php\/wp-json\/wp\/v2\/media?parent=30338"}],"wp:term":[{"taxonomy":"category","embeddable":true,"href":"https:\/\/portalmf.com.br\/index.php\/wp-json\/wp\/v2\/categories?post=30338"},{"taxonomy":"post_tag","embeddable":true,"href":"https:\/\/portalmf.com.br\/index.php\/wp-json\/wp\/v2\/tags?post=30338"}],"curies":[{"name":"wp","href":"https:\/\/api.w.org\/{rel}","templated":true}]}}