{"id":30335,"date":"2024-10-01T11:18:35","date_gmt":"2024-10-01T14:18:35","guid":{"rendered":"https:\/\/portalmf.com.br\/?p=30335"},"modified":"2024-10-01T11:18:35","modified_gmt":"2024-10-01T14:18:35","slug":"gleisi-hoffmann-vem-a-bahia-para-fortalecer-candidaturas-do-pt","status":"publish","type":"post","link":"https:\/\/portalmf.com.br\/index.php\/2024\/10\/01\/gleisi-hoffmann-vem-a-bahia-para-fortalecer-candidaturas-do-pt\/","title":{"rendered":"Gleisi Hoffmann vem \u00e0 Bahia para fortalecer candidaturas do PT"},"content":{"rendered":"\n<p>A presidente nacional do PT e deputada federal, Gleisi Hoffmann, estar\u00e1 na Bahia, nesta ter\u00e7a-feira (1\u00b0) e quarta-feira (02), para participar dos atos de campanha dos candidatos petistas a prefeito Waldenor Pereira, em Vit\u00f3ria da Conquista; Z\u00e9 Neto, em Feira de Santana; Caetano, em Cama\u00e7ari; e de Rosalvo, em Lauro de Freitas. A presen\u00e7a de Gleisi \u00e9 considerada fundamental para fortalecer as candidaturas do partido no estado.<\/p>\n\n\n\n<p>Na ter\u00e7a, \u00e0s 11 horas, Gleisi participar\u00e1 do Encontro das Mulheres com Waldenor, em Vit\u00f3ria da Conquista, na sede do PT municipal. Em Feira, vai atender a imprensa, \u00e0s 15 horas, e tamb\u00e9m vai participar da Plen\u00e1ria de Mulheres com Z\u00e9 Neto, no audit\u00f3rio da CDL, \u00e0s 16 horas, seguida de uma panfletagem na Feiraguai, 16h30. Na quarta, a presidente do PT nacional, que ser\u00e1 acompanhada pelo l\u00edder do PT baiano, \u00c9den Valadares, em todas as agendas no estado, marca presen\u00e7a na Plen\u00e1ria da Juventude com Caetano, \u00e0s 10 horas, no Comit\u00ea Majorit\u00e1ria, e na caminhada de Rosalvo, \u00e0s 16 horas, no bairro de Itinga.<br><\/p>\n\n\n\n<p>Para o dirigente do PT Bahia, a vinda de Gleisi d\u00e1 mais for\u00e7a ainda \u00e0s candidaturas do partido e demonstra o reconhecimento do PT nacional sobre a import\u00e2ncia da elei\u00e7\u00e3o no estado para o Brasil. <\/p>\n\n\n\n<p><em>&#8220;Temos os modelos de gest\u00f5es exitosas de Jaques Wagner, Rui Costa e do governador Jer\u00f4nimo Rodrigues, que transformaram e continuam transformando a vida da popula\u00e7\u00e3o e s\u00e3o refer\u00eancia para o Brasil. Soma-se a isso as grandes vota\u00e7\u00f5es obtidas pelo presidente Lula em nosso estado, que, inclusive, foram decisivas para a sua vit\u00f3ria em 2022. Ent\u00e3o, a elei\u00e7\u00e3o na Bahia \u00e9 uma das prioridades do presidente Lula e de toda a dire\u00e7\u00e3o nacional do PT&#8221;<\/em>.<\/p>\n\n\n\n<p>\u00c9den acrescentou que o partido possui candidatos muito qualificados concorrendo ao pleito e disse estar confiante na elei\u00e7\u00e3o de um maior n\u00famero de prefeitos, prefeitas, vereadores e vereadoras em rela\u00e7\u00e3o a 2020. <\/p>\n\n\n\n<p><em>&#8220;Com maturidade, humildade e muito trabalho, acreditamos que em 2024 teremos um resultado bem superior em rela\u00e7\u00e3o \u00e0 \u00faltima elei\u00e7\u00e3o municipal, quando enfrentamos um cen\u00e1rio nacional adverso com Jair Bolsonaro na presid\u00eancia. Agora, n\u00e3o, agora n\u00f3s contamos com a for\u00e7a do presidente Lula e do governador Jer\u00f4nimo, que v\u00eam trabalhando incansavelmente pela prosperidade do povo e sendo reconhecidos pelos seus esfor\u00e7os. E com a presidenta Gleisi Hoffmann aqui na Bahia, temos certeza, nossas campanhas ganham ainda mais f\u00f4lego para sa\u00edrem vitoriosas no dia 6 de outubro&#8221;,<\/em> concluiu \u00c9den.<\/p>\n","protected":false},"excerpt":{"rendered":"<p>A presidente nacional do PT e deputada federal, Gleisi Hoffmann, estar\u00e1 na Bahia, nesta ter\u00e7a-feira (1\u00b0) e quarta-feira (02), para participar dos atos de campanha dos candidatos petistas a prefeito Waldenor Pereira, em Vit\u00f3ria da Conquista; Z\u00e9 Neto, em Feira de Santana; Caetano, em Cama\u00e7ari; e de Rosalvo, em Lauro de Freitas. A presen\u00e7a de [&hellip;]<\/p>\n","protected":false},"author":3,"featured_media":30336,"comment_status":"open","ping_status":"open","sticky":false,"template":"","format":"standard","meta":{"_monsterinsights_skip_tracking":false,"_monsterinsights_sitenote_active":false,"_monsterinsights_sitenote_note":"","_monsterinsights_sitenote_category":0,"footnotes":""},"categories":[301,34],"tags":[],"yoast_head":"<!-- This site is optimized with the Yoast SEO plugin v22.9 - https:\/\/yoast.com\/wordpress\/plugins\/seo\/ -->\n<title>Gleisi Hoffmann vem \u00e0 Bahia para fortalecer candidaturas do PT - Portal MF<\/title>\n<meta name=\"robots\" content=\"index, follow, max-snippet:-1, max-image-preview:large, max-video-preview:-1\" \/>\n<link rel=\"canonical\" href=\"https:\/\/portalmf.com.br\/index.php\/2024\/10\/01\/gleisi-hoffmann-vem-a-bahia-para-fortalecer-candidaturas-do-pt\/\" \/>\n<meta property=\"og:locale\" content=\"pt_BR\" \/>\n<meta property=\"og:type\" content=\"article\" \/>\n<meta property=\"og:title\" content=\"Gleisi Hoffmann vem \u00e0 Bahia para fortalecer candidaturas do PT - Portal MF\" \/>\n<meta property=\"og:description\" content=\"A presidente nacional do PT e deputada federal, Gleisi Hoffmann, estar\u00e1 na Bahia, nesta ter\u00e7a-feira (1\u00b0) e quarta-feira (02), para participar dos atos de campanha dos candidatos petistas a prefeito Waldenor Pereira, em Vit\u00f3ria da Conquista; Z\u00e9 Neto, em Feira de Santana; Caetano, em Cama\u00e7ari; e de Rosalvo, em Lauro de Freitas. A presen\u00e7a de [&hellip;]\" \/>\n<meta property=\"og:url\" content=\"https:\/\/portalmf.com.br\/index.php\/2024\/10\/01\/gleisi-hoffmann-vem-a-bahia-para-fortalecer-candidaturas-do-pt\/\" \/>\n<meta property=\"og:site_name\" content=\"Portal MF\" \/>\n<meta property=\"article:author\" content=\"https:\/\/www.facebook.com\/portalmfoficial\" \/>\n<meta property=\"article:published_time\" content=\"2024-10-01T14:18:35+00:00\" \/>\n<meta property=\"og:image\" content=\"https:\/\/portalmf.com.br\/wp-content\/uploads\/2024\/10\/Gleisi-Hoffmann-Ze-Neto-e-Eden-Valadares.jpg\" \/>\n\t<meta property=\"og:image:width\" content=\"800\" \/>\n\t<meta property=\"og:image:height\" content=\"601\" \/>\n\t<meta property=\"og:image:type\" content=\"image\/jpeg\" \/>\n<meta name=\"author\" content=\"Reda\u00e7\u00e3o Portal MF\" \/>\n<meta name=\"twitter:card\" content=\"summary_large_image\" \/>\n<meta name=\"twitter:creator\" content=\"@https:\/\/x.com\/portalmfoficial\" \/>\n<meta name=\"twitter:label1\" content=\"Escrito por\" \/>\n\t<meta name=\"twitter:data1\" content=\"Reda\u00e7\u00e3o Portal MF\" \/>\n\t<meta name=\"twitter:label2\" content=\"Est. tempo de leitura\" \/>\n\t<meta name=\"twitter:data2\" content=\"3 minutos\" \/>\n<script type=\"application\/ld+json\" class=\"yoast-schema-graph\">{\"@context\":\"https:\/\/schema.org\",\"@graph\":[{\"@type\":\"WebPage\",\"@id\":\"https:\/\/portalmf.com.br\/index.php\/2024\/10\/01\/gleisi-hoffmann-vem-a-bahia-para-fortalecer-candidaturas-do-pt\/\",\"url\":\"https:\/\/portalmf.com.br\/index.php\/2024\/10\/01\/gleisi-hoffmann-vem-a-bahia-para-fortalecer-candidaturas-do-pt\/\",\"name\":\"Gleisi Hoffmann vem \u00e0 Bahia para fortalecer candidaturas do PT - Portal MF\",\"isPartOf\":{\"@id\":\"https:\/\/portalmf.com.br\/#website\"},\"primaryImageOfPage\":{\"@id\":\"https:\/\/portalmf.com.br\/index.php\/2024\/10\/01\/gleisi-hoffmann-vem-a-bahia-para-fortalecer-candidaturas-do-pt\/#primaryimage\"},\"image\":{\"@id\":\"https:\/\/portalmf.com.br\/index.php\/2024\/10\/01\/gleisi-hoffmann-vem-a-bahia-para-fortalecer-candidaturas-do-pt\/#primaryimage\"},\"thumbnailUrl\":\"https:\/\/portalmf.com.br\/wp-content\/uploads\/2024\/10\/Gleisi-Hoffmann-Ze-Neto-e-Eden-Valadares.jpg\",\"datePublished\":\"2024-10-01T14:18:35+00:00\",\"dateModified\":\"2024-10-01T14:18:35+00:00\",\"author\":{\"@id\":\"https:\/\/portalmf.com.br\/#\/schema\/person\/9ec101baf56233e53520c26de5d6f6f0\"},\"breadcrumb\":{\"@id\":\"https:\/\/portalmf.com.br\/index.php\/2024\/10\/01\/gleisi-hoffmann-vem-a-bahia-para-fortalecer-candidaturas-do-pt\/#breadcrumb\"},\"inLanguage\":\"pt-BR\",\"potentialAction\":[{\"@type\":\"ReadAction\",\"target\":[\"https:\/\/portalmf.com.br\/index.php\/2024\/10\/01\/gleisi-hoffmann-vem-a-bahia-para-fortalecer-candidaturas-do-pt\/\"]}]},{\"@type\":\"ImageObject\",\"inLanguage\":\"pt-BR\",\"@id\":\"https:\/\/portalmf.com.br\/index.php\/2024\/10\/01\/gleisi-hoffmann-vem-a-bahia-para-fortalecer-candidaturas-do-pt\/#primaryimage\",\"url\":\"https:\/\/portalmf.com.br\/wp-content\/uploads\/2024\/10\/Gleisi-Hoffmann-Ze-Neto-e-Eden-Valadares.jpg\",\"contentUrl\":\"https:\/\/portalmf.com.br\/wp-content\/uploads\/2024\/10\/Gleisi-Hoffmann-Ze-Neto-e-Eden-Valadares.jpg\",\"width\":800,\"height\":601},{\"@type\":\"BreadcrumbList\",\"@id\":\"https:\/\/portalmf.com.br\/index.php\/2024\/10\/01\/gleisi-hoffmann-vem-a-bahia-para-fortalecer-candidaturas-do-pt\/#breadcrumb\",\"itemListElement\":[{\"@type\":\"ListItem\",\"position\":1,\"name\":\"In\u00edcio\",\"item\":\"https:\/\/portalmf.com.br\/\"},{\"@type\":\"ListItem\",\"position\":2,\"name\":\"Gleisi Hoffmann vem \u00e0 Bahia para fortalecer candidaturas do PT\"}]},{\"@type\":\"WebSite\",\"@id\":\"https:\/\/portalmf.com.br\/#website\",\"url\":\"https:\/\/portalmf.com.br\/\",\"name\":\"Portal MF\",\"description\":\"Voc\u00ea conectado com a informa\u00e7\u00e3o\",\"potentialAction\":[{\"@type\":\"SearchAction\",\"target\":{\"@type\":\"EntryPoint\",\"urlTemplate\":\"https:\/\/portalmf.com.br\/?s={search_term_string}\"},\"query-input\":\"required name=search_term_string\"}],\"inLanguage\":\"pt-BR\"},{\"@type\":\"Person\",\"@id\":\"https:\/\/portalmf.com.br\/#\/schema\/person\/9ec101baf56233e53520c26de5d6f6f0\",\"name\":\"Reda\u00e7\u00e3o Portal MF\",\"image\":{\"@type\":\"ImageObject\",\"inLanguage\":\"pt-BR\",\"@id\":\"https:\/\/portalmf.com.br\/#\/schema\/person\/image\/\",\"url\":\"https:\/\/secure.gravatar.com\/avatar\/41b9aaeb2100835f7c64362330f74c7f?s=96&d=mm&r=g\",\"contentUrl\":\"https:\/\/secure.gravatar.com\/avatar\/41b9aaeb2100835f7c64362330f74c7f?s=96&d=mm&r=g\",\"caption\":\"Reda\u00e7\u00e3o Portal MF\"},\"description\":\"Sejam bem-vindos o portal de informa\u00e7\u00f5es de entretenimento de Feira de Santana, desde 2006 realiza coberturas dos principais eventos com entrevistas exclusivas com as principais personalidades mundiais. Fique conectado tamb\u00e9m nas redes sociais.\",\"sameAs\":[\"http:\/\/www.portalmf.com.br\/\",\"https:\/\/www.facebook.com\/portalmfoficial\",\"https:\/\/www.instagram.com\/portalmf\/\",\"https:\/\/x.com\/https:\/\/x.com\/portalmfoficial\",\"https:\/\/www.youtube.com\/@portalmfoficial\"],\"url\":\"https:\/\/portalmf.com.br\/index.php\/author\/junior\/\"}]}<\/script>\n<!-- \/ Yoast SEO plugin. -->","yoast_head_json":{"title":"Gleisi Hoffmann vem \u00e0 Bahia para fortalecer candidaturas do PT - Portal MF","robots":{"index":"index","follow":"follow","max-snippet":"max-snippet:-1","max-image-preview":"max-image-preview:large","max-video-preview":"max-video-preview:-1"},"canonical":"https:\/\/portalmf.com.br\/index.php\/2024\/10\/01\/gleisi-hoffmann-vem-a-bahia-para-fortalecer-candidaturas-do-pt\/","og_locale":"pt_BR","og_type":"article","og_title":"Gleisi Hoffmann vem \u00e0 Bahia para fortalecer candidaturas do PT - Portal MF","og_description":"A presidente nacional do PT e deputada federal, Gleisi Hoffmann, estar\u00e1 na Bahia, nesta ter\u00e7a-feira (1\u00b0) e quarta-feira (02), para participar dos atos de campanha dos candidatos petistas a prefeito Waldenor Pereira, em Vit\u00f3ria da Conquista; Z\u00e9 Neto, em Feira de Santana; Caetano, em Cama\u00e7ari; e de Rosalvo, em Lauro de Freitas. A presen\u00e7a de [&hellip;]","og_url":"https:\/\/portalmf.com.br\/index.php\/2024\/10\/01\/gleisi-hoffmann-vem-a-bahia-para-fortalecer-candidaturas-do-pt\/","og_site_name":"Portal MF","article_author":"https:\/\/www.facebook.com\/portalmfoficial","article_published_time":"2024-10-01T14:18:35+00:00","og_image":[{"width":800,"height":601,"url":"https:\/\/portalmf.com.br\/wp-content\/uploads\/2024\/10\/Gleisi-Hoffmann-Ze-Neto-e-Eden-Valadares.jpg","type":"image\/jpeg"}],"author":"Reda\u00e7\u00e3o Portal MF","twitter_card":"summary_large_image","twitter_creator":"@https:\/\/x.com\/portalmfoficial","twitter_misc":{"Escrito por":"Reda\u00e7\u00e3o Portal MF","Est. tempo de leitura":"3 minutos"},"schema":{"@context":"https:\/\/schema.org","@graph":[{"@type":"WebPage","@id":"https:\/\/portalmf.com.br\/index.php\/2024\/10\/01\/gleisi-hoffmann-vem-a-bahia-para-fortalecer-candidaturas-do-pt\/","url":"https:\/\/portalmf.com.br\/index.php\/2024\/10\/01\/gleisi-hoffmann-vem-a-bahia-para-fortalecer-candidaturas-do-pt\/","name":"Gleisi Hoffmann vem \u00e0 Bahia para fortalecer candidaturas do PT - Portal MF","isPartOf":{"@id":"https:\/\/portalmf.com.br\/#website"},"primaryImageOfPage":{"@id":"https:\/\/portalmf.com.br\/index.php\/2024\/10\/01\/gleisi-hoffmann-vem-a-bahia-para-fortalecer-candidaturas-do-pt\/#primaryimage"},"image":{"@id":"https:\/\/portalmf.com.br\/index.php\/2024\/10\/01\/gleisi-hoffmann-vem-a-bahia-para-fortalecer-candidaturas-do-pt\/#primaryimage"},"thumbnailUrl":"https:\/\/portalmf.com.br\/wp-content\/uploads\/2024\/10\/Gleisi-Hoffmann-Ze-Neto-e-Eden-Valadares.jpg","datePublished":"2024-10-01T14:18:35+00:00","dateModified":"2024-10-01T14:18:35+00:00","author":{"@id":"https:\/\/portalmf.com.br\/#\/schema\/person\/9ec101baf56233e53520c26de5d6f6f0"},"breadcrumb":{"@id":"https:\/\/portalmf.com.br\/index.php\/2024\/10\/01\/gleisi-hoffmann-vem-a-bahia-para-fortalecer-candidaturas-do-pt\/#breadcrumb"},"inLanguage":"pt-BR","potentialAction":[{"@type":"ReadAction","target":["https:\/\/portalmf.com.br\/index.php\/2024\/10\/01\/gleisi-hoffmann-vem-a-bahia-para-fortalecer-candidaturas-do-pt\/"]}]},{"@type":"ImageObject","inLanguage":"pt-BR","@id":"https:\/\/portalmf.com.br\/index.php\/2024\/10\/01\/gleisi-hoffmann-vem-a-bahia-para-fortalecer-candidaturas-do-pt\/#primaryimage","url":"https:\/\/portalmf.com.br\/wp-content\/uploads\/2024\/10\/Gleisi-Hoffmann-Ze-Neto-e-Eden-Valadares.jpg","contentUrl":"https:\/\/portalmf.com.br\/wp-content\/uploads\/2024\/10\/Gleisi-Hoffmann-Ze-Neto-e-Eden-Valadares.jpg","width":800,"height":601},{"@type":"BreadcrumbList","@id":"https:\/\/portalmf.com.br\/index.php\/2024\/10\/01\/gleisi-hoffmann-vem-a-bahia-para-fortalecer-candidaturas-do-pt\/#breadcrumb","itemListElement":[{"@type":"ListItem","position":1,"name":"In\u00edcio","item":"https:\/\/portalmf.com.br\/"},{"@type":"ListItem","position":2,"name":"Gleisi Hoffmann vem \u00e0 Bahia para fortalecer candidaturas do PT"}]},{"@type":"WebSite","@id":"https:\/\/portalmf.com.br\/#website","url":"https:\/\/portalmf.com.br\/","name":"Portal MF","description":"Voc\u00ea conectado com a informa\u00e7\u00e3o","potentialAction":[{"@type":"SearchAction","target":{"@type":"EntryPoint","urlTemplate":"https:\/\/portalmf.com.br\/?s={search_term_string}"},"query-input":"required name=search_term_string"}],"inLanguage":"pt-BR"},{"@type":"Person","@id":"https:\/\/portalmf.com.br\/#\/schema\/person\/9ec101baf56233e53520c26de5d6f6f0","name":"Reda\u00e7\u00e3o Portal MF","image":{"@type":"ImageObject","inLanguage":"pt-BR","@id":"https:\/\/portalmf.com.br\/#\/schema\/person\/image\/","url":"https:\/\/secure.gravatar.com\/avatar\/41b9aaeb2100835f7c64362330f74c7f?s=96&d=mm&r=g","contentUrl":"https:\/\/secure.gravatar.com\/avatar\/41b9aaeb2100835f7c64362330f74c7f?s=96&d=mm&r=g","caption":"Reda\u00e7\u00e3o Portal MF"},"description":"Sejam bem-vindos o portal de informa\u00e7\u00f5es de entretenimento de Feira de Santana, desde 2006 realiza coberturas dos principais eventos com entrevistas exclusivas com as principais personalidades mundiais. Fique conectado tamb\u00e9m nas redes sociais.","sameAs":["http:\/\/www.portalmf.com.br\/","https:\/\/www.facebook.com\/portalmfoficial","https:\/\/www.instagram.com\/portalmf\/","https:\/\/x.com\/https:\/\/x.com\/portalmfoficial","https:\/\/www.youtube.com\/@portalmfoficial"],"url":"https:\/\/portalmf.com.br\/index.php\/author\/junior\/"}]}},"_links":{"self":[{"href":"https:\/\/portalmf.com.br\/index.php\/wp-json\/wp\/v2\/posts\/30335"}],"collection":[{"href":"https:\/\/portalmf.com.br\/index.php\/wp-json\/wp\/v2\/posts"}],"about":[{"href":"https:\/\/portalmf.com.br\/index.php\/wp-json\/wp\/v2\/types\/post"}],"author":[{"embeddable":true,"href":"https:\/\/portalmf.com.br\/index.php\/wp-json\/wp\/v2\/users\/3"}],"replies":[{"embeddable":true,"href":"https:\/\/portalmf.com.br\/index.php\/wp-json\/wp\/v2\/comments?post=30335"}],"version-history":[{"count":1,"href":"https:\/\/portalmf.com.br\/index.php\/wp-json\/wp\/v2\/posts\/30335\/revisions"}],"predecessor-version":[{"id":30337,"href":"https:\/\/portalmf.com.br\/index.php\/wp-json\/wp\/v2\/posts\/30335\/revisions\/30337"}],"wp:featuredmedia":[{"embeddable":true,"href":"https:\/\/portalmf.com.br\/index.php\/wp-json\/wp\/v2\/media\/30336"}],"wp:attachment":[{"href":"https:\/\/portalmf.com.br\/index.php\/wp-json\/wp\/v2\/media?parent=30335"}],"wp:term":[{"taxonomy":"category","embeddable":true,"href":"https:\/\/portalmf.com.br\/index.php\/wp-json\/wp\/v2\/categories?post=30335"},{"taxonomy":"post_tag","embeddable":true,"href":"https:\/\/portalmf.com.br\/index.php\/wp-json\/wp\/v2\/tags?post=30335"}],"curies":[{"name":"wp","href":"https:\/\/api.w.org\/{rel}","templated":true}]}}