{"id":30332,"date":"2024-10-01T11:12:47","date_gmt":"2024-10-01T14:12:47","guid":{"rendered":"https:\/\/portalmf.com.br\/?p=30332"},"modified":"2024-10-01T11:12:48","modified_gmt":"2024-10-01T14:12:48","slug":"acm-neto-percorre-12-cidades-em-7-dias-na-reta-final-das-eleicoes-municipais","status":"publish","type":"post","link":"https:\/\/portalmf.com.br\/index.php\/2024\/10\/01\/acm-neto-percorre-12-cidades-em-7-dias-na-reta-final-das-eleicoes-municipais\/","title":{"rendered":"ACM Neto percorre 12 cidades em 7 dias na reta final das elei\u00e7\u00f5es municipais"},"content":{"rendered":"\n<p>O vice-presidente do Uni\u00e3o Brasil, ACM Neto, cumpriu uma extensa agenda pelos munic\u00edpios do interior da Bahia nos \u00faltimos sete dias, em prepara\u00e7\u00e3o para as elei\u00e7\u00f5es municipais.<\/p>\n\n\n\n<p>Al\u00e9m de diversas agendas em Salvador, no dia 22 de setembro, esteve em S\u00e3o Felipe, Dom Macedo Costa e Amargosa. Em 24 de setembro, visitou Madre de Deus e Feira de Santana. No dia 25, passou por Ilh\u00e9us e Lauro de Freitas, e no dia 27, visitou Vit\u00f3ria da Conquista e Itabuna. Em 28 de setembro, esteve em Ipia\u00fa e, no dia 29, em Itapetinga.<\/p>\n\n\n\n<p>Nos pr\u00f3ximos dias, ACM Neto deve continuar percorrendo cidades para apoiar candidaturas locais e refor\u00e7ar sua presen\u00e7a pol\u00edtica na reta final da campanha. Nesta segunda-feira (30), o ex-prefeito de Salvador desembarca em Saubara e Dias D\u2019\u00e1vila.<\/p>\n\n\n\n<p><em>\u201cVamos tirar a Bahia do vermelho nessas elei\u00e7\u00f5es. A agenda est\u00e1 intensa nesses \u00faltimos dias, mas ser\u00e1 recompensada com vit\u00f3rias, se Deus quiser, no dia 6 de outubro\u201d<\/em>, disse Neto.<\/p>\n\n\n\n<p>Com informa\u00e7\u00f5es da Ascom \/ ACM Neto<\/p>\n","protected":false},"excerpt":{"rendered":"<p>O vice-presidente do Uni\u00e3o Brasil, ACM Neto, cumpriu uma extensa agenda pelos munic\u00edpios do interior da Bahia nos \u00faltimos sete dias, em prepara\u00e7\u00e3o para as elei\u00e7\u00f5es municipais. Al\u00e9m de diversas agendas em Salvador, no dia 22 de setembro, esteve em S\u00e3o Felipe, Dom Macedo Costa e Amargosa. Em 24 de setembro, visitou Madre de Deus [&hellip;]<\/p>\n","protected":false},"author":3,"featured_media":30333,"comment_status":"open","ping_status":"open","sticky":false,"template":"","format":"standard","meta":{"_monsterinsights_skip_tracking":false,"_monsterinsights_sitenote_active":false,"_monsterinsights_sitenote_note":"","_monsterinsights_sitenote_category":0,"footnotes":""},"categories":[301,34],"tags":[],"yoast_head":"<!-- This site is optimized with the Yoast SEO plugin v22.9 - https:\/\/yoast.com\/wordpress\/plugins\/seo\/ -->\n<title>ACM Neto percorre 12 cidades em 7 dias na reta final das elei\u00e7\u00f5es municipais - Portal MF<\/title>\n<meta name=\"robots\" content=\"index, follow, max-snippet:-1, max-image-preview:large, max-video-preview:-1\" \/>\n<link rel=\"canonical\" href=\"https:\/\/portalmf.com.br\/index.php\/2024\/10\/01\/acm-neto-percorre-12-cidades-em-7-dias-na-reta-final-das-eleicoes-municipais\/\" \/>\n<meta property=\"og:locale\" content=\"pt_BR\" \/>\n<meta property=\"og:type\" content=\"article\" \/>\n<meta property=\"og:title\" content=\"ACM Neto percorre 12 cidades em 7 dias na reta final das elei\u00e7\u00f5es municipais - Portal MF\" \/>\n<meta property=\"og:description\" content=\"O vice-presidente do Uni\u00e3o Brasil, ACM Neto, cumpriu uma extensa agenda pelos munic\u00edpios do interior da Bahia nos \u00faltimos sete dias, em prepara\u00e7\u00e3o para as elei\u00e7\u00f5es municipais. Al\u00e9m de diversas agendas em Salvador, no dia 22 de setembro, esteve em S\u00e3o Felipe, Dom Macedo Costa e Amargosa. Em 24 de setembro, visitou Madre de Deus [&hellip;]\" \/>\n<meta property=\"og:url\" content=\"https:\/\/portalmf.com.br\/index.php\/2024\/10\/01\/acm-neto-percorre-12-cidades-em-7-dias-na-reta-final-das-eleicoes-municipais\/\" \/>\n<meta property=\"og:site_name\" content=\"Portal MF\" \/>\n<meta property=\"article:author\" content=\"https:\/\/www.facebook.com\/portalmfoficial\" \/>\n<meta property=\"article:published_time\" content=\"2024-10-01T14:12:47+00:00\" \/>\n<meta property=\"article:modified_time\" content=\"2024-10-01T14:12:48+00:00\" \/>\n<meta property=\"og:image\" content=\"https:\/\/portalmf.com.br\/wp-content\/uploads\/2024\/10\/ACM-Neto-percorre-12-cidades-em-7-dias-na-reta-final-das-eleicoes-municipais.jpg\" \/>\n\t<meta property=\"og:image:width\" content=\"800\" \/>\n\t<meta property=\"og:image:height\" content=\"520\" \/>\n\t<meta property=\"og:image:type\" content=\"image\/jpeg\" \/>\n<meta name=\"author\" content=\"Reda\u00e7\u00e3o Portal MF\" \/>\n<meta name=\"twitter:card\" content=\"summary_large_image\" \/>\n<meta name=\"twitter:creator\" content=\"@https:\/\/x.com\/portalmfoficial\" \/>\n<meta name=\"twitter:label1\" content=\"Escrito por\" \/>\n\t<meta name=\"twitter:data1\" content=\"Reda\u00e7\u00e3o Portal MF\" \/>\n\t<meta name=\"twitter:label2\" content=\"Est. tempo de leitura\" \/>\n\t<meta name=\"twitter:data2\" content=\"2 minutos\" \/>\n<script type=\"application\/ld+json\" class=\"yoast-schema-graph\">{\"@context\":\"https:\/\/schema.org\",\"@graph\":[{\"@type\":\"WebPage\",\"@id\":\"https:\/\/portalmf.com.br\/index.php\/2024\/10\/01\/acm-neto-percorre-12-cidades-em-7-dias-na-reta-final-das-eleicoes-municipais\/\",\"url\":\"https:\/\/portalmf.com.br\/index.php\/2024\/10\/01\/acm-neto-percorre-12-cidades-em-7-dias-na-reta-final-das-eleicoes-municipais\/\",\"name\":\"ACM Neto percorre 12 cidades em 7 dias na reta final das elei\u00e7\u00f5es municipais - Portal MF\",\"isPartOf\":{\"@id\":\"https:\/\/portalmf.com.br\/#website\"},\"primaryImageOfPage\":{\"@id\":\"https:\/\/portalmf.com.br\/index.php\/2024\/10\/01\/acm-neto-percorre-12-cidades-em-7-dias-na-reta-final-das-eleicoes-municipais\/#primaryimage\"},\"image\":{\"@id\":\"https:\/\/portalmf.com.br\/index.php\/2024\/10\/01\/acm-neto-percorre-12-cidades-em-7-dias-na-reta-final-das-eleicoes-municipais\/#primaryimage\"},\"thumbnailUrl\":\"https:\/\/portalmf.com.br\/wp-content\/uploads\/2024\/10\/ACM-Neto-percorre-12-cidades-em-7-dias-na-reta-final-das-eleicoes-municipais.jpg\",\"datePublished\":\"2024-10-01T14:12:47+00:00\",\"dateModified\":\"2024-10-01T14:12:48+00:00\",\"author\":{\"@id\":\"https:\/\/portalmf.com.br\/#\/schema\/person\/9ec101baf56233e53520c26de5d6f6f0\"},\"breadcrumb\":{\"@id\":\"https:\/\/portalmf.com.br\/index.php\/2024\/10\/01\/acm-neto-percorre-12-cidades-em-7-dias-na-reta-final-das-eleicoes-municipais\/#breadcrumb\"},\"inLanguage\":\"pt-BR\",\"potentialAction\":[{\"@type\":\"ReadAction\",\"target\":[\"https:\/\/portalmf.com.br\/index.php\/2024\/10\/01\/acm-neto-percorre-12-cidades-em-7-dias-na-reta-final-das-eleicoes-municipais\/\"]}]},{\"@type\":\"ImageObject\",\"inLanguage\":\"pt-BR\",\"@id\":\"https:\/\/portalmf.com.br\/index.php\/2024\/10\/01\/acm-neto-percorre-12-cidades-em-7-dias-na-reta-final-das-eleicoes-municipais\/#primaryimage\",\"url\":\"https:\/\/portalmf.com.br\/wp-content\/uploads\/2024\/10\/ACM-Neto-percorre-12-cidades-em-7-dias-na-reta-final-das-eleicoes-municipais.jpg\",\"contentUrl\":\"https:\/\/portalmf.com.br\/wp-content\/uploads\/2024\/10\/ACM-Neto-percorre-12-cidades-em-7-dias-na-reta-final-das-eleicoes-municipais.jpg\",\"width\":800,\"height\":520},{\"@type\":\"BreadcrumbList\",\"@id\":\"https:\/\/portalmf.com.br\/index.php\/2024\/10\/01\/acm-neto-percorre-12-cidades-em-7-dias-na-reta-final-das-eleicoes-municipais\/#breadcrumb\",\"itemListElement\":[{\"@type\":\"ListItem\",\"position\":1,\"name\":\"In\u00edcio\",\"item\":\"https:\/\/portalmf.com.br\/\"},{\"@type\":\"ListItem\",\"position\":2,\"name\":\"ACM Neto percorre 12 cidades em 7 dias na reta final das elei\u00e7\u00f5es municipais\"}]},{\"@type\":\"WebSite\",\"@id\":\"https:\/\/portalmf.com.br\/#website\",\"url\":\"https:\/\/portalmf.com.br\/\",\"name\":\"Portal MF\",\"description\":\"Voc\u00ea conectado com a informa\u00e7\u00e3o\",\"potentialAction\":[{\"@type\":\"SearchAction\",\"target\":{\"@type\":\"EntryPoint\",\"urlTemplate\":\"https:\/\/portalmf.com.br\/?s={search_term_string}\"},\"query-input\":\"required name=search_term_string\"}],\"inLanguage\":\"pt-BR\"},{\"@type\":\"Person\",\"@id\":\"https:\/\/portalmf.com.br\/#\/schema\/person\/9ec101baf56233e53520c26de5d6f6f0\",\"name\":\"Reda\u00e7\u00e3o Portal MF\",\"image\":{\"@type\":\"ImageObject\",\"inLanguage\":\"pt-BR\",\"@id\":\"https:\/\/portalmf.com.br\/#\/schema\/person\/image\/\",\"url\":\"https:\/\/secure.gravatar.com\/avatar\/41b9aaeb2100835f7c64362330f74c7f?s=96&d=mm&r=g\",\"contentUrl\":\"https:\/\/secure.gravatar.com\/avatar\/41b9aaeb2100835f7c64362330f74c7f?s=96&d=mm&r=g\",\"caption\":\"Reda\u00e7\u00e3o Portal MF\"},\"description\":\"Sejam bem-vindos o portal de informa\u00e7\u00f5es de entretenimento de Feira de Santana, desde 2006 realiza coberturas dos principais eventos com entrevistas exclusivas com as principais personalidades mundiais. Fique conectado tamb\u00e9m nas redes sociais.\",\"sameAs\":[\"http:\/\/www.portalmf.com.br\/\",\"https:\/\/www.facebook.com\/portalmfoficial\",\"https:\/\/www.instagram.com\/portalmf\/\",\"https:\/\/x.com\/https:\/\/x.com\/portalmfoficial\",\"https:\/\/www.youtube.com\/@portalmfoficial\"],\"url\":\"https:\/\/portalmf.com.br\/index.php\/author\/junior\/\"}]}<\/script>\n<!-- \/ Yoast SEO plugin. -->","yoast_head_json":{"title":"ACM Neto percorre 12 cidades em 7 dias na reta final das elei\u00e7\u00f5es municipais - Portal MF","robots":{"index":"index","follow":"follow","max-snippet":"max-snippet:-1","max-image-preview":"max-image-preview:large","max-video-preview":"max-video-preview:-1"},"canonical":"https:\/\/portalmf.com.br\/index.php\/2024\/10\/01\/acm-neto-percorre-12-cidades-em-7-dias-na-reta-final-das-eleicoes-municipais\/","og_locale":"pt_BR","og_type":"article","og_title":"ACM Neto percorre 12 cidades em 7 dias na reta final das elei\u00e7\u00f5es municipais - Portal MF","og_description":"O vice-presidente do Uni\u00e3o Brasil, ACM Neto, cumpriu uma extensa agenda pelos munic\u00edpios do interior da Bahia nos \u00faltimos sete dias, em prepara\u00e7\u00e3o para as elei\u00e7\u00f5es municipais. Al\u00e9m de diversas agendas em Salvador, no dia 22 de setembro, esteve em S\u00e3o Felipe, Dom Macedo Costa e Amargosa. Em 24 de setembro, visitou Madre de Deus [&hellip;]","og_url":"https:\/\/portalmf.com.br\/index.php\/2024\/10\/01\/acm-neto-percorre-12-cidades-em-7-dias-na-reta-final-das-eleicoes-municipais\/","og_site_name":"Portal MF","article_author":"https:\/\/www.facebook.com\/portalmfoficial","article_published_time":"2024-10-01T14:12:47+00:00","article_modified_time":"2024-10-01T14:12:48+00:00","og_image":[{"width":800,"height":520,"url":"https:\/\/portalmf.com.br\/wp-content\/uploads\/2024\/10\/ACM-Neto-percorre-12-cidades-em-7-dias-na-reta-final-das-eleicoes-municipais.jpg","type":"image\/jpeg"}],"author":"Reda\u00e7\u00e3o Portal MF","twitter_card":"summary_large_image","twitter_creator":"@https:\/\/x.com\/portalmfoficial","twitter_misc":{"Escrito por":"Reda\u00e7\u00e3o Portal MF","Est. tempo de leitura":"2 minutos"},"schema":{"@context":"https:\/\/schema.org","@graph":[{"@type":"WebPage","@id":"https:\/\/portalmf.com.br\/index.php\/2024\/10\/01\/acm-neto-percorre-12-cidades-em-7-dias-na-reta-final-das-eleicoes-municipais\/","url":"https:\/\/portalmf.com.br\/index.php\/2024\/10\/01\/acm-neto-percorre-12-cidades-em-7-dias-na-reta-final-das-eleicoes-municipais\/","name":"ACM Neto percorre 12 cidades em 7 dias na reta final das elei\u00e7\u00f5es municipais - Portal MF","isPartOf":{"@id":"https:\/\/portalmf.com.br\/#website"},"primaryImageOfPage":{"@id":"https:\/\/portalmf.com.br\/index.php\/2024\/10\/01\/acm-neto-percorre-12-cidades-em-7-dias-na-reta-final-das-eleicoes-municipais\/#primaryimage"},"image":{"@id":"https:\/\/portalmf.com.br\/index.php\/2024\/10\/01\/acm-neto-percorre-12-cidades-em-7-dias-na-reta-final-das-eleicoes-municipais\/#primaryimage"},"thumbnailUrl":"https:\/\/portalmf.com.br\/wp-content\/uploads\/2024\/10\/ACM-Neto-percorre-12-cidades-em-7-dias-na-reta-final-das-eleicoes-municipais.jpg","datePublished":"2024-10-01T14:12:47+00:00","dateModified":"2024-10-01T14:12:48+00:00","author":{"@id":"https:\/\/portalmf.com.br\/#\/schema\/person\/9ec101baf56233e53520c26de5d6f6f0"},"breadcrumb":{"@id":"https:\/\/portalmf.com.br\/index.php\/2024\/10\/01\/acm-neto-percorre-12-cidades-em-7-dias-na-reta-final-das-eleicoes-municipais\/#breadcrumb"},"inLanguage":"pt-BR","potentialAction":[{"@type":"ReadAction","target":["https:\/\/portalmf.com.br\/index.php\/2024\/10\/01\/acm-neto-percorre-12-cidades-em-7-dias-na-reta-final-das-eleicoes-municipais\/"]}]},{"@type":"ImageObject","inLanguage":"pt-BR","@id":"https:\/\/portalmf.com.br\/index.php\/2024\/10\/01\/acm-neto-percorre-12-cidades-em-7-dias-na-reta-final-das-eleicoes-municipais\/#primaryimage","url":"https:\/\/portalmf.com.br\/wp-content\/uploads\/2024\/10\/ACM-Neto-percorre-12-cidades-em-7-dias-na-reta-final-das-eleicoes-municipais.jpg","contentUrl":"https:\/\/portalmf.com.br\/wp-content\/uploads\/2024\/10\/ACM-Neto-percorre-12-cidades-em-7-dias-na-reta-final-das-eleicoes-municipais.jpg","width":800,"height":520},{"@type":"BreadcrumbList","@id":"https:\/\/portalmf.com.br\/index.php\/2024\/10\/01\/acm-neto-percorre-12-cidades-em-7-dias-na-reta-final-das-eleicoes-municipais\/#breadcrumb","itemListElement":[{"@type":"ListItem","position":1,"name":"In\u00edcio","item":"https:\/\/portalmf.com.br\/"},{"@type":"ListItem","position":2,"name":"ACM Neto percorre 12 cidades em 7 dias na reta final das elei\u00e7\u00f5es municipais"}]},{"@type":"WebSite","@id":"https:\/\/portalmf.com.br\/#website","url":"https:\/\/portalmf.com.br\/","name":"Portal MF","description":"Voc\u00ea conectado com a informa\u00e7\u00e3o","potentialAction":[{"@type":"SearchAction","target":{"@type":"EntryPoint","urlTemplate":"https:\/\/portalmf.com.br\/?s={search_term_string}"},"query-input":"required name=search_term_string"}],"inLanguage":"pt-BR"},{"@type":"Person","@id":"https:\/\/portalmf.com.br\/#\/schema\/person\/9ec101baf56233e53520c26de5d6f6f0","name":"Reda\u00e7\u00e3o Portal MF","image":{"@type":"ImageObject","inLanguage":"pt-BR","@id":"https:\/\/portalmf.com.br\/#\/schema\/person\/image\/","url":"https:\/\/secure.gravatar.com\/avatar\/41b9aaeb2100835f7c64362330f74c7f?s=96&d=mm&r=g","contentUrl":"https:\/\/secure.gravatar.com\/avatar\/41b9aaeb2100835f7c64362330f74c7f?s=96&d=mm&r=g","caption":"Reda\u00e7\u00e3o Portal MF"},"description":"Sejam bem-vindos o portal de informa\u00e7\u00f5es de entretenimento de Feira de Santana, desde 2006 realiza coberturas dos principais eventos com entrevistas exclusivas com as principais personalidades mundiais. Fique conectado tamb\u00e9m nas redes sociais.","sameAs":["http:\/\/www.portalmf.com.br\/","https:\/\/www.facebook.com\/portalmfoficial","https:\/\/www.instagram.com\/portalmf\/","https:\/\/x.com\/https:\/\/x.com\/portalmfoficial","https:\/\/www.youtube.com\/@portalmfoficial"],"url":"https:\/\/portalmf.com.br\/index.php\/author\/junior\/"}]}},"_links":{"self":[{"href":"https:\/\/portalmf.com.br\/index.php\/wp-json\/wp\/v2\/posts\/30332"}],"collection":[{"href":"https:\/\/portalmf.com.br\/index.php\/wp-json\/wp\/v2\/posts"}],"about":[{"href":"https:\/\/portalmf.com.br\/index.php\/wp-json\/wp\/v2\/types\/post"}],"author":[{"embeddable":true,"href":"https:\/\/portalmf.com.br\/index.php\/wp-json\/wp\/v2\/users\/3"}],"replies":[{"embeddable":true,"href":"https:\/\/portalmf.com.br\/index.php\/wp-json\/wp\/v2\/comments?post=30332"}],"version-history":[{"count":1,"href":"https:\/\/portalmf.com.br\/index.php\/wp-json\/wp\/v2\/posts\/30332\/revisions"}],"predecessor-version":[{"id":30334,"href":"https:\/\/portalmf.com.br\/index.php\/wp-json\/wp\/v2\/posts\/30332\/revisions\/30334"}],"wp:featuredmedia":[{"embeddable":true,"href":"https:\/\/portalmf.com.br\/index.php\/wp-json\/wp\/v2\/media\/30333"}],"wp:attachment":[{"href":"https:\/\/portalmf.com.br\/index.php\/wp-json\/wp\/v2\/media?parent=30332"}],"wp:term":[{"taxonomy":"category","embeddable":true,"href":"https:\/\/portalmf.com.br\/index.php\/wp-json\/wp\/v2\/categories?post=30332"},{"taxonomy":"post_tag","embeddable":true,"href":"https:\/\/portalmf.com.br\/index.php\/wp-json\/wp\/v2\/tags?post=30332"}],"curies":[{"name":"wp","href":"https:\/\/api.w.org\/{rel}","templated":true}]}}