{"id":30325,"date":"2024-10-01T11:01:03","date_gmt":"2024-10-01T14:01:03","guid":{"rendered":"https:\/\/portalmf.com.br\/?p=30325"},"modified":"2024-10-01T11:01:05","modified_gmt":"2024-10-01T14:01:05","slug":"jose-ronaldo-repudia-ataque-da-oposicao-com-fake-news-de-cesta-basica","status":"publish","type":"post","link":"https:\/\/portalmf.com.br\/index.php\/2024\/10\/01\/jose-ronaldo-repudia-ataque-da-oposicao-com-fake-news-de-cesta-basica\/","title":{"rendered":"Jos\u00e9 Ronaldo repudia ataque da oposi\u00e7\u00e3o com fake news de cesta b\u00e1sica"},"content":{"rendered":"\n<p>O candidato a prefeito de Feira de Santana pela coliga\u00e7\u00e3o \u201cO amor sempre vence\u201d, Jos\u00e9 Ronaldo (Uni\u00e3o Brasil), repudia o ataque da oposi\u00e7\u00e3o criando fake news sobre distribui\u00e7\u00e3o de cestas b\u00e1sicas pra tentar influenciar a opini\u00e3o dos feirenses diante das elei\u00e7\u00f5es do pr\u00f3ximo domingo (06).<\/p>\n\n\n\n<p>Enquanto o candidato Jos\u00e9 Ronaldo visitava um grupo de crian\u00e7as de uma escolinha de futebol, acompanhadas por seus respons\u00e1veis, na rua Cordeir\u00f3polis, onde foi recebido em clima de festa como sempre ocorre em todos os cantos da cidade, algu\u00e9m mal intencionado gritava que seria distribui\u00e7\u00e3o de cestas b\u00e1sicas, enquanto filmava.<\/p>\n\n\n\n<p>No v\u00eddeo da fake news utilizada em uma atitude rasteira pela oposi\u00e7\u00e3o, em momento algum aparece qualquer imagem de flagrante de cestas b\u00e1sicas. As imagens revelam, entretanto, a presen\u00e7a de Jos\u00e9 Ronaldo sendo recebido carinhosamente pelas crian\u00e7as da escolinha de futebol, da mesma forma que por seus respons\u00e1veis.<\/p>\n\n\n\n<p>Mesmo sendo \u00f3bvio que se trata de uma not\u00edcia falsa criada com prop\u00f3sitos ultrapassados para se obter vantagens na pol\u00edtica, o candidato da oposi\u00e7\u00e3o, Z\u00e9 Neto (PT), se utiliza deste material para alimentar a fake news, criando factoides para espalhar por redes sociais e alguns ve\u00edculos de comunica\u00e7\u00e3o que desatentos \u00e0 falta de provas, ainda assim estranhamente divulgam.<\/p>\n\n\n\n<p>O departamento jur\u00eddico da campanha do candidato a prefeito Jos\u00e9 Ronaldo vai registrar queixa na delegacia contra a fake news e ingressar com a\u00e7\u00e3o na Justi\u00e7a Eleitoral.<\/p>\n\n\n\n<p>Jos\u00e9 Ronaldo repudia veementemente atitudes de pessoas que criam e disseminam fake news, e de pol\u00edticos que se utilizam destes recursos para atacar seus advers\u00e1rios, em um claro sinal de desrespeito aos cidad\u00e3os feirenses e de desespero diante das elei\u00e7\u00f5es do pr\u00f3ximo dia 6 de outubro.<\/p>\n\n\n\n<p>Com informa\u00e7\u00f5es da Ascom \/ Jos\u00e9 Ronaldo<\/p>\n","protected":false},"excerpt":{"rendered":"<p>O candidato a prefeito de Feira de Santana pela coliga\u00e7\u00e3o \u201cO amor sempre vence\u201d, Jos\u00e9 Ronaldo (Uni\u00e3o Brasil), repudia o ataque da oposi\u00e7\u00e3o criando fake news sobre distribui\u00e7\u00e3o de cestas b\u00e1sicas pra tentar influenciar a opini\u00e3o dos feirenses diante das elei\u00e7\u00f5es do pr\u00f3ximo domingo (06). Enquanto o candidato Jos\u00e9 Ronaldo visitava um grupo de crian\u00e7as [&hellip;]<\/p>\n","protected":false},"author":3,"featured_media":29189,"comment_status":"open","ping_status":"open","sticky":false,"template":"","format":"standard","meta":{"_monsterinsights_skip_tracking":false,"_monsterinsights_sitenote_active":false,"_monsterinsights_sitenote_note":"","_monsterinsights_sitenote_category":0,"footnotes":""},"categories":[301,34],"tags":[],"yoast_head":"<!-- This site is optimized with the Yoast SEO plugin v22.9 - https:\/\/yoast.com\/wordpress\/plugins\/seo\/ -->\n<title>Jos\u00e9 Ronaldo repudia ataque da oposi\u00e7\u00e3o com fake news de cesta b\u00e1sica - Portal MF<\/title>\n<meta name=\"robots\" content=\"index, follow, max-snippet:-1, max-image-preview:large, max-video-preview:-1\" \/>\n<link rel=\"canonical\" href=\"https:\/\/portalmf.com.br\/index.php\/2024\/10\/01\/jose-ronaldo-repudia-ataque-da-oposicao-com-fake-news-de-cesta-basica\/\" \/>\n<meta property=\"og:locale\" content=\"pt_BR\" \/>\n<meta property=\"og:type\" content=\"article\" \/>\n<meta property=\"og:title\" content=\"Jos\u00e9 Ronaldo repudia ataque da oposi\u00e7\u00e3o com fake news de cesta b\u00e1sica - Portal MF\" \/>\n<meta property=\"og:description\" content=\"O candidato a prefeito de Feira de Santana pela coliga\u00e7\u00e3o \u201cO amor sempre vence\u201d, Jos\u00e9 Ronaldo (Uni\u00e3o Brasil), repudia o ataque da oposi\u00e7\u00e3o criando fake news sobre distribui\u00e7\u00e3o de cestas b\u00e1sicas pra tentar influenciar a opini\u00e3o dos feirenses diante das elei\u00e7\u00f5es do pr\u00f3ximo domingo (06). Enquanto o candidato Jos\u00e9 Ronaldo visitava um grupo de crian\u00e7as [&hellip;]\" \/>\n<meta property=\"og:url\" content=\"https:\/\/portalmf.com.br\/index.php\/2024\/10\/01\/jose-ronaldo-repudia-ataque-da-oposicao-com-fake-news-de-cesta-basica\/\" \/>\n<meta property=\"og:site_name\" content=\"Portal MF\" \/>\n<meta property=\"article:author\" content=\"https:\/\/www.facebook.com\/portalmfoficial\" \/>\n<meta property=\"article:published_time\" content=\"2024-10-01T14:01:03+00:00\" \/>\n<meta property=\"article:modified_time\" content=\"2024-10-01T14:01:05+00:00\" \/>\n<meta property=\"og:image\" content=\"https:\/\/portalmf.com.br\/wp-content\/uploads\/2024\/08\/ENTREVISTA-FAKE-NEWS-27-08-2024-_JOSE-RONALDO10.jpg\" \/>\n\t<meta property=\"og:image:width\" content=\"800\" \/>\n\t<meta property=\"og:image:height\" content=\"507\" \/>\n\t<meta property=\"og:image:type\" content=\"image\/jpeg\" \/>\n<meta name=\"author\" content=\"Reda\u00e7\u00e3o Portal MF\" \/>\n<meta name=\"twitter:card\" content=\"summary_large_image\" \/>\n<meta name=\"twitter:creator\" content=\"@https:\/\/x.com\/portalmfoficial\" \/>\n<meta name=\"twitter:label1\" content=\"Escrito por\" \/>\n\t<meta name=\"twitter:data1\" content=\"Reda\u00e7\u00e3o Portal MF\" \/>\n\t<meta name=\"twitter:label2\" content=\"Est. tempo de leitura\" \/>\n\t<meta name=\"twitter:data2\" content=\"2 minutos\" \/>\n<script type=\"application\/ld+json\" class=\"yoast-schema-graph\">{\"@context\":\"https:\/\/schema.org\",\"@graph\":[{\"@type\":\"WebPage\",\"@id\":\"https:\/\/portalmf.com.br\/index.php\/2024\/10\/01\/jose-ronaldo-repudia-ataque-da-oposicao-com-fake-news-de-cesta-basica\/\",\"url\":\"https:\/\/portalmf.com.br\/index.php\/2024\/10\/01\/jose-ronaldo-repudia-ataque-da-oposicao-com-fake-news-de-cesta-basica\/\",\"name\":\"Jos\u00e9 Ronaldo repudia ataque da oposi\u00e7\u00e3o com fake news de cesta b\u00e1sica - Portal MF\",\"isPartOf\":{\"@id\":\"https:\/\/portalmf.com.br\/#website\"},\"primaryImageOfPage\":{\"@id\":\"https:\/\/portalmf.com.br\/index.php\/2024\/10\/01\/jose-ronaldo-repudia-ataque-da-oposicao-com-fake-news-de-cesta-basica\/#primaryimage\"},\"image\":{\"@id\":\"https:\/\/portalmf.com.br\/index.php\/2024\/10\/01\/jose-ronaldo-repudia-ataque-da-oposicao-com-fake-news-de-cesta-basica\/#primaryimage\"},\"thumbnailUrl\":\"https:\/\/portalmf.com.br\/wp-content\/uploads\/2024\/08\/ENTREVISTA-FAKE-NEWS-27-08-2024-_JOSE-RONALDO10.jpg\",\"datePublished\":\"2024-10-01T14:01:03+00:00\",\"dateModified\":\"2024-10-01T14:01:05+00:00\",\"author\":{\"@id\":\"https:\/\/portalmf.com.br\/#\/schema\/person\/9ec101baf56233e53520c26de5d6f6f0\"},\"breadcrumb\":{\"@id\":\"https:\/\/portalmf.com.br\/index.php\/2024\/10\/01\/jose-ronaldo-repudia-ataque-da-oposicao-com-fake-news-de-cesta-basica\/#breadcrumb\"},\"inLanguage\":\"pt-BR\",\"potentialAction\":[{\"@type\":\"ReadAction\",\"target\":[\"https:\/\/portalmf.com.br\/index.php\/2024\/10\/01\/jose-ronaldo-repudia-ataque-da-oposicao-com-fake-news-de-cesta-basica\/\"]}]},{\"@type\":\"ImageObject\",\"inLanguage\":\"pt-BR\",\"@id\":\"https:\/\/portalmf.com.br\/index.php\/2024\/10\/01\/jose-ronaldo-repudia-ataque-da-oposicao-com-fake-news-de-cesta-basica\/#primaryimage\",\"url\":\"https:\/\/portalmf.com.br\/wp-content\/uploads\/2024\/08\/ENTREVISTA-FAKE-NEWS-27-08-2024-_JOSE-RONALDO10.jpg\",\"contentUrl\":\"https:\/\/portalmf.com.br\/wp-content\/uploads\/2024\/08\/ENTREVISTA-FAKE-NEWS-27-08-2024-_JOSE-RONALDO10.jpg\",\"width\":800,\"height\":507},{\"@type\":\"BreadcrumbList\",\"@id\":\"https:\/\/portalmf.com.br\/index.php\/2024\/10\/01\/jose-ronaldo-repudia-ataque-da-oposicao-com-fake-news-de-cesta-basica\/#breadcrumb\",\"itemListElement\":[{\"@type\":\"ListItem\",\"position\":1,\"name\":\"In\u00edcio\",\"item\":\"https:\/\/portalmf.com.br\/\"},{\"@type\":\"ListItem\",\"position\":2,\"name\":\"Jos\u00e9 Ronaldo repudia ataque da oposi\u00e7\u00e3o com fake news de cesta b\u00e1sica\"}]},{\"@type\":\"WebSite\",\"@id\":\"https:\/\/portalmf.com.br\/#website\",\"url\":\"https:\/\/portalmf.com.br\/\",\"name\":\"Portal MF\",\"description\":\"Voc\u00ea conectado com a informa\u00e7\u00e3o\",\"potentialAction\":[{\"@type\":\"SearchAction\",\"target\":{\"@type\":\"EntryPoint\",\"urlTemplate\":\"https:\/\/portalmf.com.br\/?s={search_term_string}\"},\"query-input\":\"required name=search_term_string\"}],\"inLanguage\":\"pt-BR\"},{\"@type\":\"Person\",\"@id\":\"https:\/\/portalmf.com.br\/#\/schema\/person\/9ec101baf56233e53520c26de5d6f6f0\",\"name\":\"Reda\u00e7\u00e3o Portal MF\",\"image\":{\"@type\":\"ImageObject\",\"inLanguage\":\"pt-BR\",\"@id\":\"https:\/\/portalmf.com.br\/#\/schema\/person\/image\/\",\"url\":\"https:\/\/secure.gravatar.com\/avatar\/41b9aaeb2100835f7c64362330f74c7f?s=96&d=mm&r=g\",\"contentUrl\":\"https:\/\/secure.gravatar.com\/avatar\/41b9aaeb2100835f7c64362330f74c7f?s=96&d=mm&r=g\",\"caption\":\"Reda\u00e7\u00e3o Portal MF\"},\"description\":\"Sejam bem-vindos o portal de informa\u00e7\u00f5es de entretenimento de Feira de Santana, desde 2006 realiza coberturas dos principais eventos com entrevistas exclusivas com as principais personalidades mundiais. Fique conectado tamb\u00e9m nas redes sociais.\",\"sameAs\":[\"http:\/\/www.portalmf.com.br\/\",\"https:\/\/www.facebook.com\/portalmfoficial\",\"https:\/\/www.instagram.com\/portalmf\/\",\"https:\/\/x.com\/https:\/\/x.com\/portalmfoficial\",\"https:\/\/www.youtube.com\/@portalmfoficial\"],\"url\":\"https:\/\/portalmf.com.br\/index.php\/author\/junior\/\"}]}<\/script>\n<!-- \/ Yoast SEO plugin. -->","yoast_head_json":{"title":"Jos\u00e9 Ronaldo repudia ataque da oposi\u00e7\u00e3o com fake news de cesta b\u00e1sica - Portal MF","robots":{"index":"index","follow":"follow","max-snippet":"max-snippet:-1","max-image-preview":"max-image-preview:large","max-video-preview":"max-video-preview:-1"},"canonical":"https:\/\/portalmf.com.br\/index.php\/2024\/10\/01\/jose-ronaldo-repudia-ataque-da-oposicao-com-fake-news-de-cesta-basica\/","og_locale":"pt_BR","og_type":"article","og_title":"Jos\u00e9 Ronaldo repudia ataque da oposi\u00e7\u00e3o com fake news de cesta b\u00e1sica - Portal MF","og_description":"O candidato a prefeito de Feira de Santana pela coliga\u00e7\u00e3o \u201cO amor sempre vence\u201d, Jos\u00e9 Ronaldo (Uni\u00e3o Brasil), repudia o ataque da oposi\u00e7\u00e3o criando fake news sobre distribui\u00e7\u00e3o de cestas b\u00e1sicas pra tentar influenciar a opini\u00e3o dos feirenses diante das elei\u00e7\u00f5es do pr\u00f3ximo domingo (06). Enquanto o candidato Jos\u00e9 Ronaldo visitava um grupo de crian\u00e7as [&hellip;]","og_url":"https:\/\/portalmf.com.br\/index.php\/2024\/10\/01\/jose-ronaldo-repudia-ataque-da-oposicao-com-fake-news-de-cesta-basica\/","og_site_name":"Portal MF","article_author":"https:\/\/www.facebook.com\/portalmfoficial","article_published_time":"2024-10-01T14:01:03+00:00","article_modified_time":"2024-10-01T14:01:05+00:00","og_image":[{"width":800,"height":507,"url":"https:\/\/portalmf.com.br\/wp-content\/uploads\/2024\/08\/ENTREVISTA-FAKE-NEWS-27-08-2024-_JOSE-RONALDO10.jpg","type":"image\/jpeg"}],"author":"Reda\u00e7\u00e3o Portal MF","twitter_card":"summary_large_image","twitter_creator":"@https:\/\/x.com\/portalmfoficial","twitter_misc":{"Escrito por":"Reda\u00e7\u00e3o Portal MF","Est. tempo de leitura":"2 minutos"},"schema":{"@context":"https:\/\/schema.org","@graph":[{"@type":"WebPage","@id":"https:\/\/portalmf.com.br\/index.php\/2024\/10\/01\/jose-ronaldo-repudia-ataque-da-oposicao-com-fake-news-de-cesta-basica\/","url":"https:\/\/portalmf.com.br\/index.php\/2024\/10\/01\/jose-ronaldo-repudia-ataque-da-oposicao-com-fake-news-de-cesta-basica\/","name":"Jos\u00e9 Ronaldo repudia ataque da oposi\u00e7\u00e3o com fake news de cesta b\u00e1sica - Portal MF","isPartOf":{"@id":"https:\/\/portalmf.com.br\/#website"},"primaryImageOfPage":{"@id":"https:\/\/portalmf.com.br\/index.php\/2024\/10\/01\/jose-ronaldo-repudia-ataque-da-oposicao-com-fake-news-de-cesta-basica\/#primaryimage"},"image":{"@id":"https:\/\/portalmf.com.br\/index.php\/2024\/10\/01\/jose-ronaldo-repudia-ataque-da-oposicao-com-fake-news-de-cesta-basica\/#primaryimage"},"thumbnailUrl":"https:\/\/portalmf.com.br\/wp-content\/uploads\/2024\/08\/ENTREVISTA-FAKE-NEWS-27-08-2024-_JOSE-RONALDO10.jpg","datePublished":"2024-10-01T14:01:03+00:00","dateModified":"2024-10-01T14:01:05+00:00","author":{"@id":"https:\/\/portalmf.com.br\/#\/schema\/person\/9ec101baf56233e53520c26de5d6f6f0"},"breadcrumb":{"@id":"https:\/\/portalmf.com.br\/index.php\/2024\/10\/01\/jose-ronaldo-repudia-ataque-da-oposicao-com-fake-news-de-cesta-basica\/#breadcrumb"},"inLanguage":"pt-BR","potentialAction":[{"@type":"ReadAction","target":["https:\/\/portalmf.com.br\/index.php\/2024\/10\/01\/jose-ronaldo-repudia-ataque-da-oposicao-com-fake-news-de-cesta-basica\/"]}]},{"@type":"ImageObject","inLanguage":"pt-BR","@id":"https:\/\/portalmf.com.br\/index.php\/2024\/10\/01\/jose-ronaldo-repudia-ataque-da-oposicao-com-fake-news-de-cesta-basica\/#primaryimage","url":"https:\/\/portalmf.com.br\/wp-content\/uploads\/2024\/08\/ENTREVISTA-FAKE-NEWS-27-08-2024-_JOSE-RONALDO10.jpg","contentUrl":"https:\/\/portalmf.com.br\/wp-content\/uploads\/2024\/08\/ENTREVISTA-FAKE-NEWS-27-08-2024-_JOSE-RONALDO10.jpg","width":800,"height":507},{"@type":"BreadcrumbList","@id":"https:\/\/portalmf.com.br\/index.php\/2024\/10\/01\/jose-ronaldo-repudia-ataque-da-oposicao-com-fake-news-de-cesta-basica\/#breadcrumb","itemListElement":[{"@type":"ListItem","position":1,"name":"In\u00edcio","item":"https:\/\/portalmf.com.br\/"},{"@type":"ListItem","position":2,"name":"Jos\u00e9 Ronaldo repudia ataque da oposi\u00e7\u00e3o com fake news de cesta b\u00e1sica"}]},{"@type":"WebSite","@id":"https:\/\/portalmf.com.br\/#website","url":"https:\/\/portalmf.com.br\/","name":"Portal MF","description":"Voc\u00ea conectado com a informa\u00e7\u00e3o","potentialAction":[{"@type":"SearchAction","target":{"@type":"EntryPoint","urlTemplate":"https:\/\/portalmf.com.br\/?s={search_term_string}"},"query-input":"required name=search_term_string"}],"inLanguage":"pt-BR"},{"@type":"Person","@id":"https:\/\/portalmf.com.br\/#\/schema\/person\/9ec101baf56233e53520c26de5d6f6f0","name":"Reda\u00e7\u00e3o Portal MF","image":{"@type":"ImageObject","inLanguage":"pt-BR","@id":"https:\/\/portalmf.com.br\/#\/schema\/person\/image\/","url":"https:\/\/secure.gravatar.com\/avatar\/41b9aaeb2100835f7c64362330f74c7f?s=96&d=mm&r=g","contentUrl":"https:\/\/secure.gravatar.com\/avatar\/41b9aaeb2100835f7c64362330f74c7f?s=96&d=mm&r=g","caption":"Reda\u00e7\u00e3o Portal MF"},"description":"Sejam bem-vindos o portal de informa\u00e7\u00f5es de entretenimento de Feira de Santana, desde 2006 realiza coberturas dos principais eventos com entrevistas exclusivas com as principais personalidades mundiais. Fique conectado tamb\u00e9m nas redes sociais.","sameAs":["http:\/\/www.portalmf.com.br\/","https:\/\/www.facebook.com\/portalmfoficial","https:\/\/www.instagram.com\/portalmf\/","https:\/\/x.com\/https:\/\/x.com\/portalmfoficial","https:\/\/www.youtube.com\/@portalmfoficial"],"url":"https:\/\/portalmf.com.br\/index.php\/author\/junior\/"}]}},"_links":{"self":[{"href":"https:\/\/portalmf.com.br\/index.php\/wp-json\/wp\/v2\/posts\/30325"}],"collection":[{"href":"https:\/\/portalmf.com.br\/index.php\/wp-json\/wp\/v2\/posts"}],"about":[{"href":"https:\/\/portalmf.com.br\/index.php\/wp-json\/wp\/v2\/types\/post"}],"author":[{"embeddable":true,"href":"https:\/\/portalmf.com.br\/index.php\/wp-json\/wp\/v2\/users\/3"}],"replies":[{"embeddable":true,"href":"https:\/\/portalmf.com.br\/index.php\/wp-json\/wp\/v2\/comments?post=30325"}],"version-history":[{"count":1,"href":"https:\/\/portalmf.com.br\/index.php\/wp-json\/wp\/v2\/posts\/30325\/revisions"}],"predecessor-version":[{"id":30326,"href":"https:\/\/portalmf.com.br\/index.php\/wp-json\/wp\/v2\/posts\/30325\/revisions\/30326"}],"wp:featuredmedia":[{"embeddable":true,"href":"https:\/\/portalmf.com.br\/index.php\/wp-json\/wp\/v2\/media\/29189"}],"wp:attachment":[{"href":"https:\/\/portalmf.com.br\/index.php\/wp-json\/wp\/v2\/media?parent=30325"}],"wp:term":[{"taxonomy":"category","embeddable":true,"href":"https:\/\/portalmf.com.br\/index.php\/wp-json\/wp\/v2\/categories?post=30325"},{"taxonomy":"post_tag","embeddable":true,"href":"https:\/\/portalmf.com.br\/index.php\/wp-json\/wp\/v2\/tags?post=30325"}],"curies":[{"name":"wp","href":"https:\/\/api.w.org\/{rel}","templated":true}]}}