{"id":30319,"date":"2024-10-01T10:38:46","date_gmt":"2024-10-01T13:38:46","guid":{"rendered":"https:\/\/portalmf.com.br\/?p=30319"},"modified":"2024-10-01T11:05:26","modified_gmt":"2024-10-01T14:05:26","slug":"presidente-do-pp-na-bahia-reforca-apoio-a-ze-neto-em-feira","status":"publish","type":"post","link":"https:\/\/portalmf.com.br\/index.php\/2024\/10\/01\/presidente-do-pp-na-bahia-reforca-apoio-a-ze-neto-em-feira\/","title":{"rendered":"Presidente do PP na Bahia refor\u00e7a apoio a Z\u00e9 Neto em Feira"},"content":{"rendered":"\n<p>O presidente do Partido Progressista na Bahia, deputado federal M\u00e1rio Negromonte J\u00fanior, declarou seu apoio e do seu partido a candidatura Z\u00e9 Neto (PT) \u00e0 prefeitura de Feira de Santana. O progressista, que, al\u00e9m da C\u00e2mara Federal, tamb\u00e9m atuou com Z\u00e9 Neto na Assembleia Legislativa, destacou os projetos que o petista viabilizou para a cidade, ressaltando sua atua\u00e7\u00e3o como o deputado que mais destinou emendas nos \u00faltimos anos, totalizando mais de R$ 61 milh\u00f5es.<\/p>\n\n\n\n<p><em>&#8220;Z\u00e9 Neto fez diversas reuni\u00f5es com o governo, com os ministros, levando pautas importantes para Feira de Santana&#8221;,<\/em> afirmou o deputado, que tamb\u00e9m \u00e9 presidente da Comiss\u00e3o de Finan\u00e7as e Tributa\u00e7\u00e3o na C\u00e2mara Federal.<\/p>\n\n\n\n<p>Negromonte ressaltou a import\u00e2ncia da parceria institucional com os governos do Estado e Federal para fortalecer o desenvolvimento da cidade.<\/p>\n\n\n\n<p><em>\u201cO povo j\u00e1 decidiu: quer Lula e Jer\u00f4nimo para impulsionar Feira, com Z\u00e9 Neto na prefeitura\u201d<\/em>, afirmou. <em>&#8220;(Z\u00e9 Neto) fez muito por Feira e vai continuar fazendo sentado na cadeira de prefeito&#8221;,<\/em> enfatizou o parlamentar, acrescentando que , &#8220;esse trip\u00e9&#8221; vai fazer as obras que faltam para Feira de Santana.<\/p>\n\n\n\n<p>&#8220;Voc\u00ea fez muito na cultura, na educa\u00e7\u00e3o, na infraestrutura, mobilidade, na seguran\u00e7a e vai fazer agora com Lula e Jer\u00f4nimo&#8221;, afirmou o pepista, que prometeu destinar mais emendas para Feira. &#8220;<em>Z\u00e9, voc\u00ea conta comigo l\u00e1 em Bras\u00edlia para continuar colocando emendas&#8221;<\/em>, concluiu.<\/p>\n\n\n\n<p>Com informa\u00e7\u00f5es do Ascom \/ Z\u00e9 Neto<\/p>\n","protected":false},"excerpt":{"rendered":"<p>O presidente do Partido Progressista na Bahia, deputado federal M\u00e1rio Negromonte J\u00fanior, declarou seu apoio e do seu partido a candidatura Z\u00e9 Neto (PT) \u00e0 prefeitura de Feira de Santana. O progressista, que, al\u00e9m da C\u00e2mara Federal, tamb\u00e9m atuou com Z\u00e9 Neto na Assembleia Legislativa, destacou os projetos que o petista viabilizou para a cidade, [&hellip;]<\/p>\n","protected":false},"author":3,"featured_media":30320,"comment_status":"open","ping_status":"open","sticky":false,"template":"","format":"standard","meta":{"_monsterinsights_skip_tracking":false,"_monsterinsights_sitenote_active":false,"_monsterinsights_sitenote_note":"","_monsterinsights_sitenote_category":0,"footnotes":""},"categories":[301,34],"tags":[],"yoast_head":"<!-- This site is optimized with the Yoast SEO plugin v22.9 - https:\/\/yoast.com\/wordpress\/plugins\/seo\/ -->\n<title>Presidente do PP na Bahia refor\u00e7a apoio a Z\u00e9 Neto em Feira - Portal MF<\/title>\n<meta name=\"robots\" content=\"index, follow, max-snippet:-1, max-image-preview:large, max-video-preview:-1\" \/>\n<link rel=\"canonical\" href=\"https:\/\/portalmf.com.br\/index.php\/2024\/10\/01\/presidente-do-pp-na-bahia-reforca-apoio-a-ze-neto-em-feira\/\" \/>\n<meta property=\"og:locale\" content=\"pt_BR\" \/>\n<meta property=\"og:type\" content=\"article\" \/>\n<meta property=\"og:title\" content=\"Presidente do PP na Bahia refor\u00e7a apoio a Z\u00e9 Neto em Feira - Portal MF\" \/>\n<meta property=\"og:description\" content=\"O presidente do Partido Progressista na Bahia, deputado federal M\u00e1rio Negromonte J\u00fanior, declarou seu apoio e do seu partido a candidatura Z\u00e9 Neto (PT) \u00e0 prefeitura de Feira de Santana. O progressista, que, al\u00e9m da C\u00e2mara Federal, tamb\u00e9m atuou com Z\u00e9 Neto na Assembleia Legislativa, destacou os projetos que o petista viabilizou para a cidade, [&hellip;]\" \/>\n<meta property=\"og:url\" content=\"https:\/\/portalmf.com.br\/index.php\/2024\/10\/01\/presidente-do-pp-na-bahia-reforca-apoio-a-ze-neto-em-feira\/\" \/>\n<meta property=\"og:site_name\" content=\"Portal MF\" \/>\n<meta property=\"article:author\" content=\"https:\/\/www.facebook.com\/portalmfoficial\" \/>\n<meta property=\"article:published_time\" content=\"2024-10-01T13:38:46+00:00\" \/>\n<meta property=\"article:modified_time\" content=\"2024-10-01T14:05:26+00:00\" \/>\n<meta property=\"og:image\" content=\"https:\/\/portalmf.com.br\/wp-content\/uploads\/2024\/10\/Presidente-do-PP-na-Bahia-reforca-apoio-a-Ze-Neto-em-Feira.jpg\" \/>\n\t<meta property=\"og:image:width\" content=\"1080\" \/>\n\t<meta property=\"og:image:height\" content=\"731\" \/>\n\t<meta property=\"og:image:type\" content=\"image\/jpeg\" \/>\n<meta name=\"author\" content=\"Reda\u00e7\u00e3o Portal MF\" \/>\n<meta name=\"twitter:card\" content=\"summary_large_image\" \/>\n<meta name=\"twitter:creator\" content=\"@https:\/\/x.com\/portalmfoficial\" \/>\n<meta name=\"twitter:label1\" content=\"Escrito por\" \/>\n\t<meta name=\"twitter:data1\" content=\"Reda\u00e7\u00e3o Portal MF\" \/>\n\t<meta name=\"twitter:label2\" content=\"Est. tempo de leitura\" \/>\n\t<meta name=\"twitter:data2\" content=\"2 minutos\" \/>\n<script type=\"application\/ld+json\" class=\"yoast-schema-graph\">{\"@context\":\"https:\/\/schema.org\",\"@graph\":[{\"@type\":\"WebPage\",\"@id\":\"https:\/\/portalmf.com.br\/index.php\/2024\/10\/01\/presidente-do-pp-na-bahia-reforca-apoio-a-ze-neto-em-feira\/\",\"url\":\"https:\/\/portalmf.com.br\/index.php\/2024\/10\/01\/presidente-do-pp-na-bahia-reforca-apoio-a-ze-neto-em-feira\/\",\"name\":\"Presidente do PP na Bahia refor\u00e7a apoio a Z\u00e9 Neto em Feira - Portal MF\",\"isPartOf\":{\"@id\":\"https:\/\/portalmf.com.br\/#website\"},\"primaryImageOfPage\":{\"@id\":\"https:\/\/portalmf.com.br\/index.php\/2024\/10\/01\/presidente-do-pp-na-bahia-reforca-apoio-a-ze-neto-em-feira\/#primaryimage\"},\"image\":{\"@id\":\"https:\/\/portalmf.com.br\/index.php\/2024\/10\/01\/presidente-do-pp-na-bahia-reforca-apoio-a-ze-neto-em-feira\/#primaryimage\"},\"thumbnailUrl\":\"https:\/\/portalmf.com.br\/wp-content\/uploads\/2024\/10\/Presidente-do-PP-na-Bahia-reforca-apoio-a-Ze-Neto-em-Feira.jpg\",\"datePublished\":\"2024-10-01T13:38:46+00:00\",\"dateModified\":\"2024-10-01T14:05:26+00:00\",\"author\":{\"@id\":\"https:\/\/portalmf.com.br\/#\/schema\/person\/9ec101baf56233e53520c26de5d6f6f0\"},\"breadcrumb\":{\"@id\":\"https:\/\/portalmf.com.br\/index.php\/2024\/10\/01\/presidente-do-pp-na-bahia-reforca-apoio-a-ze-neto-em-feira\/#breadcrumb\"},\"inLanguage\":\"pt-BR\",\"potentialAction\":[{\"@type\":\"ReadAction\",\"target\":[\"https:\/\/portalmf.com.br\/index.php\/2024\/10\/01\/presidente-do-pp-na-bahia-reforca-apoio-a-ze-neto-em-feira\/\"]}]},{\"@type\":\"ImageObject\",\"inLanguage\":\"pt-BR\",\"@id\":\"https:\/\/portalmf.com.br\/index.php\/2024\/10\/01\/presidente-do-pp-na-bahia-reforca-apoio-a-ze-neto-em-feira\/#primaryimage\",\"url\":\"https:\/\/portalmf.com.br\/wp-content\/uploads\/2024\/10\/Presidente-do-PP-na-Bahia-reforca-apoio-a-Ze-Neto-em-Feira.jpg\",\"contentUrl\":\"https:\/\/portalmf.com.br\/wp-content\/uploads\/2024\/10\/Presidente-do-PP-na-Bahia-reforca-apoio-a-Ze-Neto-em-Feira.jpg\",\"width\":1080,\"height\":731},{\"@type\":\"BreadcrumbList\",\"@id\":\"https:\/\/portalmf.com.br\/index.php\/2024\/10\/01\/presidente-do-pp-na-bahia-reforca-apoio-a-ze-neto-em-feira\/#breadcrumb\",\"itemListElement\":[{\"@type\":\"ListItem\",\"position\":1,\"name\":\"In\u00edcio\",\"item\":\"https:\/\/portalmf.com.br\/\"},{\"@type\":\"ListItem\",\"position\":2,\"name\":\"Presidente do PP na Bahia refor\u00e7a apoio a Z\u00e9 Neto em Feira\"}]},{\"@type\":\"WebSite\",\"@id\":\"https:\/\/portalmf.com.br\/#website\",\"url\":\"https:\/\/portalmf.com.br\/\",\"name\":\"Portal MF\",\"description\":\"Voc\u00ea conectado com a informa\u00e7\u00e3o\",\"potentialAction\":[{\"@type\":\"SearchAction\",\"target\":{\"@type\":\"EntryPoint\",\"urlTemplate\":\"https:\/\/portalmf.com.br\/?s={search_term_string}\"},\"query-input\":\"required name=search_term_string\"}],\"inLanguage\":\"pt-BR\"},{\"@type\":\"Person\",\"@id\":\"https:\/\/portalmf.com.br\/#\/schema\/person\/9ec101baf56233e53520c26de5d6f6f0\",\"name\":\"Reda\u00e7\u00e3o Portal MF\",\"image\":{\"@type\":\"ImageObject\",\"inLanguage\":\"pt-BR\",\"@id\":\"https:\/\/portalmf.com.br\/#\/schema\/person\/image\/\",\"url\":\"https:\/\/secure.gravatar.com\/avatar\/41b9aaeb2100835f7c64362330f74c7f?s=96&d=mm&r=g\",\"contentUrl\":\"https:\/\/secure.gravatar.com\/avatar\/41b9aaeb2100835f7c64362330f74c7f?s=96&d=mm&r=g\",\"caption\":\"Reda\u00e7\u00e3o Portal MF\"},\"description\":\"Sejam bem-vindos o portal de informa\u00e7\u00f5es de entretenimento de Feira de Santana, desde 2006 realiza coberturas dos principais eventos com entrevistas exclusivas com as principais personalidades mundiais. Fique conectado tamb\u00e9m nas redes sociais.\",\"sameAs\":[\"http:\/\/www.portalmf.com.br\/\",\"https:\/\/www.facebook.com\/portalmfoficial\",\"https:\/\/www.instagram.com\/portalmf\/\",\"https:\/\/x.com\/https:\/\/x.com\/portalmfoficial\",\"https:\/\/www.youtube.com\/@portalmfoficial\"],\"url\":\"https:\/\/portalmf.com.br\/index.php\/author\/junior\/\"}]}<\/script>\n<!-- \/ Yoast SEO plugin. -->","yoast_head_json":{"title":"Presidente do PP na Bahia refor\u00e7a apoio a Z\u00e9 Neto em Feira - Portal MF","robots":{"index":"index","follow":"follow","max-snippet":"max-snippet:-1","max-image-preview":"max-image-preview:large","max-video-preview":"max-video-preview:-1"},"canonical":"https:\/\/portalmf.com.br\/index.php\/2024\/10\/01\/presidente-do-pp-na-bahia-reforca-apoio-a-ze-neto-em-feira\/","og_locale":"pt_BR","og_type":"article","og_title":"Presidente do PP na Bahia refor\u00e7a apoio a Z\u00e9 Neto em Feira - Portal MF","og_description":"O presidente do Partido Progressista na Bahia, deputado federal M\u00e1rio Negromonte J\u00fanior, declarou seu apoio e do seu partido a candidatura Z\u00e9 Neto (PT) \u00e0 prefeitura de Feira de Santana. O progressista, que, al\u00e9m da C\u00e2mara Federal, tamb\u00e9m atuou com Z\u00e9 Neto na Assembleia Legislativa, destacou os projetos que o petista viabilizou para a cidade, [&hellip;]","og_url":"https:\/\/portalmf.com.br\/index.php\/2024\/10\/01\/presidente-do-pp-na-bahia-reforca-apoio-a-ze-neto-em-feira\/","og_site_name":"Portal MF","article_author":"https:\/\/www.facebook.com\/portalmfoficial","article_published_time":"2024-10-01T13:38:46+00:00","article_modified_time":"2024-10-01T14:05:26+00:00","og_image":[{"width":1080,"height":731,"url":"https:\/\/portalmf.com.br\/wp-content\/uploads\/2024\/10\/Presidente-do-PP-na-Bahia-reforca-apoio-a-Ze-Neto-em-Feira.jpg","type":"image\/jpeg"}],"author":"Reda\u00e7\u00e3o Portal MF","twitter_card":"summary_large_image","twitter_creator":"@https:\/\/x.com\/portalmfoficial","twitter_misc":{"Escrito por":"Reda\u00e7\u00e3o Portal MF","Est. tempo de leitura":"2 minutos"},"schema":{"@context":"https:\/\/schema.org","@graph":[{"@type":"WebPage","@id":"https:\/\/portalmf.com.br\/index.php\/2024\/10\/01\/presidente-do-pp-na-bahia-reforca-apoio-a-ze-neto-em-feira\/","url":"https:\/\/portalmf.com.br\/index.php\/2024\/10\/01\/presidente-do-pp-na-bahia-reforca-apoio-a-ze-neto-em-feira\/","name":"Presidente do PP na Bahia refor\u00e7a apoio a Z\u00e9 Neto em Feira - Portal MF","isPartOf":{"@id":"https:\/\/portalmf.com.br\/#website"},"primaryImageOfPage":{"@id":"https:\/\/portalmf.com.br\/index.php\/2024\/10\/01\/presidente-do-pp-na-bahia-reforca-apoio-a-ze-neto-em-feira\/#primaryimage"},"image":{"@id":"https:\/\/portalmf.com.br\/index.php\/2024\/10\/01\/presidente-do-pp-na-bahia-reforca-apoio-a-ze-neto-em-feira\/#primaryimage"},"thumbnailUrl":"https:\/\/portalmf.com.br\/wp-content\/uploads\/2024\/10\/Presidente-do-PP-na-Bahia-reforca-apoio-a-Ze-Neto-em-Feira.jpg","datePublished":"2024-10-01T13:38:46+00:00","dateModified":"2024-10-01T14:05:26+00:00","author":{"@id":"https:\/\/portalmf.com.br\/#\/schema\/person\/9ec101baf56233e53520c26de5d6f6f0"},"breadcrumb":{"@id":"https:\/\/portalmf.com.br\/index.php\/2024\/10\/01\/presidente-do-pp-na-bahia-reforca-apoio-a-ze-neto-em-feira\/#breadcrumb"},"inLanguage":"pt-BR","potentialAction":[{"@type":"ReadAction","target":["https:\/\/portalmf.com.br\/index.php\/2024\/10\/01\/presidente-do-pp-na-bahia-reforca-apoio-a-ze-neto-em-feira\/"]}]},{"@type":"ImageObject","inLanguage":"pt-BR","@id":"https:\/\/portalmf.com.br\/index.php\/2024\/10\/01\/presidente-do-pp-na-bahia-reforca-apoio-a-ze-neto-em-feira\/#primaryimage","url":"https:\/\/portalmf.com.br\/wp-content\/uploads\/2024\/10\/Presidente-do-PP-na-Bahia-reforca-apoio-a-Ze-Neto-em-Feira.jpg","contentUrl":"https:\/\/portalmf.com.br\/wp-content\/uploads\/2024\/10\/Presidente-do-PP-na-Bahia-reforca-apoio-a-Ze-Neto-em-Feira.jpg","width":1080,"height":731},{"@type":"BreadcrumbList","@id":"https:\/\/portalmf.com.br\/index.php\/2024\/10\/01\/presidente-do-pp-na-bahia-reforca-apoio-a-ze-neto-em-feira\/#breadcrumb","itemListElement":[{"@type":"ListItem","position":1,"name":"In\u00edcio","item":"https:\/\/portalmf.com.br\/"},{"@type":"ListItem","position":2,"name":"Presidente do PP na Bahia refor\u00e7a apoio a Z\u00e9 Neto em Feira"}]},{"@type":"WebSite","@id":"https:\/\/portalmf.com.br\/#website","url":"https:\/\/portalmf.com.br\/","name":"Portal MF","description":"Voc\u00ea conectado com a informa\u00e7\u00e3o","potentialAction":[{"@type":"SearchAction","target":{"@type":"EntryPoint","urlTemplate":"https:\/\/portalmf.com.br\/?s={search_term_string}"},"query-input":"required name=search_term_string"}],"inLanguage":"pt-BR"},{"@type":"Person","@id":"https:\/\/portalmf.com.br\/#\/schema\/person\/9ec101baf56233e53520c26de5d6f6f0","name":"Reda\u00e7\u00e3o Portal MF","image":{"@type":"ImageObject","inLanguage":"pt-BR","@id":"https:\/\/portalmf.com.br\/#\/schema\/person\/image\/","url":"https:\/\/secure.gravatar.com\/avatar\/41b9aaeb2100835f7c64362330f74c7f?s=96&d=mm&r=g","contentUrl":"https:\/\/secure.gravatar.com\/avatar\/41b9aaeb2100835f7c64362330f74c7f?s=96&d=mm&r=g","caption":"Reda\u00e7\u00e3o Portal MF"},"description":"Sejam bem-vindos o portal de informa\u00e7\u00f5es de entretenimento de Feira de Santana, desde 2006 realiza coberturas dos principais eventos com entrevistas exclusivas com as principais personalidades mundiais. Fique conectado tamb\u00e9m nas redes sociais.","sameAs":["http:\/\/www.portalmf.com.br\/","https:\/\/www.facebook.com\/portalmfoficial","https:\/\/www.instagram.com\/portalmf\/","https:\/\/x.com\/https:\/\/x.com\/portalmfoficial","https:\/\/www.youtube.com\/@portalmfoficial"],"url":"https:\/\/portalmf.com.br\/index.php\/author\/junior\/"}]}},"_links":{"self":[{"href":"https:\/\/portalmf.com.br\/index.php\/wp-json\/wp\/v2\/posts\/30319"}],"collection":[{"href":"https:\/\/portalmf.com.br\/index.php\/wp-json\/wp\/v2\/posts"}],"about":[{"href":"https:\/\/portalmf.com.br\/index.php\/wp-json\/wp\/v2\/types\/post"}],"author":[{"embeddable":true,"href":"https:\/\/portalmf.com.br\/index.php\/wp-json\/wp\/v2\/users\/3"}],"replies":[{"embeddable":true,"href":"https:\/\/portalmf.com.br\/index.php\/wp-json\/wp\/v2\/comments?post=30319"}],"version-history":[{"count":2,"href":"https:\/\/portalmf.com.br\/index.php\/wp-json\/wp\/v2\/posts\/30319\/revisions"}],"predecessor-version":[{"id":30328,"href":"https:\/\/portalmf.com.br\/index.php\/wp-json\/wp\/v2\/posts\/30319\/revisions\/30328"}],"wp:featuredmedia":[{"embeddable":true,"href":"https:\/\/portalmf.com.br\/index.php\/wp-json\/wp\/v2\/media\/30320"}],"wp:attachment":[{"href":"https:\/\/portalmf.com.br\/index.php\/wp-json\/wp\/v2\/media?parent=30319"}],"wp:term":[{"taxonomy":"category","embeddable":true,"href":"https:\/\/portalmf.com.br\/index.php\/wp-json\/wp\/v2\/categories?post=30319"},{"taxonomy":"post_tag","embeddable":true,"href":"https:\/\/portalmf.com.br\/index.php\/wp-json\/wp\/v2\/tags?post=30319"}],"curies":[{"name":"wp","href":"https:\/\/api.w.org\/{rel}","templated":true}]}}