{"id":30317,"date":"2024-09-30T20:17:00","date_gmt":"2024-09-30T23:17:00","guid":{"rendered":"https:\/\/portalmf.com.br\/?p=30317"},"modified":"2024-10-01T11:08:26","modified_gmt":"2024-10-01T14:08:26","slug":"ze-neto-destinou-mais-de-r-61-milhoes-em-emendas-parlamentares-para-feira-de-santana-detalha-robinson-almeida","status":"publish","type":"post","link":"https:\/\/portalmf.com.br\/index.php\/2024\/09\/30\/ze-neto-destinou-mais-de-r-61-milhoes-em-emendas-parlamentares-para-feira-de-santana-detalha-robinson-almeida\/","title":{"rendered":"Z\u00e9 Neto destinou mais de R$ 61 milh\u00f5es em Emendas Parlamentares para Feira de Santana, detalha Robinson Almeida"},"content":{"rendered":"\n<p>O deputado federal Z\u00e9 Neto, que disputa a prefeitura de Feira de Santana pelo Partido dos Trabalhadores, destinou mais de R$ 61 milh\u00f5es em emendas parlamentares para Feira de Santana, com foco em diversas \u00e1reas essenciais como sa\u00fade, educa\u00e7\u00e3o, seguran\u00e7a, infraestrutura e assist\u00eancia social. Os recursos t\u00eam como objetivo melhorar a qualidade de vida da popula\u00e7\u00e3o local e fortalecer as estruturas p\u00fablicas.<\/p>\n\n\n\n<h2 class=\"wp-block-heading\">Investimentos na Sa\u00fade<\/h2>\n\n\n\n<p>Os investimentos em sa\u00fade totalizam R$ 30,2 milh\u00f5es, abrangendo obras e servi\u00e7os em diversas unidades, incluindo o Hospital Estadual da Crian\u00e7a, a UPA e o Cl\u00e9riston Andrade. Al\u00e9m deles, h\u00e1 destina\u00e7\u00e3o or\u00e7ament\u00e1ria que garante o funcionamento do Hospital Dom Pedro de Alc\u00e2ntara. Os recursos foram destinados tanto ao enfrentamento da pandemia de COVID-19 quanto ao fortalecimento da sa\u00fade p\u00fablica no munic\u00edpio.<\/p>\n\n\n\n<h2 class=\"wp-block-heading\">Educa\u00e7\u00e3o<\/h2>\n\n\n\n<p>Na educa\u00e7\u00e3o, os investimentos totalizam R$ 8,8 milh\u00f5es alocados para institui\u00e7\u00f5es como a Universidade Federal do Rec\u00f4ncavo da Bahia (UFRB), Universidade Estadual de Feira de Santana (UEFS), Instituto Federal da Bahia (IFBA) e escolas estaduais da cidade. Esses recursos ajudam a aprimorar a infraestrutura e as condi\u00e7\u00f5es de ensino das unidades de ensino, como as de Tempo Integral entregues pelo Governo do Estado.<\/p>\n\n\n\n<h2 class=\"wp-block-heading\">Infraestrutura<\/h2>\n\n\n\n<p>No setor de infraestrutura, foram alocados R$ 10,9 milh\u00f5es, com R$ 500 mil j\u00e1 executados em obras no bairro Viveiros e na Pra\u00e7a do Cruzeiro. A quantia restante, de R$ 9,9 milh\u00f5es, est\u00e1 em execu\u00e7\u00e3o atrav\u00e9s da Conder e promete melhorar as condi\u00e7\u00f5es de infraestrutura, tr\u00e1fego e acessibilidade em bairros da cidade.<\/p>\n\n\n\n<h2 class=\"wp-block-heading\">Seguran\u00e7a P\u00fablica<\/h2>\n\n\n\n<p>Na \u00e1rea de seguran\u00e7a, Z\u00e9 Neto destinou R$ 3,84 milh\u00f5es. Os investimentos foram direcionados \u00e0 Pol\u00edcia Militar, Pol\u00edcia Civil e Corpo de Bombeiros, com o objetivo de refor\u00e7ar a seguran\u00e7a na cidade e ajudar a fortalecer a prote\u00e7\u00e3o social na cidade.<\/p>\n\n\n\n<h2 class=\"wp-block-heading\"><strong>Esporte e Cultura<\/strong><\/h2>\n\n\n\n<p>Os recursos para esporte e cultura somam aproximadamente R$ 4,3 milh\u00f5es, sendo parte deles j\u00e1 executados. Esses investimentos buscam fortalecer a promo\u00e7\u00e3o de atividades culturais, como o Festival de Forr\u00f3 e Cavalgadas, e esportivas que envolvem corridas, boxe, baleado e t\u00eanis.<\/p>\n\n\n\n<h2 class=\"wp-block-heading\">Assist\u00eancia Social<\/h2>\n\n\n\n<p>Na assist\u00eancia social, Z\u00e9 Neto destinou R$ 1,6 milh\u00e3o, com recursos voltados para entidades n\u00e3o governamentais e iniciativas de apoio a comunidades vulner\u00e1veis. Al\u00e9m disso, foram entregues carros adaptados e materiais para institui\u00e7\u00f5es como o Lar do Irm\u00e3o Velho, que atuam em \u00e1reas de assist\u00eancia social e cuidado com pessoas da terceira idade.<\/p>\n\n\n\n<p><em>&#8220;Esses investimentos s\u00e3o a prova do compromisso de Z\u00e9 Neto com Feira de Santana, buscando atender \u00e0s demandas mais urgentes da popula\u00e7\u00e3o e promover um desenvolvimento com foco na qualidade de vida dos feirenses. Na prefeitura, como prefeito, com toda sua experi\u00eancia e preparo, Z\u00e9 Neto vai ampliar e fortalecer as a\u00e7\u00f5es e execu\u00e7\u00e3o coordenadas de pol\u00edticas pol\u00edticas na parceria com os governos Lula e Jer\u00f4nimo&#8221;<\/em>, afirmou o parlamentar.<\/p>\n\n\n\n<p>Ele ainda criticou o grupo pol\u00edtico, liderado pelo ex-prefeito Z\u00e9 Ronaldo (UB) e pelo prefeito Colbert Martins, que governa Feira de Santana h\u00e1 24 anos.<\/p>\n\n\n\n<p>&#8220;Z\u00e9 Neto s\u00f3 n\u00e3o fez mais porque o grupo de Z\u00e9 Ronaldo e Colbert boicota os recursos de emendas via prefeitura de Feira de Santana&#8221;, afirmou o deputado estadual Robinson Almeida, que comp\u00f5e a coordena\u00e7\u00e3o da campanha do petista na disputa pela prefeitura municipal.<\/p>\n\n\n\n<p>Com informa\u00e7\u00f5es do Ascom \/ Deputado Robinson Almeida<\/p>\n","protected":false},"excerpt":{"rendered":"<p>O deputado federal Z\u00e9 Neto, que disputa a prefeitura de Feira de Santana pelo Partido dos Trabalhadores, destinou mais de R$ 61 milh\u00f5es em emendas parlamentares para Feira de Santana, com foco em diversas \u00e1reas essenciais como sa\u00fade, educa\u00e7\u00e3o, seguran\u00e7a, infraestrutura e assist\u00eancia social. Os recursos t\u00eam como objetivo melhorar a qualidade de vida da [&hellip;]<\/p>\n","protected":false},"author":3,"featured_media":16078,"comment_status":"open","ping_status":"open","sticky":false,"template":"","format":"standard","meta":{"_monsterinsights_skip_tracking":false,"_monsterinsights_sitenote_active":false,"_monsterinsights_sitenote_note":"","_monsterinsights_sitenote_category":0,"footnotes":""},"categories":[301,34],"tags":[],"yoast_head":"<!-- This site is optimized with the Yoast SEO plugin v22.9 - https:\/\/yoast.com\/wordpress\/plugins\/seo\/ -->\n<title>Z\u00e9 Neto destinou mais de R$ 61 milh\u00f5es em Emendas Parlamentares para Feira de Santana, detalha Robinson Almeida - Portal MF<\/title>\n<meta name=\"robots\" content=\"index, follow, max-snippet:-1, max-image-preview:large, max-video-preview:-1\" \/>\n<link rel=\"canonical\" href=\"https:\/\/portalmf.com.br\/index.php\/2024\/09\/30\/ze-neto-destinou-mais-de-r-61-milhoes-em-emendas-parlamentares-para-feira-de-santana-detalha-robinson-almeida\/\" \/>\n<meta property=\"og:locale\" content=\"pt_BR\" \/>\n<meta property=\"og:type\" content=\"article\" \/>\n<meta property=\"og:title\" content=\"Z\u00e9 Neto destinou mais de R$ 61 milh\u00f5es em Emendas Parlamentares para Feira de Santana, detalha Robinson Almeida - Portal MF\" \/>\n<meta property=\"og:description\" content=\"O deputado federal Z\u00e9 Neto, que disputa a prefeitura de Feira de Santana pelo Partido dos Trabalhadores, destinou mais de R$ 61 milh\u00f5es em emendas parlamentares para Feira de Santana, com foco em diversas \u00e1reas essenciais como sa\u00fade, educa\u00e7\u00e3o, seguran\u00e7a, infraestrutura e assist\u00eancia social. Os recursos t\u00eam como objetivo melhorar a qualidade de vida da [&hellip;]\" \/>\n<meta property=\"og:url\" content=\"https:\/\/portalmf.com.br\/index.php\/2024\/09\/30\/ze-neto-destinou-mais-de-r-61-milhoes-em-emendas-parlamentares-para-feira-de-santana-detalha-robinson-almeida\/\" \/>\n<meta property=\"og:site_name\" content=\"Portal MF\" \/>\n<meta property=\"article:author\" content=\"https:\/\/www.facebook.com\/portalmfoficial\" \/>\n<meta property=\"article:published_time\" content=\"2024-09-30T23:17:00+00:00\" \/>\n<meta property=\"article:modified_time\" content=\"2024-10-01T14:08:26+00:00\" \/>\n<meta property=\"og:image\" content=\"https:\/\/portalmf.com.br\/wp-content\/uploads\/2023\/08\/Dep.-Ze-Neto-PT-BA.jpg\" \/>\n\t<meta property=\"og:image:width\" content=\"1984\" \/>\n\t<meta property=\"og:image:height\" content=\"1223\" \/>\n\t<meta property=\"og:image:type\" content=\"image\/jpeg\" \/>\n<meta name=\"author\" content=\"Reda\u00e7\u00e3o Portal MF\" \/>\n<meta name=\"twitter:card\" content=\"summary_large_image\" \/>\n<meta name=\"twitter:creator\" content=\"@https:\/\/x.com\/portalmfoficial\" \/>\n<meta name=\"twitter:label1\" content=\"Escrito por\" \/>\n\t<meta name=\"twitter:data1\" content=\"Reda\u00e7\u00e3o Portal MF\" \/>\n\t<meta name=\"twitter:label2\" content=\"Est. tempo de leitura\" \/>\n\t<meta name=\"twitter:data2\" content=\"4 minutos\" \/>\n<script type=\"application\/ld+json\" class=\"yoast-schema-graph\">{\"@context\":\"https:\/\/schema.org\",\"@graph\":[{\"@type\":\"WebPage\",\"@id\":\"https:\/\/portalmf.com.br\/index.php\/2024\/09\/30\/ze-neto-destinou-mais-de-r-61-milhoes-em-emendas-parlamentares-para-feira-de-santana-detalha-robinson-almeida\/\",\"url\":\"https:\/\/portalmf.com.br\/index.php\/2024\/09\/30\/ze-neto-destinou-mais-de-r-61-milhoes-em-emendas-parlamentares-para-feira-de-santana-detalha-robinson-almeida\/\",\"name\":\"Z\u00e9 Neto destinou mais de R$ 61 milh\u00f5es em Emendas Parlamentares para Feira de Santana, detalha Robinson Almeida - Portal MF\",\"isPartOf\":{\"@id\":\"https:\/\/portalmf.com.br\/#website\"},\"primaryImageOfPage\":{\"@id\":\"https:\/\/portalmf.com.br\/index.php\/2024\/09\/30\/ze-neto-destinou-mais-de-r-61-milhoes-em-emendas-parlamentares-para-feira-de-santana-detalha-robinson-almeida\/#primaryimage\"},\"image\":{\"@id\":\"https:\/\/portalmf.com.br\/index.php\/2024\/09\/30\/ze-neto-destinou-mais-de-r-61-milhoes-em-emendas-parlamentares-para-feira-de-santana-detalha-robinson-almeida\/#primaryimage\"},\"thumbnailUrl\":\"https:\/\/portalmf.com.br\/wp-content\/uploads\/2023\/08\/Dep.-Ze-Neto-PT-BA.jpg\",\"datePublished\":\"2024-09-30T23:17:00+00:00\",\"dateModified\":\"2024-10-01T14:08:26+00:00\",\"author\":{\"@id\":\"https:\/\/portalmf.com.br\/#\/schema\/person\/9ec101baf56233e53520c26de5d6f6f0\"},\"breadcrumb\":{\"@id\":\"https:\/\/portalmf.com.br\/index.php\/2024\/09\/30\/ze-neto-destinou-mais-de-r-61-milhoes-em-emendas-parlamentares-para-feira-de-santana-detalha-robinson-almeida\/#breadcrumb\"},\"inLanguage\":\"pt-BR\",\"potentialAction\":[{\"@type\":\"ReadAction\",\"target\":[\"https:\/\/portalmf.com.br\/index.php\/2024\/09\/30\/ze-neto-destinou-mais-de-r-61-milhoes-em-emendas-parlamentares-para-feira-de-santana-detalha-robinson-almeida\/\"]}]},{\"@type\":\"ImageObject\",\"inLanguage\":\"pt-BR\",\"@id\":\"https:\/\/portalmf.com.br\/index.php\/2024\/09\/30\/ze-neto-destinou-mais-de-r-61-milhoes-em-emendas-parlamentares-para-feira-de-santana-detalha-robinson-almeida\/#primaryimage\",\"url\":\"https:\/\/portalmf.com.br\/wp-content\/uploads\/2023\/08\/Dep.-Ze-Neto-PT-BA.jpg\",\"contentUrl\":\"https:\/\/portalmf.com.br\/wp-content\/uploads\/2023\/08\/Dep.-Ze-Neto-PT-BA.jpg\",\"width\":1984,\"height\":1223},{\"@type\":\"BreadcrumbList\",\"@id\":\"https:\/\/portalmf.com.br\/index.php\/2024\/09\/30\/ze-neto-destinou-mais-de-r-61-milhoes-em-emendas-parlamentares-para-feira-de-santana-detalha-robinson-almeida\/#breadcrumb\",\"itemListElement\":[{\"@type\":\"ListItem\",\"position\":1,\"name\":\"In\u00edcio\",\"item\":\"https:\/\/portalmf.com.br\/\"},{\"@type\":\"ListItem\",\"position\":2,\"name\":\"Z\u00e9 Neto destinou mais de R$ 61 milh\u00f5es em Emendas Parlamentares para Feira de Santana, detalha Robinson Almeida\"}]},{\"@type\":\"WebSite\",\"@id\":\"https:\/\/portalmf.com.br\/#website\",\"url\":\"https:\/\/portalmf.com.br\/\",\"name\":\"Portal MF\",\"description\":\"Voc\u00ea conectado com a informa\u00e7\u00e3o\",\"potentialAction\":[{\"@type\":\"SearchAction\",\"target\":{\"@type\":\"EntryPoint\",\"urlTemplate\":\"https:\/\/portalmf.com.br\/?s={search_term_string}\"},\"query-input\":\"required name=search_term_string\"}],\"inLanguage\":\"pt-BR\"},{\"@type\":\"Person\",\"@id\":\"https:\/\/portalmf.com.br\/#\/schema\/person\/9ec101baf56233e53520c26de5d6f6f0\",\"name\":\"Reda\u00e7\u00e3o Portal MF\",\"image\":{\"@type\":\"ImageObject\",\"inLanguage\":\"pt-BR\",\"@id\":\"https:\/\/portalmf.com.br\/#\/schema\/person\/image\/\",\"url\":\"https:\/\/secure.gravatar.com\/avatar\/41b9aaeb2100835f7c64362330f74c7f?s=96&d=mm&r=g\",\"contentUrl\":\"https:\/\/secure.gravatar.com\/avatar\/41b9aaeb2100835f7c64362330f74c7f?s=96&d=mm&r=g\",\"caption\":\"Reda\u00e7\u00e3o Portal MF\"},\"description\":\"Sejam bem-vindos o portal de informa\u00e7\u00f5es de entretenimento de Feira de Santana, desde 2006 realiza coberturas dos principais eventos com entrevistas exclusivas com as principais personalidades mundiais. Fique conectado tamb\u00e9m nas redes sociais.\",\"sameAs\":[\"http:\/\/www.portalmf.com.br\/\",\"https:\/\/www.facebook.com\/portalmfoficial\",\"https:\/\/www.instagram.com\/portalmf\/\",\"https:\/\/x.com\/https:\/\/x.com\/portalmfoficial\",\"https:\/\/www.youtube.com\/@portalmfoficial\"],\"url\":\"https:\/\/portalmf.com.br\/index.php\/author\/junior\/\"}]}<\/script>\n<!-- \/ Yoast SEO plugin. -->","yoast_head_json":{"title":"Z\u00e9 Neto destinou mais de R$ 61 milh\u00f5es em Emendas Parlamentares para Feira de Santana, detalha Robinson Almeida - Portal MF","robots":{"index":"index","follow":"follow","max-snippet":"max-snippet:-1","max-image-preview":"max-image-preview:large","max-video-preview":"max-video-preview:-1"},"canonical":"https:\/\/portalmf.com.br\/index.php\/2024\/09\/30\/ze-neto-destinou-mais-de-r-61-milhoes-em-emendas-parlamentares-para-feira-de-santana-detalha-robinson-almeida\/","og_locale":"pt_BR","og_type":"article","og_title":"Z\u00e9 Neto destinou mais de R$ 61 milh\u00f5es em Emendas Parlamentares para Feira de Santana, detalha Robinson Almeida - Portal MF","og_description":"O deputado federal Z\u00e9 Neto, que disputa a prefeitura de Feira de Santana pelo Partido dos Trabalhadores, destinou mais de R$ 61 milh\u00f5es em emendas parlamentares para Feira de Santana, com foco em diversas \u00e1reas essenciais como sa\u00fade, educa\u00e7\u00e3o, seguran\u00e7a, infraestrutura e assist\u00eancia social. Os recursos t\u00eam como objetivo melhorar a qualidade de vida da [&hellip;]","og_url":"https:\/\/portalmf.com.br\/index.php\/2024\/09\/30\/ze-neto-destinou-mais-de-r-61-milhoes-em-emendas-parlamentares-para-feira-de-santana-detalha-robinson-almeida\/","og_site_name":"Portal MF","article_author":"https:\/\/www.facebook.com\/portalmfoficial","article_published_time":"2024-09-30T23:17:00+00:00","article_modified_time":"2024-10-01T14:08:26+00:00","og_image":[{"width":1984,"height":1223,"url":"https:\/\/portalmf.com.br\/wp-content\/uploads\/2023\/08\/Dep.-Ze-Neto-PT-BA.jpg","type":"image\/jpeg"}],"author":"Reda\u00e7\u00e3o Portal MF","twitter_card":"summary_large_image","twitter_creator":"@https:\/\/x.com\/portalmfoficial","twitter_misc":{"Escrito por":"Reda\u00e7\u00e3o Portal MF","Est. tempo de leitura":"4 minutos"},"schema":{"@context":"https:\/\/schema.org","@graph":[{"@type":"WebPage","@id":"https:\/\/portalmf.com.br\/index.php\/2024\/09\/30\/ze-neto-destinou-mais-de-r-61-milhoes-em-emendas-parlamentares-para-feira-de-santana-detalha-robinson-almeida\/","url":"https:\/\/portalmf.com.br\/index.php\/2024\/09\/30\/ze-neto-destinou-mais-de-r-61-milhoes-em-emendas-parlamentares-para-feira-de-santana-detalha-robinson-almeida\/","name":"Z\u00e9 Neto destinou mais de R$ 61 milh\u00f5es em Emendas Parlamentares para Feira de Santana, detalha Robinson Almeida - Portal MF","isPartOf":{"@id":"https:\/\/portalmf.com.br\/#website"},"primaryImageOfPage":{"@id":"https:\/\/portalmf.com.br\/index.php\/2024\/09\/30\/ze-neto-destinou-mais-de-r-61-milhoes-em-emendas-parlamentares-para-feira-de-santana-detalha-robinson-almeida\/#primaryimage"},"image":{"@id":"https:\/\/portalmf.com.br\/index.php\/2024\/09\/30\/ze-neto-destinou-mais-de-r-61-milhoes-em-emendas-parlamentares-para-feira-de-santana-detalha-robinson-almeida\/#primaryimage"},"thumbnailUrl":"https:\/\/portalmf.com.br\/wp-content\/uploads\/2023\/08\/Dep.-Ze-Neto-PT-BA.jpg","datePublished":"2024-09-30T23:17:00+00:00","dateModified":"2024-10-01T14:08:26+00:00","author":{"@id":"https:\/\/portalmf.com.br\/#\/schema\/person\/9ec101baf56233e53520c26de5d6f6f0"},"breadcrumb":{"@id":"https:\/\/portalmf.com.br\/index.php\/2024\/09\/30\/ze-neto-destinou-mais-de-r-61-milhoes-em-emendas-parlamentares-para-feira-de-santana-detalha-robinson-almeida\/#breadcrumb"},"inLanguage":"pt-BR","potentialAction":[{"@type":"ReadAction","target":["https:\/\/portalmf.com.br\/index.php\/2024\/09\/30\/ze-neto-destinou-mais-de-r-61-milhoes-em-emendas-parlamentares-para-feira-de-santana-detalha-robinson-almeida\/"]}]},{"@type":"ImageObject","inLanguage":"pt-BR","@id":"https:\/\/portalmf.com.br\/index.php\/2024\/09\/30\/ze-neto-destinou-mais-de-r-61-milhoes-em-emendas-parlamentares-para-feira-de-santana-detalha-robinson-almeida\/#primaryimage","url":"https:\/\/portalmf.com.br\/wp-content\/uploads\/2023\/08\/Dep.-Ze-Neto-PT-BA.jpg","contentUrl":"https:\/\/portalmf.com.br\/wp-content\/uploads\/2023\/08\/Dep.-Ze-Neto-PT-BA.jpg","width":1984,"height":1223},{"@type":"BreadcrumbList","@id":"https:\/\/portalmf.com.br\/index.php\/2024\/09\/30\/ze-neto-destinou-mais-de-r-61-milhoes-em-emendas-parlamentares-para-feira-de-santana-detalha-robinson-almeida\/#breadcrumb","itemListElement":[{"@type":"ListItem","position":1,"name":"In\u00edcio","item":"https:\/\/portalmf.com.br\/"},{"@type":"ListItem","position":2,"name":"Z\u00e9 Neto destinou mais de R$ 61 milh\u00f5es em Emendas Parlamentares para Feira de Santana, detalha Robinson Almeida"}]},{"@type":"WebSite","@id":"https:\/\/portalmf.com.br\/#website","url":"https:\/\/portalmf.com.br\/","name":"Portal MF","description":"Voc\u00ea conectado com a informa\u00e7\u00e3o","potentialAction":[{"@type":"SearchAction","target":{"@type":"EntryPoint","urlTemplate":"https:\/\/portalmf.com.br\/?s={search_term_string}"},"query-input":"required name=search_term_string"}],"inLanguage":"pt-BR"},{"@type":"Person","@id":"https:\/\/portalmf.com.br\/#\/schema\/person\/9ec101baf56233e53520c26de5d6f6f0","name":"Reda\u00e7\u00e3o Portal MF","image":{"@type":"ImageObject","inLanguage":"pt-BR","@id":"https:\/\/portalmf.com.br\/#\/schema\/person\/image\/","url":"https:\/\/secure.gravatar.com\/avatar\/41b9aaeb2100835f7c64362330f74c7f?s=96&d=mm&r=g","contentUrl":"https:\/\/secure.gravatar.com\/avatar\/41b9aaeb2100835f7c64362330f74c7f?s=96&d=mm&r=g","caption":"Reda\u00e7\u00e3o Portal MF"},"description":"Sejam bem-vindos o portal de informa\u00e7\u00f5es de entretenimento de Feira de Santana, desde 2006 realiza coberturas dos principais eventos com entrevistas exclusivas com as principais personalidades mundiais. Fique conectado tamb\u00e9m nas redes sociais.","sameAs":["http:\/\/www.portalmf.com.br\/","https:\/\/www.facebook.com\/portalmfoficial","https:\/\/www.instagram.com\/portalmf\/","https:\/\/x.com\/https:\/\/x.com\/portalmfoficial","https:\/\/www.youtube.com\/@portalmfoficial"],"url":"https:\/\/portalmf.com.br\/index.php\/author\/junior\/"}]}},"_links":{"self":[{"href":"https:\/\/portalmf.com.br\/index.php\/wp-json\/wp\/v2\/posts\/30317"}],"collection":[{"href":"https:\/\/portalmf.com.br\/index.php\/wp-json\/wp\/v2\/posts"}],"about":[{"href":"https:\/\/portalmf.com.br\/index.php\/wp-json\/wp\/v2\/types\/post"}],"author":[{"embeddable":true,"href":"https:\/\/portalmf.com.br\/index.php\/wp-json\/wp\/v2\/users\/3"}],"replies":[{"embeddable":true,"href":"https:\/\/portalmf.com.br\/index.php\/wp-json\/wp\/v2\/comments?post=30317"}],"version-history":[{"count":3,"href":"https:\/\/portalmf.com.br\/index.php\/wp-json\/wp\/v2\/posts\/30317\/revisions"}],"predecessor-version":[{"id":30331,"href":"https:\/\/portalmf.com.br\/index.php\/wp-json\/wp\/v2\/posts\/30317\/revisions\/30331"}],"wp:featuredmedia":[{"embeddable":true,"href":"https:\/\/portalmf.com.br\/index.php\/wp-json\/wp\/v2\/media\/16078"}],"wp:attachment":[{"href":"https:\/\/portalmf.com.br\/index.php\/wp-json\/wp\/v2\/media?parent=30317"}],"wp:term":[{"taxonomy":"category","embeddable":true,"href":"https:\/\/portalmf.com.br\/index.php\/wp-json\/wp\/v2\/categories?post=30317"},{"taxonomy":"post_tag","embeddable":true,"href":"https:\/\/portalmf.com.br\/index.php\/wp-json\/wp\/v2\/tags?post=30317"}],"curies":[{"name":"wp","href":"https:\/\/api.w.org\/{rel}","templated":true}]}}