{"id":30313,"date":"2024-09-30T10:14:41","date_gmt":"2024-09-30T13:14:41","guid":{"rendered":"https:\/\/portalmf.com.br\/?p=30313"},"modified":"2024-10-01T10:15:08","modified_gmt":"2024-10-01T13:15:08","slug":"pastores-e-liderancas-evangelicas-reafirmam-apoio-a-ze-neto-e-sandro-nazireu","status":"publish","type":"post","link":"https:\/\/portalmf.com.br\/index.php\/2024\/09\/30\/pastores-e-liderancas-evangelicas-reafirmam-apoio-a-ze-neto-e-sandro-nazireu\/","title":{"rendered":"Pastores e lideran\u00e7as evang\u00e9licas reafirmam apoio a Z\u00e9 Neto e Sandro Nazireu"},"content":{"rendered":"\n<p>Um grupo de pastores(as) e lideran\u00e7as evang\u00e9licas de diversas denomina\u00e7\u00f5es de Feira de Santana realizou, neste domingo (29), um Ato Prof\u00e9tico para reafirmar apoio aos candidatos a prefeito da coliga\u00e7\u00e3o Pra Fazer o Futuro Acontecer, Z\u00e9 Neto, e a vice-prefeito Sandro Nazireu.<\/p>\n\n\n\n<p>O encontro, que aconteceu no audit\u00f3rio do Hotel Acalanto, foi liderado pelos pastores Jo\u00e3o Jorge, da Igreja Assembleia de Deus, Jeremias Gomes, da Igreja Comunidade \u00c1gape, \u00c1lvaro Rios, da Igreja Mission\u00e1ria Quadrangular, e Tadeu Arapiraca, da Igreja Batista Jesus \u00danico Caminho, entre outros.<\/p>\n\n\n\n<figure class=\"wp-block-image size-full\"><img fetchpriority=\"high\" decoding=\"async\" width=\"800\" height=\"533\" src=\"https:\/\/portalmf.com.br\/wp-content\/uploads\/2024\/10\/pastores-e-liderancas-evangelicas-reafirmam-apoio-a-Ze-Neto-e-Sandro-Nazireu-para-Prefeitura-de-Feira_.jpg\" alt=\"\" class=\"wp-image-30315\" srcset=\"https:\/\/portalmf.com.br\/wp-content\/uploads\/2024\/10\/pastores-e-liderancas-evangelicas-reafirmam-apoio-a-Ze-Neto-e-Sandro-Nazireu-para-Prefeitura-de-Feira_.jpg 800w, https:\/\/portalmf.com.br\/wp-content\/uploads\/2024\/10\/pastores-e-liderancas-evangelicas-reafirmam-apoio-a-Ze-Neto-e-Sandro-Nazireu-para-Prefeitura-de-Feira_-300x200.jpg 300w, https:\/\/portalmf.com.br\/wp-content\/uploads\/2024\/10\/pastores-e-liderancas-evangelicas-reafirmam-apoio-a-Ze-Neto-e-Sandro-Nazireu-para-Prefeitura-de-Feira_-768x512.jpg 768w, https:\/\/portalmf.com.br\/wp-content\/uploads\/2024\/10\/pastores-e-liderancas-evangelicas-reafirmam-apoio-a-Ze-Neto-e-Sandro-Nazireu-para-Prefeitura-de-Feira_-696x464.jpg 696w\" sizes=\"(max-width: 800px) 100vw, 800px\" \/><figcaption class=\"wp-element-caption\"><strong>Fotos: Paulo Amaral<\/strong><\/figcaption><\/figure>\n\n\n\n<p>Sandro Nazireu destacou que o movimento dos evang\u00e9licos \u00e9 apartid\u00e1rio, mas o apoio do segmento \u00e9 necess\u00e1rio diante \u201cdo crescimento de Z\u00e9 Neto nas ruas e nas \u00faltimas pesquisas de inten\u00e7\u00f5es de voto, e da dissemina\u00e7\u00e3o de falsas informa\u00e7\u00f5es, fake news e mentiras espalhadas nas redes sociais pelo grupo advers\u00e1rio liderado pelo candidato e ex-prefeito Jos\u00e9 Ronaldo\u201d.<\/p>\n\n\n\n<p>Ao final do Ato Prof\u00e9tico, Z\u00e9 Neto e Sandro foram ungidos pelo pastor Jo\u00e3o Jorge, em uma demonstra\u00e7\u00e3o de f\u00e9 e prote\u00e7\u00e3o divina.<\/p>\n","protected":false},"excerpt":{"rendered":"<p>Um grupo de pastores(as) e lideran\u00e7as evang\u00e9licas de diversas denomina\u00e7\u00f5es de Feira de Santana realizou, neste domingo (29), um Ato Prof\u00e9tico para reafirmar apoio aos candidatos a prefeito da coliga\u00e7\u00e3o Pra Fazer o Futuro Acontecer, Z\u00e9 Neto, e a vice-prefeito Sandro Nazireu. O encontro, que aconteceu no audit\u00f3rio do Hotel Acalanto, foi liderado pelos pastores [&hellip;]<\/p>\n","protected":false},"author":3,"featured_media":30314,"comment_status":"open","ping_status":"open","sticky":false,"template":"","format":"standard","meta":{"_monsterinsights_skip_tracking":false,"_monsterinsights_sitenote_active":false,"_monsterinsights_sitenote_note":"","_monsterinsights_sitenote_category":0,"footnotes":""},"categories":[301,34],"tags":[],"yoast_head":"<!-- This site is optimized with the Yoast SEO plugin v22.9 - https:\/\/yoast.com\/wordpress\/plugins\/seo\/ -->\n<title>Pastores e lideran\u00e7as evang\u00e9licas reafirmam apoio a Z\u00e9 Neto e Sandro Nazireu - Portal MF<\/title>\n<meta name=\"robots\" content=\"index, follow, max-snippet:-1, max-image-preview:large, max-video-preview:-1\" \/>\n<link rel=\"canonical\" href=\"https:\/\/portalmf.com.br\/index.php\/2024\/09\/30\/pastores-e-liderancas-evangelicas-reafirmam-apoio-a-ze-neto-e-sandro-nazireu\/\" \/>\n<meta property=\"og:locale\" content=\"pt_BR\" \/>\n<meta property=\"og:type\" content=\"article\" \/>\n<meta property=\"og:title\" content=\"Pastores e lideran\u00e7as evang\u00e9licas reafirmam apoio a Z\u00e9 Neto e Sandro Nazireu - Portal MF\" \/>\n<meta property=\"og:description\" content=\"Um grupo de pastores(as) e lideran\u00e7as evang\u00e9licas de diversas denomina\u00e7\u00f5es de Feira de Santana realizou, neste domingo (29), um Ato Prof\u00e9tico para reafirmar apoio aos candidatos a prefeito da coliga\u00e7\u00e3o Pra Fazer o Futuro Acontecer, Z\u00e9 Neto, e a vice-prefeito Sandro Nazireu. O encontro, que aconteceu no audit\u00f3rio do Hotel Acalanto, foi liderado pelos pastores [&hellip;]\" \/>\n<meta property=\"og:url\" content=\"https:\/\/portalmf.com.br\/index.php\/2024\/09\/30\/pastores-e-liderancas-evangelicas-reafirmam-apoio-a-ze-neto-e-sandro-nazireu\/\" \/>\n<meta property=\"og:site_name\" content=\"Portal MF\" \/>\n<meta property=\"article:author\" content=\"https:\/\/www.facebook.com\/portalmfoficial\" \/>\n<meta property=\"article:published_time\" content=\"2024-09-30T13:14:41+00:00\" \/>\n<meta property=\"article:modified_time\" content=\"2024-10-01T13:15:08+00:00\" \/>\n<meta property=\"og:image\" content=\"https:\/\/portalmf.com.br\/wp-content\/uploads\/2024\/10\/pastores-e-liderancas-evangelicas-reafirmam-apoio-a-Ze-Neto-e-Sandro-Nazireu-para-Prefeitura-de-Feira.jpg\" \/>\n\t<meta property=\"og:image:width\" content=\"800\" \/>\n\t<meta property=\"og:image:height\" content=\"533\" \/>\n\t<meta property=\"og:image:type\" content=\"image\/jpeg\" \/>\n<meta name=\"author\" content=\"Reda\u00e7\u00e3o Portal MF\" \/>\n<meta name=\"twitter:card\" content=\"summary_large_image\" \/>\n<meta name=\"twitter:creator\" content=\"@https:\/\/x.com\/portalmfoficial\" \/>\n<meta name=\"twitter:label1\" content=\"Escrito por\" \/>\n\t<meta name=\"twitter:data1\" content=\"Reda\u00e7\u00e3o Portal MF\" \/>\n\t<meta name=\"twitter:label2\" content=\"Est. tempo de leitura\" \/>\n\t<meta name=\"twitter:data2\" content=\"2 minutos\" \/>\n<script type=\"application\/ld+json\" class=\"yoast-schema-graph\">{\"@context\":\"https:\/\/schema.org\",\"@graph\":[{\"@type\":\"WebPage\",\"@id\":\"https:\/\/portalmf.com.br\/index.php\/2024\/09\/30\/pastores-e-liderancas-evangelicas-reafirmam-apoio-a-ze-neto-e-sandro-nazireu\/\",\"url\":\"https:\/\/portalmf.com.br\/index.php\/2024\/09\/30\/pastores-e-liderancas-evangelicas-reafirmam-apoio-a-ze-neto-e-sandro-nazireu\/\",\"name\":\"Pastores e lideran\u00e7as evang\u00e9licas reafirmam apoio a Z\u00e9 Neto e Sandro Nazireu - Portal MF\",\"isPartOf\":{\"@id\":\"https:\/\/portalmf.com.br\/#website\"},\"primaryImageOfPage\":{\"@id\":\"https:\/\/portalmf.com.br\/index.php\/2024\/09\/30\/pastores-e-liderancas-evangelicas-reafirmam-apoio-a-ze-neto-e-sandro-nazireu\/#primaryimage\"},\"image\":{\"@id\":\"https:\/\/portalmf.com.br\/index.php\/2024\/09\/30\/pastores-e-liderancas-evangelicas-reafirmam-apoio-a-ze-neto-e-sandro-nazireu\/#primaryimage\"},\"thumbnailUrl\":\"https:\/\/portalmf.com.br\/wp-content\/uploads\/2024\/10\/pastores-e-liderancas-evangelicas-reafirmam-apoio-a-Ze-Neto-e-Sandro-Nazireu-para-Prefeitura-de-Feira.jpg\",\"datePublished\":\"2024-09-30T13:14:41+00:00\",\"dateModified\":\"2024-10-01T13:15:08+00:00\",\"author\":{\"@id\":\"https:\/\/portalmf.com.br\/#\/schema\/person\/9ec101baf56233e53520c26de5d6f6f0\"},\"breadcrumb\":{\"@id\":\"https:\/\/portalmf.com.br\/index.php\/2024\/09\/30\/pastores-e-liderancas-evangelicas-reafirmam-apoio-a-ze-neto-e-sandro-nazireu\/#breadcrumb\"},\"inLanguage\":\"pt-BR\",\"potentialAction\":[{\"@type\":\"ReadAction\",\"target\":[\"https:\/\/portalmf.com.br\/index.php\/2024\/09\/30\/pastores-e-liderancas-evangelicas-reafirmam-apoio-a-ze-neto-e-sandro-nazireu\/\"]}]},{\"@type\":\"ImageObject\",\"inLanguage\":\"pt-BR\",\"@id\":\"https:\/\/portalmf.com.br\/index.php\/2024\/09\/30\/pastores-e-liderancas-evangelicas-reafirmam-apoio-a-ze-neto-e-sandro-nazireu\/#primaryimage\",\"url\":\"https:\/\/portalmf.com.br\/wp-content\/uploads\/2024\/10\/pastores-e-liderancas-evangelicas-reafirmam-apoio-a-Ze-Neto-e-Sandro-Nazireu-para-Prefeitura-de-Feira.jpg\",\"contentUrl\":\"https:\/\/portalmf.com.br\/wp-content\/uploads\/2024\/10\/pastores-e-liderancas-evangelicas-reafirmam-apoio-a-Ze-Neto-e-Sandro-Nazireu-para-Prefeitura-de-Feira.jpg\",\"width\":800,\"height\":533},{\"@type\":\"BreadcrumbList\",\"@id\":\"https:\/\/portalmf.com.br\/index.php\/2024\/09\/30\/pastores-e-liderancas-evangelicas-reafirmam-apoio-a-ze-neto-e-sandro-nazireu\/#breadcrumb\",\"itemListElement\":[{\"@type\":\"ListItem\",\"position\":1,\"name\":\"In\u00edcio\",\"item\":\"https:\/\/portalmf.com.br\/\"},{\"@type\":\"ListItem\",\"position\":2,\"name\":\"Pastores e lideran\u00e7as evang\u00e9licas reafirmam apoio a Z\u00e9 Neto e Sandro Nazireu\"}]},{\"@type\":\"WebSite\",\"@id\":\"https:\/\/portalmf.com.br\/#website\",\"url\":\"https:\/\/portalmf.com.br\/\",\"name\":\"Portal MF\",\"description\":\"Voc\u00ea conectado com a informa\u00e7\u00e3o\",\"potentialAction\":[{\"@type\":\"SearchAction\",\"target\":{\"@type\":\"EntryPoint\",\"urlTemplate\":\"https:\/\/portalmf.com.br\/?s={search_term_string}\"},\"query-input\":\"required name=search_term_string\"}],\"inLanguage\":\"pt-BR\"},{\"@type\":\"Person\",\"@id\":\"https:\/\/portalmf.com.br\/#\/schema\/person\/9ec101baf56233e53520c26de5d6f6f0\",\"name\":\"Reda\u00e7\u00e3o Portal MF\",\"image\":{\"@type\":\"ImageObject\",\"inLanguage\":\"pt-BR\",\"@id\":\"https:\/\/portalmf.com.br\/#\/schema\/person\/image\/\",\"url\":\"https:\/\/secure.gravatar.com\/avatar\/41b9aaeb2100835f7c64362330f74c7f?s=96&d=mm&r=g\",\"contentUrl\":\"https:\/\/secure.gravatar.com\/avatar\/41b9aaeb2100835f7c64362330f74c7f?s=96&d=mm&r=g\",\"caption\":\"Reda\u00e7\u00e3o Portal MF\"},\"description\":\"Sejam bem-vindos o portal de informa\u00e7\u00f5es de entretenimento de Feira de Santana, desde 2006 realiza coberturas dos principais eventos com entrevistas exclusivas com as principais personalidades mundiais. Fique conectado tamb\u00e9m nas redes sociais.\",\"sameAs\":[\"http:\/\/www.portalmf.com.br\/\",\"https:\/\/www.facebook.com\/portalmfoficial\",\"https:\/\/www.instagram.com\/portalmf\/\",\"https:\/\/x.com\/https:\/\/x.com\/portalmfoficial\",\"https:\/\/www.youtube.com\/@portalmfoficial\"],\"url\":\"https:\/\/portalmf.com.br\/index.php\/author\/junior\/\"}]}<\/script>\n<!-- \/ Yoast SEO plugin. -->","yoast_head_json":{"title":"Pastores e lideran\u00e7as evang\u00e9licas reafirmam apoio a Z\u00e9 Neto e Sandro Nazireu - Portal MF","robots":{"index":"index","follow":"follow","max-snippet":"max-snippet:-1","max-image-preview":"max-image-preview:large","max-video-preview":"max-video-preview:-1"},"canonical":"https:\/\/portalmf.com.br\/index.php\/2024\/09\/30\/pastores-e-liderancas-evangelicas-reafirmam-apoio-a-ze-neto-e-sandro-nazireu\/","og_locale":"pt_BR","og_type":"article","og_title":"Pastores e lideran\u00e7as evang\u00e9licas reafirmam apoio a Z\u00e9 Neto e Sandro Nazireu - Portal MF","og_description":"Um grupo de pastores(as) e lideran\u00e7as evang\u00e9licas de diversas denomina\u00e7\u00f5es de Feira de Santana realizou, neste domingo (29), um Ato Prof\u00e9tico para reafirmar apoio aos candidatos a prefeito da coliga\u00e7\u00e3o Pra Fazer o Futuro Acontecer, Z\u00e9 Neto, e a vice-prefeito Sandro Nazireu. O encontro, que aconteceu no audit\u00f3rio do Hotel Acalanto, foi liderado pelos pastores [&hellip;]","og_url":"https:\/\/portalmf.com.br\/index.php\/2024\/09\/30\/pastores-e-liderancas-evangelicas-reafirmam-apoio-a-ze-neto-e-sandro-nazireu\/","og_site_name":"Portal MF","article_author":"https:\/\/www.facebook.com\/portalmfoficial","article_published_time":"2024-09-30T13:14:41+00:00","article_modified_time":"2024-10-01T13:15:08+00:00","og_image":[{"width":800,"height":533,"url":"https:\/\/portalmf.com.br\/wp-content\/uploads\/2024\/10\/pastores-e-liderancas-evangelicas-reafirmam-apoio-a-Ze-Neto-e-Sandro-Nazireu-para-Prefeitura-de-Feira.jpg","type":"image\/jpeg"}],"author":"Reda\u00e7\u00e3o Portal MF","twitter_card":"summary_large_image","twitter_creator":"@https:\/\/x.com\/portalmfoficial","twitter_misc":{"Escrito por":"Reda\u00e7\u00e3o Portal MF","Est. tempo de leitura":"2 minutos"},"schema":{"@context":"https:\/\/schema.org","@graph":[{"@type":"WebPage","@id":"https:\/\/portalmf.com.br\/index.php\/2024\/09\/30\/pastores-e-liderancas-evangelicas-reafirmam-apoio-a-ze-neto-e-sandro-nazireu\/","url":"https:\/\/portalmf.com.br\/index.php\/2024\/09\/30\/pastores-e-liderancas-evangelicas-reafirmam-apoio-a-ze-neto-e-sandro-nazireu\/","name":"Pastores e lideran\u00e7as evang\u00e9licas reafirmam apoio a Z\u00e9 Neto e Sandro Nazireu - Portal MF","isPartOf":{"@id":"https:\/\/portalmf.com.br\/#website"},"primaryImageOfPage":{"@id":"https:\/\/portalmf.com.br\/index.php\/2024\/09\/30\/pastores-e-liderancas-evangelicas-reafirmam-apoio-a-ze-neto-e-sandro-nazireu\/#primaryimage"},"image":{"@id":"https:\/\/portalmf.com.br\/index.php\/2024\/09\/30\/pastores-e-liderancas-evangelicas-reafirmam-apoio-a-ze-neto-e-sandro-nazireu\/#primaryimage"},"thumbnailUrl":"https:\/\/portalmf.com.br\/wp-content\/uploads\/2024\/10\/pastores-e-liderancas-evangelicas-reafirmam-apoio-a-Ze-Neto-e-Sandro-Nazireu-para-Prefeitura-de-Feira.jpg","datePublished":"2024-09-30T13:14:41+00:00","dateModified":"2024-10-01T13:15:08+00:00","author":{"@id":"https:\/\/portalmf.com.br\/#\/schema\/person\/9ec101baf56233e53520c26de5d6f6f0"},"breadcrumb":{"@id":"https:\/\/portalmf.com.br\/index.php\/2024\/09\/30\/pastores-e-liderancas-evangelicas-reafirmam-apoio-a-ze-neto-e-sandro-nazireu\/#breadcrumb"},"inLanguage":"pt-BR","potentialAction":[{"@type":"ReadAction","target":["https:\/\/portalmf.com.br\/index.php\/2024\/09\/30\/pastores-e-liderancas-evangelicas-reafirmam-apoio-a-ze-neto-e-sandro-nazireu\/"]}]},{"@type":"ImageObject","inLanguage":"pt-BR","@id":"https:\/\/portalmf.com.br\/index.php\/2024\/09\/30\/pastores-e-liderancas-evangelicas-reafirmam-apoio-a-ze-neto-e-sandro-nazireu\/#primaryimage","url":"https:\/\/portalmf.com.br\/wp-content\/uploads\/2024\/10\/pastores-e-liderancas-evangelicas-reafirmam-apoio-a-Ze-Neto-e-Sandro-Nazireu-para-Prefeitura-de-Feira.jpg","contentUrl":"https:\/\/portalmf.com.br\/wp-content\/uploads\/2024\/10\/pastores-e-liderancas-evangelicas-reafirmam-apoio-a-Ze-Neto-e-Sandro-Nazireu-para-Prefeitura-de-Feira.jpg","width":800,"height":533},{"@type":"BreadcrumbList","@id":"https:\/\/portalmf.com.br\/index.php\/2024\/09\/30\/pastores-e-liderancas-evangelicas-reafirmam-apoio-a-ze-neto-e-sandro-nazireu\/#breadcrumb","itemListElement":[{"@type":"ListItem","position":1,"name":"In\u00edcio","item":"https:\/\/portalmf.com.br\/"},{"@type":"ListItem","position":2,"name":"Pastores e lideran\u00e7as evang\u00e9licas reafirmam apoio a Z\u00e9 Neto e Sandro Nazireu"}]},{"@type":"WebSite","@id":"https:\/\/portalmf.com.br\/#website","url":"https:\/\/portalmf.com.br\/","name":"Portal MF","description":"Voc\u00ea conectado com a informa\u00e7\u00e3o","potentialAction":[{"@type":"SearchAction","target":{"@type":"EntryPoint","urlTemplate":"https:\/\/portalmf.com.br\/?s={search_term_string}"},"query-input":"required name=search_term_string"}],"inLanguage":"pt-BR"},{"@type":"Person","@id":"https:\/\/portalmf.com.br\/#\/schema\/person\/9ec101baf56233e53520c26de5d6f6f0","name":"Reda\u00e7\u00e3o Portal MF","image":{"@type":"ImageObject","inLanguage":"pt-BR","@id":"https:\/\/portalmf.com.br\/#\/schema\/person\/image\/","url":"https:\/\/secure.gravatar.com\/avatar\/41b9aaeb2100835f7c64362330f74c7f?s=96&d=mm&r=g","contentUrl":"https:\/\/secure.gravatar.com\/avatar\/41b9aaeb2100835f7c64362330f74c7f?s=96&d=mm&r=g","caption":"Reda\u00e7\u00e3o Portal MF"},"description":"Sejam bem-vindos o portal de informa\u00e7\u00f5es de entretenimento de Feira de Santana, desde 2006 realiza coberturas dos principais eventos com entrevistas exclusivas com as principais personalidades mundiais. Fique conectado tamb\u00e9m nas redes sociais.","sameAs":["http:\/\/www.portalmf.com.br\/","https:\/\/www.facebook.com\/portalmfoficial","https:\/\/www.instagram.com\/portalmf\/","https:\/\/x.com\/https:\/\/x.com\/portalmfoficial","https:\/\/www.youtube.com\/@portalmfoficial"],"url":"https:\/\/portalmf.com.br\/index.php\/author\/junior\/"}]}},"_links":{"self":[{"href":"https:\/\/portalmf.com.br\/index.php\/wp-json\/wp\/v2\/posts\/30313"}],"collection":[{"href":"https:\/\/portalmf.com.br\/index.php\/wp-json\/wp\/v2\/posts"}],"about":[{"href":"https:\/\/portalmf.com.br\/index.php\/wp-json\/wp\/v2\/types\/post"}],"author":[{"embeddable":true,"href":"https:\/\/portalmf.com.br\/index.php\/wp-json\/wp\/v2\/users\/3"}],"replies":[{"embeddable":true,"href":"https:\/\/portalmf.com.br\/index.php\/wp-json\/wp\/v2\/comments?post=30313"}],"version-history":[{"count":1,"href":"https:\/\/portalmf.com.br\/index.php\/wp-json\/wp\/v2\/posts\/30313\/revisions"}],"predecessor-version":[{"id":30316,"href":"https:\/\/portalmf.com.br\/index.php\/wp-json\/wp\/v2\/posts\/30313\/revisions\/30316"}],"wp:featuredmedia":[{"embeddable":true,"href":"https:\/\/portalmf.com.br\/index.php\/wp-json\/wp\/v2\/media\/30314"}],"wp:attachment":[{"href":"https:\/\/portalmf.com.br\/index.php\/wp-json\/wp\/v2\/media?parent=30313"}],"wp:term":[{"taxonomy":"category","embeddable":true,"href":"https:\/\/portalmf.com.br\/index.php\/wp-json\/wp\/v2\/categories?post=30313"},{"taxonomy":"post_tag","embeddable":true,"href":"https:\/\/portalmf.com.br\/index.php\/wp-json\/wp\/v2\/tags?post=30313"}],"curies":[{"name":"wp","href":"https:\/\/api.w.org\/{rel}","templated":true}]}}