{"id":30307,"date":"2024-09-29T09:43:12","date_gmt":"2024-09-29T12:43:12","guid":{"rendered":"https:\/\/portalmf.com.br\/?p=30307"},"modified":"2024-10-01T09:58:58","modified_gmt":"2024-10-01T12:58:58","slug":"chegou-a-hora-de-feira-dar-uma-oportunidade-a-ze-neto-diz-ministro-rui-costa-durante-caminhada-da-mudanca","status":"publish","type":"post","link":"https:\/\/portalmf.com.br\/index.php\/2024\/09\/29\/chegou-a-hora-de-feira-dar-uma-oportunidade-a-ze-neto-diz-ministro-rui-costa-durante-caminhada-da-mudanca\/","title":{"rendered":"\u201dChegou a hora de Feira dar uma oportunidade a Z\u00e9 Neto\u201d, diz ministro Rui Costa, durante Caminhada da Mudan\u00e7a"},"content":{"rendered":"\n<p>O ministro-chefe da Casa Civil do governo Lula, Rui Costa, reafirmou neste s\u00e1bado (28), seu apoio incondicional ao candidato a prefeito da coliga\u00e7\u00e3o Pra Fazer o Futuro Acontecer, Z\u00e9 Neto, e conclamou que \u201cchegou a hora de Feira de Santana dar uma oportunidade\u201d ao petista nas elei\u00e7\u00f5es do pr\u00f3ximo dia 6 de outubro.<\/p>\n\n\n\n<p>A declara\u00e7\u00e3o foi dada por Rui Costa durante a Caminhada da Mudan\u00e7a, no centro da cidade, ao lado de Z\u00e9 Neto; do candidato a vice-prefeito da chapa, Sandro Nazireu; do presidente do PT na Bahia, \u00c9den Valadares; dos deputados federais Daniel Almeida, Pastor Sargento Isid\u00f3rio e Elisangela Ara\u00fajo, e do estadual Robinson Almeida; dos secret\u00e1rios estaduais de Desenvolvimento Econ\u00f4mico, Angelo Almeida, e da Sa\u00fade, Roberta Santana; do coordenador-geral da Federa\u00e7\u00e3o \u00danica dos Petroleiros (FUP), Deyvid Bacelar; do coordenador-geral da campanha, Felipe Freitas; al\u00e9m de candidatos(as) a vereador(a), lideran\u00e7as e a milit\u00e2ncia.<\/p>\n\n\n\n<p><em>\u201cEu acho que depois de tantos e tantos anos, chegou a hora de Feira de Santana dar essa oportunidade a Z\u00e9 Neto. Esse \u00e9 um pedido meu, do presidente Lula, do governador Jer\u00f4nimo, dos senadores Jaques Wagner e Otto Alencar, para que possamos juntos cuidar ainda mais das pessoas numa alian\u00e7a para fazer as coisas acontecerem em Feira com Z\u00e9 Neto prefeito. Eu n\u00e3o tive essa oportunidade quando fui governador, mas acredito que Jer\u00f4nimo e Lula merecem. Por isso, eu pe\u00e7o que o povo de Feira vote 13 para prefeito no pr\u00f3ximo dia 6 de outubro, pra gente come\u00e7ar uma nova hist\u00f3ria de desenvolvimento na nossa Princesa do Sert\u00e3o\u201c<\/em>, conclamou o ministro.<\/p>\n","protected":false},"excerpt":{"rendered":"<p>O ministro-chefe da Casa Civil do governo Lula, Rui Costa, reafirmou neste s\u00e1bado (28), seu apoio incondicional ao candidato a prefeito da coliga\u00e7\u00e3o Pra Fazer o Futuro Acontecer, Z\u00e9 Neto, e conclamou que \u201cchegou a hora de Feira de Santana dar uma oportunidade\u201d ao petista nas elei\u00e7\u00f5es do pr\u00f3ximo dia 6 de outubro. A declara\u00e7\u00e3o [&hellip;]<\/p>\n","protected":false},"author":3,"featured_media":30308,"comment_status":"open","ping_status":"open","sticky":false,"template":"","format":"standard","meta":{"_monsterinsights_skip_tracking":false,"_monsterinsights_sitenote_active":false,"_monsterinsights_sitenote_note":"","_monsterinsights_sitenote_category":0,"footnotes":""},"categories":[301,34],"tags":[],"yoast_head":"<!-- This site is optimized with the Yoast SEO plugin v22.9 - https:\/\/yoast.com\/wordpress\/plugins\/seo\/ -->\n<title>\u201dChegou a hora de Feira dar uma oportunidade a Z\u00e9 Neto\u201d, diz ministro Rui Costa, durante Caminhada da Mudan\u00e7a - Portal MF<\/title>\n<meta name=\"robots\" content=\"index, follow, max-snippet:-1, max-image-preview:large, max-video-preview:-1\" \/>\n<link rel=\"canonical\" href=\"https:\/\/portalmf.com.br\/index.php\/2024\/09\/29\/chegou-a-hora-de-feira-dar-uma-oportunidade-a-ze-neto-diz-ministro-rui-costa-durante-caminhada-da-mudanca\/\" \/>\n<meta property=\"og:locale\" content=\"pt_BR\" \/>\n<meta property=\"og:type\" content=\"article\" \/>\n<meta property=\"og:title\" content=\"\u201dChegou a hora de Feira dar uma oportunidade a Z\u00e9 Neto\u201d, diz ministro Rui Costa, durante Caminhada da Mudan\u00e7a - Portal MF\" \/>\n<meta property=\"og:description\" content=\"O ministro-chefe da Casa Civil do governo Lula, Rui Costa, reafirmou neste s\u00e1bado (28), seu apoio incondicional ao candidato a prefeito da coliga\u00e7\u00e3o Pra Fazer o Futuro Acontecer, Z\u00e9 Neto, e conclamou que \u201cchegou a hora de Feira de Santana dar uma oportunidade\u201d ao petista nas elei\u00e7\u00f5es do pr\u00f3ximo dia 6 de outubro. A declara\u00e7\u00e3o [&hellip;]\" \/>\n<meta property=\"og:url\" content=\"https:\/\/portalmf.com.br\/index.php\/2024\/09\/29\/chegou-a-hora-de-feira-dar-uma-oportunidade-a-ze-neto-diz-ministro-rui-costa-durante-caminhada-da-mudanca\/\" \/>\n<meta property=\"og:site_name\" content=\"Portal MF\" \/>\n<meta property=\"article:author\" content=\"https:\/\/www.facebook.com\/portalmfoficial\" \/>\n<meta property=\"article:published_time\" content=\"2024-09-29T12:43:12+00:00\" \/>\n<meta property=\"article:modified_time\" content=\"2024-10-01T12:58:58+00:00\" \/>\n<meta property=\"og:image\" content=\"https:\/\/portalmf.com.br\/wp-content\/uploads\/2024\/10\/Chegou-a-hora-de-Feira-dar-uma-oportunidade-a-Ze-Neto-diz-ministro-Rui-Costa-durante-Caminhada-da-Mudanca.jpg\" \/>\n\t<meta property=\"og:image:width\" content=\"1280\" \/>\n\t<meta property=\"og:image:height\" content=\"853\" \/>\n\t<meta property=\"og:image:type\" content=\"image\/jpeg\" \/>\n<meta name=\"author\" content=\"Reda\u00e7\u00e3o Portal MF\" \/>\n<meta name=\"twitter:card\" content=\"summary_large_image\" \/>\n<meta name=\"twitter:creator\" content=\"@https:\/\/x.com\/portalmfoficial\" \/>\n<meta name=\"twitter:label1\" content=\"Escrito por\" \/>\n\t<meta name=\"twitter:data1\" content=\"Reda\u00e7\u00e3o Portal MF\" \/>\n\t<meta name=\"twitter:label2\" content=\"Est. tempo de leitura\" \/>\n\t<meta name=\"twitter:data2\" content=\"2 minutos\" \/>\n<script type=\"application\/ld+json\" class=\"yoast-schema-graph\">{\"@context\":\"https:\/\/schema.org\",\"@graph\":[{\"@type\":\"WebPage\",\"@id\":\"https:\/\/portalmf.com.br\/index.php\/2024\/09\/29\/chegou-a-hora-de-feira-dar-uma-oportunidade-a-ze-neto-diz-ministro-rui-costa-durante-caminhada-da-mudanca\/\",\"url\":\"https:\/\/portalmf.com.br\/index.php\/2024\/09\/29\/chegou-a-hora-de-feira-dar-uma-oportunidade-a-ze-neto-diz-ministro-rui-costa-durante-caminhada-da-mudanca\/\",\"name\":\"\u201dChegou a hora de Feira dar uma oportunidade a Z\u00e9 Neto\u201d, diz ministro Rui Costa, durante Caminhada da Mudan\u00e7a - Portal MF\",\"isPartOf\":{\"@id\":\"https:\/\/portalmf.com.br\/#website\"},\"primaryImageOfPage\":{\"@id\":\"https:\/\/portalmf.com.br\/index.php\/2024\/09\/29\/chegou-a-hora-de-feira-dar-uma-oportunidade-a-ze-neto-diz-ministro-rui-costa-durante-caminhada-da-mudanca\/#primaryimage\"},\"image\":{\"@id\":\"https:\/\/portalmf.com.br\/index.php\/2024\/09\/29\/chegou-a-hora-de-feira-dar-uma-oportunidade-a-ze-neto-diz-ministro-rui-costa-durante-caminhada-da-mudanca\/#primaryimage\"},\"thumbnailUrl\":\"https:\/\/portalmf.com.br\/wp-content\/uploads\/2024\/10\/Chegou-a-hora-de-Feira-dar-uma-oportunidade-a-Ze-Neto-diz-ministro-Rui-Costa-durante-Caminhada-da-Mudanca.jpg\",\"datePublished\":\"2024-09-29T12:43:12+00:00\",\"dateModified\":\"2024-10-01T12:58:58+00:00\",\"author\":{\"@id\":\"https:\/\/portalmf.com.br\/#\/schema\/person\/9ec101baf56233e53520c26de5d6f6f0\"},\"breadcrumb\":{\"@id\":\"https:\/\/portalmf.com.br\/index.php\/2024\/09\/29\/chegou-a-hora-de-feira-dar-uma-oportunidade-a-ze-neto-diz-ministro-rui-costa-durante-caminhada-da-mudanca\/#breadcrumb\"},\"inLanguage\":\"pt-BR\",\"potentialAction\":[{\"@type\":\"ReadAction\",\"target\":[\"https:\/\/portalmf.com.br\/index.php\/2024\/09\/29\/chegou-a-hora-de-feira-dar-uma-oportunidade-a-ze-neto-diz-ministro-rui-costa-durante-caminhada-da-mudanca\/\"]}]},{\"@type\":\"ImageObject\",\"inLanguage\":\"pt-BR\",\"@id\":\"https:\/\/portalmf.com.br\/index.php\/2024\/09\/29\/chegou-a-hora-de-feira-dar-uma-oportunidade-a-ze-neto-diz-ministro-rui-costa-durante-caminhada-da-mudanca\/#primaryimage\",\"url\":\"https:\/\/portalmf.com.br\/wp-content\/uploads\/2024\/10\/Chegou-a-hora-de-Feira-dar-uma-oportunidade-a-Ze-Neto-diz-ministro-Rui-Costa-durante-Caminhada-da-Mudanca.jpg\",\"contentUrl\":\"https:\/\/portalmf.com.br\/wp-content\/uploads\/2024\/10\/Chegou-a-hora-de-Feira-dar-uma-oportunidade-a-Ze-Neto-diz-ministro-Rui-Costa-durante-Caminhada-da-Mudanca.jpg\",\"width\":1280,\"height\":853},{\"@type\":\"BreadcrumbList\",\"@id\":\"https:\/\/portalmf.com.br\/index.php\/2024\/09\/29\/chegou-a-hora-de-feira-dar-uma-oportunidade-a-ze-neto-diz-ministro-rui-costa-durante-caminhada-da-mudanca\/#breadcrumb\",\"itemListElement\":[{\"@type\":\"ListItem\",\"position\":1,\"name\":\"In\u00edcio\",\"item\":\"https:\/\/portalmf.com.br\/\"},{\"@type\":\"ListItem\",\"position\":2,\"name\":\"\u201dChegou a hora de Feira dar uma oportunidade a Z\u00e9 Neto\u201d, diz ministro Rui Costa, durante Caminhada da Mudan\u00e7a\"}]},{\"@type\":\"WebSite\",\"@id\":\"https:\/\/portalmf.com.br\/#website\",\"url\":\"https:\/\/portalmf.com.br\/\",\"name\":\"Portal MF\",\"description\":\"Voc\u00ea conectado com a informa\u00e7\u00e3o\",\"potentialAction\":[{\"@type\":\"SearchAction\",\"target\":{\"@type\":\"EntryPoint\",\"urlTemplate\":\"https:\/\/portalmf.com.br\/?s={search_term_string}\"},\"query-input\":\"required name=search_term_string\"}],\"inLanguage\":\"pt-BR\"},{\"@type\":\"Person\",\"@id\":\"https:\/\/portalmf.com.br\/#\/schema\/person\/9ec101baf56233e53520c26de5d6f6f0\",\"name\":\"Reda\u00e7\u00e3o Portal MF\",\"image\":{\"@type\":\"ImageObject\",\"inLanguage\":\"pt-BR\",\"@id\":\"https:\/\/portalmf.com.br\/#\/schema\/person\/image\/\",\"url\":\"https:\/\/secure.gravatar.com\/avatar\/41b9aaeb2100835f7c64362330f74c7f?s=96&d=mm&r=g\",\"contentUrl\":\"https:\/\/secure.gravatar.com\/avatar\/41b9aaeb2100835f7c64362330f74c7f?s=96&d=mm&r=g\",\"caption\":\"Reda\u00e7\u00e3o Portal MF\"},\"description\":\"Sejam bem-vindos o portal de informa\u00e7\u00f5es de entretenimento de Feira de Santana, desde 2006 realiza coberturas dos principais eventos com entrevistas exclusivas com as principais personalidades mundiais. Fique conectado tamb\u00e9m nas redes sociais.\",\"sameAs\":[\"http:\/\/www.portalmf.com.br\/\",\"https:\/\/www.facebook.com\/portalmfoficial\",\"https:\/\/www.instagram.com\/portalmf\/\",\"https:\/\/x.com\/https:\/\/x.com\/portalmfoficial\",\"https:\/\/www.youtube.com\/@portalmfoficial\"],\"url\":\"https:\/\/portalmf.com.br\/index.php\/author\/junior\/\"}]}<\/script>\n<!-- \/ Yoast SEO plugin. -->","yoast_head_json":{"title":"\u201dChegou a hora de Feira dar uma oportunidade a Z\u00e9 Neto\u201d, diz ministro Rui Costa, durante Caminhada da Mudan\u00e7a - Portal MF","robots":{"index":"index","follow":"follow","max-snippet":"max-snippet:-1","max-image-preview":"max-image-preview:large","max-video-preview":"max-video-preview:-1"},"canonical":"https:\/\/portalmf.com.br\/index.php\/2024\/09\/29\/chegou-a-hora-de-feira-dar-uma-oportunidade-a-ze-neto-diz-ministro-rui-costa-durante-caminhada-da-mudanca\/","og_locale":"pt_BR","og_type":"article","og_title":"\u201dChegou a hora de Feira dar uma oportunidade a Z\u00e9 Neto\u201d, diz ministro Rui Costa, durante Caminhada da Mudan\u00e7a - Portal MF","og_description":"O ministro-chefe da Casa Civil do governo Lula, Rui Costa, reafirmou neste s\u00e1bado (28), seu apoio incondicional ao candidato a prefeito da coliga\u00e7\u00e3o Pra Fazer o Futuro Acontecer, Z\u00e9 Neto, e conclamou que \u201cchegou a hora de Feira de Santana dar uma oportunidade\u201d ao petista nas elei\u00e7\u00f5es do pr\u00f3ximo dia 6 de outubro. A declara\u00e7\u00e3o [&hellip;]","og_url":"https:\/\/portalmf.com.br\/index.php\/2024\/09\/29\/chegou-a-hora-de-feira-dar-uma-oportunidade-a-ze-neto-diz-ministro-rui-costa-durante-caminhada-da-mudanca\/","og_site_name":"Portal MF","article_author":"https:\/\/www.facebook.com\/portalmfoficial","article_published_time":"2024-09-29T12:43:12+00:00","article_modified_time":"2024-10-01T12:58:58+00:00","og_image":[{"width":1280,"height":853,"url":"https:\/\/portalmf.com.br\/wp-content\/uploads\/2024\/10\/Chegou-a-hora-de-Feira-dar-uma-oportunidade-a-Ze-Neto-diz-ministro-Rui-Costa-durante-Caminhada-da-Mudanca.jpg","type":"image\/jpeg"}],"author":"Reda\u00e7\u00e3o Portal MF","twitter_card":"summary_large_image","twitter_creator":"@https:\/\/x.com\/portalmfoficial","twitter_misc":{"Escrito por":"Reda\u00e7\u00e3o Portal MF","Est. tempo de leitura":"2 minutos"},"schema":{"@context":"https:\/\/schema.org","@graph":[{"@type":"WebPage","@id":"https:\/\/portalmf.com.br\/index.php\/2024\/09\/29\/chegou-a-hora-de-feira-dar-uma-oportunidade-a-ze-neto-diz-ministro-rui-costa-durante-caminhada-da-mudanca\/","url":"https:\/\/portalmf.com.br\/index.php\/2024\/09\/29\/chegou-a-hora-de-feira-dar-uma-oportunidade-a-ze-neto-diz-ministro-rui-costa-durante-caminhada-da-mudanca\/","name":"\u201dChegou a hora de Feira dar uma oportunidade a Z\u00e9 Neto\u201d, diz ministro Rui Costa, durante Caminhada da Mudan\u00e7a - Portal MF","isPartOf":{"@id":"https:\/\/portalmf.com.br\/#website"},"primaryImageOfPage":{"@id":"https:\/\/portalmf.com.br\/index.php\/2024\/09\/29\/chegou-a-hora-de-feira-dar-uma-oportunidade-a-ze-neto-diz-ministro-rui-costa-durante-caminhada-da-mudanca\/#primaryimage"},"image":{"@id":"https:\/\/portalmf.com.br\/index.php\/2024\/09\/29\/chegou-a-hora-de-feira-dar-uma-oportunidade-a-ze-neto-diz-ministro-rui-costa-durante-caminhada-da-mudanca\/#primaryimage"},"thumbnailUrl":"https:\/\/portalmf.com.br\/wp-content\/uploads\/2024\/10\/Chegou-a-hora-de-Feira-dar-uma-oportunidade-a-Ze-Neto-diz-ministro-Rui-Costa-durante-Caminhada-da-Mudanca.jpg","datePublished":"2024-09-29T12:43:12+00:00","dateModified":"2024-10-01T12:58:58+00:00","author":{"@id":"https:\/\/portalmf.com.br\/#\/schema\/person\/9ec101baf56233e53520c26de5d6f6f0"},"breadcrumb":{"@id":"https:\/\/portalmf.com.br\/index.php\/2024\/09\/29\/chegou-a-hora-de-feira-dar-uma-oportunidade-a-ze-neto-diz-ministro-rui-costa-durante-caminhada-da-mudanca\/#breadcrumb"},"inLanguage":"pt-BR","potentialAction":[{"@type":"ReadAction","target":["https:\/\/portalmf.com.br\/index.php\/2024\/09\/29\/chegou-a-hora-de-feira-dar-uma-oportunidade-a-ze-neto-diz-ministro-rui-costa-durante-caminhada-da-mudanca\/"]}]},{"@type":"ImageObject","inLanguage":"pt-BR","@id":"https:\/\/portalmf.com.br\/index.php\/2024\/09\/29\/chegou-a-hora-de-feira-dar-uma-oportunidade-a-ze-neto-diz-ministro-rui-costa-durante-caminhada-da-mudanca\/#primaryimage","url":"https:\/\/portalmf.com.br\/wp-content\/uploads\/2024\/10\/Chegou-a-hora-de-Feira-dar-uma-oportunidade-a-Ze-Neto-diz-ministro-Rui-Costa-durante-Caminhada-da-Mudanca.jpg","contentUrl":"https:\/\/portalmf.com.br\/wp-content\/uploads\/2024\/10\/Chegou-a-hora-de-Feira-dar-uma-oportunidade-a-Ze-Neto-diz-ministro-Rui-Costa-durante-Caminhada-da-Mudanca.jpg","width":1280,"height":853},{"@type":"BreadcrumbList","@id":"https:\/\/portalmf.com.br\/index.php\/2024\/09\/29\/chegou-a-hora-de-feira-dar-uma-oportunidade-a-ze-neto-diz-ministro-rui-costa-durante-caminhada-da-mudanca\/#breadcrumb","itemListElement":[{"@type":"ListItem","position":1,"name":"In\u00edcio","item":"https:\/\/portalmf.com.br\/"},{"@type":"ListItem","position":2,"name":"\u201dChegou a hora de Feira dar uma oportunidade a Z\u00e9 Neto\u201d, diz ministro Rui Costa, durante Caminhada da Mudan\u00e7a"}]},{"@type":"WebSite","@id":"https:\/\/portalmf.com.br\/#website","url":"https:\/\/portalmf.com.br\/","name":"Portal MF","description":"Voc\u00ea conectado com a informa\u00e7\u00e3o","potentialAction":[{"@type":"SearchAction","target":{"@type":"EntryPoint","urlTemplate":"https:\/\/portalmf.com.br\/?s={search_term_string}"},"query-input":"required name=search_term_string"}],"inLanguage":"pt-BR"},{"@type":"Person","@id":"https:\/\/portalmf.com.br\/#\/schema\/person\/9ec101baf56233e53520c26de5d6f6f0","name":"Reda\u00e7\u00e3o Portal MF","image":{"@type":"ImageObject","inLanguage":"pt-BR","@id":"https:\/\/portalmf.com.br\/#\/schema\/person\/image\/","url":"https:\/\/secure.gravatar.com\/avatar\/41b9aaeb2100835f7c64362330f74c7f?s=96&d=mm&r=g","contentUrl":"https:\/\/secure.gravatar.com\/avatar\/41b9aaeb2100835f7c64362330f74c7f?s=96&d=mm&r=g","caption":"Reda\u00e7\u00e3o Portal MF"},"description":"Sejam bem-vindos o portal de informa\u00e7\u00f5es de entretenimento de Feira de Santana, desde 2006 realiza coberturas dos principais eventos com entrevistas exclusivas com as principais personalidades mundiais. Fique conectado tamb\u00e9m nas redes sociais.","sameAs":["http:\/\/www.portalmf.com.br\/","https:\/\/www.facebook.com\/portalmfoficial","https:\/\/www.instagram.com\/portalmf\/","https:\/\/x.com\/https:\/\/x.com\/portalmfoficial","https:\/\/www.youtube.com\/@portalmfoficial"],"url":"https:\/\/portalmf.com.br\/index.php\/author\/junior\/"}]}},"_links":{"self":[{"href":"https:\/\/portalmf.com.br\/index.php\/wp-json\/wp\/v2\/posts\/30307"}],"collection":[{"href":"https:\/\/portalmf.com.br\/index.php\/wp-json\/wp\/v2\/posts"}],"about":[{"href":"https:\/\/portalmf.com.br\/index.php\/wp-json\/wp\/v2\/types\/post"}],"author":[{"embeddable":true,"href":"https:\/\/portalmf.com.br\/index.php\/wp-json\/wp\/v2\/users\/3"}],"replies":[{"embeddable":true,"href":"https:\/\/portalmf.com.br\/index.php\/wp-json\/wp\/v2\/comments?post=30307"}],"version-history":[{"count":1,"href":"https:\/\/portalmf.com.br\/index.php\/wp-json\/wp\/v2\/posts\/30307\/revisions"}],"predecessor-version":[{"id":30309,"href":"https:\/\/portalmf.com.br\/index.php\/wp-json\/wp\/v2\/posts\/30307\/revisions\/30309"}],"wp:featuredmedia":[{"embeddable":true,"href":"https:\/\/portalmf.com.br\/index.php\/wp-json\/wp\/v2\/media\/30308"}],"wp:attachment":[{"href":"https:\/\/portalmf.com.br\/index.php\/wp-json\/wp\/v2\/media?parent=30307"}],"wp:term":[{"taxonomy":"category","embeddable":true,"href":"https:\/\/portalmf.com.br\/index.php\/wp-json\/wp\/v2\/categories?post=30307"},{"taxonomy":"post_tag","embeddable":true,"href":"https:\/\/portalmf.com.br\/index.php\/wp-json\/wp\/v2\/tags?post=30307"}],"curies":[{"name":"wp","href":"https:\/\/api.w.org\/{rel}","templated":true}]}}