{"id":3029,"date":"2022-08-15T14:59:23","date_gmt":"2022-08-15T17:59:23","guid":{"rendered":"http:\/\/portalmf.com.br\/?p=3029"},"modified":"2022-08-15T14:59:25","modified_gmt":"2022-08-15T17:59:25","slug":"jeronimo-inicia-semana-em-antonio-cardoso-para-participar-de-gravacoes","status":"publish","type":"post","link":"https:\/\/portalmf.com.br\/index.php\/2022\/08\/15\/jeronimo-inicia-semana-em-antonio-cardoso-para-participar-de-gravacoes\/","title":{"rendered":"Jer\u00f4nimo inicia semana em Antonio Cardoso para participar de grava\u00e7\u00f5es"},"content":{"rendered":"\n<p>O candidato a governador do Estado pelo PT, Jer\u00f4nimo Rodrigues, iniciou a semana, nesta segunda-feira (15), no munic\u00edpio de Ant\u00f4nio Cardoso para participar de grava\u00e7\u00f5es para a sua campanha na zona rural do munic\u00edpio da Regi\u00e3o Metropolitana de Feira de Santana (RMFS).&nbsp;<\/p>\n\n\n\n<p>O petista se reuniu com pequenos agricultores da Comunidade Quilombola Suba\u00e9 e da Associa\u00e7\u00e3o Quilombola Uni\u00e3o, que re\u00fane oito entidades. &#8220;Jer\u00f4nimo quando soube que jovens, vivendo em condi\u00e7\u00f5es adversas, muitos estavam evadindo para buscar trabalho em outras cidades, ele trouxe incentivos, mostrou como dever\u00edamos viver e lutar para garantir uma vida mais digna \u00e0s nossas fam\u00edlias e aos nossos filhos, e hoje temos bons frutos, como advogados, m\u00e9dicos, professores. \u00c9 algo muito grandioso para n\u00f3s e agradecemos muito a Jer\u00f4nimo&#8221;, afirmou a moradora Marielza Medeiros, de 32 anos.<\/p>\n\n\n\n<p>Antonio Cardoso conta com a marca da forte atua\u00e7\u00e3o de Jer\u00f4nimo Rodrigues durante sua passagem pela Secretaria de Desenvolvimento Rural da Bahia (SDR) entre os anos de 2015 e 2018. O ex-secret\u00e1rio de Estado recebeu o t\u00edtulo de cidad\u00e3o cardosense, em reconhecimento da popula\u00e7\u00e3o ao trabalho realizado no apoio aos pequenos produtores para desenvolvimento de suas atividades, entre elas, a alta produ\u00e7\u00e3o de mel que abastece a regi\u00e3o.<\/p>\n\n\n\n<p><em>&#8220;Antonio Cardoso \u00e9 uma boa refer\u00eancia de minha hist\u00f3ria, mas tamb\u00e9m guardo hist\u00f3rias em todas as outras regi\u00f5es da Bahia. Sonhar junto com esse povo n\u00e3o \u00e9 nenhuma novidade. Esse \u00e9 meu trecho, a minha hist\u00f3ria, o meu trabalho&#8221;,<\/em> agradeceu a Jer\u00f4nimo.<\/p>\n","protected":false},"excerpt":{"rendered":"<p>O candidato a governador do Estado pelo PT, Jer\u00f4nimo Rodrigues, iniciou a semana, nesta segunda-feira (15), no munic\u00edpio de Ant\u00f4nio Cardoso para participar de grava\u00e7\u00f5es para a sua campanha na zona rural do munic\u00edpio da Regi\u00e3o Metropolitana de Feira de Santana (RMFS).&nbsp; O petista se reuniu com pequenos agricultores da Comunidade Quilombola Suba\u00e9 e da [&hellip;]<\/p>\n","protected":false},"author":2,"featured_media":3030,"comment_status":"open","ping_status":"open","sticky":false,"template":"","format":"standard","meta":{"_monsterinsights_skip_tracking":false,"_monsterinsights_sitenote_active":false,"_monsterinsights_sitenote_note":"","_monsterinsights_sitenote_category":0,"footnotes":""},"categories":[34],"tags":[],"yoast_head":"<!-- This site is optimized with the Yoast SEO plugin v22.9 - https:\/\/yoast.com\/wordpress\/plugins\/seo\/ -->\n<title>Jer\u00f4nimo inicia semana em Antonio Cardoso para participar de grava\u00e7\u00f5es - Portal MF<\/title>\n<meta name=\"robots\" content=\"index, follow, max-snippet:-1, max-image-preview:large, max-video-preview:-1\" \/>\n<link rel=\"canonical\" href=\"https:\/\/portalmf.com.br\/index.php\/2022\/08\/15\/jeronimo-inicia-semana-em-antonio-cardoso-para-participar-de-gravacoes\/\" \/>\n<meta property=\"og:locale\" content=\"pt_BR\" \/>\n<meta property=\"og:type\" content=\"article\" \/>\n<meta property=\"og:title\" content=\"Jer\u00f4nimo inicia semana em Antonio Cardoso para participar de grava\u00e7\u00f5es - Portal MF\" \/>\n<meta property=\"og:description\" content=\"O candidato a governador do Estado pelo PT, Jer\u00f4nimo Rodrigues, iniciou a semana, nesta segunda-feira (15), no munic\u00edpio de Ant\u00f4nio Cardoso para participar de grava\u00e7\u00f5es para a sua campanha na zona rural do munic\u00edpio da Regi\u00e3o Metropolitana de Feira de Santana (RMFS).&nbsp; O petista se reuniu com pequenos agricultores da Comunidade Quilombola Suba\u00e9 e da [&hellip;]\" \/>\n<meta property=\"og:url\" content=\"https:\/\/portalmf.com.br\/index.php\/2022\/08\/15\/jeronimo-inicia-semana-em-antonio-cardoso-para-participar-de-gravacoes\/\" \/>\n<meta property=\"og:site_name\" content=\"Portal MF\" \/>\n<meta property=\"article:author\" content=\"reginaldojrfsa\" \/>\n<meta property=\"article:published_time\" content=\"2022-08-15T17:59:23+00:00\" \/>\n<meta property=\"article:modified_time\" content=\"2022-08-15T17:59:25+00:00\" \/>\n<meta property=\"og:image\" content=\"https:\/\/portalmf.com.br\/wp-content\/uploads\/2022\/08\/WhatsApp-Image-2022-08-15-at-10.52.56.jpeg\" \/>\n\t<meta property=\"og:image:width\" content=\"1280\" \/>\n\t<meta property=\"og:image:height\" content=\"853\" \/>\n\t<meta property=\"og:image:type\" content=\"image\/jpeg\" \/>\n<meta name=\"author\" content=\"Reginaldo J\u00fanior\" \/>\n<meta name=\"twitter:card\" content=\"summary_large_image\" \/>\n<meta name=\"twitter:creator\" content=\"@reginaldojrmf\" \/>\n<meta name=\"twitter:label1\" content=\"Escrito por\" \/>\n\t<meta name=\"twitter:data1\" content=\"Reginaldo J\u00fanior\" \/>\n\t<meta name=\"twitter:label2\" content=\"Est. tempo de leitura\" \/>\n\t<meta name=\"twitter:data2\" content=\"2 minutos\" \/>\n<script type=\"application\/ld+json\" class=\"yoast-schema-graph\">{\"@context\":\"https:\/\/schema.org\",\"@graph\":[{\"@type\":\"WebPage\",\"@id\":\"https:\/\/portalmf.com.br\/index.php\/2022\/08\/15\/jeronimo-inicia-semana-em-antonio-cardoso-para-participar-de-gravacoes\/\",\"url\":\"https:\/\/portalmf.com.br\/index.php\/2022\/08\/15\/jeronimo-inicia-semana-em-antonio-cardoso-para-participar-de-gravacoes\/\",\"name\":\"Jer\u00f4nimo inicia semana em Antonio Cardoso para participar de grava\u00e7\u00f5es - Portal MF\",\"isPartOf\":{\"@id\":\"https:\/\/portalmf.com.br\/#website\"},\"primaryImageOfPage\":{\"@id\":\"https:\/\/portalmf.com.br\/index.php\/2022\/08\/15\/jeronimo-inicia-semana-em-antonio-cardoso-para-participar-de-gravacoes\/#primaryimage\"},\"image\":{\"@id\":\"https:\/\/portalmf.com.br\/index.php\/2022\/08\/15\/jeronimo-inicia-semana-em-antonio-cardoso-para-participar-de-gravacoes\/#primaryimage\"},\"thumbnailUrl\":\"https:\/\/portalmf.com.br\/wp-content\/uploads\/2022\/08\/WhatsApp-Image-2022-08-15-at-10.52.56.jpeg\",\"datePublished\":\"2022-08-15T17:59:23+00:00\",\"dateModified\":\"2022-08-15T17:59:25+00:00\",\"author\":{\"@id\":\"https:\/\/portalmf.com.br\/#\/schema\/person\/11c82086fe8abc05a19147e964587285\"},\"breadcrumb\":{\"@id\":\"https:\/\/portalmf.com.br\/index.php\/2022\/08\/15\/jeronimo-inicia-semana-em-antonio-cardoso-para-participar-de-gravacoes\/#breadcrumb\"},\"inLanguage\":\"pt-BR\",\"potentialAction\":[{\"@type\":\"ReadAction\",\"target\":[\"https:\/\/portalmf.com.br\/index.php\/2022\/08\/15\/jeronimo-inicia-semana-em-antonio-cardoso-para-participar-de-gravacoes\/\"]}]},{\"@type\":\"ImageObject\",\"inLanguage\":\"pt-BR\",\"@id\":\"https:\/\/portalmf.com.br\/index.php\/2022\/08\/15\/jeronimo-inicia-semana-em-antonio-cardoso-para-participar-de-gravacoes\/#primaryimage\",\"url\":\"https:\/\/portalmf.com.br\/wp-content\/uploads\/2022\/08\/WhatsApp-Image-2022-08-15-at-10.52.56.jpeg\",\"contentUrl\":\"https:\/\/portalmf.com.br\/wp-content\/uploads\/2022\/08\/WhatsApp-Image-2022-08-15-at-10.52.56.jpeg\",\"width\":1280,\"height\":853},{\"@type\":\"BreadcrumbList\",\"@id\":\"https:\/\/portalmf.com.br\/index.php\/2022\/08\/15\/jeronimo-inicia-semana-em-antonio-cardoso-para-participar-de-gravacoes\/#breadcrumb\",\"itemListElement\":[{\"@type\":\"ListItem\",\"position\":1,\"name\":\"In\u00edcio\",\"item\":\"https:\/\/portalmf.com.br\/\"},{\"@type\":\"ListItem\",\"position\":2,\"name\":\"Jer\u00f4nimo inicia semana em Antonio Cardoso para participar de grava\u00e7\u00f5es\"}]},{\"@type\":\"WebSite\",\"@id\":\"https:\/\/portalmf.com.br\/#website\",\"url\":\"https:\/\/portalmf.com.br\/\",\"name\":\"Portal MF\",\"description\":\"Voc\u00ea conectado com a informa\u00e7\u00e3o\",\"potentialAction\":[{\"@type\":\"SearchAction\",\"target\":{\"@type\":\"EntryPoint\",\"urlTemplate\":\"https:\/\/portalmf.com.br\/?s={search_term_string}\"},\"query-input\":\"required name=search_term_string\"}],\"inLanguage\":\"pt-BR\"},{\"@type\":\"Person\",\"@id\":\"https:\/\/portalmf.com.br\/#\/schema\/person\/11c82086fe8abc05a19147e964587285\",\"name\":\"Reginaldo J\u00fanior\",\"image\":{\"@type\":\"ImageObject\",\"inLanguage\":\"pt-BR\",\"@id\":\"https:\/\/portalmf.com.br\/#\/schema\/person\/image\/\",\"url\":\"https:\/\/secure.gravatar.com\/avatar\/32a3c797cd0ac47cc53b8644c62776f9?s=96&d=mm&r=g\",\"contentUrl\":\"https:\/\/secure.gravatar.com\/avatar\/32a3c797cd0ac47cc53b8644c62776f9?s=96&d=mm&r=g\",\"caption\":\"Reginaldo J\u00fanior\"},\"description\":\"Jornalista e idealizador Portal MF\",\"sameAs\":[\"https:\/\/portalmf.com.br\/index.php\/author\/reginaldojr\/\",\"reginaldojrfsa\",\"reginaldojuniormf\",\"https:\/\/x.com\/reginaldojrmf\"],\"url\":\"https:\/\/portalmf.com.br\/index.php\/author\/reginaldojr\/\"}]}<\/script>\n<!-- \/ Yoast SEO plugin. -->","yoast_head_json":{"title":"Jer\u00f4nimo inicia semana em Antonio Cardoso para participar de grava\u00e7\u00f5es - Portal MF","robots":{"index":"index","follow":"follow","max-snippet":"max-snippet:-1","max-image-preview":"max-image-preview:large","max-video-preview":"max-video-preview:-1"},"canonical":"https:\/\/portalmf.com.br\/index.php\/2022\/08\/15\/jeronimo-inicia-semana-em-antonio-cardoso-para-participar-de-gravacoes\/","og_locale":"pt_BR","og_type":"article","og_title":"Jer\u00f4nimo inicia semana em Antonio Cardoso para participar de grava\u00e7\u00f5es - Portal MF","og_description":"O candidato a governador do Estado pelo PT, Jer\u00f4nimo Rodrigues, iniciou a semana, nesta segunda-feira (15), no munic\u00edpio de Ant\u00f4nio Cardoso para participar de grava\u00e7\u00f5es para a sua campanha na zona rural do munic\u00edpio da Regi\u00e3o Metropolitana de Feira de Santana (RMFS).&nbsp; O petista se reuniu com pequenos agricultores da Comunidade Quilombola Suba\u00e9 e da [&hellip;]","og_url":"https:\/\/portalmf.com.br\/index.php\/2022\/08\/15\/jeronimo-inicia-semana-em-antonio-cardoso-para-participar-de-gravacoes\/","og_site_name":"Portal MF","article_author":"reginaldojrfsa","article_published_time":"2022-08-15T17:59:23+00:00","article_modified_time":"2022-08-15T17:59:25+00:00","og_image":[{"width":1280,"height":853,"url":"https:\/\/portalmf.com.br\/wp-content\/uploads\/2022\/08\/WhatsApp-Image-2022-08-15-at-10.52.56.jpeg","type":"image\/jpeg"}],"author":"Reginaldo J\u00fanior","twitter_card":"summary_large_image","twitter_creator":"@reginaldojrmf","twitter_misc":{"Escrito por":"Reginaldo J\u00fanior","Est. tempo de leitura":"2 minutos"},"schema":{"@context":"https:\/\/schema.org","@graph":[{"@type":"WebPage","@id":"https:\/\/portalmf.com.br\/index.php\/2022\/08\/15\/jeronimo-inicia-semana-em-antonio-cardoso-para-participar-de-gravacoes\/","url":"https:\/\/portalmf.com.br\/index.php\/2022\/08\/15\/jeronimo-inicia-semana-em-antonio-cardoso-para-participar-de-gravacoes\/","name":"Jer\u00f4nimo inicia semana em Antonio Cardoso para participar de grava\u00e7\u00f5es - Portal MF","isPartOf":{"@id":"https:\/\/portalmf.com.br\/#website"},"primaryImageOfPage":{"@id":"https:\/\/portalmf.com.br\/index.php\/2022\/08\/15\/jeronimo-inicia-semana-em-antonio-cardoso-para-participar-de-gravacoes\/#primaryimage"},"image":{"@id":"https:\/\/portalmf.com.br\/index.php\/2022\/08\/15\/jeronimo-inicia-semana-em-antonio-cardoso-para-participar-de-gravacoes\/#primaryimage"},"thumbnailUrl":"https:\/\/portalmf.com.br\/wp-content\/uploads\/2022\/08\/WhatsApp-Image-2022-08-15-at-10.52.56.jpeg","datePublished":"2022-08-15T17:59:23+00:00","dateModified":"2022-08-15T17:59:25+00:00","author":{"@id":"https:\/\/portalmf.com.br\/#\/schema\/person\/11c82086fe8abc05a19147e964587285"},"breadcrumb":{"@id":"https:\/\/portalmf.com.br\/index.php\/2022\/08\/15\/jeronimo-inicia-semana-em-antonio-cardoso-para-participar-de-gravacoes\/#breadcrumb"},"inLanguage":"pt-BR","potentialAction":[{"@type":"ReadAction","target":["https:\/\/portalmf.com.br\/index.php\/2022\/08\/15\/jeronimo-inicia-semana-em-antonio-cardoso-para-participar-de-gravacoes\/"]}]},{"@type":"ImageObject","inLanguage":"pt-BR","@id":"https:\/\/portalmf.com.br\/index.php\/2022\/08\/15\/jeronimo-inicia-semana-em-antonio-cardoso-para-participar-de-gravacoes\/#primaryimage","url":"https:\/\/portalmf.com.br\/wp-content\/uploads\/2022\/08\/WhatsApp-Image-2022-08-15-at-10.52.56.jpeg","contentUrl":"https:\/\/portalmf.com.br\/wp-content\/uploads\/2022\/08\/WhatsApp-Image-2022-08-15-at-10.52.56.jpeg","width":1280,"height":853},{"@type":"BreadcrumbList","@id":"https:\/\/portalmf.com.br\/index.php\/2022\/08\/15\/jeronimo-inicia-semana-em-antonio-cardoso-para-participar-de-gravacoes\/#breadcrumb","itemListElement":[{"@type":"ListItem","position":1,"name":"In\u00edcio","item":"https:\/\/portalmf.com.br\/"},{"@type":"ListItem","position":2,"name":"Jer\u00f4nimo inicia semana em Antonio Cardoso para participar de grava\u00e7\u00f5es"}]},{"@type":"WebSite","@id":"https:\/\/portalmf.com.br\/#website","url":"https:\/\/portalmf.com.br\/","name":"Portal MF","description":"Voc\u00ea conectado com a informa\u00e7\u00e3o","potentialAction":[{"@type":"SearchAction","target":{"@type":"EntryPoint","urlTemplate":"https:\/\/portalmf.com.br\/?s={search_term_string}"},"query-input":"required name=search_term_string"}],"inLanguage":"pt-BR"},{"@type":"Person","@id":"https:\/\/portalmf.com.br\/#\/schema\/person\/11c82086fe8abc05a19147e964587285","name":"Reginaldo J\u00fanior","image":{"@type":"ImageObject","inLanguage":"pt-BR","@id":"https:\/\/portalmf.com.br\/#\/schema\/person\/image\/","url":"https:\/\/secure.gravatar.com\/avatar\/32a3c797cd0ac47cc53b8644c62776f9?s=96&d=mm&r=g","contentUrl":"https:\/\/secure.gravatar.com\/avatar\/32a3c797cd0ac47cc53b8644c62776f9?s=96&d=mm&r=g","caption":"Reginaldo J\u00fanior"},"description":"Jornalista e idealizador Portal MF","sameAs":["https:\/\/portalmf.com.br\/index.php\/author\/reginaldojr\/","reginaldojrfsa","reginaldojuniormf","https:\/\/x.com\/reginaldojrmf"],"url":"https:\/\/portalmf.com.br\/index.php\/author\/reginaldojr\/"}]}},"_links":{"self":[{"href":"https:\/\/portalmf.com.br\/index.php\/wp-json\/wp\/v2\/posts\/3029"}],"collection":[{"href":"https:\/\/portalmf.com.br\/index.php\/wp-json\/wp\/v2\/posts"}],"about":[{"href":"https:\/\/portalmf.com.br\/index.php\/wp-json\/wp\/v2\/types\/post"}],"author":[{"embeddable":true,"href":"https:\/\/portalmf.com.br\/index.php\/wp-json\/wp\/v2\/users\/2"}],"replies":[{"embeddable":true,"href":"https:\/\/portalmf.com.br\/index.php\/wp-json\/wp\/v2\/comments?post=3029"}],"version-history":[{"count":1,"href":"https:\/\/portalmf.com.br\/index.php\/wp-json\/wp\/v2\/posts\/3029\/revisions"}],"predecessor-version":[{"id":3031,"href":"https:\/\/portalmf.com.br\/index.php\/wp-json\/wp\/v2\/posts\/3029\/revisions\/3031"}],"wp:featuredmedia":[{"embeddable":true,"href":"https:\/\/portalmf.com.br\/index.php\/wp-json\/wp\/v2\/media\/3030"}],"wp:attachment":[{"href":"https:\/\/portalmf.com.br\/index.php\/wp-json\/wp\/v2\/media?parent=3029"}],"wp:term":[{"taxonomy":"category","embeddable":true,"href":"https:\/\/portalmf.com.br\/index.php\/wp-json\/wp\/v2\/categories?post=3029"},{"taxonomy":"post_tag","embeddable":true,"href":"https:\/\/portalmf.com.br\/index.php\/wp-json\/wp\/v2\/tags?post=3029"}],"curies":[{"name":"wp","href":"https:\/\/api.w.org\/{rel}","templated":true}]}}