{"id":30277,"date":"2024-09-28T12:52:09","date_gmt":"2024-09-28T15:52:09","guid":{"rendered":"https:\/\/portalmf.com.br\/?p=30277"},"modified":"2024-09-28T12:52:11","modified_gmt":"2024-09-28T15:52:11","slug":"jose-ronaldo-reforca-compromisso-com-a-saude-e-anuncia-novos-servicos-durante-caminhada-no-george-americo","status":"publish","type":"post","link":"https:\/\/portalmf.com.br\/index.php\/2024\/09\/28\/jose-ronaldo-reforca-compromisso-com-a-saude-e-anuncia-novos-servicos-durante-caminhada-no-george-americo\/","title":{"rendered":"Jos\u00e9 Ronaldo refor\u00e7a compromisso com a sa\u00fade e anuncia novos servi\u00e7os durante caminhada no George Am\u00e9rico"},"content":{"rendered":"\n<p>Em mais uma demonstra\u00e7\u00e3o de for\u00e7a e compromisso com a popula\u00e7\u00e3o de Feira de Santana, o candidato a prefeito Jos\u00e9 Ronaldo (Uni\u00e3o Brasil) anunciou, durante uma caminhada pelo bairro George Am\u00e9rico, na noite desta sexta-feira (27), importantes investimentos para modernizar a sa\u00fade p\u00fablica da cidade. Entre as medidas destacadas est\u00e3o a entrega de medicamentos de uso cont\u00ednuo diretamente na casa dos pacientes, a promessa de zerar a fila para exames com a implanta\u00e7\u00e3o do &#8220;Coruj\u00e3o&#8221;, a constru\u00e7\u00e3o de um Hospital Geral Municipal e a amplia\u00e7\u00e3o da rede de unidades de sa\u00fade.<\/p>\n\n\n\n<p>Em clima de festa e emo\u00e7\u00e3o, Jos\u00e9 Ronaldo foi recebido por uma multid\u00e3o que encheu as ruas do bairro, todas pavimentadas durante suas gest\u00f5es anteriores como prefeito. As manifesta\u00e7\u00f5es de apoio e gratid\u00e3o da comunidade mostraram o reconhecimento pelos diversos investimentos realizados por ele, que contribu\u00edram diretamente para a melhoria da qualidade de vida local. Entre as conquistas est\u00e3o a pavimenta\u00e7\u00e3o asf\u00e1ltica, a constru\u00e7\u00e3o de uma moderna policl\u00ednica, a urbaniza\u00e7\u00e3o de pra\u00e7as, a instala\u00e7\u00e3o de servi\u00e7os odontol\u00f3gicos e a constru\u00e7\u00e3o de escolas da rede municipal.<\/p>\n\n\n\n<figure class=\"wp-block-image size-large\"><img fetchpriority=\"high\" decoding=\"async\" width=\"1024\" height=\"683\" src=\"https:\/\/portalmf.com.br\/wp-content\/uploads\/2024\/09\/ronaldo_queimadinha-2-1024x683.jpeg\" alt=\"\" class=\"wp-image-30279\" srcset=\"https:\/\/portalmf.com.br\/wp-content\/uploads\/2024\/09\/ronaldo_queimadinha-2-1024x683.jpeg 1024w, https:\/\/portalmf.com.br\/wp-content\/uploads\/2024\/09\/ronaldo_queimadinha-2-300x200.jpeg 300w, https:\/\/portalmf.com.br\/wp-content\/uploads\/2024\/09\/ronaldo_queimadinha-2-768x512.jpeg 768w, https:\/\/portalmf.com.br\/wp-content\/uploads\/2024\/09\/ronaldo_queimadinha-2-696x464.jpeg 696w, https:\/\/portalmf.com.br\/wp-content\/uploads\/2024\/09\/ronaldo_queimadinha-2-1068x712.jpeg 1068w, https:\/\/portalmf.com.br\/wp-content\/uploads\/2024\/09\/ronaldo_queimadinha-2.jpeg 1299w\" sizes=\"(max-width: 1024px) 100vw, 1024px\" \/><\/figure>\n\n\n\n<p>Um dos momentos mais celebrados pelos moradores foi a lembran\u00e7a da regulariza\u00e7\u00e3o fundi\u00e1ria promovida durante a administra\u00e7\u00e3o de Jos\u00e9 Ronaldo, que garantiu a entrega das escrituras definitivas dos im\u00f3veis para as fam\u00edlias do bairro, consolidando o direito \u00e0 propriedade de milhares de pessoas que ali residem.<\/p>\n\n\n\n<p>Visivelmente emocionado pelas demonstra\u00e7\u00f5es de apoio, Jos\u00e9 Ronaldo agradeceu a cada morador pelo acolhimento caloroso e destacou o trabalho incans\u00e1vel da milit\u00e2ncia. Ele reafirmou sua confian\u00e7a em uma vit\u00f3ria no primeiro turno das elei\u00e7\u00f5es, que ocorrer\u00e3o no dia 6 de outubro, e garantiu que continuar\u00e1 lutando para que Feira de Santana tenha uma sa\u00fade p\u00fablica mais moderna, eficiente e acess\u00edvel.<\/p>\n\n\n\n<p><em>\u201cO nosso compromisso \u00e9 com o povo de Feira de Santana. Queremos avan\u00e7ar ainda mais, cuidando de cada cidad\u00e3o com o respeito que ele merece. A vit\u00f3ria ser\u00e1 de todos n\u00f3s, porque o amor e o compromisso sempre vencem\u201d,<\/em> concluiu Jos\u00e9 Ronaldo, confiante na caminhada rumo \u00e0 vit\u00f3ria.<\/p>\n\n\n\n<p>Com informa\u00e7\u00f5es da Ascom\/Jos\u00e9 Ronaldo<\/p>\n","protected":false},"excerpt":{"rendered":"<p>Em mais uma demonstra\u00e7\u00e3o de for\u00e7a e compromisso com a popula\u00e7\u00e3o de Feira de Santana, o candidato a prefeito Jos\u00e9 Ronaldo (Uni\u00e3o Brasil) anunciou, durante uma caminhada pelo bairro George Am\u00e9rico, na noite desta sexta-feira (27), importantes investimentos para modernizar a sa\u00fade p\u00fablica da cidade. Entre as medidas destacadas est\u00e3o a entrega de medicamentos de [&hellip;]<\/p>\n","protected":false},"author":3,"featured_media":30278,"comment_status":"open","ping_status":"open","sticky":false,"template":"","format":"standard","meta":{"_monsterinsights_skip_tracking":false,"_monsterinsights_sitenote_active":false,"_monsterinsights_sitenote_note":"","_monsterinsights_sitenote_category":0,"footnotes":""},"categories":[301,34],"tags":[],"yoast_head":"<!-- This site is optimized with the Yoast SEO plugin v22.9 - https:\/\/yoast.com\/wordpress\/plugins\/seo\/ -->\n<title>Jos\u00e9 Ronaldo refor\u00e7a compromisso com a sa\u00fade e anuncia novos servi\u00e7os durante caminhada no George Am\u00e9rico - Portal MF<\/title>\n<meta name=\"robots\" content=\"index, follow, max-snippet:-1, max-image-preview:large, max-video-preview:-1\" \/>\n<link rel=\"canonical\" href=\"https:\/\/portalmf.com.br\/index.php\/2024\/09\/28\/jose-ronaldo-reforca-compromisso-com-a-saude-e-anuncia-novos-servicos-durante-caminhada-no-george-americo\/\" \/>\n<meta property=\"og:locale\" content=\"pt_BR\" \/>\n<meta property=\"og:type\" content=\"article\" \/>\n<meta property=\"og:title\" content=\"Jos\u00e9 Ronaldo refor\u00e7a compromisso com a sa\u00fade e anuncia novos servi\u00e7os durante caminhada no George Am\u00e9rico - Portal MF\" \/>\n<meta property=\"og:description\" content=\"Em mais uma demonstra\u00e7\u00e3o de for\u00e7a e compromisso com a popula\u00e7\u00e3o de Feira de Santana, o candidato a prefeito Jos\u00e9 Ronaldo (Uni\u00e3o Brasil) anunciou, durante uma caminhada pelo bairro George Am\u00e9rico, na noite desta sexta-feira (27), importantes investimentos para modernizar a sa\u00fade p\u00fablica da cidade. Entre as medidas destacadas est\u00e3o a entrega de medicamentos de [&hellip;]\" \/>\n<meta property=\"og:url\" content=\"https:\/\/portalmf.com.br\/index.php\/2024\/09\/28\/jose-ronaldo-reforca-compromisso-com-a-saude-e-anuncia-novos-servicos-durante-caminhada-no-george-americo\/\" \/>\n<meta property=\"og:site_name\" content=\"Portal MF\" \/>\n<meta property=\"article:author\" content=\"https:\/\/www.facebook.com\/portalmfoficial\" \/>\n<meta property=\"article:published_time\" content=\"2024-09-28T15:52:09+00:00\" \/>\n<meta property=\"article:modified_time\" content=\"2024-09-28T15:52:11+00:00\" \/>\n<meta property=\"og:image\" content=\"https:\/\/portalmf.com.br\/wp-content\/uploads\/2024\/09\/ronaldo_queimadinha-1-Copia.jpeg\" \/>\n\t<meta property=\"og:image:width\" content=\"1299\" \/>\n\t<meta property=\"og:image:height\" content=\"866\" \/>\n\t<meta property=\"og:image:type\" content=\"image\/jpeg\" \/>\n<meta name=\"author\" content=\"Reda\u00e7\u00e3o Portal MF\" \/>\n<meta name=\"twitter:card\" content=\"summary_large_image\" \/>\n<meta name=\"twitter:creator\" content=\"@https:\/\/x.com\/portalmfoficial\" \/>\n<meta name=\"twitter:label1\" content=\"Escrito por\" \/>\n\t<meta name=\"twitter:data1\" content=\"Reda\u00e7\u00e3o Portal MF\" \/>\n\t<meta name=\"twitter:label2\" content=\"Est. tempo de leitura\" \/>\n\t<meta name=\"twitter:data2\" content=\"3 minutos\" \/>\n<script type=\"application\/ld+json\" class=\"yoast-schema-graph\">{\"@context\":\"https:\/\/schema.org\",\"@graph\":[{\"@type\":\"WebPage\",\"@id\":\"https:\/\/portalmf.com.br\/index.php\/2024\/09\/28\/jose-ronaldo-reforca-compromisso-com-a-saude-e-anuncia-novos-servicos-durante-caminhada-no-george-americo\/\",\"url\":\"https:\/\/portalmf.com.br\/index.php\/2024\/09\/28\/jose-ronaldo-reforca-compromisso-com-a-saude-e-anuncia-novos-servicos-durante-caminhada-no-george-americo\/\",\"name\":\"Jos\u00e9 Ronaldo refor\u00e7a compromisso com a sa\u00fade e anuncia novos servi\u00e7os durante caminhada no George Am\u00e9rico - Portal MF\",\"isPartOf\":{\"@id\":\"https:\/\/portalmf.com.br\/#website\"},\"primaryImageOfPage\":{\"@id\":\"https:\/\/portalmf.com.br\/index.php\/2024\/09\/28\/jose-ronaldo-reforca-compromisso-com-a-saude-e-anuncia-novos-servicos-durante-caminhada-no-george-americo\/#primaryimage\"},\"image\":{\"@id\":\"https:\/\/portalmf.com.br\/index.php\/2024\/09\/28\/jose-ronaldo-reforca-compromisso-com-a-saude-e-anuncia-novos-servicos-durante-caminhada-no-george-americo\/#primaryimage\"},\"thumbnailUrl\":\"https:\/\/portalmf.com.br\/wp-content\/uploads\/2024\/09\/ronaldo_queimadinha-1-Copia.jpeg\",\"datePublished\":\"2024-09-28T15:52:09+00:00\",\"dateModified\":\"2024-09-28T15:52:11+00:00\",\"author\":{\"@id\":\"https:\/\/portalmf.com.br\/#\/schema\/person\/9ec101baf56233e53520c26de5d6f6f0\"},\"breadcrumb\":{\"@id\":\"https:\/\/portalmf.com.br\/index.php\/2024\/09\/28\/jose-ronaldo-reforca-compromisso-com-a-saude-e-anuncia-novos-servicos-durante-caminhada-no-george-americo\/#breadcrumb\"},\"inLanguage\":\"pt-BR\",\"potentialAction\":[{\"@type\":\"ReadAction\",\"target\":[\"https:\/\/portalmf.com.br\/index.php\/2024\/09\/28\/jose-ronaldo-reforca-compromisso-com-a-saude-e-anuncia-novos-servicos-durante-caminhada-no-george-americo\/\"]}]},{\"@type\":\"ImageObject\",\"inLanguage\":\"pt-BR\",\"@id\":\"https:\/\/portalmf.com.br\/index.php\/2024\/09\/28\/jose-ronaldo-reforca-compromisso-com-a-saude-e-anuncia-novos-servicos-durante-caminhada-no-george-americo\/#primaryimage\",\"url\":\"https:\/\/portalmf.com.br\/wp-content\/uploads\/2024\/09\/ronaldo_queimadinha-1-Copia.jpeg\",\"contentUrl\":\"https:\/\/portalmf.com.br\/wp-content\/uploads\/2024\/09\/ronaldo_queimadinha-1-Copia.jpeg\",\"width\":1299,\"height\":866},{\"@type\":\"BreadcrumbList\",\"@id\":\"https:\/\/portalmf.com.br\/index.php\/2024\/09\/28\/jose-ronaldo-reforca-compromisso-com-a-saude-e-anuncia-novos-servicos-durante-caminhada-no-george-americo\/#breadcrumb\",\"itemListElement\":[{\"@type\":\"ListItem\",\"position\":1,\"name\":\"In\u00edcio\",\"item\":\"https:\/\/portalmf.com.br\/\"},{\"@type\":\"ListItem\",\"position\":2,\"name\":\"Jos\u00e9 Ronaldo refor\u00e7a compromisso com a sa\u00fade e anuncia novos servi\u00e7os durante caminhada no George Am\u00e9rico\"}]},{\"@type\":\"WebSite\",\"@id\":\"https:\/\/portalmf.com.br\/#website\",\"url\":\"https:\/\/portalmf.com.br\/\",\"name\":\"Portal MF\",\"description\":\"Voc\u00ea conectado com a informa\u00e7\u00e3o\",\"potentialAction\":[{\"@type\":\"SearchAction\",\"target\":{\"@type\":\"EntryPoint\",\"urlTemplate\":\"https:\/\/portalmf.com.br\/?s={search_term_string}\"},\"query-input\":\"required name=search_term_string\"}],\"inLanguage\":\"pt-BR\"},{\"@type\":\"Person\",\"@id\":\"https:\/\/portalmf.com.br\/#\/schema\/person\/9ec101baf56233e53520c26de5d6f6f0\",\"name\":\"Reda\u00e7\u00e3o Portal MF\",\"image\":{\"@type\":\"ImageObject\",\"inLanguage\":\"pt-BR\",\"@id\":\"https:\/\/portalmf.com.br\/#\/schema\/person\/image\/\",\"url\":\"https:\/\/secure.gravatar.com\/avatar\/41b9aaeb2100835f7c64362330f74c7f?s=96&d=mm&r=g\",\"contentUrl\":\"https:\/\/secure.gravatar.com\/avatar\/41b9aaeb2100835f7c64362330f74c7f?s=96&d=mm&r=g\",\"caption\":\"Reda\u00e7\u00e3o Portal MF\"},\"description\":\"Sejam bem-vindos o portal de informa\u00e7\u00f5es de entretenimento de Feira de Santana, desde 2006 realiza coberturas dos principais eventos com entrevistas exclusivas com as principais personalidades mundiais. Fique conectado tamb\u00e9m nas redes sociais.\",\"sameAs\":[\"http:\/\/www.portalmf.com.br\/\",\"https:\/\/www.facebook.com\/portalmfoficial\",\"https:\/\/www.instagram.com\/portalmf\/\",\"https:\/\/x.com\/https:\/\/x.com\/portalmfoficial\",\"https:\/\/www.youtube.com\/@portalmfoficial\"],\"url\":\"https:\/\/portalmf.com.br\/index.php\/author\/junior\/\"}]}<\/script>\n<!-- \/ Yoast SEO plugin. -->","yoast_head_json":{"title":"Jos\u00e9 Ronaldo refor\u00e7a compromisso com a sa\u00fade e anuncia novos servi\u00e7os durante caminhada no George Am\u00e9rico - Portal MF","robots":{"index":"index","follow":"follow","max-snippet":"max-snippet:-1","max-image-preview":"max-image-preview:large","max-video-preview":"max-video-preview:-1"},"canonical":"https:\/\/portalmf.com.br\/index.php\/2024\/09\/28\/jose-ronaldo-reforca-compromisso-com-a-saude-e-anuncia-novos-servicos-durante-caminhada-no-george-americo\/","og_locale":"pt_BR","og_type":"article","og_title":"Jos\u00e9 Ronaldo refor\u00e7a compromisso com a sa\u00fade e anuncia novos servi\u00e7os durante caminhada no George Am\u00e9rico - Portal MF","og_description":"Em mais uma demonstra\u00e7\u00e3o de for\u00e7a e compromisso com a popula\u00e7\u00e3o de Feira de Santana, o candidato a prefeito Jos\u00e9 Ronaldo (Uni\u00e3o Brasil) anunciou, durante uma caminhada pelo bairro George Am\u00e9rico, na noite desta sexta-feira (27), importantes investimentos para modernizar a sa\u00fade p\u00fablica da cidade. Entre as medidas destacadas est\u00e3o a entrega de medicamentos de [&hellip;]","og_url":"https:\/\/portalmf.com.br\/index.php\/2024\/09\/28\/jose-ronaldo-reforca-compromisso-com-a-saude-e-anuncia-novos-servicos-durante-caminhada-no-george-americo\/","og_site_name":"Portal MF","article_author":"https:\/\/www.facebook.com\/portalmfoficial","article_published_time":"2024-09-28T15:52:09+00:00","article_modified_time":"2024-09-28T15:52:11+00:00","og_image":[{"width":1299,"height":866,"url":"https:\/\/portalmf.com.br\/wp-content\/uploads\/2024\/09\/ronaldo_queimadinha-1-Copia.jpeg","type":"image\/jpeg"}],"author":"Reda\u00e7\u00e3o Portal MF","twitter_card":"summary_large_image","twitter_creator":"@https:\/\/x.com\/portalmfoficial","twitter_misc":{"Escrito por":"Reda\u00e7\u00e3o Portal MF","Est. tempo de leitura":"3 minutos"},"schema":{"@context":"https:\/\/schema.org","@graph":[{"@type":"WebPage","@id":"https:\/\/portalmf.com.br\/index.php\/2024\/09\/28\/jose-ronaldo-reforca-compromisso-com-a-saude-e-anuncia-novos-servicos-durante-caminhada-no-george-americo\/","url":"https:\/\/portalmf.com.br\/index.php\/2024\/09\/28\/jose-ronaldo-reforca-compromisso-com-a-saude-e-anuncia-novos-servicos-durante-caminhada-no-george-americo\/","name":"Jos\u00e9 Ronaldo refor\u00e7a compromisso com a sa\u00fade e anuncia novos servi\u00e7os durante caminhada no George Am\u00e9rico - Portal MF","isPartOf":{"@id":"https:\/\/portalmf.com.br\/#website"},"primaryImageOfPage":{"@id":"https:\/\/portalmf.com.br\/index.php\/2024\/09\/28\/jose-ronaldo-reforca-compromisso-com-a-saude-e-anuncia-novos-servicos-durante-caminhada-no-george-americo\/#primaryimage"},"image":{"@id":"https:\/\/portalmf.com.br\/index.php\/2024\/09\/28\/jose-ronaldo-reforca-compromisso-com-a-saude-e-anuncia-novos-servicos-durante-caminhada-no-george-americo\/#primaryimage"},"thumbnailUrl":"https:\/\/portalmf.com.br\/wp-content\/uploads\/2024\/09\/ronaldo_queimadinha-1-Copia.jpeg","datePublished":"2024-09-28T15:52:09+00:00","dateModified":"2024-09-28T15:52:11+00:00","author":{"@id":"https:\/\/portalmf.com.br\/#\/schema\/person\/9ec101baf56233e53520c26de5d6f6f0"},"breadcrumb":{"@id":"https:\/\/portalmf.com.br\/index.php\/2024\/09\/28\/jose-ronaldo-reforca-compromisso-com-a-saude-e-anuncia-novos-servicos-durante-caminhada-no-george-americo\/#breadcrumb"},"inLanguage":"pt-BR","potentialAction":[{"@type":"ReadAction","target":["https:\/\/portalmf.com.br\/index.php\/2024\/09\/28\/jose-ronaldo-reforca-compromisso-com-a-saude-e-anuncia-novos-servicos-durante-caminhada-no-george-americo\/"]}]},{"@type":"ImageObject","inLanguage":"pt-BR","@id":"https:\/\/portalmf.com.br\/index.php\/2024\/09\/28\/jose-ronaldo-reforca-compromisso-com-a-saude-e-anuncia-novos-servicos-durante-caminhada-no-george-americo\/#primaryimage","url":"https:\/\/portalmf.com.br\/wp-content\/uploads\/2024\/09\/ronaldo_queimadinha-1-Copia.jpeg","contentUrl":"https:\/\/portalmf.com.br\/wp-content\/uploads\/2024\/09\/ronaldo_queimadinha-1-Copia.jpeg","width":1299,"height":866},{"@type":"BreadcrumbList","@id":"https:\/\/portalmf.com.br\/index.php\/2024\/09\/28\/jose-ronaldo-reforca-compromisso-com-a-saude-e-anuncia-novos-servicos-durante-caminhada-no-george-americo\/#breadcrumb","itemListElement":[{"@type":"ListItem","position":1,"name":"In\u00edcio","item":"https:\/\/portalmf.com.br\/"},{"@type":"ListItem","position":2,"name":"Jos\u00e9 Ronaldo refor\u00e7a compromisso com a sa\u00fade e anuncia novos servi\u00e7os durante caminhada no George Am\u00e9rico"}]},{"@type":"WebSite","@id":"https:\/\/portalmf.com.br\/#website","url":"https:\/\/portalmf.com.br\/","name":"Portal MF","description":"Voc\u00ea conectado com a informa\u00e7\u00e3o","potentialAction":[{"@type":"SearchAction","target":{"@type":"EntryPoint","urlTemplate":"https:\/\/portalmf.com.br\/?s={search_term_string}"},"query-input":"required name=search_term_string"}],"inLanguage":"pt-BR"},{"@type":"Person","@id":"https:\/\/portalmf.com.br\/#\/schema\/person\/9ec101baf56233e53520c26de5d6f6f0","name":"Reda\u00e7\u00e3o Portal MF","image":{"@type":"ImageObject","inLanguage":"pt-BR","@id":"https:\/\/portalmf.com.br\/#\/schema\/person\/image\/","url":"https:\/\/secure.gravatar.com\/avatar\/41b9aaeb2100835f7c64362330f74c7f?s=96&d=mm&r=g","contentUrl":"https:\/\/secure.gravatar.com\/avatar\/41b9aaeb2100835f7c64362330f74c7f?s=96&d=mm&r=g","caption":"Reda\u00e7\u00e3o Portal MF"},"description":"Sejam bem-vindos o portal de informa\u00e7\u00f5es de entretenimento de Feira de Santana, desde 2006 realiza coberturas dos principais eventos com entrevistas exclusivas com as principais personalidades mundiais. Fique conectado tamb\u00e9m nas redes sociais.","sameAs":["http:\/\/www.portalmf.com.br\/","https:\/\/www.facebook.com\/portalmfoficial","https:\/\/www.instagram.com\/portalmf\/","https:\/\/x.com\/https:\/\/x.com\/portalmfoficial","https:\/\/www.youtube.com\/@portalmfoficial"],"url":"https:\/\/portalmf.com.br\/index.php\/author\/junior\/"}]}},"_links":{"self":[{"href":"https:\/\/portalmf.com.br\/index.php\/wp-json\/wp\/v2\/posts\/30277"}],"collection":[{"href":"https:\/\/portalmf.com.br\/index.php\/wp-json\/wp\/v2\/posts"}],"about":[{"href":"https:\/\/portalmf.com.br\/index.php\/wp-json\/wp\/v2\/types\/post"}],"author":[{"embeddable":true,"href":"https:\/\/portalmf.com.br\/index.php\/wp-json\/wp\/v2\/users\/3"}],"replies":[{"embeddable":true,"href":"https:\/\/portalmf.com.br\/index.php\/wp-json\/wp\/v2\/comments?post=30277"}],"version-history":[{"count":1,"href":"https:\/\/portalmf.com.br\/index.php\/wp-json\/wp\/v2\/posts\/30277\/revisions"}],"predecessor-version":[{"id":30280,"href":"https:\/\/portalmf.com.br\/index.php\/wp-json\/wp\/v2\/posts\/30277\/revisions\/30280"}],"wp:featuredmedia":[{"embeddable":true,"href":"https:\/\/portalmf.com.br\/index.php\/wp-json\/wp\/v2\/media\/30278"}],"wp:attachment":[{"href":"https:\/\/portalmf.com.br\/index.php\/wp-json\/wp\/v2\/media?parent=30277"}],"wp:term":[{"taxonomy":"category","embeddable":true,"href":"https:\/\/portalmf.com.br\/index.php\/wp-json\/wp\/v2\/categories?post=30277"},{"taxonomy":"post_tag","embeddable":true,"href":"https:\/\/portalmf.com.br\/index.php\/wp-json\/wp\/v2\/tags?post=30277"}],"curies":[{"name":"wp","href":"https:\/\/api.w.org\/{rel}","templated":true}]}}