{"id":30273,"date":"2024-09-28T12:22:20","date_gmt":"2024-09-28T15:22:20","guid":{"rendered":"https:\/\/portalmf.com.br\/?p=30273"},"modified":"2024-09-28T12:22:21","modified_gmt":"2024-09-28T15:22:21","slug":"kannario-e-ze-neto-arrastam-multidao-em-caminhada-na-queimadainha","status":"publish","type":"post","link":"https:\/\/portalmf.com.br\/index.php\/2024\/09\/28\/kannario-e-ze-neto-arrastam-multidao-em-caminhada-na-queimadainha\/","title":{"rendered":"Kann\u00e1rio e Z\u00e9 Neto arrastam multid\u00e3o em caminhada na Queimadainha"},"content":{"rendered":"\n<p>O cantor Igor Kann\u00e1rio e o candidato a prefeito da coliga\u00e7\u00e3o Pra Fazer o Futuro Acontecer, Z\u00e9 Neto, arrastaram uma multid\u00e3o na noite desta sexta-feira (27), com o \u201cpanela\u00e7o da virada\u201d na maior caminhada da hist\u00f3ria do bairro Queimadinha, em Feira de Santana.<\/p>\n\n\n\n<p>Entoados pelo jingle da campanha \u201cJ\u00e1 deu, j\u00e1 era, esquece essa panela, Z\u00e9 Ronaldo \u00e9 Colbert\u201d, escrito e cantado pelo pr\u00f3prio Pr\u00edncipe do Gueto, em refer\u00eancia ao grupo pol\u00edtico liderado pelo ex-prefeito e candidato Jos\u00e9 Ronaldo, que administra a cidade h\u00e1 24 anos, Kann\u00e1rio e Z\u00e9 Neto sa\u00edram em caminhada da pra\u00e7a do Cruzeirinho, percorrendo diversas ruas do bairro at\u00e9 retornarem \u00e0 concentra\u00e7\u00e3o, onde o ato foi encerrado em clima de festa.<\/p>\n\n\n\n<p>Uma multid\u00e3o de eleitores se uniu em um verdadeiro panela\u00e7o, expressando o sentimento de mudan\u00e7a que contagiou os quatro cantos da cidade.<\/p>\n\n\n\n<p><em>\u201cO que presenciamos aqui hoje na Queimadinha, junto com Kann\u00e1rio, foi uma verdadeira onda da mudan\u00e7a expressada no rosto dos feirenses, que contagiou toda o munic\u00edpio. N\u00e3o tenho d\u00favida que esse sentimento ser\u00e1 traduzido no pr\u00f3ximo dia 6 de outubro, quando nossa Princesa do Sert\u00e3o voltar\u00e1 a sorrir de novo\u201d,<\/em> afirmou Z\u00e9 Neto, que estava acompanhado dos deputados estaduais Binho Galinha e Robinson Almeida, do coordenador geral da campanha, Felipe Freitas, de candidatos(as) a vereador(a), lideran\u00e7as e militantes.<\/p>\n\n\n\n<p>Com informa\u00e7\u00f5es da Ascom \/ Z\u00e9 Neto<\/p>\n","protected":false},"excerpt":{"rendered":"<p>O cantor Igor Kann\u00e1rio e o candidato a prefeito da coliga\u00e7\u00e3o Pra Fazer o Futuro Acontecer, Z\u00e9 Neto, arrastaram uma multid\u00e3o na noite desta sexta-feira (27), com o \u201cpanela\u00e7o da virada\u201d na maior caminhada da hist\u00f3ria do bairro Queimadinha, em Feira de Santana. Entoados pelo jingle da campanha \u201cJ\u00e1 deu, j\u00e1 era, esquece essa panela, [&hellip;]<\/p>\n","protected":false},"author":3,"featured_media":30274,"comment_status":"open","ping_status":"open","sticky":false,"template":"","format":"standard","meta":{"_monsterinsights_skip_tracking":false,"_monsterinsights_sitenote_active":false,"_monsterinsights_sitenote_note":"","_monsterinsights_sitenote_category":0,"footnotes":""},"categories":[301,34],"tags":[],"yoast_head":"<!-- This site is optimized with the Yoast SEO plugin v22.9 - https:\/\/yoast.com\/wordpress\/plugins\/seo\/ -->\n<title>Kann\u00e1rio e Z\u00e9 Neto arrastam multid\u00e3o em caminhada na Queimadainha - Portal MF<\/title>\n<meta name=\"robots\" content=\"index, follow, max-snippet:-1, max-image-preview:large, max-video-preview:-1\" \/>\n<link rel=\"canonical\" href=\"https:\/\/portalmf.com.br\/index.php\/2024\/09\/28\/kannario-e-ze-neto-arrastam-multidao-em-caminhada-na-queimadainha\/\" \/>\n<meta property=\"og:locale\" content=\"pt_BR\" \/>\n<meta property=\"og:type\" content=\"article\" \/>\n<meta property=\"og:title\" content=\"Kann\u00e1rio e Z\u00e9 Neto arrastam multid\u00e3o em caminhada na Queimadainha - Portal MF\" \/>\n<meta property=\"og:description\" content=\"O cantor Igor Kann\u00e1rio e o candidato a prefeito da coliga\u00e7\u00e3o Pra Fazer o Futuro Acontecer, Z\u00e9 Neto, arrastaram uma multid\u00e3o na noite desta sexta-feira (27), com o \u201cpanela\u00e7o da virada\u201d na maior caminhada da hist\u00f3ria do bairro Queimadinha, em Feira de Santana. Entoados pelo jingle da campanha \u201cJ\u00e1 deu, j\u00e1 era, esquece essa panela, [&hellip;]\" \/>\n<meta property=\"og:url\" content=\"https:\/\/portalmf.com.br\/index.php\/2024\/09\/28\/kannario-e-ze-neto-arrastam-multidao-em-caminhada-na-queimadainha\/\" \/>\n<meta property=\"og:site_name\" content=\"Portal MF\" \/>\n<meta property=\"article:author\" content=\"https:\/\/www.facebook.com\/portalmfoficial\" \/>\n<meta property=\"article:published_time\" content=\"2024-09-28T15:22:20+00:00\" \/>\n<meta property=\"article:modified_time\" content=\"2024-09-28T15:22:21+00:00\" \/>\n<meta property=\"og:image\" content=\"https:\/\/portalmf.com.br\/wp-content\/uploads\/2024\/09\/Kannario-e-Ze-Neto-arrastam-multidao-em-caminhada-na-Queimadainha.jpg\" \/>\n\t<meta property=\"og:image:width\" content=\"1164\" \/>\n\t<meta property=\"og:image:height\" content=\"851\" \/>\n\t<meta property=\"og:image:type\" content=\"image\/jpeg\" \/>\n<meta name=\"author\" content=\"Reda\u00e7\u00e3o Portal MF\" \/>\n<meta name=\"twitter:card\" content=\"summary_large_image\" \/>\n<meta name=\"twitter:creator\" content=\"@https:\/\/x.com\/portalmfoficial\" \/>\n<meta name=\"twitter:label1\" content=\"Escrito por\" \/>\n\t<meta name=\"twitter:data1\" content=\"Reda\u00e7\u00e3o Portal MF\" \/>\n\t<meta name=\"twitter:label2\" content=\"Est. tempo de leitura\" \/>\n\t<meta name=\"twitter:data2\" content=\"2 minutos\" \/>\n<script type=\"application\/ld+json\" class=\"yoast-schema-graph\">{\"@context\":\"https:\/\/schema.org\",\"@graph\":[{\"@type\":\"WebPage\",\"@id\":\"https:\/\/portalmf.com.br\/index.php\/2024\/09\/28\/kannario-e-ze-neto-arrastam-multidao-em-caminhada-na-queimadainha\/\",\"url\":\"https:\/\/portalmf.com.br\/index.php\/2024\/09\/28\/kannario-e-ze-neto-arrastam-multidao-em-caminhada-na-queimadainha\/\",\"name\":\"Kann\u00e1rio e Z\u00e9 Neto arrastam multid\u00e3o em caminhada na Queimadainha - Portal MF\",\"isPartOf\":{\"@id\":\"https:\/\/portalmf.com.br\/#website\"},\"primaryImageOfPage\":{\"@id\":\"https:\/\/portalmf.com.br\/index.php\/2024\/09\/28\/kannario-e-ze-neto-arrastam-multidao-em-caminhada-na-queimadainha\/#primaryimage\"},\"image\":{\"@id\":\"https:\/\/portalmf.com.br\/index.php\/2024\/09\/28\/kannario-e-ze-neto-arrastam-multidao-em-caminhada-na-queimadainha\/#primaryimage\"},\"thumbnailUrl\":\"https:\/\/portalmf.com.br\/wp-content\/uploads\/2024\/09\/Kannario-e-Ze-Neto-arrastam-multidao-em-caminhada-na-Queimadainha.jpg\",\"datePublished\":\"2024-09-28T15:22:20+00:00\",\"dateModified\":\"2024-09-28T15:22:21+00:00\",\"author\":{\"@id\":\"https:\/\/portalmf.com.br\/#\/schema\/person\/9ec101baf56233e53520c26de5d6f6f0\"},\"breadcrumb\":{\"@id\":\"https:\/\/portalmf.com.br\/index.php\/2024\/09\/28\/kannario-e-ze-neto-arrastam-multidao-em-caminhada-na-queimadainha\/#breadcrumb\"},\"inLanguage\":\"pt-BR\",\"potentialAction\":[{\"@type\":\"ReadAction\",\"target\":[\"https:\/\/portalmf.com.br\/index.php\/2024\/09\/28\/kannario-e-ze-neto-arrastam-multidao-em-caminhada-na-queimadainha\/\"]}]},{\"@type\":\"ImageObject\",\"inLanguage\":\"pt-BR\",\"@id\":\"https:\/\/portalmf.com.br\/index.php\/2024\/09\/28\/kannario-e-ze-neto-arrastam-multidao-em-caminhada-na-queimadainha\/#primaryimage\",\"url\":\"https:\/\/portalmf.com.br\/wp-content\/uploads\/2024\/09\/Kannario-e-Ze-Neto-arrastam-multidao-em-caminhada-na-Queimadainha.jpg\",\"contentUrl\":\"https:\/\/portalmf.com.br\/wp-content\/uploads\/2024\/09\/Kannario-e-Ze-Neto-arrastam-multidao-em-caminhada-na-Queimadainha.jpg\",\"width\":1164,\"height\":851},{\"@type\":\"BreadcrumbList\",\"@id\":\"https:\/\/portalmf.com.br\/index.php\/2024\/09\/28\/kannario-e-ze-neto-arrastam-multidao-em-caminhada-na-queimadainha\/#breadcrumb\",\"itemListElement\":[{\"@type\":\"ListItem\",\"position\":1,\"name\":\"In\u00edcio\",\"item\":\"https:\/\/portalmf.com.br\/\"},{\"@type\":\"ListItem\",\"position\":2,\"name\":\"Kann\u00e1rio e Z\u00e9 Neto arrastam multid\u00e3o em caminhada na Queimadainha\"}]},{\"@type\":\"WebSite\",\"@id\":\"https:\/\/portalmf.com.br\/#website\",\"url\":\"https:\/\/portalmf.com.br\/\",\"name\":\"Portal MF\",\"description\":\"Voc\u00ea conectado com a informa\u00e7\u00e3o\",\"potentialAction\":[{\"@type\":\"SearchAction\",\"target\":{\"@type\":\"EntryPoint\",\"urlTemplate\":\"https:\/\/portalmf.com.br\/?s={search_term_string}\"},\"query-input\":\"required name=search_term_string\"}],\"inLanguage\":\"pt-BR\"},{\"@type\":\"Person\",\"@id\":\"https:\/\/portalmf.com.br\/#\/schema\/person\/9ec101baf56233e53520c26de5d6f6f0\",\"name\":\"Reda\u00e7\u00e3o Portal MF\",\"image\":{\"@type\":\"ImageObject\",\"inLanguage\":\"pt-BR\",\"@id\":\"https:\/\/portalmf.com.br\/#\/schema\/person\/image\/\",\"url\":\"https:\/\/secure.gravatar.com\/avatar\/41b9aaeb2100835f7c64362330f74c7f?s=96&d=mm&r=g\",\"contentUrl\":\"https:\/\/secure.gravatar.com\/avatar\/41b9aaeb2100835f7c64362330f74c7f?s=96&d=mm&r=g\",\"caption\":\"Reda\u00e7\u00e3o Portal MF\"},\"description\":\"Sejam bem-vindos o portal de informa\u00e7\u00f5es de entretenimento de Feira de Santana, desde 2006 realiza coberturas dos principais eventos com entrevistas exclusivas com as principais personalidades mundiais. Fique conectado tamb\u00e9m nas redes sociais.\",\"sameAs\":[\"http:\/\/www.portalmf.com.br\/\",\"https:\/\/www.facebook.com\/portalmfoficial\",\"https:\/\/www.instagram.com\/portalmf\/\",\"https:\/\/x.com\/https:\/\/x.com\/portalmfoficial\",\"https:\/\/www.youtube.com\/@portalmfoficial\"],\"url\":\"https:\/\/portalmf.com.br\/index.php\/author\/junior\/\"}]}<\/script>\n<!-- \/ Yoast SEO plugin. -->","yoast_head_json":{"title":"Kann\u00e1rio e Z\u00e9 Neto arrastam multid\u00e3o em caminhada na Queimadainha - Portal MF","robots":{"index":"index","follow":"follow","max-snippet":"max-snippet:-1","max-image-preview":"max-image-preview:large","max-video-preview":"max-video-preview:-1"},"canonical":"https:\/\/portalmf.com.br\/index.php\/2024\/09\/28\/kannario-e-ze-neto-arrastam-multidao-em-caminhada-na-queimadainha\/","og_locale":"pt_BR","og_type":"article","og_title":"Kann\u00e1rio e Z\u00e9 Neto arrastam multid\u00e3o em caminhada na Queimadainha - Portal MF","og_description":"O cantor Igor Kann\u00e1rio e o candidato a prefeito da coliga\u00e7\u00e3o Pra Fazer o Futuro Acontecer, Z\u00e9 Neto, arrastaram uma multid\u00e3o na noite desta sexta-feira (27), com o \u201cpanela\u00e7o da virada\u201d na maior caminhada da hist\u00f3ria do bairro Queimadinha, em Feira de Santana. Entoados pelo jingle da campanha \u201cJ\u00e1 deu, j\u00e1 era, esquece essa panela, [&hellip;]","og_url":"https:\/\/portalmf.com.br\/index.php\/2024\/09\/28\/kannario-e-ze-neto-arrastam-multidao-em-caminhada-na-queimadainha\/","og_site_name":"Portal MF","article_author":"https:\/\/www.facebook.com\/portalmfoficial","article_published_time":"2024-09-28T15:22:20+00:00","article_modified_time":"2024-09-28T15:22:21+00:00","og_image":[{"width":1164,"height":851,"url":"https:\/\/portalmf.com.br\/wp-content\/uploads\/2024\/09\/Kannario-e-Ze-Neto-arrastam-multidao-em-caminhada-na-Queimadainha.jpg","type":"image\/jpeg"}],"author":"Reda\u00e7\u00e3o Portal MF","twitter_card":"summary_large_image","twitter_creator":"@https:\/\/x.com\/portalmfoficial","twitter_misc":{"Escrito por":"Reda\u00e7\u00e3o Portal MF","Est. tempo de leitura":"2 minutos"},"schema":{"@context":"https:\/\/schema.org","@graph":[{"@type":"WebPage","@id":"https:\/\/portalmf.com.br\/index.php\/2024\/09\/28\/kannario-e-ze-neto-arrastam-multidao-em-caminhada-na-queimadainha\/","url":"https:\/\/portalmf.com.br\/index.php\/2024\/09\/28\/kannario-e-ze-neto-arrastam-multidao-em-caminhada-na-queimadainha\/","name":"Kann\u00e1rio e Z\u00e9 Neto arrastam multid\u00e3o em caminhada na Queimadainha - Portal MF","isPartOf":{"@id":"https:\/\/portalmf.com.br\/#website"},"primaryImageOfPage":{"@id":"https:\/\/portalmf.com.br\/index.php\/2024\/09\/28\/kannario-e-ze-neto-arrastam-multidao-em-caminhada-na-queimadainha\/#primaryimage"},"image":{"@id":"https:\/\/portalmf.com.br\/index.php\/2024\/09\/28\/kannario-e-ze-neto-arrastam-multidao-em-caminhada-na-queimadainha\/#primaryimage"},"thumbnailUrl":"https:\/\/portalmf.com.br\/wp-content\/uploads\/2024\/09\/Kannario-e-Ze-Neto-arrastam-multidao-em-caminhada-na-Queimadainha.jpg","datePublished":"2024-09-28T15:22:20+00:00","dateModified":"2024-09-28T15:22:21+00:00","author":{"@id":"https:\/\/portalmf.com.br\/#\/schema\/person\/9ec101baf56233e53520c26de5d6f6f0"},"breadcrumb":{"@id":"https:\/\/portalmf.com.br\/index.php\/2024\/09\/28\/kannario-e-ze-neto-arrastam-multidao-em-caminhada-na-queimadainha\/#breadcrumb"},"inLanguage":"pt-BR","potentialAction":[{"@type":"ReadAction","target":["https:\/\/portalmf.com.br\/index.php\/2024\/09\/28\/kannario-e-ze-neto-arrastam-multidao-em-caminhada-na-queimadainha\/"]}]},{"@type":"ImageObject","inLanguage":"pt-BR","@id":"https:\/\/portalmf.com.br\/index.php\/2024\/09\/28\/kannario-e-ze-neto-arrastam-multidao-em-caminhada-na-queimadainha\/#primaryimage","url":"https:\/\/portalmf.com.br\/wp-content\/uploads\/2024\/09\/Kannario-e-Ze-Neto-arrastam-multidao-em-caminhada-na-Queimadainha.jpg","contentUrl":"https:\/\/portalmf.com.br\/wp-content\/uploads\/2024\/09\/Kannario-e-Ze-Neto-arrastam-multidao-em-caminhada-na-Queimadainha.jpg","width":1164,"height":851},{"@type":"BreadcrumbList","@id":"https:\/\/portalmf.com.br\/index.php\/2024\/09\/28\/kannario-e-ze-neto-arrastam-multidao-em-caminhada-na-queimadainha\/#breadcrumb","itemListElement":[{"@type":"ListItem","position":1,"name":"In\u00edcio","item":"https:\/\/portalmf.com.br\/"},{"@type":"ListItem","position":2,"name":"Kann\u00e1rio e Z\u00e9 Neto arrastam multid\u00e3o em caminhada na Queimadainha"}]},{"@type":"WebSite","@id":"https:\/\/portalmf.com.br\/#website","url":"https:\/\/portalmf.com.br\/","name":"Portal MF","description":"Voc\u00ea conectado com a informa\u00e7\u00e3o","potentialAction":[{"@type":"SearchAction","target":{"@type":"EntryPoint","urlTemplate":"https:\/\/portalmf.com.br\/?s={search_term_string}"},"query-input":"required name=search_term_string"}],"inLanguage":"pt-BR"},{"@type":"Person","@id":"https:\/\/portalmf.com.br\/#\/schema\/person\/9ec101baf56233e53520c26de5d6f6f0","name":"Reda\u00e7\u00e3o Portal MF","image":{"@type":"ImageObject","inLanguage":"pt-BR","@id":"https:\/\/portalmf.com.br\/#\/schema\/person\/image\/","url":"https:\/\/secure.gravatar.com\/avatar\/41b9aaeb2100835f7c64362330f74c7f?s=96&d=mm&r=g","contentUrl":"https:\/\/secure.gravatar.com\/avatar\/41b9aaeb2100835f7c64362330f74c7f?s=96&d=mm&r=g","caption":"Reda\u00e7\u00e3o Portal MF"},"description":"Sejam bem-vindos o portal de informa\u00e7\u00f5es de entretenimento de Feira de Santana, desde 2006 realiza coberturas dos principais eventos com entrevistas exclusivas com as principais personalidades mundiais. Fique conectado tamb\u00e9m nas redes sociais.","sameAs":["http:\/\/www.portalmf.com.br\/","https:\/\/www.facebook.com\/portalmfoficial","https:\/\/www.instagram.com\/portalmf\/","https:\/\/x.com\/https:\/\/x.com\/portalmfoficial","https:\/\/www.youtube.com\/@portalmfoficial"],"url":"https:\/\/portalmf.com.br\/index.php\/author\/junior\/"}]}},"_links":{"self":[{"href":"https:\/\/portalmf.com.br\/index.php\/wp-json\/wp\/v2\/posts\/30273"}],"collection":[{"href":"https:\/\/portalmf.com.br\/index.php\/wp-json\/wp\/v2\/posts"}],"about":[{"href":"https:\/\/portalmf.com.br\/index.php\/wp-json\/wp\/v2\/types\/post"}],"author":[{"embeddable":true,"href":"https:\/\/portalmf.com.br\/index.php\/wp-json\/wp\/v2\/users\/3"}],"replies":[{"embeddable":true,"href":"https:\/\/portalmf.com.br\/index.php\/wp-json\/wp\/v2\/comments?post=30273"}],"version-history":[{"count":1,"href":"https:\/\/portalmf.com.br\/index.php\/wp-json\/wp\/v2\/posts\/30273\/revisions"}],"predecessor-version":[{"id":30276,"href":"https:\/\/portalmf.com.br\/index.php\/wp-json\/wp\/v2\/posts\/30273\/revisions\/30276"}],"wp:featuredmedia":[{"embeddable":true,"href":"https:\/\/portalmf.com.br\/index.php\/wp-json\/wp\/v2\/media\/30274"}],"wp:attachment":[{"href":"https:\/\/portalmf.com.br\/index.php\/wp-json\/wp\/v2\/media?parent=30273"}],"wp:term":[{"taxonomy":"category","embeddable":true,"href":"https:\/\/portalmf.com.br\/index.php\/wp-json\/wp\/v2\/categories?post=30273"},{"taxonomy":"post_tag","embeddable":true,"href":"https:\/\/portalmf.com.br\/index.php\/wp-json\/wp\/v2\/tags?post=30273"}],"curies":[{"name":"wp","href":"https:\/\/api.w.org\/{rel}","templated":true}]}}