{"id":30267,"date":"2024-09-27T13:47:33","date_gmt":"2024-09-27T16:47:33","guid":{"rendered":"https:\/\/portalmf.com.br\/?p=30267"},"modified":"2024-09-27T13:47:33","modified_gmt":"2024-09-27T16:47:33","slug":"bahia-e-central-para-eleicao-do-pt-no-brasil-afirma-ministro-marcio-macedo","status":"publish","type":"post","link":"https:\/\/portalmf.com.br\/index.php\/2024\/09\/27\/bahia-e-central-para-eleicao-do-pt-no-brasil-afirma-ministro-marcio-macedo\/","title":{"rendered":"&#8220;Bahia \u00e9 central para elei\u00e7\u00e3o do PT no Brasil&#8221;, afirma ministro M\u00e1rcio Mac\u00eado"},"content":{"rendered":"\n<p>Ministro de Estado Chefe da Secretaria-Geral da Presid\u00eancia da Rep\u00fablica, M\u00e1rcio Mac\u00eado afirmou, em encontro com o presidente do PT Estadual, \u00c9den Valadares, que a Bahia \u00e9 prioridade para o PT nacional, para o presidente Lula e para o Governo Federal. O encontro dos petistas foi realizado nesta sexta-feira (27), em Salvador.<\/p>\n\n\n\n<p><em>&#8220;A Bahia \u00e9 a maior economia que o PT governa depois da Presid\u00eancia da Rep\u00fablica, \u00e9 uma experi\u00eancia vitoriosa do modo petista de fazer campanha e de governar. A Bahia \u00e9 um espelho para o PT no Brasil inteiro, ent\u00e3o, n\u00f3s temos muita responsabilidade com a Bahia&#8221;<\/em>, destacou o ministro, ao frisar que \u00e9 fundamental para o PT nacional que o partido no estado saia ainda mais fortalecido nas elei\u00e7\u00f5es 2024.<\/p>\n\n\n\n<p><em>&#8220;Por isso que os ministros baianos est\u00e3o participando ativamente das campanhas e eu estou aqui tamb\u00e9m, baiano que sou por nascimento, mas adotado por Sergipe. Estou aqui em nome da dire\u00e7\u00e3o nacional do nosso partido para apoiar as candidaturas do PT, dos nossos aliados&#8221;.<\/em> M\u00e1rcio Mac\u00eado tamb\u00e9m estar\u00e1 no ato de campanha de Ad\u00e9lia Pinheiro \u00e0 Prefeitura de Ilh\u00e9us, na noite desta sexta. <\/p>\n\n\n\n<p><em>&#8220;A companheira Ad\u00e9lia com certeza sair\u00e1 vitoriosa e Ilh\u00e9us vai poder experimentar uma gest\u00e3o democr\u00e1tica, popular e sintonizada com os governos Estadual e Federal&#8221;,<\/em> acrescentou o ministro.<\/p>\n\n\n\n<p>\u00c9den afirmou que receber um dos ministros mais pr\u00f3ximos do presidente Lula \u00e9 uma honra e alegria para o PT <em>. &#8220;M\u00e1rcio \u00e9 um amigo da Bahia. Desde que era dirigente nacional do PT, sempre teve um carinho muito grande pelo PT da Bahia, esteve aqui no Congresso que me elegeu, um amigo. A vinda dele demonstra o qu\u00e3o importante s\u00e3o as elei\u00e7\u00f5es da Bahia para o PT no Brasil inteiro&#8221;.<\/em><\/p>\n\n\n\n<p>Al\u00e9m do ministro M\u00e1rcio Mac\u00eado que fez grava\u00e7\u00f5es para fortalecer as candidaturas do PT no estado e vai a Ilh\u00e9us apoiar Ad\u00e9lia, \u00c9den tamb\u00e9m falou sobre a import\u00e2ncia da presen\u00e7a do ministro Rui Costa na campanha de Z\u00e9 Neto, em Feira de Santana, neste s\u00e1bado (28), e da ministra Margareth Menezes, em Ilh\u00e9us, no domingo (29).<\/p>\n\n\n\n<p><em>&#8220;Segunda e ter\u00e7a n\u00f3s vamos receber a presidenta Gleisi Hoffmann, e devo acompanh\u00e1-la em Feira, Vit\u00f3ria da Conquista, Cama\u00e7ari e Lauro. Ent\u00e3o a elei\u00e7\u00e3o para o PT no Brasil passa pela Bahia, e ter essa quantidade de ministros orientados pelo presidente Lula de estarem aqui ao nosso lado s\u00f3 refor\u00e7a essa import\u00e2ncia. E n\u00f3s estamos muito felizes e esperamos ter ainda mais sucesso em 2024 do que foi em 2020, elegendo mais prefeitos, prefeitas, vereadores e vereadoras&#8221;<\/em>, conclui o presidente do PT Bahia.<\/p>\n\n\n\n<p>Com informa\u00e7\u00f5es da Ascom PT Bahia<\/p>\n","protected":false},"excerpt":{"rendered":"<p>Ministro de Estado Chefe da Secretaria-Geral da Presid\u00eancia da Rep\u00fablica, M\u00e1rcio Mac\u00eado afirmou, em encontro com o presidente do PT Estadual, \u00c9den Valadares, que a Bahia \u00e9 prioridade para o PT nacional, para o presidente Lula e para o Governo Federal. O encontro dos petistas foi realizado nesta sexta-feira (27), em Salvador. &#8220;A Bahia \u00e9 [&hellip;]<\/p>\n","protected":false},"author":3,"featured_media":30268,"comment_status":"open","ping_status":"open","sticky":false,"template":"","format":"standard","meta":{"_monsterinsights_skip_tracking":false,"_monsterinsights_sitenote_active":false,"_monsterinsights_sitenote_note":"","_monsterinsights_sitenote_category":0,"footnotes":""},"categories":[301,34],"tags":[],"yoast_head":"<!-- This site is optimized with the Yoast SEO plugin v22.9 - https:\/\/yoast.com\/wordpress\/plugins\/seo\/ -->\n<title>&quot;Bahia \u00e9 central para elei\u00e7\u00e3o do PT no Brasil&quot;, afirma ministro M\u00e1rcio Mac\u00eado - Portal MF<\/title>\n<meta name=\"robots\" content=\"index, follow, max-snippet:-1, max-image-preview:large, max-video-preview:-1\" \/>\n<link rel=\"canonical\" href=\"https:\/\/portalmf.com.br\/index.php\/2024\/09\/27\/bahia-e-central-para-eleicao-do-pt-no-brasil-afirma-ministro-marcio-macedo\/\" \/>\n<meta property=\"og:locale\" content=\"pt_BR\" \/>\n<meta property=\"og:type\" content=\"article\" \/>\n<meta property=\"og:title\" content=\"&quot;Bahia \u00e9 central para elei\u00e7\u00e3o do PT no Brasil&quot;, afirma ministro M\u00e1rcio Mac\u00eado - Portal MF\" \/>\n<meta property=\"og:description\" content=\"Ministro de Estado Chefe da Secretaria-Geral da Presid\u00eancia da Rep\u00fablica, M\u00e1rcio Mac\u00eado afirmou, em encontro com o presidente do PT Estadual, \u00c9den Valadares, que a Bahia \u00e9 prioridade para o PT nacional, para o presidente Lula e para o Governo Federal. O encontro dos petistas foi realizado nesta sexta-feira (27), em Salvador. &#8220;A Bahia \u00e9 [&hellip;]\" \/>\n<meta property=\"og:url\" content=\"https:\/\/portalmf.com.br\/index.php\/2024\/09\/27\/bahia-e-central-para-eleicao-do-pt-no-brasil-afirma-ministro-marcio-macedo\/\" \/>\n<meta property=\"og:site_name\" content=\"Portal MF\" \/>\n<meta property=\"article:author\" content=\"https:\/\/www.facebook.com\/portalmfoficial\" \/>\n<meta property=\"article:published_time\" content=\"2024-09-27T16:47:33+00:00\" \/>\n<meta property=\"og:image\" content=\"https:\/\/portalmf.com.br\/wp-content\/uploads\/2024\/09\/Bahia-e-central-para-eleicao-do-PT-no-Brasil-afirma-ministro-Marcio-Macedo.jpg\" \/>\n\t<meta property=\"og:image:width\" content=\"1280\" \/>\n\t<meta property=\"og:image:height\" content=\"988\" \/>\n\t<meta property=\"og:image:type\" content=\"image\/jpeg\" \/>\n<meta name=\"author\" content=\"Reda\u00e7\u00e3o Portal MF\" \/>\n<meta name=\"twitter:card\" content=\"summary_large_image\" \/>\n<meta name=\"twitter:creator\" content=\"@https:\/\/x.com\/portalmfoficial\" \/>\n<meta name=\"twitter:label1\" content=\"Escrito por\" \/>\n\t<meta name=\"twitter:data1\" content=\"Reda\u00e7\u00e3o Portal MF\" \/>\n\t<meta name=\"twitter:label2\" content=\"Est. tempo de leitura\" \/>\n\t<meta name=\"twitter:data2\" content=\"3 minutos\" \/>\n<script type=\"application\/ld+json\" class=\"yoast-schema-graph\">{\"@context\":\"https:\/\/schema.org\",\"@graph\":[{\"@type\":\"WebPage\",\"@id\":\"https:\/\/portalmf.com.br\/index.php\/2024\/09\/27\/bahia-e-central-para-eleicao-do-pt-no-brasil-afirma-ministro-marcio-macedo\/\",\"url\":\"https:\/\/portalmf.com.br\/index.php\/2024\/09\/27\/bahia-e-central-para-eleicao-do-pt-no-brasil-afirma-ministro-marcio-macedo\/\",\"name\":\"\\\"Bahia \u00e9 central para elei\u00e7\u00e3o do PT no Brasil\\\", afirma ministro M\u00e1rcio Mac\u00eado - Portal MF\",\"isPartOf\":{\"@id\":\"https:\/\/portalmf.com.br\/#website\"},\"primaryImageOfPage\":{\"@id\":\"https:\/\/portalmf.com.br\/index.php\/2024\/09\/27\/bahia-e-central-para-eleicao-do-pt-no-brasil-afirma-ministro-marcio-macedo\/#primaryimage\"},\"image\":{\"@id\":\"https:\/\/portalmf.com.br\/index.php\/2024\/09\/27\/bahia-e-central-para-eleicao-do-pt-no-brasil-afirma-ministro-marcio-macedo\/#primaryimage\"},\"thumbnailUrl\":\"https:\/\/portalmf.com.br\/wp-content\/uploads\/2024\/09\/Bahia-e-central-para-eleicao-do-PT-no-Brasil-afirma-ministro-Marcio-Macedo.jpg\",\"datePublished\":\"2024-09-27T16:47:33+00:00\",\"dateModified\":\"2024-09-27T16:47:33+00:00\",\"author\":{\"@id\":\"https:\/\/portalmf.com.br\/#\/schema\/person\/9ec101baf56233e53520c26de5d6f6f0\"},\"breadcrumb\":{\"@id\":\"https:\/\/portalmf.com.br\/index.php\/2024\/09\/27\/bahia-e-central-para-eleicao-do-pt-no-brasil-afirma-ministro-marcio-macedo\/#breadcrumb\"},\"inLanguage\":\"pt-BR\",\"potentialAction\":[{\"@type\":\"ReadAction\",\"target\":[\"https:\/\/portalmf.com.br\/index.php\/2024\/09\/27\/bahia-e-central-para-eleicao-do-pt-no-brasil-afirma-ministro-marcio-macedo\/\"]}]},{\"@type\":\"ImageObject\",\"inLanguage\":\"pt-BR\",\"@id\":\"https:\/\/portalmf.com.br\/index.php\/2024\/09\/27\/bahia-e-central-para-eleicao-do-pt-no-brasil-afirma-ministro-marcio-macedo\/#primaryimage\",\"url\":\"https:\/\/portalmf.com.br\/wp-content\/uploads\/2024\/09\/Bahia-e-central-para-eleicao-do-PT-no-Brasil-afirma-ministro-Marcio-Macedo.jpg\",\"contentUrl\":\"https:\/\/portalmf.com.br\/wp-content\/uploads\/2024\/09\/Bahia-e-central-para-eleicao-do-PT-no-Brasil-afirma-ministro-Marcio-Macedo.jpg\",\"width\":1280,\"height\":988},{\"@type\":\"BreadcrumbList\",\"@id\":\"https:\/\/portalmf.com.br\/index.php\/2024\/09\/27\/bahia-e-central-para-eleicao-do-pt-no-brasil-afirma-ministro-marcio-macedo\/#breadcrumb\",\"itemListElement\":[{\"@type\":\"ListItem\",\"position\":1,\"name\":\"In\u00edcio\",\"item\":\"https:\/\/portalmf.com.br\/\"},{\"@type\":\"ListItem\",\"position\":2,\"name\":\"&#8220;Bahia \u00e9 central para elei\u00e7\u00e3o do PT no Brasil&#8221;, afirma ministro M\u00e1rcio Mac\u00eado\"}]},{\"@type\":\"WebSite\",\"@id\":\"https:\/\/portalmf.com.br\/#website\",\"url\":\"https:\/\/portalmf.com.br\/\",\"name\":\"Portal MF\",\"description\":\"Voc\u00ea conectado com a informa\u00e7\u00e3o\",\"potentialAction\":[{\"@type\":\"SearchAction\",\"target\":{\"@type\":\"EntryPoint\",\"urlTemplate\":\"https:\/\/portalmf.com.br\/?s={search_term_string}\"},\"query-input\":\"required name=search_term_string\"}],\"inLanguage\":\"pt-BR\"},{\"@type\":\"Person\",\"@id\":\"https:\/\/portalmf.com.br\/#\/schema\/person\/9ec101baf56233e53520c26de5d6f6f0\",\"name\":\"Reda\u00e7\u00e3o Portal MF\",\"image\":{\"@type\":\"ImageObject\",\"inLanguage\":\"pt-BR\",\"@id\":\"https:\/\/portalmf.com.br\/#\/schema\/person\/image\/\",\"url\":\"https:\/\/secure.gravatar.com\/avatar\/41b9aaeb2100835f7c64362330f74c7f?s=96&d=mm&r=g\",\"contentUrl\":\"https:\/\/secure.gravatar.com\/avatar\/41b9aaeb2100835f7c64362330f74c7f?s=96&d=mm&r=g\",\"caption\":\"Reda\u00e7\u00e3o Portal MF\"},\"description\":\"Sejam bem-vindos o portal de informa\u00e7\u00f5es de entretenimento de Feira de Santana, desde 2006 realiza coberturas dos principais eventos com entrevistas exclusivas com as principais personalidades mundiais. Fique conectado tamb\u00e9m nas redes sociais.\",\"sameAs\":[\"http:\/\/www.portalmf.com.br\/\",\"https:\/\/www.facebook.com\/portalmfoficial\",\"https:\/\/www.instagram.com\/portalmf\/\",\"https:\/\/x.com\/https:\/\/x.com\/portalmfoficial\",\"https:\/\/www.youtube.com\/@portalmfoficial\"],\"url\":\"https:\/\/portalmf.com.br\/index.php\/author\/junior\/\"}]}<\/script>\n<!-- \/ Yoast SEO plugin. -->","yoast_head_json":{"title":"\"Bahia \u00e9 central para elei\u00e7\u00e3o do PT no Brasil\", afirma ministro M\u00e1rcio Mac\u00eado - Portal MF","robots":{"index":"index","follow":"follow","max-snippet":"max-snippet:-1","max-image-preview":"max-image-preview:large","max-video-preview":"max-video-preview:-1"},"canonical":"https:\/\/portalmf.com.br\/index.php\/2024\/09\/27\/bahia-e-central-para-eleicao-do-pt-no-brasil-afirma-ministro-marcio-macedo\/","og_locale":"pt_BR","og_type":"article","og_title":"\"Bahia \u00e9 central para elei\u00e7\u00e3o do PT no Brasil\", afirma ministro M\u00e1rcio Mac\u00eado - Portal MF","og_description":"Ministro de Estado Chefe da Secretaria-Geral da Presid\u00eancia da Rep\u00fablica, M\u00e1rcio Mac\u00eado afirmou, em encontro com o presidente do PT Estadual, \u00c9den Valadares, que a Bahia \u00e9 prioridade para o PT nacional, para o presidente Lula e para o Governo Federal. O encontro dos petistas foi realizado nesta sexta-feira (27), em Salvador. &#8220;A Bahia \u00e9 [&hellip;]","og_url":"https:\/\/portalmf.com.br\/index.php\/2024\/09\/27\/bahia-e-central-para-eleicao-do-pt-no-brasil-afirma-ministro-marcio-macedo\/","og_site_name":"Portal MF","article_author":"https:\/\/www.facebook.com\/portalmfoficial","article_published_time":"2024-09-27T16:47:33+00:00","og_image":[{"width":1280,"height":988,"url":"https:\/\/portalmf.com.br\/wp-content\/uploads\/2024\/09\/Bahia-e-central-para-eleicao-do-PT-no-Brasil-afirma-ministro-Marcio-Macedo.jpg","type":"image\/jpeg"}],"author":"Reda\u00e7\u00e3o Portal MF","twitter_card":"summary_large_image","twitter_creator":"@https:\/\/x.com\/portalmfoficial","twitter_misc":{"Escrito por":"Reda\u00e7\u00e3o Portal MF","Est. tempo de leitura":"3 minutos"},"schema":{"@context":"https:\/\/schema.org","@graph":[{"@type":"WebPage","@id":"https:\/\/portalmf.com.br\/index.php\/2024\/09\/27\/bahia-e-central-para-eleicao-do-pt-no-brasil-afirma-ministro-marcio-macedo\/","url":"https:\/\/portalmf.com.br\/index.php\/2024\/09\/27\/bahia-e-central-para-eleicao-do-pt-no-brasil-afirma-ministro-marcio-macedo\/","name":"\"Bahia \u00e9 central para elei\u00e7\u00e3o do PT no Brasil\", afirma ministro M\u00e1rcio Mac\u00eado - Portal MF","isPartOf":{"@id":"https:\/\/portalmf.com.br\/#website"},"primaryImageOfPage":{"@id":"https:\/\/portalmf.com.br\/index.php\/2024\/09\/27\/bahia-e-central-para-eleicao-do-pt-no-brasil-afirma-ministro-marcio-macedo\/#primaryimage"},"image":{"@id":"https:\/\/portalmf.com.br\/index.php\/2024\/09\/27\/bahia-e-central-para-eleicao-do-pt-no-brasil-afirma-ministro-marcio-macedo\/#primaryimage"},"thumbnailUrl":"https:\/\/portalmf.com.br\/wp-content\/uploads\/2024\/09\/Bahia-e-central-para-eleicao-do-PT-no-Brasil-afirma-ministro-Marcio-Macedo.jpg","datePublished":"2024-09-27T16:47:33+00:00","dateModified":"2024-09-27T16:47:33+00:00","author":{"@id":"https:\/\/portalmf.com.br\/#\/schema\/person\/9ec101baf56233e53520c26de5d6f6f0"},"breadcrumb":{"@id":"https:\/\/portalmf.com.br\/index.php\/2024\/09\/27\/bahia-e-central-para-eleicao-do-pt-no-brasil-afirma-ministro-marcio-macedo\/#breadcrumb"},"inLanguage":"pt-BR","potentialAction":[{"@type":"ReadAction","target":["https:\/\/portalmf.com.br\/index.php\/2024\/09\/27\/bahia-e-central-para-eleicao-do-pt-no-brasil-afirma-ministro-marcio-macedo\/"]}]},{"@type":"ImageObject","inLanguage":"pt-BR","@id":"https:\/\/portalmf.com.br\/index.php\/2024\/09\/27\/bahia-e-central-para-eleicao-do-pt-no-brasil-afirma-ministro-marcio-macedo\/#primaryimage","url":"https:\/\/portalmf.com.br\/wp-content\/uploads\/2024\/09\/Bahia-e-central-para-eleicao-do-PT-no-Brasil-afirma-ministro-Marcio-Macedo.jpg","contentUrl":"https:\/\/portalmf.com.br\/wp-content\/uploads\/2024\/09\/Bahia-e-central-para-eleicao-do-PT-no-Brasil-afirma-ministro-Marcio-Macedo.jpg","width":1280,"height":988},{"@type":"BreadcrumbList","@id":"https:\/\/portalmf.com.br\/index.php\/2024\/09\/27\/bahia-e-central-para-eleicao-do-pt-no-brasil-afirma-ministro-marcio-macedo\/#breadcrumb","itemListElement":[{"@type":"ListItem","position":1,"name":"In\u00edcio","item":"https:\/\/portalmf.com.br\/"},{"@type":"ListItem","position":2,"name":"&#8220;Bahia \u00e9 central para elei\u00e7\u00e3o do PT no Brasil&#8221;, afirma ministro M\u00e1rcio Mac\u00eado"}]},{"@type":"WebSite","@id":"https:\/\/portalmf.com.br\/#website","url":"https:\/\/portalmf.com.br\/","name":"Portal MF","description":"Voc\u00ea conectado com a informa\u00e7\u00e3o","potentialAction":[{"@type":"SearchAction","target":{"@type":"EntryPoint","urlTemplate":"https:\/\/portalmf.com.br\/?s={search_term_string}"},"query-input":"required name=search_term_string"}],"inLanguage":"pt-BR"},{"@type":"Person","@id":"https:\/\/portalmf.com.br\/#\/schema\/person\/9ec101baf56233e53520c26de5d6f6f0","name":"Reda\u00e7\u00e3o Portal MF","image":{"@type":"ImageObject","inLanguage":"pt-BR","@id":"https:\/\/portalmf.com.br\/#\/schema\/person\/image\/","url":"https:\/\/secure.gravatar.com\/avatar\/41b9aaeb2100835f7c64362330f74c7f?s=96&d=mm&r=g","contentUrl":"https:\/\/secure.gravatar.com\/avatar\/41b9aaeb2100835f7c64362330f74c7f?s=96&d=mm&r=g","caption":"Reda\u00e7\u00e3o Portal MF"},"description":"Sejam bem-vindos o portal de informa\u00e7\u00f5es de entretenimento de Feira de Santana, desde 2006 realiza coberturas dos principais eventos com entrevistas exclusivas com as principais personalidades mundiais. Fique conectado tamb\u00e9m nas redes sociais.","sameAs":["http:\/\/www.portalmf.com.br\/","https:\/\/www.facebook.com\/portalmfoficial","https:\/\/www.instagram.com\/portalmf\/","https:\/\/x.com\/https:\/\/x.com\/portalmfoficial","https:\/\/www.youtube.com\/@portalmfoficial"],"url":"https:\/\/portalmf.com.br\/index.php\/author\/junior\/"}]}},"_links":{"self":[{"href":"https:\/\/portalmf.com.br\/index.php\/wp-json\/wp\/v2\/posts\/30267"}],"collection":[{"href":"https:\/\/portalmf.com.br\/index.php\/wp-json\/wp\/v2\/posts"}],"about":[{"href":"https:\/\/portalmf.com.br\/index.php\/wp-json\/wp\/v2\/types\/post"}],"author":[{"embeddable":true,"href":"https:\/\/portalmf.com.br\/index.php\/wp-json\/wp\/v2\/users\/3"}],"replies":[{"embeddable":true,"href":"https:\/\/portalmf.com.br\/index.php\/wp-json\/wp\/v2\/comments?post=30267"}],"version-history":[{"count":1,"href":"https:\/\/portalmf.com.br\/index.php\/wp-json\/wp\/v2\/posts\/30267\/revisions"}],"predecessor-version":[{"id":30269,"href":"https:\/\/portalmf.com.br\/index.php\/wp-json\/wp\/v2\/posts\/30267\/revisions\/30269"}],"wp:featuredmedia":[{"embeddable":true,"href":"https:\/\/portalmf.com.br\/index.php\/wp-json\/wp\/v2\/media\/30268"}],"wp:attachment":[{"href":"https:\/\/portalmf.com.br\/index.php\/wp-json\/wp\/v2\/media?parent=30267"}],"wp:term":[{"taxonomy":"category","embeddable":true,"href":"https:\/\/portalmf.com.br\/index.php\/wp-json\/wp\/v2\/categories?post=30267"},{"taxonomy":"post_tag","embeddable":true,"href":"https:\/\/portalmf.com.br\/index.php\/wp-json\/wp\/v2\/tags?post=30267"}],"curies":[{"name":"wp","href":"https:\/\/api.w.org\/{rel}","templated":true}]}}