{"id":30265,"date":"2024-09-27T13:44:33","date_gmt":"2024-09-27T16:44:33","guid":{"rendered":"https:\/\/portalmf.com.br\/?p=30265"},"modified":"2024-09-27T13:44:34","modified_gmt":"2024-09-27T16:44:34","slug":"justica-eleitoral-determina-imediata-suspensao-de-propaganda-com-informacoes-inveridicas-sobre-jose-ronaldo","status":"publish","type":"post","link":"https:\/\/portalmf.com.br\/index.php\/2024\/09\/27\/justica-eleitoral-determina-imediata-suspensao-de-propaganda-com-informacoes-inveridicas-sobre-jose-ronaldo\/","title":{"rendered":"Justi\u00e7a Eleitoral determina imediata suspens\u00e3o de propaganda com informa\u00e7\u00f5es inver\u00eddicas sobre Jos\u00e9 Ronaldo"},"content":{"rendered":"\n<p>A Justi\u00e7a Eleitoral da 155\u00aa Zona de Feira de Santana concedeu liminar favor\u00e1vel \u00e0 coliga\u00e7\u00e3o &#8220;O Amor Sempre Vence&#8221;, encabe\u00e7ada por Jos\u00e9 Ronaldo (Uni\u00e3o Brasil), determinando a suspens\u00e3o de inser\u00e7\u00f5es de propaganda veiculadas pela coliga\u00e7\u00e3o advers\u00e1ria &#8220;Pra Fazer o Futuro Acontecer&#8221;. A decis\u00e3o, proferida nesta quinta-feira (26) pelo juiz eleitoral Roque Ruy de Ara\u00fajo, apontou que a propaganda continha informa\u00e7\u00f5es descontextualizadas e prejudiciais \u00e0 imagem de Jos\u00e9 Ronaldo.<\/p>\n\n\n\n<p>Segundo a representa\u00e7\u00e3o, a coliga\u00e7\u00e3o advers\u00e1ria divulgou, em inser\u00e7\u00f5es de r\u00e1dio, declara\u00e7\u00f5es caluniosas e inver\u00eddicas, afirmando que o ex-prefeito de Feira de Santana teria sido<em> &#8220;denunciado pelo Minist\u00e9rio P\u00fablico por integrar um esquema pol\u00edtico&#8221;.<\/em> No entanto, a Justi\u00e7a reconheceu que, embora Jos\u00e9 Ronaldo tenha sido citado em um processo, houve expressa declara\u00e7\u00e3o de inoc\u00eancia.<\/p>\n\n\n\n<p>A coliga\u00e7\u00e3o de Jos\u00e9 Ronaldo argumentou que as acusa\u00e7\u00f5es n\u00e3o apresentavam o desfecho da a\u00e7\u00e3o, distorcendo os fatos e comprometendo o debate eleitoral com informa\u00e7\u00f5es falsas. Ao analisar o caso, o juiz eleitoral entendeu que as afirma\u00e7\u00f5es extrapolaram os limites da liberdade de express\u00e3o e concedeu a tutela de urg\u00eancia, determinando a imediata suspens\u00e3o da veicula\u00e7\u00e3o da propaganda.<\/p>\n\n\n\n<p>Com informa\u00e7\u00f5es da Ascom \/ Jos\u00e9 Ronaldo<\/p>\n","protected":false},"excerpt":{"rendered":"<p>A Justi\u00e7a Eleitoral da 155\u00aa Zona de Feira de Santana concedeu liminar favor\u00e1vel \u00e0 coliga\u00e7\u00e3o &#8220;O Amor Sempre Vence&#8221;, encabe\u00e7ada por Jos\u00e9 Ronaldo (Uni\u00e3o Brasil), determinando a suspens\u00e3o de inser\u00e7\u00f5es de propaganda veiculadas pela coliga\u00e7\u00e3o advers\u00e1ria &#8220;Pra Fazer o Futuro Acontecer&#8221;. A decis\u00e3o, proferida nesta quinta-feira (26) pelo juiz eleitoral Roque Ruy de Ara\u00fajo, apontou [&hellip;]<\/p>\n","protected":false},"author":3,"featured_media":5531,"comment_status":"open","ping_status":"open","sticky":false,"template":"","format":"standard","meta":{"_monsterinsights_skip_tracking":false,"_monsterinsights_sitenote_active":false,"_monsterinsights_sitenote_note":"","_monsterinsights_sitenote_category":0,"footnotes":""},"categories":[301,34],"tags":[],"yoast_head":"<!-- This site is optimized with the Yoast SEO plugin v22.9 - https:\/\/yoast.com\/wordpress\/plugins\/seo\/ -->\n<title>Justi\u00e7a Eleitoral determina imediata suspens\u00e3o de propaganda com informa\u00e7\u00f5es inver\u00eddicas sobre Jos\u00e9 Ronaldo - Portal MF<\/title>\n<meta name=\"robots\" content=\"index, follow, max-snippet:-1, max-image-preview:large, max-video-preview:-1\" \/>\n<link rel=\"canonical\" href=\"https:\/\/portalmf.com.br\/index.php\/2024\/09\/27\/justica-eleitoral-determina-imediata-suspensao-de-propaganda-com-informacoes-inveridicas-sobre-jose-ronaldo\/\" \/>\n<meta property=\"og:locale\" content=\"pt_BR\" \/>\n<meta property=\"og:type\" content=\"article\" \/>\n<meta property=\"og:title\" content=\"Justi\u00e7a Eleitoral determina imediata suspens\u00e3o de propaganda com informa\u00e7\u00f5es inver\u00eddicas sobre Jos\u00e9 Ronaldo - Portal MF\" \/>\n<meta property=\"og:description\" content=\"A Justi\u00e7a Eleitoral da 155\u00aa Zona de Feira de Santana concedeu liminar favor\u00e1vel \u00e0 coliga\u00e7\u00e3o &#8220;O Amor Sempre Vence&#8221;, encabe\u00e7ada por Jos\u00e9 Ronaldo (Uni\u00e3o Brasil), determinando a suspens\u00e3o de inser\u00e7\u00f5es de propaganda veiculadas pela coliga\u00e7\u00e3o advers\u00e1ria &#8220;Pra Fazer o Futuro Acontecer&#8221;. A decis\u00e3o, proferida nesta quinta-feira (26) pelo juiz eleitoral Roque Ruy de Ara\u00fajo, apontou [&hellip;]\" \/>\n<meta property=\"og:url\" content=\"https:\/\/portalmf.com.br\/index.php\/2024\/09\/27\/justica-eleitoral-determina-imediata-suspensao-de-propaganda-com-informacoes-inveridicas-sobre-jose-ronaldo\/\" \/>\n<meta property=\"og:site_name\" content=\"Portal MF\" \/>\n<meta property=\"article:author\" content=\"https:\/\/www.facebook.com\/portalmfoficial\" \/>\n<meta property=\"article:published_time\" content=\"2024-09-27T16:44:33+00:00\" \/>\n<meta property=\"article:modified_time\" content=\"2024-09-27T16:44:34+00:00\" \/>\n<meta property=\"og:image\" content=\"https:\/\/portalmf.com.br\/wp-content\/uploads\/2022\/10\/urna-eletronica.jpg\" \/>\n\t<meta property=\"og:image:width\" content=\"1170\" \/>\n\t<meta property=\"og:image:height\" content=\"700\" \/>\n\t<meta property=\"og:image:type\" content=\"image\/jpeg\" \/>\n<meta name=\"author\" content=\"Reda\u00e7\u00e3o Portal MF\" \/>\n<meta name=\"twitter:card\" content=\"summary_large_image\" \/>\n<meta name=\"twitter:creator\" content=\"@https:\/\/x.com\/portalmfoficial\" \/>\n<meta name=\"twitter:label1\" content=\"Escrito por\" \/>\n\t<meta name=\"twitter:data1\" content=\"Reda\u00e7\u00e3o Portal MF\" \/>\n\t<meta name=\"twitter:label2\" content=\"Est. tempo de leitura\" \/>\n\t<meta name=\"twitter:data2\" content=\"2 minutos\" \/>\n<script type=\"application\/ld+json\" class=\"yoast-schema-graph\">{\"@context\":\"https:\/\/schema.org\",\"@graph\":[{\"@type\":\"WebPage\",\"@id\":\"https:\/\/portalmf.com.br\/index.php\/2024\/09\/27\/justica-eleitoral-determina-imediata-suspensao-de-propaganda-com-informacoes-inveridicas-sobre-jose-ronaldo\/\",\"url\":\"https:\/\/portalmf.com.br\/index.php\/2024\/09\/27\/justica-eleitoral-determina-imediata-suspensao-de-propaganda-com-informacoes-inveridicas-sobre-jose-ronaldo\/\",\"name\":\"Justi\u00e7a Eleitoral determina imediata suspens\u00e3o de propaganda com informa\u00e7\u00f5es inver\u00eddicas sobre Jos\u00e9 Ronaldo - Portal MF\",\"isPartOf\":{\"@id\":\"https:\/\/portalmf.com.br\/#website\"},\"primaryImageOfPage\":{\"@id\":\"https:\/\/portalmf.com.br\/index.php\/2024\/09\/27\/justica-eleitoral-determina-imediata-suspensao-de-propaganda-com-informacoes-inveridicas-sobre-jose-ronaldo\/#primaryimage\"},\"image\":{\"@id\":\"https:\/\/portalmf.com.br\/index.php\/2024\/09\/27\/justica-eleitoral-determina-imediata-suspensao-de-propaganda-com-informacoes-inveridicas-sobre-jose-ronaldo\/#primaryimage\"},\"thumbnailUrl\":\"https:\/\/portalmf.com.br\/wp-content\/uploads\/2022\/10\/urna-eletronica.jpg\",\"datePublished\":\"2024-09-27T16:44:33+00:00\",\"dateModified\":\"2024-09-27T16:44:34+00:00\",\"author\":{\"@id\":\"https:\/\/portalmf.com.br\/#\/schema\/person\/9ec101baf56233e53520c26de5d6f6f0\"},\"breadcrumb\":{\"@id\":\"https:\/\/portalmf.com.br\/index.php\/2024\/09\/27\/justica-eleitoral-determina-imediata-suspensao-de-propaganda-com-informacoes-inveridicas-sobre-jose-ronaldo\/#breadcrumb\"},\"inLanguage\":\"pt-BR\",\"potentialAction\":[{\"@type\":\"ReadAction\",\"target\":[\"https:\/\/portalmf.com.br\/index.php\/2024\/09\/27\/justica-eleitoral-determina-imediata-suspensao-de-propaganda-com-informacoes-inveridicas-sobre-jose-ronaldo\/\"]}]},{\"@type\":\"ImageObject\",\"inLanguage\":\"pt-BR\",\"@id\":\"https:\/\/portalmf.com.br\/index.php\/2024\/09\/27\/justica-eleitoral-determina-imediata-suspensao-de-propaganda-com-informacoes-inveridicas-sobre-jose-ronaldo\/#primaryimage\",\"url\":\"https:\/\/portalmf.com.br\/wp-content\/uploads\/2022\/10\/urna-eletronica.jpg\",\"contentUrl\":\"https:\/\/portalmf.com.br\/wp-content\/uploads\/2022\/10\/urna-eletronica.jpg\",\"width\":1170,\"height\":700,\"caption\":\"TSE - Tribunal Superior Eleitoral Urna eletr\u00f4nica\"},{\"@type\":\"BreadcrumbList\",\"@id\":\"https:\/\/portalmf.com.br\/index.php\/2024\/09\/27\/justica-eleitoral-determina-imediata-suspensao-de-propaganda-com-informacoes-inveridicas-sobre-jose-ronaldo\/#breadcrumb\",\"itemListElement\":[{\"@type\":\"ListItem\",\"position\":1,\"name\":\"In\u00edcio\",\"item\":\"https:\/\/portalmf.com.br\/\"},{\"@type\":\"ListItem\",\"position\":2,\"name\":\"Justi\u00e7a Eleitoral determina imediata suspens\u00e3o de propaganda com informa\u00e7\u00f5es inver\u00eddicas sobre Jos\u00e9 Ronaldo\"}]},{\"@type\":\"WebSite\",\"@id\":\"https:\/\/portalmf.com.br\/#website\",\"url\":\"https:\/\/portalmf.com.br\/\",\"name\":\"Portal MF\",\"description\":\"Voc\u00ea conectado com a informa\u00e7\u00e3o\",\"potentialAction\":[{\"@type\":\"SearchAction\",\"target\":{\"@type\":\"EntryPoint\",\"urlTemplate\":\"https:\/\/portalmf.com.br\/?s={search_term_string}\"},\"query-input\":\"required name=search_term_string\"}],\"inLanguage\":\"pt-BR\"},{\"@type\":\"Person\",\"@id\":\"https:\/\/portalmf.com.br\/#\/schema\/person\/9ec101baf56233e53520c26de5d6f6f0\",\"name\":\"Reda\u00e7\u00e3o Portal MF\",\"image\":{\"@type\":\"ImageObject\",\"inLanguage\":\"pt-BR\",\"@id\":\"https:\/\/portalmf.com.br\/#\/schema\/person\/image\/\",\"url\":\"https:\/\/secure.gravatar.com\/avatar\/41b9aaeb2100835f7c64362330f74c7f?s=96&d=mm&r=g\",\"contentUrl\":\"https:\/\/secure.gravatar.com\/avatar\/41b9aaeb2100835f7c64362330f74c7f?s=96&d=mm&r=g\",\"caption\":\"Reda\u00e7\u00e3o Portal MF\"},\"description\":\"Sejam bem-vindos o portal de informa\u00e7\u00f5es de entretenimento de Feira de Santana, desde 2006 realiza coberturas dos principais eventos com entrevistas exclusivas com as principais personalidades mundiais. Fique conectado tamb\u00e9m nas redes sociais.\",\"sameAs\":[\"http:\/\/www.portalmf.com.br\/\",\"https:\/\/www.facebook.com\/portalmfoficial\",\"https:\/\/www.instagram.com\/portalmf\/\",\"https:\/\/x.com\/https:\/\/x.com\/portalmfoficial\",\"https:\/\/www.youtube.com\/@portalmfoficial\"],\"url\":\"https:\/\/portalmf.com.br\/index.php\/author\/junior\/\"}]}<\/script>\n<!-- \/ Yoast SEO plugin. -->","yoast_head_json":{"title":"Justi\u00e7a Eleitoral determina imediata suspens\u00e3o de propaganda com informa\u00e7\u00f5es inver\u00eddicas sobre Jos\u00e9 Ronaldo - Portal MF","robots":{"index":"index","follow":"follow","max-snippet":"max-snippet:-1","max-image-preview":"max-image-preview:large","max-video-preview":"max-video-preview:-1"},"canonical":"https:\/\/portalmf.com.br\/index.php\/2024\/09\/27\/justica-eleitoral-determina-imediata-suspensao-de-propaganda-com-informacoes-inveridicas-sobre-jose-ronaldo\/","og_locale":"pt_BR","og_type":"article","og_title":"Justi\u00e7a Eleitoral determina imediata suspens\u00e3o de propaganda com informa\u00e7\u00f5es inver\u00eddicas sobre Jos\u00e9 Ronaldo - Portal MF","og_description":"A Justi\u00e7a Eleitoral da 155\u00aa Zona de Feira de Santana concedeu liminar favor\u00e1vel \u00e0 coliga\u00e7\u00e3o &#8220;O Amor Sempre Vence&#8221;, encabe\u00e7ada por Jos\u00e9 Ronaldo (Uni\u00e3o Brasil), determinando a suspens\u00e3o de inser\u00e7\u00f5es de propaganda veiculadas pela coliga\u00e7\u00e3o advers\u00e1ria &#8220;Pra Fazer o Futuro Acontecer&#8221;. A decis\u00e3o, proferida nesta quinta-feira (26) pelo juiz eleitoral Roque Ruy de Ara\u00fajo, apontou [&hellip;]","og_url":"https:\/\/portalmf.com.br\/index.php\/2024\/09\/27\/justica-eleitoral-determina-imediata-suspensao-de-propaganda-com-informacoes-inveridicas-sobre-jose-ronaldo\/","og_site_name":"Portal MF","article_author":"https:\/\/www.facebook.com\/portalmfoficial","article_published_time":"2024-09-27T16:44:33+00:00","article_modified_time":"2024-09-27T16:44:34+00:00","og_image":[{"width":1170,"height":700,"url":"https:\/\/portalmf.com.br\/wp-content\/uploads\/2022\/10\/urna-eletronica.jpg","type":"image\/jpeg"}],"author":"Reda\u00e7\u00e3o Portal MF","twitter_card":"summary_large_image","twitter_creator":"@https:\/\/x.com\/portalmfoficial","twitter_misc":{"Escrito por":"Reda\u00e7\u00e3o Portal MF","Est. tempo de leitura":"2 minutos"},"schema":{"@context":"https:\/\/schema.org","@graph":[{"@type":"WebPage","@id":"https:\/\/portalmf.com.br\/index.php\/2024\/09\/27\/justica-eleitoral-determina-imediata-suspensao-de-propaganda-com-informacoes-inveridicas-sobre-jose-ronaldo\/","url":"https:\/\/portalmf.com.br\/index.php\/2024\/09\/27\/justica-eleitoral-determina-imediata-suspensao-de-propaganda-com-informacoes-inveridicas-sobre-jose-ronaldo\/","name":"Justi\u00e7a Eleitoral determina imediata suspens\u00e3o de propaganda com informa\u00e7\u00f5es inver\u00eddicas sobre Jos\u00e9 Ronaldo - Portal MF","isPartOf":{"@id":"https:\/\/portalmf.com.br\/#website"},"primaryImageOfPage":{"@id":"https:\/\/portalmf.com.br\/index.php\/2024\/09\/27\/justica-eleitoral-determina-imediata-suspensao-de-propaganda-com-informacoes-inveridicas-sobre-jose-ronaldo\/#primaryimage"},"image":{"@id":"https:\/\/portalmf.com.br\/index.php\/2024\/09\/27\/justica-eleitoral-determina-imediata-suspensao-de-propaganda-com-informacoes-inveridicas-sobre-jose-ronaldo\/#primaryimage"},"thumbnailUrl":"https:\/\/portalmf.com.br\/wp-content\/uploads\/2022\/10\/urna-eletronica.jpg","datePublished":"2024-09-27T16:44:33+00:00","dateModified":"2024-09-27T16:44:34+00:00","author":{"@id":"https:\/\/portalmf.com.br\/#\/schema\/person\/9ec101baf56233e53520c26de5d6f6f0"},"breadcrumb":{"@id":"https:\/\/portalmf.com.br\/index.php\/2024\/09\/27\/justica-eleitoral-determina-imediata-suspensao-de-propaganda-com-informacoes-inveridicas-sobre-jose-ronaldo\/#breadcrumb"},"inLanguage":"pt-BR","potentialAction":[{"@type":"ReadAction","target":["https:\/\/portalmf.com.br\/index.php\/2024\/09\/27\/justica-eleitoral-determina-imediata-suspensao-de-propaganda-com-informacoes-inveridicas-sobre-jose-ronaldo\/"]}]},{"@type":"ImageObject","inLanguage":"pt-BR","@id":"https:\/\/portalmf.com.br\/index.php\/2024\/09\/27\/justica-eleitoral-determina-imediata-suspensao-de-propaganda-com-informacoes-inveridicas-sobre-jose-ronaldo\/#primaryimage","url":"https:\/\/portalmf.com.br\/wp-content\/uploads\/2022\/10\/urna-eletronica.jpg","contentUrl":"https:\/\/portalmf.com.br\/wp-content\/uploads\/2022\/10\/urna-eletronica.jpg","width":1170,"height":700,"caption":"TSE - Tribunal Superior Eleitoral Urna eletr\u00f4nica"},{"@type":"BreadcrumbList","@id":"https:\/\/portalmf.com.br\/index.php\/2024\/09\/27\/justica-eleitoral-determina-imediata-suspensao-de-propaganda-com-informacoes-inveridicas-sobre-jose-ronaldo\/#breadcrumb","itemListElement":[{"@type":"ListItem","position":1,"name":"In\u00edcio","item":"https:\/\/portalmf.com.br\/"},{"@type":"ListItem","position":2,"name":"Justi\u00e7a Eleitoral determina imediata suspens\u00e3o de propaganda com informa\u00e7\u00f5es inver\u00eddicas sobre Jos\u00e9 Ronaldo"}]},{"@type":"WebSite","@id":"https:\/\/portalmf.com.br\/#website","url":"https:\/\/portalmf.com.br\/","name":"Portal MF","description":"Voc\u00ea conectado com a informa\u00e7\u00e3o","potentialAction":[{"@type":"SearchAction","target":{"@type":"EntryPoint","urlTemplate":"https:\/\/portalmf.com.br\/?s={search_term_string}"},"query-input":"required name=search_term_string"}],"inLanguage":"pt-BR"},{"@type":"Person","@id":"https:\/\/portalmf.com.br\/#\/schema\/person\/9ec101baf56233e53520c26de5d6f6f0","name":"Reda\u00e7\u00e3o Portal MF","image":{"@type":"ImageObject","inLanguage":"pt-BR","@id":"https:\/\/portalmf.com.br\/#\/schema\/person\/image\/","url":"https:\/\/secure.gravatar.com\/avatar\/41b9aaeb2100835f7c64362330f74c7f?s=96&d=mm&r=g","contentUrl":"https:\/\/secure.gravatar.com\/avatar\/41b9aaeb2100835f7c64362330f74c7f?s=96&d=mm&r=g","caption":"Reda\u00e7\u00e3o Portal MF"},"description":"Sejam bem-vindos o portal de informa\u00e7\u00f5es de entretenimento de Feira de Santana, desde 2006 realiza coberturas dos principais eventos com entrevistas exclusivas com as principais personalidades mundiais. Fique conectado tamb\u00e9m nas redes sociais.","sameAs":["http:\/\/www.portalmf.com.br\/","https:\/\/www.facebook.com\/portalmfoficial","https:\/\/www.instagram.com\/portalmf\/","https:\/\/x.com\/https:\/\/x.com\/portalmfoficial","https:\/\/www.youtube.com\/@portalmfoficial"],"url":"https:\/\/portalmf.com.br\/index.php\/author\/junior\/"}]}},"_links":{"self":[{"href":"https:\/\/portalmf.com.br\/index.php\/wp-json\/wp\/v2\/posts\/30265"}],"collection":[{"href":"https:\/\/portalmf.com.br\/index.php\/wp-json\/wp\/v2\/posts"}],"about":[{"href":"https:\/\/portalmf.com.br\/index.php\/wp-json\/wp\/v2\/types\/post"}],"author":[{"embeddable":true,"href":"https:\/\/portalmf.com.br\/index.php\/wp-json\/wp\/v2\/users\/3"}],"replies":[{"embeddable":true,"href":"https:\/\/portalmf.com.br\/index.php\/wp-json\/wp\/v2\/comments?post=30265"}],"version-history":[{"count":1,"href":"https:\/\/portalmf.com.br\/index.php\/wp-json\/wp\/v2\/posts\/30265\/revisions"}],"predecessor-version":[{"id":30266,"href":"https:\/\/portalmf.com.br\/index.php\/wp-json\/wp\/v2\/posts\/30265\/revisions\/30266"}],"wp:featuredmedia":[{"embeddable":true,"href":"https:\/\/portalmf.com.br\/index.php\/wp-json\/wp\/v2\/media\/5531"}],"wp:attachment":[{"href":"https:\/\/portalmf.com.br\/index.php\/wp-json\/wp\/v2\/media?parent=30265"}],"wp:term":[{"taxonomy":"category","embeddable":true,"href":"https:\/\/portalmf.com.br\/index.php\/wp-json\/wp\/v2\/categories?post=30265"},{"taxonomy":"post_tag","embeddable":true,"href":"https:\/\/portalmf.com.br\/index.php\/wp-json\/wp\/v2\/tags?post=30265"}],"curies":[{"name":"wp","href":"https:\/\/api.w.org\/{rel}","templated":true}]}}