{"id":3026,"date":"2022-08-15T14:51:38","date_gmt":"2022-08-15T17:51:38","guid":{"rendered":"http:\/\/portalmf.com.br\/?p=3026"},"modified":"2022-08-15T14:51:40","modified_gmt":"2022-08-15T17:51:40","slug":"os-baianos-perceberam-que-chegou-a-hora-de-dar-oportunidade-para-outras-pessoas-que-podem-resolver-problemas-antigos-diz-acm-neto","status":"publish","type":"post","link":"https:\/\/portalmf.com.br\/index.php\/2022\/08\/15\/os-baianos-perceberam-que-chegou-a-hora-de-dar-oportunidade-para-outras-pessoas-que-podem-resolver-problemas-antigos-diz-acm-neto\/","title":{"rendered":"\u201dOs baianos perceberam que chegou a hora de dar oportunidade para outras pessoas que podem resolver problemas antigos\u201d, diz ACM Neto"},"content":{"rendered":"\n<p>O candidato ACM Neto (Uni\u00e3o Brasil) afirmou nesta segunda-feira (15) que est\u00e1 muito otimista, \u201csem tirar os p\u00e9s do ch\u00e3o\u201d, na conquista de uma grande vit\u00f3ria no pr\u00f3ximo dia 2 de outubro. \u201cO que estou vendo e vivendo nas viagens pelo interior me d\u00e1 ainda mais \u00e2nimo e g\u00e1s porque os baianos perceberam que \u00e9 hora de mudar e dar oportunidade para outras pessoas que podem resolver problemas antigos\u201d, afirmou o ex-prefeito de Salvador, em entrevista \u00e0 Nova Brasil FM.<\/p>\n\n\n\n<p>Depois de percorrer 220 cidades desde janeiro do ano passado, Neto anunciou que vai intensificar o ritmo na reta final da campanha. \u201cEstava fazendo, em m\u00e9dia, 15 munic\u00edpios por semana. Agora, ser\u00e3o 20\u201d. Perguntando sobre os 16 anos do PT \u00e0 frente do governo da Bahia, Neto disse que o partido fracassou nas \u00e1reas essenciais. <em>\u201cDezesseis anos poderiam n\u00e3o ser muito tempo se o nosso estado estivesse em outro patamar. Mas, infelizmente, o PT colocou a Bahia na lideran\u00e7a em homic\u00eddios e n\u00famero de desempregados, no drama da regula\u00e7\u00e3o e em \u00faltimo lugar na educa\u00e7\u00e3o. Eles tiveram 16 anos para resolver, e nada fizeram. Pelo contr\u00e1rio, pioraram os nossos \u00edndices\u201d,<\/em> disse ACM Neto.<\/p>\n\n\n\n<p>Durante a entrevista, o ex-prefeito de Salvador responsabilizou o governador Rui Costa e o senador Jaques Wagner pelo aumento da criminalidade no estado<em>. \u201cSe eu ganhar as elei\u00e7\u00f5es, n\u00e3o vou terceirizar as responsabilidades, como fizeram Rui Costa e Jaques Wagner. Pelo contr\u00e1rio: vou encarar o problema de frente, combater os bandidos, construir pres\u00eddios de seguran\u00e7a m\u00e1xima, fazer concurso para aumentar o efetivo policial e cortar a comunica\u00e7\u00e3o dos detentos com a vida externa\u201d.<\/em><\/p>\n\n\n\n<p>Sobre a educa\u00e7\u00e3o, o candidato do Uni\u00e3o Brasil prometeu v\u00e1rias a\u00e7\u00f5es para melhorar os \u00edndices. <em>\u201cEu n\u00e3o aceito a Bahia ser campe\u00e3 em analfabetismo e \u00faltimo lugar no ensino m\u00e9dio. Ent\u00e3o, para acabar com esta heran\u00e7a do PT, vou utilizar parte de um fundo que a Bahia ganhou para fazer a\u00e7\u00f5es conjuntas com os munic\u00edpios, vou premiar com recursos adicionais as prefeituras que tiverem melhor desempenho, vou dar um tablete para cada aluno, oferecer cursos de qualifica\u00e7\u00e3o para os professores e levar empreendedorismo e empregabilidade para a rede estadual\u201d.<\/em><\/p>\n\n\n\n<p>\u00c0 Nova Brasil FM, ACM Neto tamb\u00e9m falou de alguns projetos para a sa\u00fade<em>. \u201cOs baianos podem ter certeza que vou acabar com a fila da regula\u00e7\u00e3o e \u2018tapar buracos assistenciais\u2019 com a constru\u00e7\u00e3o de hospitais. Tamb\u00e9m pretendo fazer parcerias com munic\u00edpios para transformar unidades que est\u00e3o funcionando em micro hospitais regionais\u201d.<\/em><\/p>\n\n\n\n<p>Neto tamb\u00e9m voltou a falar que est\u00e1 preparado para governar a Bahia com qualquer presidente escolhido pelos brasileiros. \u201c<em>Em vez de palavras bonitas, eu trago o meu jeito de agir, o meu jeito de governar. A melhor resposta para isso \u00e9 o prefeito de Salvador que governou essa cidade por oito anos e se relacionou com tr\u00eas presidentes diferentes, Dilma, Temer e Bolsonaro, e nenhum deles era do meu partido, cada um com uma corrente e linha de pensamento totalmente distinta. E o que aconteceu? N\u00e3o houve nenhum preju\u00edzo para Salvador, ao contr\u00e1rio, fizemos o melhor governo do Brasil e transformamos a capital. E isso aconteceu porque tenho experi\u00eancia e esp\u00edrito p\u00fablico, n\u00e3o estou surgindo agora. Pra mim \u00e9 assim: passou a elei\u00e7\u00e3o, vira a p\u00e1gina. Vamos olhar para a frente. Se eu ganhar a elei\u00e7\u00e3o, n\u00e3o vou pedir o t\u00edtulo de eleitor para saber se a pessoa votou em mim ou n\u00e3o, tenho a obriga\u00e7\u00e3o de trabalhar para todo mundo\u201d,<\/em> concluiu Neto.<\/p>\n\n\n\n<figure class=\"wp-block-embed is-type-video is-provider-youtube wp-block-embed-youtube wp-embed-aspect-4-3 wp-has-aspect-ratio\"><div class=\"wp-block-embed__wrapper\">\n<iframe title=\"Ao Vivo: Nova Manh\u00e3 - Salvador - 15\/08\/2022\" width=\"696\" height=\"392\" src=\"https:\/\/www.youtube.com\/embed\/DgJSU5AbjbU?start=1979&#038;feature=oembed\" frameborder=\"0\" allow=\"accelerometer; autoplay; clipboard-write; encrypted-media; gyroscope; picture-in-picture; web-share\" allowfullscreen><\/iframe>\n<\/div><\/figure>\n","protected":false},"excerpt":{"rendered":"<p>O candidato ACM Neto (Uni\u00e3o Brasil) afirmou nesta segunda-feira (15) que est\u00e1 muito otimista, \u201csem tirar os p\u00e9s do ch\u00e3o\u201d, na conquista de uma grande vit\u00f3ria no pr\u00f3ximo dia 2 de outubro. \u201cO que estou vendo e vivendo nas viagens pelo interior me d\u00e1 ainda mais \u00e2nimo e g\u00e1s porque os baianos perceberam que \u00e9 [&hellip;]<\/p>\n","protected":false},"author":2,"featured_media":3027,"comment_status":"open","ping_status":"open","sticky":false,"template":"","format":"standard","meta":{"_monsterinsights_skip_tracking":false,"_monsterinsights_sitenote_active":false,"_monsterinsights_sitenote_note":"","_monsterinsights_sitenote_category":0,"footnotes":""},"categories":[34],"tags":[],"yoast_head":"<!-- This site is optimized with the Yoast SEO plugin v22.9 - https:\/\/yoast.com\/wordpress\/plugins\/seo\/ -->\n<title>\u201dOs baianos perceberam que chegou a hora de dar oportunidade para outras pessoas que podem resolver problemas antigos\u201d, diz ACM Neto - Portal MF<\/title>\n<meta name=\"robots\" content=\"index, follow, max-snippet:-1, max-image-preview:large, max-video-preview:-1\" \/>\n<link rel=\"canonical\" href=\"https:\/\/portalmf.com.br\/index.php\/2022\/08\/15\/os-baianos-perceberam-que-chegou-a-hora-de-dar-oportunidade-para-outras-pessoas-que-podem-resolver-problemas-antigos-diz-acm-neto\/\" \/>\n<meta property=\"og:locale\" content=\"pt_BR\" \/>\n<meta property=\"og:type\" content=\"article\" \/>\n<meta property=\"og:title\" content=\"\u201dOs baianos perceberam que chegou a hora de dar oportunidade para outras pessoas que podem resolver problemas antigos\u201d, diz ACM Neto - Portal MF\" \/>\n<meta property=\"og:description\" content=\"O candidato ACM Neto (Uni\u00e3o Brasil) afirmou nesta segunda-feira (15) que est\u00e1 muito otimista, \u201csem tirar os p\u00e9s do ch\u00e3o\u201d, na conquista de uma grande vit\u00f3ria no pr\u00f3ximo dia 2 de outubro. \u201cO que estou vendo e vivendo nas viagens pelo interior me d\u00e1 ainda mais \u00e2nimo e g\u00e1s porque os baianos perceberam que \u00e9 [&hellip;]\" \/>\n<meta property=\"og:url\" content=\"https:\/\/portalmf.com.br\/index.php\/2022\/08\/15\/os-baianos-perceberam-que-chegou-a-hora-de-dar-oportunidade-para-outras-pessoas-que-podem-resolver-problemas-antigos-diz-acm-neto\/\" \/>\n<meta property=\"og:site_name\" content=\"Portal MF\" \/>\n<meta property=\"article:author\" content=\"reginaldojrfsa\" \/>\n<meta property=\"article:published_time\" content=\"2022-08-15T17:51:38+00:00\" \/>\n<meta property=\"article:modified_time\" content=\"2022-08-15T17:51:40+00:00\" \/>\n<meta property=\"og:image\" content=\"https:\/\/portalmf.com.br\/wp-content\/uploads\/2022\/08\/WhatsApp-Image-2022-08-15-at-12.31.06.jpeg\" \/>\n\t<meta property=\"og:image:width\" content=\"1024\" \/>\n\t<meta property=\"og:image:height\" content=\"576\" \/>\n\t<meta property=\"og:image:type\" content=\"image\/jpeg\" \/>\n<meta name=\"author\" content=\"Reginaldo J\u00fanior\" \/>\n<meta name=\"twitter:card\" content=\"summary_large_image\" \/>\n<meta name=\"twitter:creator\" content=\"@reginaldojrmf\" \/>\n<meta name=\"twitter:label1\" content=\"Escrito por\" \/>\n\t<meta name=\"twitter:data1\" content=\"Reginaldo J\u00fanior\" \/>\n\t<meta name=\"twitter:label2\" content=\"Est. tempo de leitura\" \/>\n\t<meta name=\"twitter:data2\" content=\"4 minutos\" \/>\n<script type=\"application\/ld+json\" class=\"yoast-schema-graph\">{\"@context\":\"https:\/\/schema.org\",\"@graph\":[{\"@type\":\"WebPage\",\"@id\":\"https:\/\/portalmf.com.br\/index.php\/2022\/08\/15\/os-baianos-perceberam-que-chegou-a-hora-de-dar-oportunidade-para-outras-pessoas-que-podem-resolver-problemas-antigos-diz-acm-neto\/\",\"url\":\"https:\/\/portalmf.com.br\/index.php\/2022\/08\/15\/os-baianos-perceberam-que-chegou-a-hora-de-dar-oportunidade-para-outras-pessoas-que-podem-resolver-problemas-antigos-diz-acm-neto\/\",\"name\":\"\u201dOs baianos perceberam que chegou a hora de dar oportunidade para outras pessoas que podem resolver problemas antigos\u201d, diz ACM Neto - Portal MF\",\"isPartOf\":{\"@id\":\"https:\/\/portalmf.com.br\/#website\"},\"primaryImageOfPage\":{\"@id\":\"https:\/\/portalmf.com.br\/index.php\/2022\/08\/15\/os-baianos-perceberam-que-chegou-a-hora-de-dar-oportunidade-para-outras-pessoas-que-podem-resolver-problemas-antigos-diz-acm-neto\/#primaryimage\"},\"image\":{\"@id\":\"https:\/\/portalmf.com.br\/index.php\/2022\/08\/15\/os-baianos-perceberam-que-chegou-a-hora-de-dar-oportunidade-para-outras-pessoas-que-podem-resolver-problemas-antigos-diz-acm-neto\/#primaryimage\"},\"thumbnailUrl\":\"https:\/\/portalmf.com.br\/wp-content\/uploads\/2022\/08\/WhatsApp-Image-2022-08-15-at-12.31.06.jpeg\",\"datePublished\":\"2022-08-15T17:51:38+00:00\",\"dateModified\":\"2022-08-15T17:51:40+00:00\",\"author\":{\"@id\":\"https:\/\/portalmf.com.br\/#\/schema\/person\/11c82086fe8abc05a19147e964587285\"},\"breadcrumb\":{\"@id\":\"https:\/\/portalmf.com.br\/index.php\/2022\/08\/15\/os-baianos-perceberam-que-chegou-a-hora-de-dar-oportunidade-para-outras-pessoas-que-podem-resolver-problemas-antigos-diz-acm-neto\/#breadcrumb\"},\"inLanguage\":\"pt-BR\",\"potentialAction\":[{\"@type\":\"ReadAction\",\"target\":[\"https:\/\/portalmf.com.br\/index.php\/2022\/08\/15\/os-baianos-perceberam-que-chegou-a-hora-de-dar-oportunidade-para-outras-pessoas-que-podem-resolver-problemas-antigos-diz-acm-neto\/\"]}]},{\"@type\":\"ImageObject\",\"inLanguage\":\"pt-BR\",\"@id\":\"https:\/\/portalmf.com.br\/index.php\/2022\/08\/15\/os-baianos-perceberam-que-chegou-a-hora-de-dar-oportunidade-para-outras-pessoas-que-podem-resolver-problemas-antigos-diz-acm-neto\/#primaryimage\",\"url\":\"https:\/\/portalmf.com.br\/wp-content\/uploads\/2022\/08\/WhatsApp-Image-2022-08-15-at-12.31.06.jpeg\",\"contentUrl\":\"https:\/\/portalmf.com.br\/wp-content\/uploads\/2022\/08\/WhatsApp-Image-2022-08-15-at-12.31.06.jpeg\",\"width\":1024,\"height\":576},{\"@type\":\"BreadcrumbList\",\"@id\":\"https:\/\/portalmf.com.br\/index.php\/2022\/08\/15\/os-baianos-perceberam-que-chegou-a-hora-de-dar-oportunidade-para-outras-pessoas-que-podem-resolver-problemas-antigos-diz-acm-neto\/#breadcrumb\",\"itemListElement\":[{\"@type\":\"ListItem\",\"position\":1,\"name\":\"In\u00edcio\",\"item\":\"https:\/\/portalmf.com.br\/\"},{\"@type\":\"ListItem\",\"position\":2,\"name\":\"\u201dOs baianos perceberam que chegou a hora de dar oportunidade para outras pessoas que podem resolver problemas antigos\u201d, diz ACM Neto\"}]},{\"@type\":\"WebSite\",\"@id\":\"https:\/\/portalmf.com.br\/#website\",\"url\":\"https:\/\/portalmf.com.br\/\",\"name\":\"Portal MF\",\"description\":\"Voc\u00ea conectado com a informa\u00e7\u00e3o\",\"potentialAction\":[{\"@type\":\"SearchAction\",\"target\":{\"@type\":\"EntryPoint\",\"urlTemplate\":\"https:\/\/portalmf.com.br\/?s={search_term_string}\"},\"query-input\":\"required name=search_term_string\"}],\"inLanguage\":\"pt-BR\"},{\"@type\":\"Person\",\"@id\":\"https:\/\/portalmf.com.br\/#\/schema\/person\/11c82086fe8abc05a19147e964587285\",\"name\":\"Reginaldo J\u00fanior\",\"image\":{\"@type\":\"ImageObject\",\"inLanguage\":\"pt-BR\",\"@id\":\"https:\/\/portalmf.com.br\/#\/schema\/person\/image\/\",\"url\":\"https:\/\/secure.gravatar.com\/avatar\/32a3c797cd0ac47cc53b8644c62776f9?s=96&d=mm&r=g\",\"contentUrl\":\"https:\/\/secure.gravatar.com\/avatar\/32a3c797cd0ac47cc53b8644c62776f9?s=96&d=mm&r=g\",\"caption\":\"Reginaldo J\u00fanior\"},\"description\":\"Jornalista e idealizador Portal MF\",\"sameAs\":[\"https:\/\/portalmf.com.br\/index.php\/author\/reginaldojr\/\",\"reginaldojrfsa\",\"reginaldojuniormf\",\"https:\/\/x.com\/reginaldojrmf\"],\"url\":\"https:\/\/portalmf.com.br\/index.php\/author\/reginaldojr\/\"}]}<\/script>\n<!-- \/ Yoast SEO plugin. -->","yoast_head_json":{"title":"\u201dOs baianos perceberam que chegou a hora de dar oportunidade para outras pessoas que podem resolver problemas antigos\u201d, diz ACM Neto - Portal MF","robots":{"index":"index","follow":"follow","max-snippet":"max-snippet:-1","max-image-preview":"max-image-preview:large","max-video-preview":"max-video-preview:-1"},"canonical":"https:\/\/portalmf.com.br\/index.php\/2022\/08\/15\/os-baianos-perceberam-que-chegou-a-hora-de-dar-oportunidade-para-outras-pessoas-que-podem-resolver-problemas-antigos-diz-acm-neto\/","og_locale":"pt_BR","og_type":"article","og_title":"\u201dOs baianos perceberam que chegou a hora de dar oportunidade para outras pessoas que podem resolver problemas antigos\u201d, diz ACM Neto - Portal MF","og_description":"O candidato ACM Neto (Uni\u00e3o Brasil) afirmou nesta segunda-feira (15) que est\u00e1 muito otimista, \u201csem tirar os p\u00e9s do ch\u00e3o\u201d, na conquista de uma grande vit\u00f3ria no pr\u00f3ximo dia 2 de outubro. \u201cO que estou vendo e vivendo nas viagens pelo interior me d\u00e1 ainda mais \u00e2nimo e g\u00e1s porque os baianos perceberam que \u00e9 [&hellip;]","og_url":"https:\/\/portalmf.com.br\/index.php\/2022\/08\/15\/os-baianos-perceberam-que-chegou-a-hora-de-dar-oportunidade-para-outras-pessoas-que-podem-resolver-problemas-antigos-diz-acm-neto\/","og_site_name":"Portal MF","article_author":"reginaldojrfsa","article_published_time":"2022-08-15T17:51:38+00:00","article_modified_time":"2022-08-15T17:51:40+00:00","og_image":[{"width":1024,"height":576,"url":"https:\/\/portalmf.com.br\/wp-content\/uploads\/2022\/08\/WhatsApp-Image-2022-08-15-at-12.31.06.jpeg","type":"image\/jpeg"}],"author":"Reginaldo J\u00fanior","twitter_card":"summary_large_image","twitter_creator":"@reginaldojrmf","twitter_misc":{"Escrito por":"Reginaldo J\u00fanior","Est. tempo de leitura":"4 minutos"},"schema":{"@context":"https:\/\/schema.org","@graph":[{"@type":"WebPage","@id":"https:\/\/portalmf.com.br\/index.php\/2022\/08\/15\/os-baianos-perceberam-que-chegou-a-hora-de-dar-oportunidade-para-outras-pessoas-que-podem-resolver-problemas-antigos-diz-acm-neto\/","url":"https:\/\/portalmf.com.br\/index.php\/2022\/08\/15\/os-baianos-perceberam-que-chegou-a-hora-de-dar-oportunidade-para-outras-pessoas-que-podem-resolver-problemas-antigos-diz-acm-neto\/","name":"\u201dOs baianos perceberam que chegou a hora de dar oportunidade para outras pessoas que podem resolver problemas antigos\u201d, diz ACM Neto - Portal MF","isPartOf":{"@id":"https:\/\/portalmf.com.br\/#website"},"primaryImageOfPage":{"@id":"https:\/\/portalmf.com.br\/index.php\/2022\/08\/15\/os-baianos-perceberam-que-chegou-a-hora-de-dar-oportunidade-para-outras-pessoas-que-podem-resolver-problemas-antigos-diz-acm-neto\/#primaryimage"},"image":{"@id":"https:\/\/portalmf.com.br\/index.php\/2022\/08\/15\/os-baianos-perceberam-que-chegou-a-hora-de-dar-oportunidade-para-outras-pessoas-que-podem-resolver-problemas-antigos-diz-acm-neto\/#primaryimage"},"thumbnailUrl":"https:\/\/portalmf.com.br\/wp-content\/uploads\/2022\/08\/WhatsApp-Image-2022-08-15-at-12.31.06.jpeg","datePublished":"2022-08-15T17:51:38+00:00","dateModified":"2022-08-15T17:51:40+00:00","author":{"@id":"https:\/\/portalmf.com.br\/#\/schema\/person\/11c82086fe8abc05a19147e964587285"},"breadcrumb":{"@id":"https:\/\/portalmf.com.br\/index.php\/2022\/08\/15\/os-baianos-perceberam-que-chegou-a-hora-de-dar-oportunidade-para-outras-pessoas-que-podem-resolver-problemas-antigos-diz-acm-neto\/#breadcrumb"},"inLanguage":"pt-BR","potentialAction":[{"@type":"ReadAction","target":["https:\/\/portalmf.com.br\/index.php\/2022\/08\/15\/os-baianos-perceberam-que-chegou-a-hora-de-dar-oportunidade-para-outras-pessoas-que-podem-resolver-problemas-antigos-diz-acm-neto\/"]}]},{"@type":"ImageObject","inLanguage":"pt-BR","@id":"https:\/\/portalmf.com.br\/index.php\/2022\/08\/15\/os-baianos-perceberam-que-chegou-a-hora-de-dar-oportunidade-para-outras-pessoas-que-podem-resolver-problemas-antigos-diz-acm-neto\/#primaryimage","url":"https:\/\/portalmf.com.br\/wp-content\/uploads\/2022\/08\/WhatsApp-Image-2022-08-15-at-12.31.06.jpeg","contentUrl":"https:\/\/portalmf.com.br\/wp-content\/uploads\/2022\/08\/WhatsApp-Image-2022-08-15-at-12.31.06.jpeg","width":1024,"height":576},{"@type":"BreadcrumbList","@id":"https:\/\/portalmf.com.br\/index.php\/2022\/08\/15\/os-baianos-perceberam-que-chegou-a-hora-de-dar-oportunidade-para-outras-pessoas-que-podem-resolver-problemas-antigos-diz-acm-neto\/#breadcrumb","itemListElement":[{"@type":"ListItem","position":1,"name":"In\u00edcio","item":"https:\/\/portalmf.com.br\/"},{"@type":"ListItem","position":2,"name":"\u201dOs baianos perceberam que chegou a hora de dar oportunidade para outras pessoas que podem resolver problemas antigos\u201d, diz ACM Neto"}]},{"@type":"WebSite","@id":"https:\/\/portalmf.com.br\/#website","url":"https:\/\/portalmf.com.br\/","name":"Portal MF","description":"Voc\u00ea conectado com a informa\u00e7\u00e3o","potentialAction":[{"@type":"SearchAction","target":{"@type":"EntryPoint","urlTemplate":"https:\/\/portalmf.com.br\/?s={search_term_string}"},"query-input":"required name=search_term_string"}],"inLanguage":"pt-BR"},{"@type":"Person","@id":"https:\/\/portalmf.com.br\/#\/schema\/person\/11c82086fe8abc05a19147e964587285","name":"Reginaldo J\u00fanior","image":{"@type":"ImageObject","inLanguage":"pt-BR","@id":"https:\/\/portalmf.com.br\/#\/schema\/person\/image\/","url":"https:\/\/secure.gravatar.com\/avatar\/32a3c797cd0ac47cc53b8644c62776f9?s=96&d=mm&r=g","contentUrl":"https:\/\/secure.gravatar.com\/avatar\/32a3c797cd0ac47cc53b8644c62776f9?s=96&d=mm&r=g","caption":"Reginaldo J\u00fanior"},"description":"Jornalista e idealizador Portal MF","sameAs":["https:\/\/portalmf.com.br\/index.php\/author\/reginaldojr\/","reginaldojrfsa","reginaldojuniormf","https:\/\/x.com\/reginaldojrmf"],"url":"https:\/\/portalmf.com.br\/index.php\/author\/reginaldojr\/"}]}},"_links":{"self":[{"href":"https:\/\/portalmf.com.br\/index.php\/wp-json\/wp\/v2\/posts\/3026"}],"collection":[{"href":"https:\/\/portalmf.com.br\/index.php\/wp-json\/wp\/v2\/posts"}],"about":[{"href":"https:\/\/portalmf.com.br\/index.php\/wp-json\/wp\/v2\/types\/post"}],"author":[{"embeddable":true,"href":"https:\/\/portalmf.com.br\/index.php\/wp-json\/wp\/v2\/users\/2"}],"replies":[{"embeddable":true,"href":"https:\/\/portalmf.com.br\/index.php\/wp-json\/wp\/v2\/comments?post=3026"}],"version-history":[{"count":1,"href":"https:\/\/portalmf.com.br\/index.php\/wp-json\/wp\/v2\/posts\/3026\/revisions"}],"predecessor-version":[{"id":3028,"href":"https:\/\/portalmf.com.br\/index.php\/wp-json\/wp\/v2\/posts\/3026\/revisions\/3028"}],"wp:featuredmedia":[{"embeddable":true,"href":"https:\/\/portalmf.com.br\/index.php\/wp-json\/wp\/v2\/media\/3027"}],"wp:attachment":[{"href":"https:\/\/portalmf.com.br\/index.php\/wp-json\/wp\/v2\/media?parent=3026"}],"wp:term":[{"taxonomy":"category","embeddable":true,"href":"https:\/\/portalmf.com.br\/index.php\/wp-json\/wp\/v2\/categories?post=3026"},{"taxonomy":"post_tag","embeddable":true,"href":"https:\/\/portalmf.com.br\/index.php\/wp-json\/wp\/v2\/tags?post=3026"}],"curies":[{"name":"wp","href":"https:\/\/api.w.org\/{rel}","templated":true}]}}