{"id":30250,"date":"2024-09-27T12:27:00","date_gmt":"2024-09-27T15:27:00","guid":{"rendered":"https:\/\/portalmf.com.br\/?p=30250"},"modified":"2024-09-27T12:27:00","modified_gmt":"2024-09-27T15:27:00","slug":"feira-vai-fazer-com-ze-neto-esse-ano-o-mesmo-que-a-bahia-fez-com-wagner-em-2006-afirma-deputado-robinson","status":"publish","type":"post","link":"https:\/\/portalmf.com.br\/index.php\/2024\/09\/27\/feira-vai-fazer-com-ze-neto-esse-ano-o-mesmo-que-a-bahia-fez-com-wagner-em-2006-afirma-deputado-robinson\/","title":{"rendered":"&#8220;Feira vai fazer com Z\u00e9 Neto esse ano o mesmo que a Bahia fez com Wagner em 2006&#8242;, afirma deputado Robinson"},"content":{"rendered":"\n<p>O deputado estadual Robinson Almeida (PT) afirmou, nesta sexta-feira (27), que tem observado nas atividades de rua em Feira de Santana que h\u00e1 um forte sentimento de mudan\u00e7a na cidade e cravou que o candidato do PT, Z\u00e9 Neto, na disputa deste ano, vai repetir Jaques Wagner, que em 2006 derrotou o grupo pol\u00edtico do ex-senador Ant\u00f4nio Carlos Magalh\u00e3es, destronando a hegemonia carlista que durava quase tr\u00eas d\u00e9cadas na Bahia. O candidato da Coliga\u00e7\u00e3o Pra Fazer o Futuro Acontecer tem como advers\u00e1rio Z\u00e9 Ronaldo, candidato do Uni\u00e3o Brasil que j\u00e1 administrou Feira de Santana em quatro oportunidades e lidera o grupo que comanda a prefeitura h\u00e1 24 anos.<\/p>\n\n\n\n<p><em>&#8220;O sentimento de mudan\u00e7a toma conta de Feira de Santana. O povo est\u00e1 com uma vontade danada de votar e eleger Z\u00e9 Neto prefeito, o candidato de Lula, que vai libertar a Princesa de uma rela\u00e7\u00e3o abusiva que j\u00e1 dura 24 anos. Percebo que o mesmo sentimento que levou a vit\u00f3ria de Jaques Wagner em 2006 est\u00e1 presente em Feira para consagrar a vit\u00f3ria hist\u00f3rica de Z\u00e9 Neto no pr\u00f3ximo dia 6&#8221;,<\/em> afirmou o petista, que participou ontem (26) \u00e0 noite, ao lado de Z\u00e9 Neto e do candidato a vice-prefeito Sandro Nazireu (Podemos), da Caravana do 13 nos Bairros Irm\u00e3 Dulce e do Tomba.<\/p>\n\n\n\n<p>Na avalia\u00e7\u00e3o de Robinson h\u00e1 &#8220;um grito de liberdade&#8221; preso na garganta da popula\u00e7\u00e3o feirense, que est\u00e1 indignada com o abandono e maltrato da cidade pelo grupo pol\u00edtico liderado pelo prefeito Colbert Martins e pelo candidato do Uni\u00e3o Brasil Z\u00e9 Ronaldo.<\/p>\n\n\n\n<p>&#8220;No Tomba e Irm\u00e3 Dulce testemunhei mais uma vez isso. O sentimento \u00e9 de mudan\u00e7a e uma onda est\u00e1 se formando na cidade,&#8221; afirmou Robinson, enfatizando a mobiliza\u00e7\u00e3o popular em torno do candidato de Lula.<\/p>\n\n\n\n<p>Robinson Almeida tamb\u00e9m criticou a gest\u00e3o Colbert Martins, que, segundo ele, trata Feira de Santana como a <em>&#8220;Rainha do Abandono&#8221;<\/em>. O deputado ainda cutucou o aliado do prefeito, o candidato do Uni\u00e3o Brasil Z\u00e9 Ronaldo.<\/p>\n\n\n\n<p><em>&#8220;Essa dupla \u00e9 a respons\u00e1vel pelo descaso na sa\u00fade, pelo abandono da educa\u00e7\u00e3o, pela aus\u00eancia de investimentos em infraestrutura, em \u00e1reas de lazer, no esporte e no desenvolvimento que fortale\u00e7a a gera\u00e7\u00e3o de emprego e inclus\u00e3o da popula\u00e7\u00e3o&#8221;, <\/em>apontou.<\/p>\n\n\n\n<p>Com informa\u00e7\u00f5es da Ascom \/ Z\u00e9 Neto<\/p>\n\n\n\n<p><em>&#8220;Mas est\u00e1 chegando a hora do povo feirense acabar com essa panelinha que trata Feira de Santana dessa forma. Vamos, junto com o povo, dar um grito de liberdade e construir um novo futuro para a Princesa do Sert\u00e3o, com Z\u00e9 Neto prefeito&#8221;<\/em>, concluiu.<\/p>\n","protected":false},"excerpt":{"rendered":"<p>O deputado estadual Robinson Almeida (PT) afirmou, nesta sexta-feira (27), que tem observado nas atividades de rua em Feira de Santana que h\u00e1 um forte sentimento de mudan\u00e7a na cidade e cravou que o candidato do PT, Z\u00e9 Neto, na disputa deste ano, vai repetir Jaques Wagner, que em 2006 derrotou o grupo pol\u00edtico do [&hellip;]<\/p>\n","protected":false},"author":3,"featured_media":30251,"comment_status":"open","ping_status":"open","sticky":false,"template":"","format":"standard","meta":{"_monsterinsights_skip_tracking":false,"_monsterinsights_sitenote_active":false,"_monsterinsights_sitenote_note":"","_monsterinsights_sitenote_category":0,"footnotes":""},"categories":[301,34],"tags":[],"yoast_head":"<!-- This site is optimized with the Yoast SEO plugin v22.9 - https:\/\/yoast.com\/wordpress\/plugins\/seo\/ -->\n<title>&quot;Feira vai fazer com Z\u00e9 Neto esse ano o mesmo que a Bahia fez com Wagner em 2006&#039;, afirma deputado Robinson - Portal MF<\/title>\n<meta name=\"robots\" content=\"index, follow, max-snippet:-1, max-image-preview:large, max-video-preview:-1\" \/>\n<link rel=\"canonical\" href=\"https:\/\/portalmf.com.br\/index.php\/2024\/09\/27\/feira-vai-fazer-com-ze-neto-esse-ano-o-mesmo-que-a-bahia-fez-com-wagner-em-2006-afirma-deputado-robinson\/\" \/>\n<meta property=\"og:locale\" content=\"pt_BR\" \/>\n<meta property=\"og:type\" content=\"article\" \/>\n<meta property=\"og:title\" content=\"&quot;Feira vai fazer com Z\u00e9 Neto esse ano o mesmo que a Bahia fez com Wagner em 2006&#039;, afirma deputado Robinson - Portal MF\" \/>\n<meta property=\"og:description\" content=\"O deputado estadual Robinson Almeida (PT) afirmou, nesta sexta-feira (27), que tem observado nas atividades de rua em Feira de Santana que h\u00e1 um forte sentimento de mudan\u00e7a na cidade e cravou que o candidato do PT, Z\u00e9 Neto, na disputa deste ano, vai repetir Jaques Wagner, que em 2006 derrotou o grupo pol\u00edtico do [&hellip;]\" \/>\n<meta property=\"og:url\" content=\"https:\/\/portalmf.com.br\/index.php\/2024\/09\/27\/feira-vai-fazer-com-ze-neto-esse-ano-o-mesmo-que-a-bahia-fez-com-wagner-em-2006-afirma-deputado-robinson\/\" \/>\n<meta property=\"og:site_name\" content=\"Portal MF\" \/>\n<meta property=\"article:author\" content=\"https:\/\/www.facebook.com\/portalmfoficial\" \/>\n<meta property=\"article:published_time\" content=\"2024-09-27T15:27:00+00:00\" \/>\n<meta property=\"og:image\" content=\"https:\/\/portalmf.com.br\/wp-content\/uploads\/2024\/09\/Feira-vai-fazer-com-Ze-Neto-esse-ano-o-mesmo-que-a-Bahia-fez-com-Wagner-em-2006-afirma-Robinson.jpg\" \/>\n\t<meta property=\"og:image:width\" content=\"852\" \/>\n\t<meta property=\"og:image:height\" content=\"652\" \/>\n\t<meta property=\"og:image:type\" content=\"image\/jpeg\" \/>\n<meta name=\"author\" content=\"Reda\u00e7\u00e3o Portal MF\" \/>\n<meta name=\"twitter:card\" content=\"summary_large_image\" \/>\n<meta name=\"twitter:creator\" content=\"@https:\/\/x.com\/portalmfoficial\" \/>\n<meta name=\"twitter:label1\" content=\"Escrito por\" \/>\n\t<meta name=\"twitter:data1\" content=\"Reda\u00e7\u00e3o Portal MF\" \/>\n\t<meta name=\"twitter:label2\" content=\"Est. tempo de leitura\" \/>\n\t<meta name=\"twitter:data2\" content=\"3 minutos\" \/>\n<script type=\"application\/ld+json\" class=\"yoast-schema-graph\">{\"@context\":\"https:\/\/schema.org\",\"@graph\":[{\"@type\":\"WebPage\",\"@id\":\"https:\/\/portalmf.com.br\/index.php\/2024\/09\/27\/feira-vai-fazer-com-ze-neto-esse-ano-o-mesmo-que-a-bahia-fez-com-wagner-em-2006-afirma-deputado-robinson\/\",\"url\":\"https:\/\/portalmf.com.br\/index.php\/2024\/09\/27\/feira-vai-fazer-com-ze-neto-esse-ano-o-mesmo-que-a-bahia-fez-com-wagner-em-2006-afirma-deputado-robinson\/\",\"name\":\"\\\"Feira vai fazer com Z\u00e9 Neto esse ano o mesmo que a Bahia fez com Wagner em 2006', afirma deputado Robinson - Portal MF\",\"isPartOf\":{\"@id\":\"https:\/\/portalmf.com.br\/#website\"},\"primaryImageOfPage\":{\"@id\":\"https:\/\/portalmf.com.br\/index.php\/2024\/09\/27\/feira-vai-fazer-com-ze-neto-esse-ano-o-mesmo-que-a-bahia-fez-com-wagner-em-2006-afirma-deputado-robinson\/#primaryimage\"},\"image\":{\"@id\":\"https:\/\/portalmf.com.br\/index.php\/2024\/09\/27\/feira-vai-fazer-com-ze-neto-esse-ano-o-mesmo-que-a-bahia-fez-com-wagner-em-2006-afirma-deputado-robinson\/#primaryimage\"},\"thumbnailUrl\":\"https:\/\/portalmf.com.br\/wp-content\/uploads\/2024\/09\/Feira-vai-fazer-com-Ze-Neto-esse-ano-o-mesmo-que-a-Bahia-fez-com-Wagner-em-2006-afirma-Robinson.jpg\",\"datePublished\":\"2024-09-27T15:27:00+00:00\",\"dateModified\":\"2024-09-27T15:27:00+00:00\",\"author\":{\"@id\":\"https:\/\/portalmf.com.br\/#\/schema\/person\/9ec101baf56233e53520c26de5d6f6f0\"},\"breadcrumb\":{\"@id\":\"https:\/\/portalmf.com.br\/index.php\/2024\/09\/27\/feira-vai-fazer-com-ze-neto-esse-ano-o-mesmo-que-a-bahia-fez-com-wagner-em-2006-afirma-deputado-robinson\/#breadcrumb\"},\"inLanguage\":\"pt-BR\",\"potentialAction\":[{\"@type\":\"ReadAction\",\"target\":[\"https:\/\/portalmf.com.br\/index.php\/2024\/09\/27\/feira-vai-fazer-com-ze-neto-esse-ano-o-mesmo-que-a-bahia-fez-com-wagner-em-2006-afirma-deputado-robinson\/\"]}]},{\"@type\":\"ImageObject\",\"inLanguage\":\"pt-BR\",\"@id\":\"https:\/\/portalmf.com.br\/index.php\/2024\/09\/27\/feira-vai-fazer-com-ze-neto-esse-ano-o-mesmo-que-a-bahia-fez-com-wagner-em-2006-afirma-deputado-robinson\/#primaryimage\",\"url\":\"https:\/\/portalmf.com.br\/wp-content\/uploads\/2024\/09\/Feira-vai-fazer-com-Ze-Neto-esse-ano-o-mesmo-que-a-Bahia-fez-com-Wagner-em-2006-afirma-Robinson.jpg\",\"contentUrl\":\"https:\/\/portalmf.com.br\/wp-content\/uploads\/2024\/09\/Feira-vai-fazer-com-Ze-Neto-esse-ano-o-mesmo-que-a-Bahia-fez-com-Wagner-em-2006-afirma-Robinson.jpg\",\"width\":852,\"height\":652},{\"@type\":\"BreadcrumbList\",\"@id\":\"https:\/\/portalmf.com.br\/index.php\/2024\/09\/27\/feira-vai-fazer-com-ze-neto-esse-ano-o-mesmo-que-a-bahia-fez-com-wagner-em-2006-afirma-deputado-robinson\/#breadcrumb\",\"itemListElement\":[{\"@type\":\"ListItem\",\"position\":1,\"name\":\"In\u00edcio\",\"item\":\"https:\/\/portalmf.com.br\/\"},{\"@type\":\"ListItem\",\"position\":2,\"name\":\"&#8220;Feira vai fazer com Z\u00e9 Neto esse ano o mesmo que a Bahia fez com Wagner em 2006&#8242;, afirma deputado Robinson\"}]},{\"@type\":\"WebSite\",\"@id\":\"https:\/\/portalmf.com.br\/#website\",\"url\":\"https:\/\/portalmf.com.br\/\",\"name\":\"Portal MF\",\"description\":\"Voc\u00ea conectado com a informa\u00e7\u00e3o\",\"potentialAction\":[{\"@type\":\"SearchAction\",\"target\":{\"@type\":\"EntryPoint\",\"urlTemplate\":\"https:\/\/portalmf.com.br\/?s={search_term_string}\"},\"query-input\":\"required name=search_term_string\"}],\"inLanguage\":\"pt-BR\"},{\"@type\":\"Person\",\"@id\":\"https:\/\/portalmf.com.br\/#\/schema\/person\/9ec101baf56233e53520c26de5d6f6f0\",\"name\":\"Reda\u00e7\u00e3o Portal MF\",\"image\":{\"@type\":\"ImageObject\",\"inLanguage\":\"pt-BR\",\"@id\":\"https:\/\/portalmf.com.br\/#\/schema\/person\/image\/\",\"url\":\"https:\/\/secure.gravatar.com\/avatar\/41b9aaeb2100835f7c64362330f74c7f?s=96&d=mm&r=g\",\"contentUrl\":\"https:\/\/secure.gravatar.com\/avatar\/41b9aaeb2100835f7c64362330f74c7f?s=96&d=mm&r=g\",\"caption\":\"Reda\u00e7\u00e3o Portal MF\"},\"description\":\"Sejam bem-vindos o portal de informa\u00e7\u00f5es de entretenimento de Feira de Santana, desde 2006 realiza coberturas dos principais eventos com entrevistas exclusivas com as principais personalidades mundiais. Fique conectado tamb\u00e9m nas redes sociais.\",\"sameAs\":[\"http:\/\/www.portalmf.com.br\/\",\"https:\/\/www.facebook.com\/portalmfoficial\",\"https:\/\/www.instagram.com\/portalmf\/\",\"https:\/\/x.com\/https:\/\/x.com\/portalmfoficial\",\"https:\/\/www.youtube.com\/@portalmfoficial\"],\"url\":\"https:\/\/portalmf.com.br\/index.php\/author\/junior\/\"}]}<\/script>\n<!-- \/ Yoast SEO plugin. -->","yoast_head_json":{"title":"\"Feira vai fazer com Z\u00e9 Neto esse ano o mesmo que a Bahia fez com Wagner em 2006', afirma deputado Robinson - Portal MF","robots":{"index":"index","follow":"follow","max-snippet":"max-snippet:-1","max-image-preview":"max-image-preview:large","max-video-preview":"max-video-preview:-1"},"canonical":"https:\/\/portalmf.com.br\/index.php\/2024\/09\/27\/feira-vai-fazer-com-ze-neto-esse-ano-o-mesmo-que-a-bahia-fez-com-wagner-em-2006-afirma-deputado-robinson\/","og_locale":"pt_BR","og_type":"article","og_title":"\"Feira vai fazer com Z\u00e9 Neto esse ano o mesmo que a Bahia fez com Wagner em 2006', afirma deputado Robinson - Portal MF","og_description":"O deputado estadual Robinson Almeida (PT) afirmou, nesta sexta-feira (27), que tem observado nas atividades de rua em Feira de Santana que h\u00e1 um forte sentimento de mudan\u00e7a na cidade e cravou que o candidato do PT, Z\u00e9 Neto, na disputa deste ano, vai repetir Jaques Wagner, que em 2006 derrotou o grupo pol\u00edtico do [&hellip;]","og_url":"https:\/\/portalmf.com.br\/index.php\/2024\/09\/27\/feira-vai-fazer-com-ze-neto-esse-ano-o-mesmo-que-a-bahia-fez-com-wagner-em-2006-afirma-deputado-robinson\/","og_site_name":"Portal MF","article_author":"https:\/\/www.facebook.com\/portalmfoficial","article_published_time":"2024-09-27T15:27:00+00:00","og_image":[{"width":852,"height":652,"url":"https:\/\/portalmf.com.br\/wp-content\/uploads\/2024\/09\/Feira-vai-fazer-com-Ze-Neto-esse-ano-o-mesmo-que-a-Bahia-fez-com-Wagner-em-2006-afirma-Robinson.jpg","type":"image\/jpeg"}],"author":"Reda\u00e7\u00e3o Portal MF","twitter_card":"summary_large_image","twitter_creator":"@https:\/\/x.com\/portalmfoficial","twitter_misc":{"Escrito por":"Reda\u00e7\u00e3o Portal MF","Est. tempo de leitura":"3 minutos"},"schema":{"@context":"https:\/\/schema.org","@graph":[{"@type":"WebPage","@id":"https:\/\/portalmf.com.br\/index.php\/2024\/09\/27\/feira-vai-fazer-com-ze-neto-esse-ano-o-mesmo-que-a-bahia-fez-com-wagner-em-2006-afirma-deputado-robinson\/","url":"https:\/\/portalmf.com.br\/index.php\/2024\/09\/27\/feira-vai-fazer-com-ze-neto-esse-ano-o-mesmo-que-a-bahia-fez-com-wagner-em-2006-afirma-deputado-robinson\/","name":"\"Feira vai fazer com Z\u00e9 Neto esse ano o mesmo que a Bahia fez com Wagner em 2006', afirma deputado Robinson - Portal MF","isPartOf":{"@id":"https:\/\/portalmf.com.br\/#website"},"primaryImageOfPage":{"@id":"https:\/\/portalmf.com.br\/index.php\/2024\/09\/27\/feira-vai-fazer-com-ze-neto-esse-ano-o-mesmo-que-a-bahia-fez-com-wagner-em-2006-afirma-deputado-robinson\/#primaryimage"},"image":{"@id":"https:\/\/portalmf.com.br\/index.php\/2024\/09\/27\/feira-vai-fazer-com-ze-neto-esse-ano-o-mesmo-que-a-bahia-fez-com-wagner-em-2006-afirma-deputado-robinson\/#primaryimage"},"thumbnailUrl":"https:\/\/portalmf.com.br\/wp-content\/uploads\/2024\/09\/Feira-vai-fazer-com-Ze-Neto-esse-ano-o-mesmo-que-a-Bahia-fez-com-Wagner-em-2006-afirma-Robinson.jpg","datePublished":"2024-09-27T15:27:00+00:00","dateModified":"2024-09-27T15:27:00+00:00","author":{"@id":"https:\/\/portalmf.com.br\/#\/schema\/person\/9ec101baf56233e53520c26de5d6f6f0"},"breadcrumb":{"@id":"https:\/\/portalmf.com.br\/index.php\/2024\/09\/27\/feira-vai-fazer-com-ze-neto-esse-ano-o-mesmo-que-a-bahia-fez-com-wagner-em-2006-afirma-deputado-robinson\/#breadcrumb"},"inLanguage":"pt-BR","potentialAction":[{"@type":"ReadAction","target":["https:\/\/portalmf.com.br\/index.php\/2024\/09\/27\/feira-vai-fazer-com-ze-neto-esse-ano-o-mesmo-que-a-bahia-fez-com-wagner-em-2006-afirma-deputado-robinson\/"]}]},{"@type":"ImageObject","inLanguage":"pt-BR","@id":"https:\/\/portalmf.com.br\/index.php\/2024\/09\/27\/feira-vai-fazer-com-ze-neto-esse-ano-o-mesmo-que-a-bahia-fez-com-wagner-em-2006-afirma-deputado-robinson\/#primaryimage","url":"https:\/\/portalmf.com.br\/wp-content\/uploads\/2024\/09\/Feira-vai-fazer-com-Ze-Neto-esse-ano-o-mesmo-que-a-Bahia-fez-com-Wagner-em-2006-afirma-Robinson.jpg","contentUrl":"https:\/\/portalmf.com.br\/wp-content\/uploads\/2024\/09\/Feira-vai-fazer-com-Ze-Neto-esse-ano-o-mesmo-que-a-Bahia-fez-com-Wagner-em-2006-afirma-Robinson.jpg","width":852,"height":652},{"@type":"BreadcrumbList","@id":"https:\/\/portalmf.com.br\/index.php\/2024\/09\/27\/feira-vai-fazer-com-ze-neto-esse-ano-o-mesmo-que-a-bahia-fez-com-wagner-em-2006-afirma-deputado-robinson\/#breadcrumb","itemListElement":[{"@type":"ListItem","position":1,"name":"In\u00edcio","item":"https:\/\/portalmf.com.br\/"},{"@type":"ListItem","position":2,"name":"&#8220;Feira vai fazer com Z\u00e9 Neto esse ano o mesmo que a Bahia fez com Wagner em 2006&#8242;, afirma deputado Robinson"}]},{"@type":"WebSite","@id":"https:\/\/portalmf.com.br\/#website","url":"https:\/\/portalmf.com.br\/","name":"Portal MF","description":"Voc\u00ea conectado com a informa\u00e7\u00e3o","potentialAction":[{"@type":"SearchAction","target":{"@type":"EntryPoint","urlTemplate":"https:\/\/portalmf.com.br\/?s={search_term_string}"},"query-input":"required name=search_term_string"}],"inLanguage":"pt-BR"},{"@type":"Person","@id":"https:\/\/portalmf.com.br\/#\/schema\/person\/9ec101baf56233e53520c26de5d6f6f0","name":"Reda\u00e7\u00e3o Portal MF","image":{"@type":"ImageObject","inLanguage":"pt-BR","@id":"https:\/\/portalmf.com.br\/#\/schema\/person\/image\/","url":"https:\/\/secure.gravatar.com\/avatar\/41b9aaeb2100835f7c64362330f74c7f?s=96&d=mm&r=g","contentUrl":"https:\/\/secure.gravatar.com\/avatar\/41b9aaeb2100835f7c64362330f74c7f?s=96&d=mm&r=g","caption":"Reda\u00e7\u00e3o Portal MF"},"description":"Sejam bem-vindos o portal de informa\u00e7\u00f5es de entretenimento de Feira de Santana, desde 2006 realiza coberturas dos principais eventos com entrevistas exclusivas com as principais personalidades mundiais. Fique conectado tamb\u00e9m nas redes sociais.","sameAs":["http:\/\/www.portalmf.com.br\/","https:\/\/www.facebook.com\/portalmfoficial","https:\/\/www.instagram.com\/portalmf\/","https:\/\/x.com\/https:\/\/x.com\/portalmfoficial","https:\/\/www.youtube.com\/@portalmfoficial"],"url":"https:\/\/portalmf.com.br\/index.php\/author\/junior\/"}]}},"_links":{"self":[{"href":"https:\/\/portalmf.com.br\/index.php\/wp-json\/wp\/v2\/posts\/30250"}],"collection":[{"href":"https:\/\/portalmf.com.br\/index.php\/wp-json\/wp\/v2\/posts"}],"about":[{"href":"https:\/\/portalmf.com.br\/index.php\/wp-json\/wp\/v2\/types\/post"}],"author":[{"embeddable":true,"href":"https:\/\/portalmf.com.br\/index.php\/wp-json\/wp\/v2\/users\/3"}],"replies":[{"embeddable":true,"href":"https:\/\/portalmf.com.br\/index.php\/wp-json\/wp\/v2\/comments?post=30250"}],"version-history":[{"count":1,"href":"https:\/\/portalmf.com.br\/index.php\/wp-json\/wp\/v2\/posts\/30250\/revisions"}],"predecessor-version":[{"id":30252,"href":"https:\/\/portalmf.com.br\/index.php\/wp-json\/wp\/v2\/posts\/30250\/revisions\/30252"}],"wp:featuredmedia":[{"embeddable":true,"href":"https:\/\/portalmf.com.br\/index.php\/wp-json\/wp\/v2\/media\/30251"}],"wp:attachment":[{"href":"https:\/\/portalmf.com.br\/index.php\/wp-json\/wp\/v2\/media?parent=30250"}],"wp:term":[{"taxonomy":"category","embeddable":true,"href":"https:\/\/portalmf.com.br\/index.php\/wp-json\/wp\/v2\/categories?post=30250"},{"taxonomy":"post_tag","embeddable":true,"href":"https:\/\/portalmf.com.br\/index.php\/wp-json\/wp\/v2\/tags?post=30250"}],"curies":[{"name":"wp","href":"https:\/\/api.w.org\/{rel}","templated":true}]}}