{"id":30243,"date":"2024-09-27T12:04:53","date_gmt":"2024-09-27T15:04:53","guid":{"rendered":"https:\/\/portalmf.com.br\/?p=30243"},"modified":"2024-09-27T12:13:26","modified_gmt":"2024-09-27T15:13:26","slug":"lidice-da-mata-confirma-emenda-de-ze-neto-para-feira-de-santana-o-candidato-de-bolsonaro-esta-desesperado-essa-e-a-verdade","status":"publish","type":"post","link":"https:\/\/portalmf.com.br\/index.php\/2024\/09\/27\/lidice-da-mata-confirma-emenda-de-ze-neto-para-feira-de-santana-o-candidato-de-bolsonaro-esta-desesperado-essa-e-a-verdade\/","title":{"rendered":"L\u00eddice da Mata confirma emenda de Z\u00e9 Neto para Feira de Santana: &#8220;O candidato de Bolsonaro est\u00e1 desesperado, essa \u00e9 a verdade&#8221;"},"content":{"rendered":"\n<p>A deputada federal L\u00eddice da Mata (PSB), coordenadora da bancada da Bahia na C\u00e2mara Federal e relatora da CPI das Fake News, desmentiu as alega\u00e7\u00f5es do candidato do Uni\u00e3o Brasil, Z\u00e9 Ronaldo, veiculadas na propaganda eleitoral, de que Z\u00e9 Neto n\u00e3o teria destinado emendas parlamentares para Feira de Santana. Apenas para \u00e1rea de sa\u00fade, no munic\u00edpio, o petista destinou R$ 20 milh\u00f5es, inclusive ajudando a manter ativo o Hospital Dom Pedro de Alc\u00e2ntara. L\u00eddice retrucou o aliado do prefeito Colbert Martins, e acusou o candidato do ex-presidente Bolsonaro de propagar mentiras, numa t\u00e1tica de desespero, ante o crescimento de Z\u00e9 Neto, candidato do presidente Lula que pode vencer as elei\u00e7\u00f5es no primeiro turno, segundo pesquisas do Instituto IPM, divulgada h\u00e1 duas semanas.<\/p>\n\n\n\n<p>&#8220;Meus amigos e amigas de Feira de Santana, eu sou a deputada Federal L\u00eddice da Mata e fui relatora da CPI das fake news, por isso sei como \u00e9 que ela se apresenta. Estou sabendo que o outro lado, o candidato do outro lado, talvez pelo desespero, est\u00e1 inventando uma fake news contra Z\u00e9 Neto&#8221;, declarou a deputada, em v\u00eddeo.<\/p>\n\n\n\n<p>A parlamentar destacou a dedica\u00e7\u00e3o de Z\u00e9 Neto, afirmando que &#8220;em todas as articula\u00e7\u00f5es que ele faz, seja junto ao governo federal, seja no uso das suas emendas individuais de bancada, a prioridade \u00e9 sempre para a Feira de Santana.&#8221;<\/p>\n\n\n\n<p>L\u00eddice da Mata tamb\u00e9m enfatizou a import\u00e2ncia do crescimento de Z\u00e9 Neto na cidade, afirmando que, mesmo com o desespero de Z\u00e9 Ronaldo, as mentiras do grupo que comanda Feira h\u00e1 24 anos ser\u00e3o derrotadas.<\/p>\n\n\n\n<p>&#8220;N\u00f3s vamos combater mais essa fake news, que \u00e9 fruto, certamente, do desespero que eles est\u00e3o tendo diante do crescimento, da onda Z\u00e9 Neto nessa cidade&#8221;, afirmou. &#8220;Feira de Santana vai de 13 para modernizar a cidade, para faz\u00ea-la avan\u00e7ar e progredir&#8221;, concluiu L\u00eddice.<\/p>\n\n\n\n<p>Com informa\u00e7\u00f5es da Ascom \/ Z\u00e9 Neto<\/p>\n","protected":false},"excerpt":{"rendered":"<p>A deputada federal L\u00eddice da Mata (PSB), coordenadora da bancada da Bahia na C\u00e2mara Federal e relatora da CPI das Fake News, desmentiu as alega\u00e7\u00f5es do candidato do Uni\u00e3o Brasil, Z\u00e9 Ronaldo, veiculadas na propaganda eleitoral, de que Z\u00e9 Neto n\u00e3o teria destinado emendas parlamentares para Feira de Santana. Apenas para \u00e1rea de sa\u00fade, no [&hellip;]<\/p>\n","protected":false},"author":3,"featured_media":30244,"comment_status":"open","ping_status":"open","sticky":false,"template":"","format":"standard","meta":{"_monsterinsights_skip_tracking":false,"_monsterinsights_sitenote_active":false,"_monsterinsights_sitenote_note":"","_monsterinsights_sitenote_category":0,"footnotes":""},"categories":[301,34],"tags":[],"yoast_head":"<!-- This site is optimized with the Yoast SEO plugin v22.9 - https:\/\/yoast.com\/wordpress\/plugins\/seo\/ -->\n<title>L\u00eddice da Mata confirma emenda de Z\u00e9 Neto para Feira de Santana: &quot;O candidato de Bolsonaro est\u00e1 desesperado, essa \u00e9 a verdade&quot; - Portal MF<\/title>\n<meta name=\"robots\" content=\"index, follow, max-snippet:-1, max-image-preview:large, max-video-preview:-1\" \/>\n<link rel=\"canonical\" href=\"https:\/\/portalmf.com.br\/index.php\/2024\/09\/27\/lidice-da-mata-confirma-emenda-de-ze-neto-para-feira-de-santana-o-candidato-de-bolsonaro-esta-desesperado-essa-e-a-verdade\/\" \/>\n<meta property=\"og:locale\" content=\"pt_BR\" \/>\n<meta property=\"og:type\" content=\"article\" \/>\n<meta property=\"og:title\" content=\"L\u00eddice da Mata confirma emenda de Z\u00e9 Neto para Feira de Santana: &quot;O candidato de Bolsonaro est\u00e1 desesperado, essa \u00e9 a verdade&quot; - Portal MF\" \/>\n<meta property=\"og:description\" content=\"A deputada federal L\u00eddice da Mata (PSB), coordenadora da bancada da Bahia na C\u00e2mara Federal e relatora da CPI das Fake News, desmentiu as alega\u00e7\u00f5es do candidato do Uni\u00e3o Brasil, Z\u00e9 Ronaldo, veiculadas na propaganda eleitoral, de que Z\u00e9 Neto n\u00e3o teria destinado emendas parlamentares para Feira de Santana. Apenas para \u00e1rea de sa\u00fade, no [&hellip;]\" \/>\n<meta property=\"og:url\" content=\"https:\/\/portalmf.com.br\/index.php\/2024\/09\/27\/lidice-da-mata-confirma-emenda-de-ze-neto-para-feira-de-santana-o-candidato-de-bolsonaro-esta-desesperado-essa-e-a-verdade\/\" \/>\n<meta property=\"og:site_name\" content=\"Portal MF\" \/>\n<meta property=\"article:author\" content=\"https:\/\/www.facebook.com\/portalmfoficial\" \/>\n<meta property=\"article:published_time\" content=\"2024-09-27T15:04:53+00:00\" \/>\n<meta property=\"article:modified_time\" content=\"2024-09-27T15:13:26+00:00\" \/>\n<meta property=\"og:image\" content=\"https:\/\/portalmf.com.br\/wp-content\/uploads\/2024\/09\/lidice_da_mata.jpg\" \/>\n\t<meta property=\"og:image:width\" content=\"1148\" \/>\n\t<meta property=\"og:image:height\" content=\"984\" \/>\n\t<meta property=\"og:image:type\" content=\"image\/jpeg\" \/>\n<meta name=\"author\" content=\"Reda\u00e7\u00e3o Portal MF\" \/>\n<meta name=\"twitter:card\" content=\"summary_large_image\" \/>\n<meta name=\"twitter:creator\" content=\"@https:\/\/x.com\/portalmfoficial\" \/>\n<meta name=\"twitter:label1\" content=\"Escrito por\" \/>\n\t<meta name=\"twitter:data1\" content=\"Reda\u00e7\u00e3o Portal MF\" \/>\n\t<meta name=\"twitter:label2\" content=\"Est. tempo de leitura\" \/>\n\t<meta name=\"twitter:data2\" content=\"2 minutos\" \/>\n<script type=\"application\/ld+json\" class=\"yoast-schema-graph\">{\"@context\":\"https:\/\/schema.org\",\"@graph\":[{\"@type\":\"WebPage\",\"@id\":\"https:\/\/portalmf.com.br\/index.php\/2024\/09\/27\/lidice-da-mata-confirma-emenda-de-ze-neto-para-feira-de-santana-o-candidato-de-bolsonaro-esta-desesperado-essa-e-a-verdade\/\",\"url\":\"https:\/\/portalmf.com.br\/index.php\/2024\/09\/27\/lidice-da-mata-confirma-emenda-de-ze-neto-para-feira-de-santana-o-candidato-de-bolsonaro-esta-desesperado-essa-e-a-verdade\/\",\"name\":\"L\u00eddice da Mata confirma emenda de Z\u00e9 Neto para Feira de Santana: \\\"O candidato de Bolsonaro est\u00e1 desesperado, essa \u00e9 a verdade\\\" - Portal MF\",\"isPartOf\":{\"@id\":\"https:\/\/portalmf.com.br\/#website\"},\"primaryImageOfPage\":{\"@id\":\"https:\/\/portalmf.com.br\/index.php\/2024\/09\/27\/lidice-da-mata-confirma-emenda-de-ze-neto-para-feira-de-santana-o-candidato-de-bolsonaro-esta-desesperado-essa-e-a-verdade\/#primaryimage\"},\"image\":{\"@id\":\"https:\/\/portalmf.com.br\/index.php\/2024\/09\/27\/lidice-da-mata-confirma-emenda-de-ze-neto-para-feira-de-santana-o-candidato-de-bolsonaro-esta-desesperado-essa-e-a-verdade\/#primaryimage\"},\"thumbnailUrl\":\"https:\/\/portalmf.com.br\/wp-content\/uploads\/2024\/09\/lidice_da_mata.jpg\",\"datePublished\":\"2024-09-27T15:04:53+00:00\",\"dateModified\":\"2024-09-27T15:13:26+00:00\",\"author\":{\"@id\":\"https:\/\/portalmf.com.br\/#\/schema\/person\/9ec101baf56233e53520c26de5d6f6f0\"},\"breadcrumb\":{\"@id\":\"https:\/\/portalmf.com.br\/index.php\/2024\/09\/27\/lidice-da-mata-confirma-emenda-de-ze-neto-para-feira-de-santana-o-candidato-de-bolsonaro-esta-desesperado-essa-e-a-verdade\/#breadcrumb\"},\"inLanguage\":\"pt-BR\",\"potentialAction\":[{\"@type\":\"ReadAction\",\"target\":[\"https:\/\/portalmf.com.br\/index.php\/2024\/09\/27\/lidice-da-mata-confirma-emenda-de-ze-neto-para-feira-de-santana-o-candidato-de-bolsonaro-esta-desesperado-essa-e-a-verdade\/\"]}]},{\"@type\":\"ImageObject\",\"inLanguage\":\"pt-BR\",\"@id\":\"https:\/\/portalmf.com.br\/index.php\/2024\/09\/27\/lidice-da-mata-confirma-emenda-de-ze-neto-para-feira-de-santana-o-candidato-de-bolsonaro-esta-desesperado-essa-e-a-verdade\/#primaryimage\",\"url\":\"https:\/\/portalmf.com.br\/wp-content\/uploads\/2024\/09\/lidice_da_mata.jpg\",\"contentUrl\":\"https:\/\/portalmf.com.br\/wp-content\/uploads\/2024\/09\/lidice_da_mata.jpg\",\"width\":1148,\"height\":984},{\"@type\":\"BreadcrumbList\",\"@id\":\"https:\/\/portalmf.com.br\/index.php\/2024\/09\/27\/lidice-da-mata-confirma-emenda-de-ze-neto-para-feira-de-santana-o-candidato-de-bolsonaro-esta-desesperado-essa-e-a-verdade\/#breadcrumb\",\"itemListElement\":[{\"@type\":\"ListItem\",\"position\":1,\"name\":\"In\u00edcio\",\"item\":\"https:\/\/portalmf.com.br\/\"},{\"@type\":\"ListItem\",\"position\":2,\"name\":\"L\u00eddice da Mata confirma emenda de Z\u00e9 Neto para Feira de Santana: &#8220;O candidato de Bolsonaro est\u00e1 desesperado, essa \u00e9 a verdade&#8221;\"}]},{\"@type\":\"WebSite\",\"@id\":\"https:\/\/portalmf.com.br\/#website\",\"url\":\"https:\/\/portalmf.com.br\/\",\"name\":\"Portal MF\",\"description\":\"Voc\u00ea conectado com a informa\u00e7\u00e3o\",\"potentialAction\":[{\"@type\":\"SearchAction\",\"target\":{\"@type\":\"EntryPoint\",\"urlTemplate\":\"https:\/\/portalmf.com.br\/?s={search_term_string}\"},\"query-input\":\"required name=search_term_string\"}],\"inLanguage\":\"pt-BR\"},{\"@type\":\"Person\",\"@id\":\"https:\/\/portalmf.com.br\/#\/schema\/person\/9ec101baf56233e53520c26de5d6f6f0\",\"name\":\"Reda\u00e7\u00e3o Portal MF\",\"image\":{\"@type\":\"ImageObject\",\"inLanguage\":\"pt-BR\",\"@id\":\"https:\/\/portalmf.com.br\/#\/schema\/person\/image\/\",\"url\":\"https:\/\/secure.gravatar.com\/avatar\/41b9aaeb2100835f7c64362330f74c7f?s=96&d=mm&r=g\",\"contentUrl\":\"https:\/\/secure.gravatar.com\/avatar\/41b9aaeb2100835f7c64362330f74c7f?s=96&d=mm&r=g\",\"caption\":\"Reda\u00e7\u00e3o Portal MF\"},\"description\":\"Sejam bem-vindos o portal de informa\u00e7\u00f5es de entretenimento de Feira de Santana, desde 2006 realiza coberturas dos principais eventos com entrevistas exclusivas com as principais personalidades mundiais. Fique conectado tamb\u00e9m nas redes sociais.\",\"sameAs\":[\"http:\/\/www.portalmf.com.br\/\",\"https:\/\/www.facebook.com\/portalmfoficial\",\"https:\/\/www.instagram.com\/portalmf\/\",\"https:\/\/x.com\/https:\/\/x.com\/portalmfoficial\",\"https:\/\/www.youtube.com\/@portalmfoficial\"],\"url\":\"https:\/\/portalmf.com.br\/index.php\/author\/junior\/\"}]}<\/script>\n<!-- \/ Yoast SEO plugin. -->","yoast_head_json":{"title":"L\u00eddice da Mata confirma emenda de Z\u00e9 Neto para Feira de Santana: \"O candidato de Bolsonaro est\u00e1 desesperado, essa \u00e9 a verdade\" - Portal MF","robots":{"index":"index","follow":"follow","max-snippet":"max-snippet:-1","max-image-preview":"max-image-preview:large","max-video-preview":"max-video-preview:-1"},"canonical":"https:\/\/portalmf.com.br\/index.php\/2024\/09\/27\/lidice-da-mata-confirma-emenda-de-ze-neto-para-feira-de-santana-o-candidato-de-bolsonaro-esta-desesperado-essa-e-a-verdade\/","og_locale":"pt_BR","og_type":"article","og_title":"L\u00eddice da Mata confirma emenda de Z\u00e9 Neto para Feira de Santana: \"O candidato de Bolsonaro est\u00e1 desesperado, essa \u00e9 a verdade\" - Portal MF","og_description":"A deputada federal L\u00eddice da Mata (PSB), coordenadora da bancada da Bahia na C\u00e2mara Federal e relatora da CPI das Fake News, desmentiu as alega\u00e7\u00f5es do candidato do Uni\u00e3o Brasil, Z\u00e9 Ronaldo, veiculadas na propaganda eleitoral, de que Z\u00e9 Neto n\u00e3o teria destinado emendas parlamentares para Feira de Santana. Apenas para \u00e1rea de sa\u00fade, no [&hellip;]","og_url":"https:\/\/portalmf.com.br\/index.php\/2024\/09\/27\/lidice-da-mata-confirma-emenda-de-ze-neto-para-feira-de-santana-o-candidato-de-bolsonaro-esta-desesperado-essa-e-a-verdade\/","og_site_name":"Portal MF","article_author":"https:\/\/www.facebook.com\/portalmfoficial","article_published_time":"2024-09-27T15:04:53+00:00","article_modified_time":"2024-09-27T15:13:26+00:00","og_image":[{"width":1148,"height":984,"url":"https:\/\/portalmf.com.br\/wp-content\/uploads\/2024\/09\/lidice_da_mata.jpg","type":"image\/jpeg"}],"author":"Reda\u00e7\u00e3o Portal MF","twitter_card":"summary_large_image","twitter_creator":"@https:\/\/x.com\/portalmfoficial","twitter_misc":{"Escrito por":"Reda\u00e7\u00e3o Portal MF","Est. tempo de leitura":"2 minutos"},"schema":{"@context":"https:\/\/schema.org","@graph":[{"@type":"WebPage","@id":"https:\/\/portalmf.com.br\/index.php\/2024\/09\/27\/lidice-da-mata-confirma-emenda-de-ze-neto-para-feira-de-santana-o-candidato-de-bolsonaro-esta-desesperado-essa-e-a-verdade\/","url":"https:\/\/portalmf.com.br\/index.php\/2024\/09\/27\/lidice-da-mata-confirma-emenda-de-ze-neto-para-feira-de-santana-o-candidato-de-bolsonaro-esta-desesperado-essa-e-a-verdade\/","name":"L\u00eddice da Mata confirma emenda de Z\u00e9 Neto para Feira de Santana: \"O candidato de Bolsonaro est\u00e1 desesperado, essa \u00e9 a verdade\" - Portal MF","isPartOf":{"@id":"https:\/\/portalmf.com.br\/#website"},"primaryImageOfPage":{"@id":"https:\/\/portalmf.com.br\/index.php\/2024\/09\/27\/lidice-da-mata-confirma-emenda-de-ze-neto-para-feira-de-santana-o-candidato-de-bolsonaro-esta-desesperado-essa-e-a-verdade\/#primaryimage"},"image":{"@id":"https:\/\/portalmf.com.br\/index.php\/2024\/09\/27\/lidice-da-mata-confirma-emenda-de-ze-neto-para-feira-de-santana-o-candidato-de-bolsonaro-esta-desesperado-essa-e-a-verdade\/#primaryimage"},"thumbnailUrl":"https:\/\/portalmf.com.br\/wp-content\/uploads\/2024\/09\/lidice_da_mata.jpg","datePublished":"2024-09-27T15:04:53+00:00","dateModified":"2024-09-27T15:13:26+00:00","author":{"@id":"https:\/\/portalmf.com.br\/#\/schema\/person\/9ec101baf56233e53520c26de5d6f6f0"},"breadcrumb":{"@id":"https:\/\/portalmf.com.br\/index.php\/2024\/09\/27\/lidice-da-mata-confirma-emenda-de-ze-neto-para-feira-de-santana-o-candidato-de-bolsonaro-esta-desesperado-essa-e-a-verdade\/#breadcrumb"},"inLanguage":"pt-BR","potentialAction":[{"@type":"ReadAction","target":["https:\/\/portalmf.com.br\/index.php\/2024\/09\/27\/lidice-da-mata-confirma-emenda-de-ze-neto-para-feira-de-santana-o-candidato-de-bolsonaro-esta-desesperado-essa-e-a-verdade\/"]}]},{"@type":"ImageObject","inLanguage":"pt-BR","@id":"https:\/\/portalmf.com.br\/index.php\/2024\/09\/27\/lidice-da-mata-confirma-emenda-de-ze-neto-para-feira-de-santana-o-candidato-de-bolsonaro-esta-desesperado-essa-e-a-verdade\/#primaryimage","url":"https:\/\/portalmf.com.br\/wp-content\/uploads\/2024\/09\/lidice_da_mata.jpg","contentUrl":"https:\/\/portalmf.com.br\/wp-content\/uploads\/2024\/09\/lidice_da_mata.jpg","width":1148,"height":984},{"@type":"BreadcrumbList","@id":"https:\/\/portalmf.com.br\/index.php\/2024\/09\/27\/lidice-da-mata-confirma-emenda-de-ze-neto-para-feira-de-santana-o-candidato-de-bolsonaro-esta-desesperado-essa-e-a-verdade\/#breadcrumb","itemListElement":[{"@type":"ListItem","position":1,"name":"In\u00edcio","item":"https:\/\/portalmf.com.br\/"},{"@type":"ListItem","position":2,"name":"L\u00eddice da Mata confirma emenda de Z\u00e9 Neto para Feira de Santana: &#8220;O candidato de Bolsonaro est\u00e1 desesperado, essa \u00e9 a verdade&#8221;"}]},{"@type":"WebSite","@id":"https:\/\/portalmf.com.br\/#website","url":"https:\/\/portalmf.com.br\/","name":"Portal MF","description":"Voc\u00ea conectado com a informa\u00e7\u00e3o","potentialAction":[{"@type":"SearchAction","target":{"@type":"EntryPoint","urlTemplate":"https:\/\/portalmf.com.br\/?s={search_term_string}"},"query-input":"required name=search_term_string"}],"inLanguage":"pt-BR"},{"@type":"Person","@id":"https:\/\/portalmf.com.br\/#\/schema\/person\/9ec101baf56233e53520c26de5d6f6f0","name":"Reda\u00e7\u00e3o Portal MF","image":{"@type":"ImageObject","inLanguage":"pt-BR","@id":"https:\/\/portalmf.com.br\/#\/schema\/person\/image\/","url":"https:\/\/secure.gravatar.com\/avatar\/41b9aaeb2100835f7c64362330f74c7f?s=96&d=mm&r=g","contentUrl":"https:\/\/secure.gravatar.com\/avatar\/41b9aaeb2100835f7c64362330f74c7f?s=96&d=mm&r=g","caption":"Reda\u00e7\u00e3o Portal MF"},"description":"Sejam bem-vindos o portal de informa\u00e7\u00f5es de entretenimento de Feira de Santana, desde 2006 realiza coberturas dos principais eventos com entrevistas exclusivas com as principais personalidades mundiais. Fique conectado tamb\u00e9m nas redes sociais.","sameAs":["http:\/\/www.portalmf.com.br\/","https:\/\/www.facebook.com\/portalmfoficial","https:\/\/www.instagram.com\/portalmf\/","https:\/\/x.com\/https:\/\/x.com\/portalmfoficial","https:\/\/www.youtube.com\/@portalmfoficial"],"url":"https:\/\/portalmf.com.br\/index.php\/author\/junior\/"}]}},"_links":{"self":[{"href":"https:\/\/portalmf.com.br\/index.php\/wp-json\/wp\/v2\/posts\/30243"}],"collection":[{"href":"https:\/\/portalmf.com.br\/index.php\/wp-json\/wp\/v2\/posts"}],"about":[{"href":"https:\/\/portalmf.com.br\/index.php\/wp-json\/wp\/v2\/types\/post"}],"author":[{"embeddable":true,"href":"https:\/\/portalmf.com.br\/index.php\/wp-json\/wp\/v2\/users\/3"}],"replies":[{"embeddable":true,"href":"https:\/\/portalmf.com.br\/index.php\/wp-json\/wp\/v2\/comments?post=30243"}],"version-history":[{"count":2,"href":"https:\/\/portalmf.com.br\/index.php\/wp-json\/wp\/v2\/posts\/30243\/revisions"}],"predecessor-version":[{"id":30246,"href":"https:\/\/portalmf.com.br\/index.php\/wp-json\/wp\/v2\/posts\/30243\/revisions\/30246"}],"wp:featuredmedia":[{"embeddable":true,"href":"https:\/\/portalmf.com.br\/index.php\/wp-json\/wp\/v2\/media\/30244"}],"wp:attachment":[{"href":"https:\/\/portalmf.com.br\/index.php\/wp-json\/wp\/v2\/media?parent=30243"}],"wp:term":[{"taxonomy":"category","embeddable":true,"href":"https:\/\/portalmf.com.br\/index.php\/wp-json\/wp\/v2\/categories?post=30243"},{"taxonomy":"post_tag","embeddable":true,"href":"https:\/\/portalmf.com.br\/index.php\/wp-json\/wp\/v2\/tags?post=30243"}],"curies":[{"name":"wp","href":"https:\/\/api.w.org\/{rel}","templated":true}]}}